{"id":805457,"date":"2019-02-11T08:06:27","date_gmt":"2019-02-11T08:06:27","guid":{"rendered":"https:\/\/www.pressenza.com\/?p=805457"},"modified":"2019-02-11T11:07:58","modified_gmt":"2019-02-11T11:07:58","slug":"can-masdeu-una-altra-manera-de-viure-a-barcelona","status":"publish","type":"post","link":"https:\/\/www.pressenza.com\/ca\/2019\/02\/can-masdeu-una-altra-manera-de-viure-a-barcelona\/","title":{"rendered":"Can Masdeu, una altra manera de viure a Barcelona"},"content":{"rendered":"<p><em><strong>Fotoreportatge.-<\/strong><br \/>\n<\/em><\/p>\n<p>Si ens endinsem al Parc Natural de Collserola a Barcelona descobrirem aquest projecte autogestionat i social, que pret\u00e9n ser una alternativa al m\u00f3n del fum, el soroll i la velocitat.<\/p>\n<p>No volen estar a\u00efllats de la societat sin\u00f3 ser una proposta de cooperaci\u00f3 col\u00b7lectiva entre generacions. Aprofiten terrenys en des\u00fas i els divideixen en parcel\u00b7les que comparteixen amb altres ve\u00efns i conreen de manera sostenible.<\/p>\n<p>Persones de tot el m\u00f3n arriben a Barcelona per con\u00e8ixer i participar d&#8217;aquest projecte que ens posa en sintonia amb la natura.<\/p>\n<p><img loading=\"lazy\" decoding=\"async\" class=\"alignnone size-full wp-image-805458\" src=\"https:\/\/www.pressenza.com\/wp-content\/uploads\/2019\/02\/CanMasdeu_01.jpg\" alt=\"\" width=\"2048\" height=\"1365\" srcset=\"https:\/\/www.pressenza.com\/wp-content\/uploads\/2019\/02\/CanMasdeu_01.jpg 2048w, https:\/\/www.pressenza.com\/wp-content\/uploads\/2019\/02\/CanMasdeu_01-300x200.jpg 300w, https:\/\/www.pressenza.com\/wp-content\/uploads\/2019\/02\/CanMasdeu_01-768x512.jpg 768w, https:\/\/www.pressenza.com\/wp-content\/uploads\/2019\/02\/CanMasdeu_01-720x480.jpg 720w\" sizes=\"auto, (max-width: 2048px) 100vw, 2048px\" \/> <img loading=\"lazy\" decoding=\"async\" class=\"alignnone size-full wp-image-805467\" src=\"https:\/\/www.pressenza.com\/wp-content\/uploads\/2019\/02\/CanMasdeu_02.jpg\" alt=\"\" width=\"2048\" height=\"1365\" srcset=\"https:\/\/www.pressenza.com\/wp-content\/uploads\/2019\/02\/CanMasdeu_02.jpg 2048w, https:\/\/www.pressenza.com\/wp-content\/uploads\/2019\/02\/CanMasdeu_02-300x200.jpg 300w, https:\/\/www.pressenza.com\/wp-content\/uploads\/2019\/02\/CanMasdeu_02-768x512.jpg 768w, https:\/\/www.pressenza.com\/wp-content\/uploads\/2019\/02\/CanMasdeu_02-720x480.jpg 720w\" sizes=\"auto, (max-width: 2048px) 100vw, 2048px\" \/> <img loading=\"lazy\" decoding=\"async\" class=\"alignnone size-full wp-image-805476\" src=\"https:\/\/www.pressenza.com\/wp-content\/uploads\/2019\/02\/CanMasdeu_03.jpg\" alt=\"\" width=\"2048\" height=\"1365\" srcset=\"https:\/\/www.pressenza.com\/wp-content\/uploads\/2019\/02\/CanMasdeu_03.jpg 2048w, https:\/\/www.pressenza.com\/wp-content\/uploads\/2019\/02\/CanMasdeu_03-300x200.jpg 300w, https:\/\/www.pressenza.com\/wp-content\/uploads\/2019\/02\/CanMasdeu_03-768x512.jpg 768w, https:\/\/www.pressenza.com\/wp-content\/uploads\/2019\/02\/CanMasdeu_03-720x480.jpg 720w\" sizes=\"auto, (max-width: 2048px) 100vw, 2048px\" \/> <img loading=\"lazy\" decoding=\"async\" class=\"alignnone size-full wp-image-805485\" src=\"https:\/\/www.pressenza.com\/wp-content\/uploads\/2019\/02\/CanMasdeu_04.jpg\" alt=\"\" width=\"2048\" height=\"1365\" srcset=\"https:\/\/www.pressenza.com\/wp-content\/uploads\/2019\/02\/CanMasdeu_04.jpg 2048w, https:\/\/www.pressenza.com\/wp-content\/uploads\/2019\/02\/CanMasdeu_04-300x200.jpg 300w, https:\/\/www.pressenza.com\/wp-content\/uploads\/2019\/02\/CanMasdeu_04-768x512.jpg 768w, https:\/\/www.pressenza.com\/wp-content\/uploads\/2019\/02\/CanMasdeu_04-720x480.jpg 720w\" sizes=\"auto, (max-width: 2048px) 100vw, 2048px\" \/> <img loading=\"lazy\" decoding=\"async\" class=\"alignnone size-full wp-image-805494\" src=\"https:\/\/www.pressenza.com\/wp-content\/uploads\/2019\/02\/CanMasdeu_05.jpg\" alt=\"\" width=\"2048\" height=\"1365\" srcset=\"https:\/\/www.pressenza.com\/wp-content\/uploads\/2019\/02\/CanMasdeu_05.jpg 2048w, https:\/\/www.pressenza.com\/wp-content\/uploads\/2019\/02\/CanMasdeu_05-300x200.jpg 300w, https:\/\/www.pressenza.com\/wp-content\/uploads\/2019\/02\/CanMasdeu_05-768x512.jpg 768w, https:\/\/www.pressenza.com\/wp-content\/uploads\/2019\/02\/CanMasdeu_05-720x480.jpg 720w\" sizes=\"auto, (max-width: 2048px) 100vw, 2048px\" \/> <img loading=\"lazy\" decoding=\"async\" class=\"alignnone size-full wp-image-805503\" src=\"https:\/\/www.pressenza.com\/wp-content\/uploads\/2019\/02\/CanMasdeu_06.jpg\" alt=\"\" width=\"2048\" height=\"1365\" srcset=\"https:\/\/www.pressenza.com\/wp-content\/uploads\/2019\/02\/CanMasdeu_06.jpg 2048w, https:\/\/www.pressenza.com\/wp-content\/uploads\/2019\/02\/CanMasdeu_06-300x200.jpg 300w, https:\/\/www.pressenza.com\/wp-content\/uploads\/2019\/02\/CanMasdeu_06-768x512.jpg 768w, https:\/\/www.pressenza.com\/wp-content\/uploads\/2019\/02\/CanMasdeu_06-720x480.jpg 720w\" sizes=\"auto, (max-width: 2048px) 100vw, 2048px\" \/> <img loading=\"lazy\" decoding=\"async\" class=\"alignnone size-full wp-image-805512\" src=\"https:\/\/www.pressenza.com\/wp-content\/uploads\/2019\/02\/CanMasdeu_07.jpg\" alt=\"\" width=\"2048\" height=\"1365\" srcset=\"https:\/\/www.pressenza.com\/wp-content\/uploads\/2019\/02\/CanMasdeu_07.jpg 2048w, https:\/\/www.pressenza.com\/wp-content\/uploads\/2019\/02\/CanMasdeu_07-300x200.jpg 300w, https:\/\/www.pressenza.com\/wp-content\/uploads\/2019\/02\/CanMasdeu_07-768x512.jpg 768w, https:\/\/www.pressenza.com\/wp-content\/uploads\/2019\/02\/CanMasdeu_07-720x480.jpg 720w\" sizes=\"auto, (max-width: 2048px) 100vw, 2048px\" \/> <img loading=\"lazy\" decoding=\"async\" class=\"alignnone size-full wp-image-805521\" src=\"https:\/\/www.pressenza.com\/wp-content\/uploads\/2019\/02\/CanMasdeu_08.jpg\" alt=\"\" width=\"2048\" height=\"1365\" srcset=\"https:\/\/www.pressenza.com\/wp-content\/uploads\/2019\/02\/CanMasdeu_08.jpg 2048w, https:\/\/www.pressenza.com\/wp-content\/uploads\/2019\/02\/CanMasdeu_08-300x200.jpg 300w, https:\/\/www.pressenza.com\/wp-content\/uploads\/2019\/02\/CanMasdeu_08-768x512.jpg 768w, https:\/\/www.pressenza.com\/wp-content\/uploads\/2019\/02\/CanMasdeu_08-720x480.jpg 720w\" sizes=\"auto, (max-width: 2048px) 100vw, 2048px\" \/> <img loading=\"lazy\" decoding=\"async\" class=\"alignnone size-full wp-image-805530\" src=\"https:\/\/www.pressenza.com\/wp-content\/uploads\/2019\/02\/CanMasdeu_09.jpg\" alt=\"\" width=\"2048\" height=\"1365\" srcset=\"https:\/\/www.pressenza.com\/wp-content\/uploads\/2019\/02\/CanMasdeu_09.jpg 2048w, https:\/\/www.pressenza.com\/wp-content\/uploads\/2019\/02\/CanMasdeu_09-300x200.jpg 300w, https:\/\/www.pressenza.com\/wp-content\/uploads\/2019\/02\/CanMasdeu_09-768x512.jpg 768w, https:\/\/www.pressenza.com\/wp-content\/uploads\/2019\/02\/CanMasdeu_09-720x480.jpg 720w\" sizes=\"auto, (max-width: 2048px) 100vw, 2048px\" \/> <img loading=\"lazy\" decoding=\"async\" class=\"alignnone size-full wp-image-805539\" src=\"https:\/\/www.pressenza.com\/wp-content\/uploads\/2019\/02\/CanMasdeu_10.jpg\" alt=\"\" width=\"2048\" height=\"1365\" srcset=\"https:\/\/www.pressenza.com\/wp-content\/uploads\/2019\/02\/CanMasdeu_10.jpg 2048w, https:\/\/www.pressenza.com\/wp-content\/uploads\/2019\/02\/CanMasdeu_10-300x200.jpg 300w, https:\/\/www.pressenza.com\/wp-content\/uploads\/2019\/02\/CanMasdeu_10-768x512.jpg 768w, https:\/\/www.pressenza.com\/wp-content\/uploads\/2019\/02\/CanMasdeu_10-720x480.jpg 720w\" sizes=\"auto, (max-width: 2048px) 100vw, 2048px\" \/> <img loading=\"lazy\" decoding=\"async\" class=\"alignnone size-full wp-image-805548\" src=\"https:\/\/www.pressenza.com\/wp-content\/uploads\/2019\/02\/CanMasdeu_11.jpg\" alt=\"\" width=\"2048\" height=\"1365\" srcset=\"https:\/\/www.pressenza.com\/wp-content\/uploads\/2019\/02\/CanMasdeu_11.jpg 2048w, https:\/\/www.pressenza.com\/wp-content\/uploads\/2019\/02\/CanMasdeu_11-300x200.jpg 300w, https:\/\/www.pressenza.com\/wp-content\/uploads\/2019\/02\/CanMasdeu_11-768x512.jpg 768w, https:\/\/www.pressenza.com\/wp-content\/uploads\/2019\/02\/CanMasdeu_11-720x480.jpg 720w\" sizes=\"auto, (max-width: 2048px) 100vw, 2048px\" \/> <img loading=\"lazy\" decoding=\"async\" class=\"alignnone size-full wp-image-805557\" src=\"https:\/\/www.pressenza.com\/wp-content\/uploads\/2019\/02\/CanMasdeu_12.jpg\" alt=\"\" width=\"2048\" height=\"1365\" srcset=\"https:\/\/www.pressenza.com\/wp-content\/uploads\/2019\/02\/CanMasdeu_12.jpg 2048w, https:\/\/www.pressenza.com\/wp-content\/uploads\/2019\/02\/CanMasdeu_12-300x200.jpg 300w, https:\/\/www.pressenza.com\/wp-content\/uploads\/2019\/02\/CanMasdeu_12-768x512.jpg 768w, https:\/\/www.pressenza.com\/wp-content\/uploads\/2019\/02\/CanMasdeu_12-720x480.jpg 720w\" sizes=\"auto, (max-width: 2048px) 100vw, 2048px\" \/> <img loading=\"lazy\" decoding=\"async\" class=\"alignnone size-full wp-image-805566\" src=\"https:\/\/www.pressenza.com\/wp-content\/uploads\/2019\/02\/CanMasdeu_13.jpg\" alt=\"\" width=\"2048\" height=\"1365\" srcset=\"https:\/\/www.pressenza.com\/wp-content\/uploads\/2019\/02\/CanMasdeu_13.jpg 2048w, https:\/\/www.pressenza.com\/wp-content\/uploads\/2019\/02\/CanMasdeu_13-300x200.jpg 300w, https:\/\/www.pressenza.com\/wp-content\/uploads\/2019\/02\/CanMasdeu_13-768x512.jpg 768w, https:\/\/www.pressenza.com\/wp-content\/uploads\/2019\/02\/CanMasdeu_13-720x480.jpg 720w\" sizes=\"auto, (max-width: 2048px) 100vw, 2048px\" \/> <img loading=\"lazy\" decoding=\"async\" class=\"alignnone size-full wp-image-805575\" src=\"https:\/\/www.pressenza.com\/wp-content\/uploads\/2019\/02\/CanMasdeu_14.jpg\" alt=\"\" width=\"2048\" height=\"1365\" srcset=\"https:\/\/www.pressenza.com\/wp-content\/uploads\/2019\/02\/CanMasdeu_14.jpg 2048w, https:\/\/www.pressenza.com\/wp-content\/uploads\/2019\/02\/CanMasdeu_14-300x200.jpg 300w, https:\/\/www.pressenza.com\/wp-content\/uploads\/2019\/02\/CanMasdeu_14-768x512.jpg 768w, https:\/\/www.pressenza.com\/wp-content\/uploads\/2019\/02\/CanMasdeu_14-720x480.jpg 720w\" sizes=\"auto, (max-width: 2048px) 100vw, 2048px\" \/> <img loading=\"lazy\" decoding=\"async\" class=\"alignnone size-full wp-image-805584\" src=\"https:\/\/www.pressenza.com\/wp-content\/uploads\/2019\/02\/CanMasdeu_15.jpg\" alt=\"\" width=\"2048\" height=\"1365\" srcset=\"https:\/\/www.pressenza.com\/wp-content\/uploads\/2019\/02\/CanMasdeu_15.jpg 2048w, https:\/\/www.pressenza.com\/wp-content\/uploads\/2019\/02\/CanMasdeu_15-300x200.jpg 300w, https:\/\/www.pressenza.com\/wp-content\/uploads\/2019\/02\/CanMasdeu_15-768x512.jpg 768w, https:\/\/www.pressenza.com\/wp-content\/uploads\/2019\/02\/CanMasdeu_15-720x480.jpg 720w\" sizes=\"auto, (max-width: 2048px) 100vw, 2048px\" \/><\/p>\n<p>Ester Medina<br \/>\nPhotojournalist | @ester_merro<br \/>\n(+34) 662013208<\/p>\n","protected":false},"excerpt":{"rendered":"<p>Fotoreportatge.- Si ens endinsem al Parc Natural de Collserola a Barcelona descobrirem aquest projecte autogestionat i social, que pret\u00e9n ser una alternativa al m\u00f3n del fum, el soroll i la velocitat. No volen estar a\u00efllats de la societat sin\u00f3 ser&hellip;<\/p>\n","protected":false},"author":1122,"featured_media":805557,"comment_status":"closed","ping_status":"closed","sticky":false,"template":"","format":"standard","meta":{"footnotes":""},"categories":[35531,35522,35506,35530],"tags":[54960,54961],"class_list":["post-805457","post","type-post","status-publish","format-standard","has-post-thumbnail","hentry","category-contingut-original-ca","category-ecologia-i-medi-ambient-ca","category-europa-ca","category-foto-reportatges-ca","tag-can-masdeu","tag-ecologia-ca"],"yoast_head":"<!-- This site is optimized with the Yoast SEO plugin v27.1.1 - https:\/\/yoast.com\/product\/yoast-seo-wordpress\/ -->\n<title>Can Masdeu, una altra manera de viure a Barcelona<\/title>\n<meta name=\"description\" content=\"Fotoreportatge.- Si ens endinsem al Parc Natural de Collserola a Barcelona descobrirem aquest projecte autogestionat i social, que pret\u00e9n ser una\" \/>\n<meta name=\"robots\" content=\"index, follow, max-snippet:-1, max-image-preview:large, max-video-preview:-1\" \/>\n<link rel=\"canonical\" href=\"https:\/\/www.pressenza.com\/ca\/2019\/02\/can-masdeu-una-altra-manera-de-viure-a-barcelona\/\" \/>\n<meta property=\"og:locale\" content=\"ca_ES\" \/>\n<meta property=\"og:type\" content=\"article\" \/>\n<meta property=\"og:title\" content=\"Can Masdeu, una altra manera de viure a Barcelona\" \/>\n<meta property=\"og:description\" content=\"Fotoreportatge.- Si ens endinsem al Parc Natural de Collserola a Barcelona descobrirem aquest projecte autogestionat i social, que pret\u00e9n ser una\" \/>\n<meta property=\"og:url\" content=\"https:\/\/www.pressenza.com\/ca\/2019\/02\/can-masdeu-una-altra-manera-de-viure-a-barcelona\/\" \/>\n<meta property=\"og:site_name\" content=\"Pressenza\" \/>\n<meta property=\"article:publisher\" content=\"https:\/\/www.facebook.com\/PressenzaItalia\" \/>\n<meta property=\"article:author\" content=\"https:\/\/www.facebook.com\/Pressenza-Espaa-647854795301395\/timeline\/\" \/>\n<meta property=\"article:published_time\" content=\"2019-02-11T08:06:27+00:00\" \/>\n<meta property=\"article:modified_time\" content=\"2019-02-11T11:07:58+00:00\" \/>\n<meta property=\"og:image\" content=\"https:\/\/www.pressenza.com\/wp-content\/uploads\/2019\/02\/CanMasdeu_12.jpg\" \/>\n\t<meta property=\"og:image:width\" content=\"2048\" \/>\n\t<meta property=\"og:image:height\" content=\"1365\" \/>\n\t<meta property=\"og:image:type\" content=\"image\/jpeg\" \/>\n<meta name=\"author\" content=\"Redacci\u00f3n Barcelona\" \/>\n<meta name=\"twitter:card\" content=\"summary_large_image\" \/>\n<meta name=\"twitter:creator\" content=\"@pressenza\" \/>\n<meta name=\"twitter:site\" content=\"@PressenzaIPA\" \/>\n<meta name=\"twitter:label1\" content=\"Escrit per\" \/>\n\t<meta name=\"twitter:data1\" content=\"Redacci\u00f3n Barcelona\" \/>\n\t<meta name=\"twitter:label2\" content=\"Temps estimat de lectura\" \/>\n\t<meta name=\"twitter:data2\" content=\"1 minut\" \/>\n<script type=\"application\/ld+json\" class=\"yoast-schema-graph\">{\"@context\":\"https:\/\/schema.org\",\"@graph\":[{\"@type\":\"Article\",\"@id\":\"https:\/\/www.pressenza.com\/ca\/2019\/02\/can-masdeu-una-altra-manera-de-viure-a-barcelona\/#article\",\"isPartOf\":{\"@id\":\"https:\/\/www.pressenza.com\/ca\/2019\/02\/can-masdeu-una-altra-manera-de-viure-a-barcelona\/\"},\"author\":{\"name\":\"Redacci\u00f3n Barcelona\",\"@id\":\"https:\/\/www.pressenza.com\/ca\/#\/schema\/person\/8abc53b92f3264e0dad4300d54ac73ff\"},\"headline\":\"Can Masdeu, una altra manera de viure a Barcelona\",\"datePublished\":\"2019-02-11T08:06:27+00:00\",\"dateModified\":\"2019-02-11T11:07:58+00:00\",\"mainEntityOfPage\":{\"@id\":\"https:\/\/www.pressenza.com\/ca\/2019\/02\/can-masdeu-una-altra-manera-de-viure-a-barcelona\/\"},\"wordCount\":113,\"publisher\":{\"@id\":\"https:\/\/www.pressenza.com\/ca\/#organization\"},\"image\":{\"@id\":\"https:\/\/www.pressenza.com\/ca\/2019\/02\/can-masdeu-una-altra-manera-de-viure-a-barcelona\/#primaryimage\"},\"thumbnailUrl\":\"https:\/\/www.pressenza.com\/wp-content\/uploads\/2019\/02\/CanMasdeu_12.jpg\",\"keywords\":[\"Can Masdeu\",\"ecologia\"],\"articleSection\":[\"Contingut original\",\"Ecologia i Medi ambient\",\"Europa\",\"Foto reportatges\"],\"inLanguage\":\"ca\"},{\"@type\":\"WebPage\",\"@id\":\"https:\/\/www.pressenza.com\/ca\/2019\/02\/can-masdeu-una-altra-manera-de-viure-a-barcelona\/\",\"url\":\"https:\/\/www.pressenza.com\/ca\/2019\/02\/can-masdeu-una-altra-manera-de-viure-a-barcelona\/\",\"name\":\"Can Masdeu, una altra manera de viure a Barcelona\",\"isPartOf\":{\"@id\":\"https:\/\/www.pressenza.com\/ca\/#website\"},\"primaryImageOfPage\":{\"@id\":\"https:\/\/www.pressenza.com\/ca\/2019\/02\/can-masdeu-una-altra-manera-de-viure-a-barcelona\/#primaryimage\"},\"image\":{\"@id\":\"https:\/\/www.pressenza.com\/ca\/2019\/02\/can-masdeu-una-altra-manera-de-viure-a-barcelona\/#primaryimage\"},\"thumbnailUrl\":\"https:\/\/www.pressenza.com\/wp-content\/uploads\/2019\/02\/CanMasdeu_12.jpg\",\"datePublished\":\"2019-02-11T08:06:27+00:00\",\"dateModified\":\"2019-02-11T11:07:58+00:00\",\"description\":\"Fotoreportatge.- Si ens endinsem al Parc Natural de Collserola a Barcelona descobrirem aquest projecte autogestionat i social, que pret\u00e9n ser una\",\"breadcrumb\":{\"@id\":\"https:\/\/www.pressenza.com\/ca\/2019\/02\/can-masdeu-una-altra-manera-de-viure-a-barcelona\/#breadcrumb\"},\"inLanguage\":\"ca\",\"potentialAction\":[{\"@type\":\"ReadAction\",\"target\":[\"https:\/\/www.pressenza.com\/ca\/2019\/02\/can-masdeu-una-altra-manera-de-viure-a-barcelona\/\"]}]},{\"@type\":\"ImageObject\",\"inLanguage\":\"ca\",\"@id\":\"https:\/\/www.pressenza.com\/ca\/2019\/02\/can-masdeu-una-altra-manera-de-viure-a-barcelona\/#primaryimage\",\"url\":\"https:\/\/www.pressenza.com\/wp-content\/uploads\/2019\/02\/CanMasdeu_12.jpg\",\"contentUrl\":\"https:\/\/www.pressenza.com\/wp-content\/uploads\/2019\/02\/CanMasdeu_12.jpg\",\"width\":2048,\"height\":1365},{\"@type\":\"BreadcrumbList\",\"@id\":\"https:\/\/www.pressenza.com\/ca\/2019\/02\/can-masdeu-una-altra-manera-de-viure-a-barcelona\/#breadcrumb\",\"itemListElement\":[{\"@type\":\"ListItem\",\"position\":1,\"name\":\"Accueil\",\"item\":\"https:\/\/www.pressenza.com\/ca\/\"},{\"@type\":\"ListItem\",\"position\":2,\"name\":\"Can Masdeu, una altra manera de viure a Barcelona\"}]},{\"@type\":\"WebSite\",\"@id\":\"https:\/\/www.pressenza.com\/ca\/#website\",\"url\":\"https:\/\/www.pressenza.com\/ca\/\",\"name\":\"Pressenza\",\"description\":\"International Press Agency\",\"publisher\":{\"@id\":\"https:\/\/www.pressenza.com\/ca\/#organization\"},\"potentialAction\":[{\"@type\":\"SearchAction\",\"target\":{\"@type\":\"EntryPoint\",\"urlTemplate\":\"https:\/\/www.pressenza.com\/ca\/?s={search_term_string}\"},\"query-input\":{\"@type\":\"PropertyValueSpecification\",\"valueRequired\":true,\"valueName\":\"search_term_string\"}}],\"inLanguage\":\"ca\"},{\"@type\":\"Organization\",\"@id\":\"https:\/\/www.pressenza.com\/ca\/#organization\",\"name\":\"Pressenza\",\"url\":\"https:\/\/www.pressenza.com\/ca\/\",\"logo\":{\"@type\":\"ImageObject\",\"inLanguage\":\"ca\",\"@id\":\"https:\/\/www.pressenza.com\/ca\/#\/schema\/logo\/image\/\",\"url\":\"https:\/\/www.pressenza.com\/wp-content\/uploads\/2022\/10\/pressenza_logo_200x200.jpg\",\"contentUrl\":\"https:\/\/www.pressenza.com\/wp-content\/uploads\/2022\/10\/pressenza_logo_200x200.jpg\",\"width\":200,\"height\":200,\"caption\":\"Pressenza\"},\"image\":{\"@id\":\"https:\/\/www.pressenza.com\/ca\/#\/schema\/logo\/image\/\"},\"sameAs\":[\"https:\/\/www.facebook.com\/PressenzaItalia\",\"https:\/\/x.com\/PressenzaIPA\"]},{\"@type\":\"Person\",\"@id\":\"https:\/\/www.pressenza.com\/ca\/#\/schema\/person\/8abc53b92f3264e0dad4300d54ac73ff\",\"name\":\"Redacci\u00f3n Barcelona\",\"description\":\"News published by the Pressenza bureau in Barcelona, Spain\",\"sameAs\":[\"https:\/\/www.facebook.com\/Pressenza-Espaa-647854795301395\/timeline\/\",\"https:\/\/x.com\/pressenza\"],\"url\":\"https:\/\/www.pressenza.com\/ca\/author\/redaccion-barcelona\/\"}]}<\/script>\n<!-- \/ Yoast SEO plugin. -->","yoast_head_json":{"title":"Can Masdeu, una altra manera de viure a Barcelona","description":"Fotoreportatge.- Si ens endinsem al Parc Natural de Collserola a Barcelona descobrirem aquest projecte autogestionat i social, que pret\u00e9n ser una","robots":{"index":"index","follow":"follow","max-snippet":"max-snippet:-1","max-image-preview":"max-image-preview:large","max-video-preview":"max-video-preview:-1"},"canonical":"https:\/\/www.pressenza.com\/ca\/2019\/02\/can-masdeu-una-altra-manera-de-viure-a-barcelona\/","og_locale":"ca_ES","og_type":"article","og_title":"Can Masdeu, una altra manera de viure a Barcelona","og_description":"Fotoreportatge.- Si ens endinsem al Parc Natural de Collserola a Barcelona descobrirem aquest projecte autogestionat i social, que pret\u00e9n ser una","og_url":"https:\/\/www.pressenza.com\/ca\/2019\/02\/can-masdeu-una-altra-manera-de-viure-a-barcelona\/","og_site_name":"Pressenza","article_publisher":"https:\/\/www.facebook.com\/PressenzaItalia","article_author":"https:\/\/www.facebook.com\/Pressenza-Espaa-647854795301395\/timeline\/","article_published_time":"2019-02-11T08:06:27+00:00","article_modified_time":"2019-02-11T11:07:58+00:00","og_image":[{"width":2048,"height":1365,"url":"https:\/\/www.pressenza.com\/wp-content\/uploads\/2019\/02\/CanMasdeu_12.jpg","type":"image\/jpeg"}],"author":"Redacci\u00f3n Barcelona","twitter_card":"summary_large_image","twitter_creator":"@pressenza","twitter_site":"@PressenzaIPA","twitter_misc":{"Escrit per":"Redacci\u00f3n Barcelona","Temps estimat de lectura":"1 minut"},"schema":{"@context":"https:\/\/schema.org","@graph":[{"@type":"Article","@id":"https:\/\/www.pressenza.com\/ca\/2019\/02\/can-masdeu-una-altra-manera-de-viure-a-barcelona\/#article","isPartOf":{"@id":"https:\/\/www.pressenza.com\/ca\/2019\/02\/can-masdeu-una-altra-manera-de-viure-a-barcelona\/"},"author":{"name":"Redacci\u00f3n Barcelona","@id":"https:\/\/www.pressenza.com\/ca\/#\/schema\/person\/8abc53b92f3264e0dad4300d54ac73ff"},"headline":"Can Masdeu, una altra manera de viure a Barcelona","datePublished":"2019-02-11T08:06:27+00:00","dateModified":"2019-02-11T11:07:58+00:00","mainEntityOfPage":{"@id":"https:\/\/www.pressenza.com\/ca\/2019\/02\/can-masdeu-una-altra-manera-de-viure-a-barcelona\/"},"wordCount":113,"publisher":{"@id":"https:\/\/www.pressenza.com\/ca\/#organization"},"image":{"@id":"https:\/\/www.pressenza.com\/ca\/2019\/02\/can-masdeu-una-altra-manera-de-viure-a-barcelona\/#primaryimage"},"thumbnailUrl":"https:\/\/www.pressenza.com\/wp-content\/uploads\/2019\/02\/CanMasdeu_12.jpg","keywords":["Can Masdeu","ecologia"],"articleSection":["Contingut original","Ecologia i Medi ambient","Europa","Foto reportatges"],"inLanguage":"ca"},{"@type":"WebPage","@id":"https:\/\/www.pressenza.com\/ca\/2019\/02\/can-masdeu-una-altra-manera-de-viure-a-barcelona\/","url":"https:\/\/www.pressenza.com\/ca\/2019\/02\/can-masdeu-una-altra-manera-de-viure-a-barcelona\/","name":"Can Masdeu, una altra manera de viure a Barcelona","isPartOf":{"@id":"https:\/\/www.pressenza.com\/ca\/#website"},"primaryImageOfPage":{"@id":"https:\/\/www.pressenza.com\/ca\/2019\/02\/can-masdeu-una-altra-manera-de-viure-a-barcelona\/#primaryimage"},"image":{"@id":"https:\/\/www.pressenza.com\/ca\/2019\/02\/can-masdeu-una-altra-manera-de-viure-a-barcelona\/#primaryimage"},"thumbnailUrl":"https:\/\/www.pressenza.com\/wp-content\/uploads\/2019\/02\/CanMasdeu_12.jpg","datePublished":"2019-02-11T08:06:27+00:00","dateModified":"2019-02-11T11:07:58+00:00","description":"Fotoreportatge.- Si ens endinsem al Parc Natural de Collserola a Barcelona descobrirem aquest projecte autogestionat i social, que pret\u00e9n ser una","breadcrumb":{"@id":"https:\/\/www.pressenza.com\/ca\/2019\/02\/can-masdeu-una-altra-manera-de-viure-a-barcelona\/#breadcrumb"},"inLanguage":"ca","potentialAction":[{"@type":"ReadAction","target":["https:\/\/www.pressenza.com\/ca\/2019\/02\/can-masdeu-una-altra-manera-de-viure-a-barcelona\/"]}]},{"@type":"ImageObject","inLanguage":"ca","@id":"https:\/\/www.pressenza.com\/ca\/2019\/02\/can-masdeu-una-altra-manera-de-viure-a-barcelona\/#primaryimage","url":"https:\/\/www.pressenza.com\/wp-content\/uploads\/2019\/02\/CanMasdeu_12.jpg","contentUrl":"https:\/\/www.pressenza.com\/wp-content\/uploads\/2019\/02\/CanMasdeu_12.jpg","width":2048,"height":1365},{"@type":"BreadcrumbList","@id":"https:\/\/www.pressenza.com\/ca\/2019\/02\/can-masdeu-una-altra-manera-de-viure-a-barcelona\/#breadcrumb","itemListElement":[{"@type":"ListItem","position":1,"name":"Accueil","item":"https:\/\/www.pressenza.com\/ca\/"},{"@type":"ListItem","position":2,"name":"Can Masdeu, una altra manera de viure a Barcelona"}]},{"@type":"WebSite","@id":"https:\/\/www.pressenza.com\/ca\/#website","url":"https:\/\/www.pressenza.com\/ca\/","name":"Pressenza","description":"International Press Agency","publisher":{"@id":"https:\/\/www.pressenza.com\/ca\/#organization"},"potentialAction":[{"@type":"SearchAction","target":{"@type":"EntryPoint","urlTemplate":"https:\/\/www.pressenza.com\/ca\/?s={search_term_string}"},"query-input":{"@type":"PropertyValueSpecification","valueRequired":true,"valueName":"search_term_string"}}],"inLanguage":"ca"},{"@type":"Organization","@id":"https:\/\/www.pressenza.com\/ca\/#organization","name":"Pressenza","url":"https:\/\/www.pressenza.com\/ca\/","logo":{"@type":"ImageObject","inLanguage":"ca","@id":"https:\/\/www.pressenza.com\/ca\/#\/schema\/logo\/image\/","url":"https:\/\/www.pressenza.com\/wp-content\/uploads\/2022\/10\/pressenza_logo_200x200.jpg","contentUrl":"https:\/\/www.pressenza.com\/wp-content\/uploads\/2022\/10\/pressenza_logo_200x200.jpg","width":200,"height":200,"caption":"Pressenza"},"image":{"@id":"https:\/\/www.pressenza.com\/ca\/#\/schema\/logo\/image\/"},"sameAs":["https:\/\/www.facebook.com\/PressenzaItalia","https:\/\/x.com\/PressenzaIPA"]},{"@type":"Person","@id":"https:\/\/www.pressenza.com\/ca\/#\/schema\/person\/8abc53b92f3264e0dad4300d54ac73ff","name":"Redacci\u00f3n Barcelona","description":"News published by the Pressenza bureau in Barcelona, Spain","sameAs":["https:\/\/www.facebook.com\/Pressenza-Espaa-647854795301395\/timeline\/","https:\/\/x.com\/pressenza"],"url":"https:\/\/www.pressenza.com\/ca\/author\/redaccion-barcelona\/"}]}},"place":"Barcelona - Ester Medina","original_article_url":"","_links":{"self":[{"href":"https:\/\/www.pressenza.com\/ca\/wp-json\/wp\/v2\/posts\/805457","targetHints":{"allow":["GET"]}}],"collection":[{"href":"https:\/\/www.pressenza.com\/ca\/wp-json\/wp\/v2\/posts"}],"about":[{"href":"https:\/\/www.pressenza.com\/ca\/wp-json\/wp\/v2\/types\/post"}],"author":[{"embeddable":true,"href":"https:\/\/www.pressenza.com\/ca\/wp-json\/wp\/v2\/users\/1122"}],"replies":[{"embeddable":true,"href":"https:\/\/www.pressenza.com\/ca\/wp-json\/wp\/v2\/comments?post=805457"}],"version-history":[{"count":0,"href":"https:\/\/www.pressenza.com\/ca\/wp-json\/wp\/v2\/posts\/805457\/revisions"}],"wp:featuredmedia":[{"embeddable":true,"href":"https:\/\/www.pressenza.com\/ca\/wp-json\/wp\/v2\/media\/805557"}],"wp:attachment":[{"href":"https:\/\/www.pressenza.com\/ca\/wp-json\/wp\/v2\/media?parent=805457"}],"wp:term":[{"taxonomy":"category","embeddable":true,"href":"https:\/\/www.pressenza.com\/ca\/wp-json\/wp\/v2\/categories?post=805457"},{"taxonomy":"post_tag","embeddable":true,"href":"https:\/\/www.pressenza.com\/ca\/wp-json\/wp\/v2\/tags?post=805457"}],"curies":[{"name":"wp","href":"https:\/\/api.w.org\/{rel}","templated":true}]}}