{"id":775703,"date":"2018-12-13T23:51:15","date_gmt":"2018-12-13T23:51:15","guid":{"rendered":"https:\/\/www.pressenza.com\/?p=775703"},"modified":"2018-12-13T23:51:15","modified_gmt":"2018-12-13T23:51:15","slug":"espanya-no-te-impediment-legal-algun-per-signar-el-tractat-de-prohibicio-darmes-nuclears","status":"publish","type":"post","link":"https:\/\/www.pressenza.com\/ca\/2018\/12\/espanya-no-te-impediment-legal-algun-per-signar-el-tractat-de-prohibicio-darmes-nuclears\/","title":{"rendered":"Espanya no t\u00e9 impediment legal algun per signar el Tractat de Prohibici\u00f3 d&#8217;Armes Nuclears"},"content":{"rendered":"<blockquote><p>Els pa\u00efsos membres de l&#8217;OTAN no tenen cap impediment legal per signar el TPAN. <strong>Signar-ho o no \u00e9s una q\u00fcesti\u00f3 merament pol\u00edtica. Si Espanya ho signa seria un pas revolucionari que contribuiria enormement a rebaixar l&#8217;hegemonia nuclear.<\/strong><\/p><\/blockquote>\n<p><strong>Per Carlos Uma\u00f1a<br \/>\n<\/strong><br \/>\nEl 7 de juliol de l&#8217;any passat, en les Nacions Unides a Nova York, 122 pa\u00efsos van votar a favor del Tractat sobre la Prohibici\u00f3 de les Armes Nuclears (el TPAN), el pas m\u00e9s gran i contundent que s&#8217;ha donat en el cam\u00ed cap al desarmament nuclear.<br \/>\nEl Tractat es va obrir per a la seva signatura i ratificaci\u00f3 el 20 de setembre de l&#8217;any passat i al dia d&#8217;avui ja ho han signat 69 pa\u00efsos, dels quals 19 ho han ratificat, convertint-se en Estats part.<br \/>\nEls qui s&#8217;oposen al TPAN diuen que no servir\u00e0 perqu\u00e8 no compta amb el suport dels pa\u00efsos posse\u00efdors d&#8217;armes nuclears, ignorant el fet que cap tractat ha gaudit de suport universal des del principi. Aix\u00f2 sempre es construeix amb el temps. Els avan\u00e7os monumentals en la hist\u00f2ria de la humanitat mai comencen amb un acord com\u00fa entre totes les parts.<br \/>\nLa prohibici\u00f3 funciona. Amb les altres armes de destrucci\u00f3 massiva, va precedir a l&#8217;eliminaci\u00f3 i inicialment va tenir una oposici\u00f3 molt forta dels posse\u00efdors i productors. No obstant aix\u00f2, anteposant les conseq\u00fc\u00e8ncies sobre les consideracions estrat\u00e8giques -un proc\u00e9s conegut com a desarmament humanitari- \u00e9s que es va aconseguir estigmatitzar-les, prohibir-les i eliminar-les. La prohibici\u00f3 va passar ser la norma a seguir a tot el m\u00f3n, tenint un impacte tamb\u00e9 als pa\u00efsos que no la recolzaven. El cas m\u00e9s recent \u00e9s el d&#8217;Estats Units, que mai va signar la Convenci\u00f3 sobre les Municions de dispersi\u00f3 i va acabar tancant la seva \u00faltima f\u00e0brica d&#8217;aquestes armes fa 2 anys perqu\u00e8 va perdre compradors, va perdre inversors i s&#8217;havia creat un clima internacional de condemna moral a aquestes armes.<br \/>\nDe la mateixa forma, avui dia, cap pa\u00eds es vana d&#8217;estar armat amb armes qu\u00edmiques o biol\u00f2giques. La s\u00f2lida normativa internacional contra aquestes armes ha fet que aix\u00f2 sigui un tab\u00fa. D&#8217;aix\u00f2 es tracta l&#8217;estigmatitzaci\u00f3 i aix\u00ed \u00e9s com funciona aquest tractat: afeblint l&#8217;hegemonia nuclear incidint sobre els mecanismes morals, pol\u00edtics, legals i econ\u00f2mics que l&#8217;han sostingut fins ara.<br \/>\nEn el marc del <a href=\"http:\/\/www.ciudadesdepaz.com\/\">2on f\u00f2rum sobre viol\u00e8ncies urbanes i educaci\u00f3 per a la coexist\u00e8ncia i la pau<\/a> a Madrid al novembre, ICAN va llan\u00e7ar la campanya <strong>\u201cLes ciutats recolzen el TPAN\u201d<\/strong> que \u00e9s un comprom\u00eds que fan les ciutats amb el tractat, i un anomenat que li fan al seu govern d&#8217;unir-se al TPAN. Aquesta \u00e9s una campanya que reuneix els esfor\u00e7os d&#8217;altres campanyes que ja, a tot el m\u00f3n, s&#8217;han manifestat en favor del TPAN.<\/p>\n<p>Fa un mes, \u00cdndia va anunciar que havien desenvolupat la capacitat de disparar m\u00edssils nuclears des de submarins que poden viatjar a qualsevol costa i apuntar els seus m\u00edssils a qualsevol ciutat. Ho van cridar el \u00abDestructors de ciutats\u00bb. Les ciutats, els centres urbans plens de poblaci\u00f3 civil, s\u00f3n el blanc de les armes nuclears. Les ciutats, s\u00f3n, alhora, l&#8217;eix sobre el qual es pot produir el canvi de paradigma necessari.<\/p>\n<p>Poden generar programes educatius que facin consci\u00e8ncia sobre les conseq\u00fc\u00e8ncies humanit\u00e0ries les armes nuclears. Poden -i tenen l&#8217;obligaci\u00f3 de- invertir els fons p\u00fablics responsablement i aplicar la desinversi\u00f3 en les armes nuclears. Poden, a m\u00e9s, fer-li un anomenat al seu govern perqu\u00e8 ferm i ratifiqui el TPAN. Aix\u00f2 \u00e9s especialment rellevant en pa\u00efsos pol\u00edticament descentralitzats, com Espanya.<\/p>\n<p>El 2 de setembre d&#8217;aquest any, el president d&#8217;Espanya, Pedro S\u00e1nchez, es va comprometre a signar el TPAN. Els pa\u00efsos membres de l&#8217;OTAN no tenen cap impediment legal per signar el TPAN. Signar-ho o no \u00e9s una q\u00fcesti\u00f3 merament pol\u00edtica. Si Espanya ho signa seria un pas revolucionari que contribuiria enormement a enfonsar l&#8217;hegemonia nuclear.<\/p>\n<p>El <strong>suport pol\u00edtic dels ajuntaments i municipis \u00e9s necessari per aconseguir que el govern espanyol actual prengui la decisi\u00f3 correcta. Perqu\u00e8 Pedro S\u00e1nchez compleixi la seva promesa de signar el TPAN i catapulti aquest proc\u00e9s.<\/strong><\/p>\n<p>A Espanya, el Concejo de Santiago de Compostel\u00b7la ja ha manifestat el seu suport al tractat. Tamb\u00e9 ho ha fet el de Granollers. Ciutats com Madrid i Barcelona estan per unir-se fortament a la campanya i comptem amb el suport de la xarxa ciutats d&#8217;Alcaldes per la Pau, que estan enfocats en aquesta campanya.<\/p>\n<p><strong>\u00c9s el moment de mobilitzar a Espanya, que s&#8217;aproxima a fer un pas hist\u00f2ric d&#8217;implicacions globals. El desarmament nuclear est\u00e0 m\u00e9s a prop que mai.<\/strong><\/p>\n","protected":false},"excerpt":{"rendered":"<p>Els pa\u00efsos membres de l&#8217;OTAN no tenen cap impediment legal per signar el TPAN. Signar-ho o no \u00e9s una q\u00fcesti\u00f3 merament pol\u00edtica. Si Espanya ho signa seria un pas revolucionari que contribuiria enormement a rebaixar l&#8217;hegemonia nuclear. Per Carlos Uma\u00f1a&hellip;<\/p>\n","protected":false},"author":94,"featured_media":775693,"comment_status":"closed","ping_status":"closed","sticky":false,"template":"","format":"standard","meta":{"footnotes":""},"categories":[35531,32516,35528,35516],"tags":[52571,924,45041,52799],"class_list":["post-775703","post","type-post","status-publish","format-standard","has-post-thumbnail","hentry","category-contingut-original-ca","category-internacional-ca","category-opinions-ca","category-pau-i-desarmament-ca","tag-ican-ca","tag-otan","tag-spain-ca","tag-tractat-de-prohibicio-darmes-nuclears"],"yoast_head":"<!-- This site is optimized with the Yoast SEO plugin v27.1.1 - https:\/\/yoast.com\/product\/yoast-seo-wordpress\/ -->\n<title>Espanya no t\u00e9 impediment legal algun per signar el Tractat de Prohibici\u00f3 d&#039;Armes Nuclears<\/title>\n<meta name=\"description\" content=\"Els pa\u00efsos membres de l&#039;OTAN no tenen cap impediment legal per signar el TPAN. Signar-ho o no \u00e9s una q\u00fcesti\u00f3 merament pol\u00edtica. Si Espanya ho signa seria\" \/>\n<meta name=\"robots\" content=\"index, follow, max-snippet:-1, max-image-preview:large, max-video-preview:-1\" \/>\n<link rel=\"canonical\" href=\"https:\/\/www.pressenza.com\/ca\/2018\/12\/espanya-no-te-impediment-legal-algun-per-signar-el-tractat-de-prohibicio-darmes-nuclears\/\" \/>\n<meta property=\"og:locale\" content=\"ca_ES\" \/>\n<meta property=\"og:type\" content=\"article\" \/>\n<meta property=\"og:title\" content=\"Espanya no t\u00e9 impediment legal algun per signar el Tractat de Prohibici\u00f3 d&#039;Armes Nuclears\" \/>\n<meta property=\"og:description\" content=\"Els pa\u00efsos membres de l&#039;OTAN no tenen cap impediment legal per signar el TPAN. Signar-ho o no \u00e9s una q\u00fcesti\u00f3 merament pol\u00edtica. Si Espanya ho signa seria\" \/>\n<meta property=\"og:url\" content=\"https:\/\/www.pressenza.com\/ca\/2018\/12\/espanya-no-te-impediment-legal-algun-per-signar-el-tractat-de-prohibicio-darmes-nuclears\/\" \/>\n<meta property=\"og:site_name\" content=\"Pressenza\" \/>\n<meta property=\"article:publisher\" content=\"https:\/\/www.facebook.com\/PressenzaItalia\" \/>\n<meta property=\"article:author\" content=\"https:\/\/www.facebook.com\/pressenza\" \/>\n<meta property=\"article:published_time\" content=\"2018-12-13T23:51:15+00:00\" \/>\n<meta property=\"og:image\" content=\"https:\/\/www.pressenza.com\/wp-content\/uploads\/2018\/12\/ican_campagnia.jpg\" \/>\n\t<meta property=\"og:image:width\" content=\"898\" \/>\n\t<meta property=\"og:image:height\" content=\"502\" \/>\n\t<meta property=\"og:image:type\" content=\"image\/jpeg\" \/>\n<meta name=\"author\" content=\"Redacci\u00f3n Madrid\" \/>\n<meta name=\"twitter:card\" content=\"summary_large_image\" \/>\n<meta name=\"twitter:creator\" content=\"@pressenza\" \/>\n<meta name=\"twitter:site\" content=\"@PressenzaIPA\" \/>\n<meta name=\"twitter:label1\" content=\"Escrit per\" \/>\n\t<meta name=\"twitter:data1\" content=\"Redacci\u00f3n Madrid\" \/>\n\t<meta name=\"twitter:label2\" content=\"Temps estimat de lectura\" \/>\n\t<meta name=\"twitter:data2\" content=\"4 minuts\" \/>\n<script type=\"application\/ld+json\" class=\"yoast-schema-graph\">{\"@context\":\"https:\/\/schema.org\",\"@graph\":[{\"@type\":\"Article\",\"@id\":\"https:\/\/www.pressenza.com\/ca\/2018\/12\/espanya-no-te-impediment-legal-algun-per-signar-el-tractat-de-prohibicio-darmes-nuclears\/#article\",\"isPartOf\":{\"@id\":\"https:\/\/www.pressenza.com\/ca\/2018\/12\/espanya-no-te-impediment-legal-algun-per-signar-el-tractat-de-prohibicio-darmes-nuclears\/\"},\"author\":{\"name\":\"Redacci\u00f3n Madrid\",\"@id\":\"https:\/\/www.pressenza.com\/ca\/#\/schema\/person\/828fc40eeca2ad7be3630e5a46adba94\"},\"headline\":\"Espanya no t\u00e9 impediment legal algun per signar el Tractat de Prohibici\u00f3 d&#8217;Armes Nuclears\",\"datePublished\":\"2018-12-13T23:51:15+00:00\",\"mainEntityOfPage\":{\"@id\":\"https:\/\/www.pressenza.com\/ca\/2018\/12\/espanya-no-te-impediment-legal-algun-per-signar-el-tractat-de-prohibicio-darmes-nuclears\/\"},\"wordCount\":835,\"publisher\":{\"@id\":\"https:\/\/www.pressenza.com\/ca\/#organization\"},\"image\":{\"@id\":\"https:\/\/www.pressenza.com\/ca\/2018\/12\/espanya-no-te-impediment-legal-algun-per-signar-el-tractat-de-prohibicio-darmes-nuclears\/#primaryimage\"},\"thumbnailUrl\":\"https:\/\/www.pressenza.com\/wp-content\/uploads\/2018\/12\/ican_campagnia.jpg\",\"keywords\":[\"ICAN\",\"OTAN\",\"Spain\",\"Tractat de prohibici\u00f3 d'armes nuclears\"],\"articleSection\":[\"Contingut original\",\"Internacional\",\"Opinions\",\"Pau i desarmament\"],\"inLanguage\":\"ca\"},{\"@type\":\"WebPage\",\"@id\":\"https:\/\/www.pressenza.com\/ca\/2018\/12\/espanya-no-te-impediment-legal-algun-per-signar-el-tractat-de-prohibicio-darmes-nuclears\/\",\"url\":\"https:\/\/www.pressenza.com\/ca\/2018\/12\/espanya-no-te-impediment-legal-algun-per-signar-el-tractat-de-prohibicio-darmes-nuclears\/\",\"name\":\"Espanya no t\u00e9 impediment legal algun per signar el Tractat de Prohibici\u00f3 d'Armes Nuclears\",\"isPartOf\":{\"@id\":\"https:\/\/www.pressenza.com\/ca\/#website\"},\"primaryImageOfPage\":{\"@id\":\"https:\/\/www.pressenza.com\/ca\/2018\/12\/espanya-no-te-impediment-legal-algun-per-signar-el-tractat-de-prohibicio-darmes-nuclears\/#primaryimage\"},\"image\":{\"@id\":\"https:\/\/www.pressenza.com\/ca\/2018\/12\/espanya-no-te-impediment-legal-algun-per-signar-el-tractat-de-prohibicio-darmes-nuclears\/#primaryimage\"},\"thumbnailUrl\":\"https:\/\/www.pressenza.com\/wp-content\/uploads\/2018\/12\/ican_campagnia.jpg\",\"datePublished\":\"2018-12-13T23:51:15+00:00\",\"description\":\"Els pa\u00efsos membres de l'OTAN no tenen cap impediment legal per signar el TPAN. Signar-ho o no \u00e9s una q\u00fcesti\u00f3 merament pol\u00edtica. Si Espanya ho signa seria\",\"breadcrumb\":{\"@id\":\"https:\/\/www.pressenza.com\/ca\/2018\/12\/espanya-no-te-impediment-legal-algun-per-signar-el-tractat-de-prohibicio-darmes-nuclears\/#breadcrumb\"},\"inLanguage\":\"ca\",\"potentialAction\":[{\"@type\":\"ReadAction\",\"target\":[\"https:\/\/www.pressenza.com\/ca\/2018\/12\/espanya-no-te-impediment-legal-algun-per-signar-el-tractat-de-prohibicio-darmes-nuclears\/\"]}]},{\"@type\":\"ImageObject\",\"inLanguage\":\"ca\",\"@id\":\"https:\/\/www.pressenza.com\/ca\/2018\/12\/espanya-no-te-impediment-legal-algun-per-signar-el-tractat-de-prohibicio-darmes-nuclears\/#primaryimage\",\"url\":\"https:\/\/www.pressenza.com\/wp-content\/uploads\/2018\/12\/ican_campagnia.jpg\",\"contentUrl\":\"https:\/\/www.pressenza.com\/wp-content\/uploads\/2018\/12\/ican_campagnia.jpg\",\"width\":898,\"height\":502},{\"@type\":\"BreadcrumbList\",\"@id\":\"https:\/\/www.pressenza.com\/ca\/2018\/12\/espanya-no-te-impediment-legal-algun-per-signar-el-tractat-de-prohibicio-darmes-nuclears\/#breadcrumb\",\"itemListElement\":[{\"@type\":\"ListItem\",\"position\":1,\"name\":\"Accueil\",\"item\":\"https:\/\/www.pressenza.com\/ca\/\"},{\"@type\":\"ListItem\",\"position\":2,\"name\":\"Espanya no t\u00e9 impediment legal algun per signar el Tractat de Prohibici\u00f3 d&#8217;Armes Nuclears\"}]},{\"@type\":\"WebSite\",\"@id\":\"https:\/\/www.pressenza.com\/ca\/#website\",\"url\":\"https:\/\/www.pressenza.com\/ca\/\",\"name\":\"Pressenza\",\"description\":\"International Press Agency\",\"publisher\":{\"@id\":\"https:\/\/www.pressenza.com\/ca\/#organization\"},\"potentialAction\":[{\"@type\":\"SearchAction\",\"target\":{\"@type\":\"EntryPoint\",\"urlTemplate\":\"https:\/\/www.pressenza.com\/ca\/?s={search_term_string}\"},\"query-input\":{\"@type\":\"PropertyValueSpecification\",\"valueRequired\":true,\"valueName\":\"search_term_string\"}}],\"inLanguage\":\"ca\"},{\"@type\":\"Organization\",\"@id\":\"https:\/\/www.pressenza.com\/ca\/#organization\",\"name\":\"Pressenza\",\"url\":\"https:\/\/www.pressenza.com\/ca\/\",\"logo\":{\"@type\":\"ImageObject\",\"inLanguage\":\"ca\",\"@id\":\"https:\/\/www.pressenza.com\/ca\/#\/schema\/logo\/image\/\",\"url\":\"https:\/\/www.pressenza.com\/wp-content\/uploads\/2022\/10\/pressenza_logo_200x200.jpg\",\"contentUrl\":\"https:\/\/www.pressenza.com\/wp-content\/uploads\/2022\/10\/pressenza_logo_200x200.jpg\",\"width\":200,\"height\":200,\"caption\":\"Pressenza\"},\"image\":{\"@id\":\"https:\/\/www.pressenza.com\/ca\/#\/schema\/logo\/image\/\"},\"sameAs\":[\"https:\/\/www.facebook.com\/PressenzaItalia\",\"https:\/\/x.com\/PressenzaIPA\"]},{\"@type\":\"Person\",\"@id\":\"https:\/\/www.pressenza.com\/ca\/#\/schema\/person\/828fc40eeca2ad7be3630e5a46adba94\",\"name\":\"Redacci\u00f3n Madrid\",\"description\":\"News from the Pressenza Bureau in Madrid, Spain\",\"sameAs\":[\"https:\/\/www.facebook.com\/pressenza\",\"https:\/\/x.com\/pressenza\"],\"url\":\"https:\/\/www.pressenza.com\/ca\/author\/redaccion-madrid\/\"}]}<\/script>\n<!-- \/ Yoast SEO plugin. -->","yoast_head_json":{"title":"Espanya no t\u00e9 impediment legal algun per signar el Tractat de Prohibici\u00f3 d'Armes Nuclears","description":"Els pa\u00efsos membres de l'OTAN no tenen cap impediment legal per signar el TPAN. Signar-ho o no \u00e9s una q\u00fcesti\u00f3 merament pol\u00edtica. Si Espanya ho signa seria","robots":{"index":"index","follow":"follow","max-snippet":"max-snippet:-1","max-image-preview":"max-image-preview:large","max-video-preview":"max-video-preview:-1"},"canonical":"https:\/\/www.pressenza.com\/ca\/2018\/12\/espanya-no-te-impediment-legal-algun-per-signar-el-tractat-de-prohibicio-darmes-nuclears\/","og_locale":"ca_ES","og_type":"article","og_title":"Espanya no t\u00e9 impediment legal algun per signar el Tractat de Prohibici\u00f3 d'Armes Nuclears","og_description":"Els pa\u00efsos membres de l'OTAN no tenen cap impediment legal per signar el TPAN. Signar-ho o no \u00e9s una q\u00fcesti\u00f3 merament pol\u00edtica. Si Espanya ho signa seria","og_url":"https:\/\/www.pressenza.com\/ca\/2018\/12\/espanya-no-te-impediment-legal-algun-per-signar-el-tractat-de-prohibicio-darmes-nuclears\/","og_site_name":"Pressenza","article_publisher":"https:\/\/www.facebook.com\/PressenzaItalia","article_author":"https:\/\/www.facebook.com\/pressenza","article_published_time":"2018-12-13T23:51:15+00:00","og_image":[{"width":898,"height":502,"url":"https:\/\/www.pressenza.com\/wp-content\/uploads\/2018\/12\/ican_campagnia.jpg","type":"image\/jpeg"}],"author":"Redacci\u00f3n Madrid","twitter_card":"summary_large_image","twitter_creator":"@pressenza","twitter_site":"@PressenzaIPA","twitter_misc":{"Escrit per":"Redacci\u00f3n Madrid","Temps estimat de lectura":"4 minuts"},"schema":{"@context":"https:\/\/schema.org","@graph":[{"@type":"Article","@id":"https:\/\/www.pressenza.com\/ca\/2018\/12\/espanya-no-te-impediment-legal-algun-per-signar-el-tractat-de-prohibicio-darmes-nuclears\/#article","isPartOf":{"@id":"https:\/\/www.pressenza.com\/ca\/2018\/12\/espanya-no-te-impediment-legal-algun-per-signar-el-tractat-de-prohibicio-darmes-nuclears\/"},"author":{"name":"Redacci\u00f3n Madrid","@id":"https:\/\/www.pressenza.com\/ca\/#\/schema\/person\/828fc40eeca2ad7be3630e5a46adba94"},"headline":"Espanya no t\u00e9 impediment legal algun per signar el Tractat de Prohibici\u00f3 d&#8217;Armes Nuclears","datePublished":"2018-12-13T23:51:15+00:00","mainEntityOfPage":{"@id":"https:\/\/www.pressenza.com\/ca\/2018\/12\/espanya-no-te-impediment-legal-algun-per-signar-el-tractat-de-prohibicio-darmes-nuclears\/"},"wordCount":835,"publisher":{"@id":"https:\/\/www.pressenza.com\/ca\/#organization"},"image":{"@id":"https:\/\/www.pressenza.com\/ca\/2018\/12\/espanya-no-te-impediment-legal-algun-per-signar-el-tractat-de-prohibicio-darmes-nuclears\/#primaryimage"},"thumbnailUrl":"https:\/\/www.pressenza.com\/wp-content\/uploads\/2018\/12\/ican_campagnia.jpg","keywords":["ICAN","OTAN","Spain","Tractat de prohibici\u00f3 d'armes nuclears"],"articleSection":["Contingut original","Internacional","Opinions","Pau i desarmament"],"inLanguage":"ca"},{"@type":"WebPage","@id":"https:\/\/www.pressenza.com\/ca\/2018\/12\/espanya-no-te-impediment-legal-algun-per-signar-el-tractat-de-prohibicio-darmes-nuclears\/","url":"https:\/\/www.pressenza.com\/ca\/2018\/12\/espanya-no-te-impediment-legal-algun-per-signar-el-tractat-de-prohibicio-darmes-nuclears\/","name":"Espanya no t\u00e9 impediment legal algun per signar el Tractat de Prohibici\u00f3 d'Armes Nuclears","isPartOf":{"@id":"https:\/\/www.pressenza.com\/ca\/#website"},"primaryImageOfPage":{"@id":"https:\/\/www.pressenza.com\/ca\/2018\/12\/espanya-no-te-impediment-legal-algun-per-signar-el-tractat-de-prohibicio-darmes-nuclears\/#primaryimage"},"image":{"@id":"https:\/\/www.pressenza.com\/ca\/2018\/12\/espanya-no-te-impediment-legal-algun-per-signar-el-tractat-de-prohibicio-darmes-nuclears\/#primaryimage"},"thumbnailUrl":"https:\/\/www.pressenza.com\/wp-content\/uploads\/2018\/12\/ican_campagnia.jpg","datePublished":"2018-12-13T23:51:15+00:00","description":"Els pa\u00efsos membres de l'OTAN no tenen cap impediment legal per signar el TPAN. Signar-ho o no \u00e9s una q\u00fcesti\u00f3 merament pol\u00edtica. Si Espanya ho signa seria","breadcrumb":{"@id":"https:\/\/www.pressenza.com\/ca\/2018\/12\/espanya-no-te-impediment-legal-algun-per-signar-el-tractat-de-prohibicio-darmes-nuclears\/#breadcrumb"},"inLanguage":"ca","potentialAction":[{"@type":"ReadAction","target":["https:\/\/www.pressenza.com\/ca\/2018\/12\/espanya-no-te-impediment-legal-algun-per-signar-el-tractat-de-prohibicio-darmes-nuclears\/"]}]},{"@type":"ImageObject","inLanguage":"ca","@id":"https:\/\/www.pressenza.com\/ca\/2018\/12\/espanya-no-te-impediment-legal-algun-per-signar-el-tractat-de-prohibicio-darmes-nuclears\/#primaryimage","url":"https:\/\/www.pressenza.com\/wp-content\/uploads\/2018\/12\/ican_campagnia.jpg","contentUrl":"https:\/\/www.pressenza.com\/wp-content\/uploads\/2018\/12\/ican_campagnia.jpg","width":898,"height":502},{"@type":"BreadcrumbList","@id":"https:\/\/www.pressenza.com\/ca\/2018\/12\/espanya-no-te-impediment-legal-algun-per-signar-el-tractat-de-prohibicio-darmes-nuclears\/#breadcrumb","itemListElement":[{"@type":"ListItem","position":1,"name":"Accueil","item":"https:\/\/www.pressenza.com\/ca\/"},{"@type":"ListItem","position":2,"name":"Espanya no t\u00e9 impediment legal algun per signar el Tractat de Prohibici\u00f3 d&#8217;Armes Nuclears"}]},{"@type":"WebSite","@id":"https:\/\/www.pressenza.com\/ca\/#website","url":"https:\/\/www.pressenza.com\/ca\/","name":"Pressenza","description":"International Press Agency","publisher":{"@id":"https:\/\/www.pressenza.com\/ca\/#organization"},"potentialAction":[{"@type":"SearchAction","target":{"@type":"EntryPoint","urlTemplate":"https:\/\/www.pressenza.com\/ca\/?s={search_term_string}"},"query-input":{"@type":"PropertyValueSpecification","valueRequired":true,"valueName":"search_term_string"}}],"inLanguage":"ca"},{"@type":"Organization","@id":"https:\/\/www.pressenza.com\/ca\/#organization","name":"Pressenza","url":"https:\/\/www.pressenza.com\/ca\/","logo":{"@type":"ImageObject","inLanguage":"ca","@id":"https:\/\/www.pressenza.com\/ca\/#\/schema\/logo\/image\/","url":"https:\/\/www.pressenza.com\/wp-content\/uploads\/2022\/10\/pressenza_logo_200x200.jpg","contentUrl":"https:\/\/www.pressenza.com\/wp-content\/uploads\/2022\/10\/pressenza_logo_200x200.jpg","width":200,"height":200,"caption":"Pressenza"},"image":{"@id":"https:\/\/www.pressenza.com\/ca\/#\/schema\/logo\/image\/"},"sameAs":["https:\/\/www.facebook.com\/PressenzaItalia","https:\/\/x.com\/PressenzaIPA"]},{"@type":"Person","@id":"https:\/\/www.pressenza.com\/ca\/#\/schema\/person\/828fc40eeca2ad7be3630e5a46adba94","name":"Redacci\u00f3n Madrid","description":"News from the Pressenza Bureau in Madrid, Spain","sameAs":["https:\/\/www.facebook.com\/pressenza","https:\/\/x.com\/pressenza"],"url":"https:\/\/www.pressenza.com\/ca\/author\/redaccion-madrid\/"}]}},"place":"","original_article_url":"","_links":{"self":[{"href":"https:\/\/www.pressenza.com\/ca\/wp-json\/wp\/v2\/posts\/775703","targetHints":{"allow":["GET"]}}],"collection":[{"href":"https:\/\/www.pressenza.com\/ca\/wp-json\/wp\/v2\/posts"}],"about":[{"href":"https:\/\/www.pressenza.com\/ca\/wp-json\/wp\/v2\/types\/post"}],"author":[{"embeddable":true,"href":"https:\/\/www.pressenza.com\/ca\/wp-json\/wp\/v2\/users\/94"}],"replies":[{"embeddable":true,"href":"https:\/\/www.pressenza.com\/ca\/wp-json\/wp\/v2\/comments?post=775703"}],"version-history":[{"count":0,"href":"https:\/\/www.pressenza.com\/ca\/wp-json\/wp\/v2\/posts\/775703\/revisions"}],"wp:featuredmedia":[{"embeddable":true,"href":"https:\/\/www.pressenza.com\/ca\/wp-json\/wp\/v2\/media\/775693"}],"wp:attachment":[{"href":"https:\/\/www.pressenza.com\/ca\/wp-json\/wp\/v2\/media?parent=775703"}],"wp:term":[{"taxonomy":"category","embeddable":true,"href":"https:\/\/www.pressenza.com\/ca\/wp-json\/wp\/v2\/categories?post=775703"},{"taxonomy":"post_tag","embeddable":true,"href":"https:\/\/www.pressenza.com\/ca\/wp-json\/wp\/v2\/tags?post=775703"}],"curies":[{"name":"wp","href":"https:\/\/api.w.org\/{rel}","templated":true}]}}