{"id":758246,"date":"2018-11-20T12:35:59","date_gmt":"2018-11-20T12:35:59","guid":{"rendered":"https:\/\/www.pressenza.com\/?p=758246"},"modified":"2018-11-20T12:35:59","modified_gmt":"2018-11-20T12:35:59","slug":"primera-jornada-del-pla-integral-del-poble-gitano-a-catalunya","status":"publish","type":"post","link":"https:\/\/www.pressenza.com\/ca\/2018\/11\/primera-jornada-del-pla-integral-del-poble-gitano-a-catalunya\/","title":{"rendered":"Primera Jornada del Pla Integral del Poble Gitano a Catalunya"},"content":{"rendered":"<h4>\u201cImpacte amb i per a les gitanes i gitanos a Catalunya\u201d<\/h4>\n<p>El proper dijous 29 de novembre es celebrar\u00e0 \u00a0\u00a0la primera jornada del Pla Integral del Poble Gitano a Catalunya, sota el t\u00edtol\u00a0\u201cImpacte social amb i per a les gitanes i gitanos a Catalunya\u201d. Les jornades seran una oportunitat per con\u00e8ixer les mesures i accions del Pla ,de la m\u00e0 de les seves aut\u00e8ntiques protagonistes: les persones gitanes, familiars, organitzacions i institucions que implementen, dissenyen i\/o es beneficien de l\u2019impacte social de les actuacions del Pla. La jornada comptar\u00e0 amb la participaci\u00f3 del Hble. Sr. Chakir El Homrani, conseller de Treball, Afers Socials i Fam\u00edlies, i es celebraran a la sala d\u2019actes de la Casa del Mar (C\/ Albareda 1, Barcelona) de 9h a 14h.<\/p>\n<p>Cal confirmar assist\u00e8ncia als tel\u00e8fons 93 882 22 20 \/ 93 882 26 40 o al correu electr\u00f2nic <a href=\"mailto:poble.gitano@gencat.cat\">poble.gitano@gencat.cat<\/a><\/p>\n<p>Podeu consultar <a href=\"https:\/\/museuvirtualgitano.us3.list-manage.com\/track\/click?u=5e782ec325091514e63daa376&amp;id=fe715aa629&amp;e=e4375e3adf\" target=\"_blank\" rel=\"noopener\">el programa<\/a> de la jornada<\/p>\n","protected":false},"excerpt":{"rendered":"<p>\u201cImpacte amb i per a les gitanes i gitanos a Catalunya\u201d El proper dijous 29 de novembre es celebrar\u00e0 \u00a0\u00a0la primera jornada del Pla Integral del Poble Gitano a Catalunya, sota el t\u00edtol\u00a0\u201cImpacte social amb i per a les gitanes&hellip;<\/p>\n","protected":false},"author":1122,"featured_media":758188,"comment_status":"closed","ping_status":"closed","sticky":false,"template":"","format":"standard","meta":{"footnotes":""},"categories":[35529,35521,35512,35506],"tags":[43600,41310,51978,51977,45041],"class_list":["post-758246","post","type-post","status-publish","format-standard","has-post-thumbnail","hentry","category-comunicats-de-premsa","category-diversitat","category-drets-humans-ca","category-europa-ca","tag-cataluna-es-ca","tag-catalunya-ca","tag-pla-integral","tag-poble-gitano","tag-spain-ca"],"yoast_head":"<!-- This site is optimized with the Yoast SEO plugin v27.1.1 - https:\/\/yoast.com\/product\/yoast-seo-wordpress\/ -->\n<title>Primera Jornada del Pla Integral del Poble Gitano a Catalunya<\/title>\n<meta name=\"description\" content=\"\u201cImpacte amb i per a les gitanes i gitanos a Catalunya\u201d El proper dijous 29 de novembre es celebrar\u00e0 \u00a0\u00a0la primera jornada del Pla Integral del Poble\" \/>\n<meta name=\"robots\" content=\"index, follow, max-snippet:-1, max-image-preview:large, max-video-preview:-1\" \/>\n<link rel=\"canonical\" href=\"https:\/\/www.pressenza.com\/ca\/2018\/11\/primera-jornada-del-pla-integral-del-poble-gitano-a-catalunya\/\" \/>\n<meta property=\"og:locale\" content=\"ca_ES\" \/>\n<meta property=\"og:type\" content=\"article\" \/>\n<meta property=\"og:title\" content=\"Primera Jornada del Pla Integral del Poble Gitano a Catalunya\" \/>\n<meta property=\"og:description\" content=\"\u201cImpacte amb i per a les gitanes i gitanos a Catalunya\u201d El proper dijous 29 de novembre es celebrar\u00e0 \u00a0\u00a0la primera jornada del Pla Integral del Poble\" \/>\n<meta property=\"og:url\" content=\"https:\/\/www.pressenza.com\/ca\/2018\/11\/primera-jornada-del-pla-integral-del-poble-gitano-a-catalunya\/\" \/>\n<meta property=\"og:site_name\" content=\"Pressenza\" \/>\n<meta property=\"article:publisher\" content=\"https:\/\/www.facebook.com\/PressenzaItalia\" \/>\n<meta property=\"article:author\" content=\"https:\/\/www.facebook.com\/Pressenza-Espaa-647854795301395\/timeline\/\" \/>\n<meta property=\"article:published_time\" content=\"2018-11-20T12:35:59+00:00\" \/>\n<meta property=\"og:image\" content=\"https:\/\/www.pressenza.com\/wp-content\/uploads\/2018\/11\/Jornades-PIPG.jpg\" \/>\n\t<meta property=\"og:image:width\" content=\"778\" \/>\n\t<meta property=\"og:image:height\" content=\"516\" \/>\n\t<meta property=\"og:image:type\" content=\"image\/jpeg\" \/>\n<meta name=\"author\" content=\"Redacci\u00f3n Barcelona\" \/>\n<meta name=\"twitter:card\" content=\"summary_large_image\" \/>\n<meta name=\"twitter:creator\" content=\"@pressenza\" \/>\n<meta name=\"twitter:site\" content=\"@PressenzaIPA\" \/>\n<meta name=\"twitter:label1\" content=\"Escrit per\" \/>\n\t<meta name=\"twitter:data1\" content=\"Redacci\u00f3n Barcelona\" \/>\n\t<meta name=\"twitter:label2\" content=\"Temps estimat de lectura\" \/>\n\t<meta name=\"twitter:data2\" content=\"1 minut\" \/>\n<script type=\"application\/ld+json\" class=\"yoast-schema-graph\">{\"@context\":\"https:\/\/schema.org\",\"@graph\":[{\"@type\":\"Article\",\"@id\":\"https:\/\/www.pressenza.com\/ca\/2018\/11\/primera-jornada-del-pla-integral-del-poble-gitano-a-catalunya\/#article\",\"isPartOf\":{\"@id\":\"https:\/\/www.pressenza.com\/ca\/2018\/11\/primera-jornada-del-pla-integral-del-poble-gitano-a-catalunya\/\"},\"author\":{\"name\":\"Redacci\u00f3n Barcelona\",\"@id\":\"https:\/\/www.pressenza.com\/ca\/#\/schema\/person\/8abc53b92f3264e0dad4300d54ac73ff\"},\"headline\":\"Primera Jornada del Pla Integral del Poble Gitano a Catalunya\",\"datePublished\":\"2018-11-20T12:35:59+00:00\",\"mainEntityOfPage\":{\"@id\":\"https:\/\/www.pressenza.com\/ca\/2018\/11\/primera-jornada-del-pla-integral-del-poble-gitano-a-catalunya\/\"},\"wordCount\":164,\"publisher\":{\"@id\":\"https:\/\/www.pressenza.com\/ca\/#organization\"},\"image\":{\"@id\":\"https:\/\/www.pressenza.com\/ca\/2018\/11\/primera-jornada-del-pla-integral-del-poble-gitano-a-catalunya\/#primaryimage\"},\"thumbnailUrl\":\"https:\/\/www.pressenza.com\/wp-content\/uploads\/2018\/11\/Jornades-PIPG.jpg\",\"keywords\":[\"Catalu\u00f1a\",\"Catalunya\",\"pla integral\",\"poble gitano\",\"Spain\"],\"articleSection\":[\"Comunicats de premsa\",\"Diversitat\",\"Drets Humans\",\"Europa\"],\"inLanguage\":\"ca\"},{\"@type\":\"WebPage\",\"@id\":\"https:\/\/www.pressenza.com\/ca\/2018\/11\/primera-jornada-del-pla-integral-del-poble-gitano-a-catalunya\/\",\"url\":\"https:\/\/www.pressenza.com\/ca\/2018\/11\/primera-jornada-del-pla-integral-del-poble-gitano-a-catalunya\/\",\"name\":\"Primera Jornada del Pla Integral del Poble Gitano a Catalunya\",\"isPartOf\":{\"@id\":\"https:\/\/www.pressenza.com\/ca\/#website\"},\"primaryImageOfPage\":{\"@id\":\"https:\/\/www.pressenza.com\/ca\/2018\/11\/primera-jornada-del-pla-integral-del-poble-gitano-a-catalunya\/#primaryimage\"},\"image\":{\"@id\":\"https:\/\/www.pressenza.com\/ca\/2018\/11\/primera-jornada-del-pla-integral-del-poble-gitano-a-catalunya\/#primaryimage\"},\"thumbnailUrl\":\"https:\/\/www.pressenza.com\/wp-content\/uploads\/2018\/11\/Jornades-PIPG.jpg\",\"datePublished\":\"2018-11-20T12:35:59+00:00\",\"description\":\"\u201cImpacte amb i per a les gitanes i gitanos a Catalunya\u201d El proper dijous 29 de novembre es celebrar\u00e0 \u00a0\u00a0la primera jornada del Pla Integral del Poble\",\"breadcrumb\":{\"@id\":\"https:\/\/www.pressenza.com\/ca\/2018\/11\/primera-jornada-del-pla-integral-del-poble-gitano-a-catalunya\/#breadcrumb\"},\"inLanguage\":\"ca\",\"potentialAction\":[{\"@type\":\"ReadAction\",\"target\":[\"https:\/\/www.pressenza.com\/ca\/2018\/11\/primera-jornada-del-pla-integral-del-poble-gitano-a-catalunya\/\"]}]},{\"@type\":\"ImageObject\",\"inLanguage\":\"ca\",\"@id\":\"https:\/\/www.pressenza.com\/ca\/2018\/11\/primera-jornada-del-pla-integral-del-poble-gitano-a-catalunya\/#primaryimage\",\"url\":\"https:\/\/www.pressenza.com\/wp-content\/uploads\/2018\/11\/Jornades-PIPG.jpg\",\"contentUrl\":\"https:\/\/www.pressenza.com\/wp-content\/uploads\/2018\/11\/Jornades-PIPG.jpg\",\"width\":778,\"height\":516},{\"@type\":\"BreadcrumbList\",\"@id\":\"https:\/\/www.pressenza.com\/ca\/2018\/11\/primera-jornada-del-pla-integral-del-poble-gitano-a-catalunya\/#breadcrumb\",\"itemListElement\":[{\"@type\":\"ListItem\",\"position\":1,\"name\":\"Accueil\",\"item\":\"https:\/\/www.pressenza.com\/ca\/\"},{\"@type\":\"ListItem\",\"position\":2,\"name\":\"Primera Jornada del Pla Integral del Poble Gitano a Catalunya\"}]},{\"@type\":\"WebSite\",\"@id\":\"https:\/\/www.pressenza.com\/ca\/#website\",\"url\":\"https:\/\/www.pressenza.com\/ca\/\",\"name\":\"Pressenza\",\"description\":\"International Press Agency\",\"publisher\":{\"@id\":\"https:\/\/www.pressenza.com\/ca\/#organization\"},\"potentialAction\":[{\"@type\":\"SearchAction\",\"target\":{\"@type\":\"EntryPoint\",\"urlTemplate\":\"https:\/\/www.pressenza.com\/ca\/?s={search_term_string}\"},\"query-input\":{\"@type\":\"PropertyValueSpecification\",\"valueRequired\":true,\"valueName\":\"search_term_string\"}}],\"inLanguage\":\"ca\"},{\"@type\":\"Organization\",\"@id\":\"https:\/\/www.pressenza.com\/ca\/#organization\",\"name\":\"Pressenza\",\"url\":\"https:\/\/www.pressenza.com\/ca\/\",\"logo\":{\"@type\":\"ImageObject\",\"inLanguage\":\"ca\",\"@id\":\"https:\/\/www.pressenza.com\/ca\/#\/schema\/logo\/image\/\",\"url\":\"https:\/\/www.pressenza.com\/wp-content\/uploads\/2022\/10\/pressenza_logo_200x200.jpg\",\"contentUrl\":\"https:\/\/www.pressenza.com\/wp-content\/uploads\/2022\/10\/pressenza_logo_200x200.jpg\",\"width\":200,\"height\":200,\"caption\":\"Pressenza\"},\"image\":{\"@id\":\"https:\/\/www.pressenza.com\/ca\/#\/schema\/logo\/image\/\"},\"sameAs\":[\"https:\/\/www.facebook.com\/PressenzaItalia\",\"https:\/\/x.com\/PressenzaIPA\"]},{\"@type\":\"Person\",\"@id\":\"https:\/\/www.pressenza.com\/ca\/#\/schema\/person\/8abc53b92f3264e0dad4300d54ac73ff\",\"name\":\"Redacci\u00f3n Barcelona\",\"description\":\"News published by the Pressenza bureau in Barcelona, Spain\",\"sameAs\":[\"https:\/\/www.facebook.com\/Pressenza-Espaa-647854795301395\/timeline\/\",\"https:\/\/x.com\/pressenza\"],\"url\":\"https:\/\/www.pressenza.com\/ca\/author\/redaccion-barcelona\/\"}]}<\/script>\n<!-- \/ Yoast SEO plugin. -->","yoast_head_json":{"title":"Primera Jornada del Pla Integral del Poble Gitano a Catalunya","description":"\u201cImpacte amb i per a les gitanes i gitanos a Catalunya\u201d El proper dijous 29 de novembre es celebrar\u00e0 \u00a0\u00a0la primera jornada del Pla Integral del Poble","robots":{"index":"index","follow":"follow","max-snippet":"max-snippet:-1","max-image-preview":"max-image-preview:large","max-video-preview":"max-video-preview:-1"},"canonical":"https:\/\/www.pressenza.com\/ca\/2018\/11\/primera-jornada-del-pla-integral-del-poble-gitano-a-catalunya\/","og_locale":"ca_ES","og_type":"article","og_title":"Primera Jornada del Pla Integral del Poble Gitano a Catalunya","og_description":"\u201cImpacte amb i per a les gitanes i gitanos a Catalunya\u201d El proper dijous 29 de novembre es celebrar\u00e0 \u00a0\u00a0la primera jornada del Pla Integral del Poble","og_url":"https:\/\/www.pressenza.com\/ca\/2018\/11\/primera-jornada-del-pla-integral-del-poble-gitano-a-catalunya\/","og_site_name":"Pressenza","article_publisher":"https:\/\/www.facebook.com\/PressenzaItalia","article_author":"https:\/\/www.facebook.com\/Pressenza-Espaa-647854795301395\/timeline\/","article_published_time":"2018-11-20T12:35:59+00:00","og_image":[{"width":778,"height":516,"url":"https:\/\/www.pressenza.com\/wp-content\/uploads\/2018\/11\/Jornades-PIPG.jpg","type":"image\/jpeg"}],"author":"Redacci\u00f3n Barcelona","twitter_card":"summary_large_image","twitter_creator":"@pressenza","twitter_site":"@PressenzaIPA","twitter_misc":{"Escrit per":"Redacci\u00f3n Barcelona","Temps estimat de lectura":"1 minut"},"schema":{"@context":"https:\/\/schema.org","@graph":[{"@type":"Article","@id":"https:\/\/www.pressenza.com\/ca\/2018\/11\/primera-jornada-del-pla-integral-del-poble-gitano-a-catalunya\/#article","isPartOf":{"@id":"https:\/\/www.pressenza.com\/ca\/2018\/11\/primera-jornada-del-pla-integral-del-poble-gitano-a-catalunya\/"},"author":{"name":"Redacci\u00f3n Barcelona","@id":"https:\/\/www.pressenza.com\/ca\/#\/schema\/person\/8abc53b92f3264e0dad4300d54ac73ff"},"headline":"Primera Jornada del Pla Integral del Poble Gitano a Catalunya","datePublished":"2018-11-20T12:35:59+00:00","mainEntityOfPage":{"@id":"https:\/\/www.pressenza.com\/ca\/2018\/11\/primera-jornada-del-pla-integral-del-poble-gitano-a-catalunya\/"},"wordCount":164,"publisher":{"@id":"https:\/\/www.pressenza.com\/ca\/#organization"},"image":{"@id":"https:\/\/www.pressenza.com\/ca\/2018\/11\/primera-jornada-del-pla-integral-del-poble-gitano-a-catalunya\/#primaryimage"},"thumbnailUrl":"https:\/\/www.pressenza.com\/wp-content\/uploads\/2018\/11\/Jornades-PIPG.jpg","keywords":["Catalu\u00f1a","Catalunya","pla integral","poble gitano","Spain"],"articleSection":["Comunicats de premsa","Diversitat","Drets Humans","Europa"],"inLanguage":"ca"},{"@type":"WebPage","@id":"https:\/\/www.pressenza.com\/ca\/2018\/11\/primera-jornada-del-pla-integral-del-poble-gitano-a-catalunya\/","url":"https:\/\/www.pressenza.com\/ca\/2018\/11\/primera-jornada-del-pla-integral-del-poble-gitano-a-catalunya\/","name":"Primera Jornada del Pla Integral del Poble Gitano a Catalunya","isPartOf":{"@id":"https:\/\/www.pressenza.com\/ca\/#website"},"primaryImageOfPage":{"@id":"https:\/\/www.pressenza.com\/ca\/2018\/11\/primera-jornada-del-pla-integral-del-poble-gitano-a-catalunya\/#primaryimage"},"image":{"@id":"https:\/\/www.pressenza.com\/ca\/2018\/11\/primera-jornada-del-pla-integral-del-poble-gitano-a-catalunya\/#primaryimage"},"thumbnailUrl":"https:\/\/www.pressenza.com\/wp-content\/uploads\/2018\/11\/Jornades-PIPG.jpg","datePublished":"2018-11-20T12:35:59+00:00","description":"\u201cImpacte amb i per a les gitanes i gitanos a Catalunya\u201d El proper dijous 29 de novembre es celebrar\u00e0 \u00a0\u00a0la primera jornada del Pla Integral del Poble","breadcrumb":{"@id":"https:\/\/www.pressenza.com\/ca\/2018\/11\/primera-jornada-del-pla-integral-del-poble-gitano-a-catalunya\/#breadcrumb"},"inLanguage":"ca","potentialAction":[{"@type":"ReadAction","target":["https:\/\/www.pressenza.com\/ca\/2018\/11\/primera-jornada-del-pla-integral-del-poble-gitano-a-catalunya\/"]}]},{"@type":"ImageObject","inLanguage":"ca","@id":"https:\/\/www.pressenza.com\/ca\/2018\/11\/primera-jornada-del-pla-integral-del-poble-gitano-a-catalunya\/#primaryimage","url":"https:\/\/www.pressenza.com\/wp-content\/uploads\/2018\/11\/Jornades-PIPG.jpg","contentUrl":"https:\/\/www.pressenza.com\/wp-content\/uploads\/2018\/11\/Jornades-PIPG.jpg","width":778,"height":516},{"@type":"BreadcrumbList","@id":"https:\/\/www.pressenza.com\/ca\/2018\/11\/primera-jornada-del-pla-integral-del-poble-gitano-a-catalunya\/#breadcrumb","itemListElement":[{"@type":"ListItem","position":1,"name":"Accueil","item":"https:\/\/www.pressenza.com\/ca\/"},{"@type":"ListItem","position":2,"name":"Primera Jornada del Pla Integral del Poble Gitano a Catalunya"}]},{"@type":"WebSite","@id":"https:\/\/www.pressenza.com\/ca\/#website","url":"https:\/\/www.pressenza.com\/ca\/","name":"Pressenza","description":"International Press Agency","publisher":{"@id":"https:\/\/www.pressenza.com\/ca\/#organization"},"potentialAction":[{"@type":"SearchAction","target":{"@type":"EntryPoint","urlTemplate":"https:\/\/www.pressenza.com\/ca\/?s={search_term_string}"},"query-input":{"@type":"PropertyValueSpecification","valueRequired":true,"valueName":"search_term_string"}}],"inLanguage":"ca"},{"@type":"Organization","@id":"https:\/\/www.pressenza.com\/ca\/#organization","name":"Pressenza","url":"https:\/\/www.pressenza.com\/ca\/","logo":{"@type":"ImageObject","inLanguage":"ca","@id":"https:\/\/www.pressenza.com\/ca\/#\/schema\/logo\/image\/","url":"https:\/\/www.pressenza.com\/wp-content\/uploads\/2022\/10\/pressenza_logo_200x200.jpg","contentUrl":"https:\/\/www.pressenza.com\/wp-content\/uploads\/2022\/10\/pressenza_logo_200x200.jpg","width":200,"height":200,"caption":"Pressenza"},"image":{"@id":"https:\/\/www.pressenza.com\/ca\/#\/schema\/logo\/image\/"},"sameAs":["https:\/\/www.facebook.com\/PressenzaItalia","https:\/\/x.com\/PressenzaIPA"]},{"@type":"Person","@id":"https:\/\/www.pressenza.com\/ca\/#\/schema\/person\/8abc53b92f3264e0dad4300d54ac73ff","name":"Redacci\u00f3n Barcelona","description":"News published by the Pressenza bureau in Barcelona, Spain","sameAs":["https:\/\/www.facebook.com\/Pressenza-Espaa-647854795301395\/timeline\/","https:\/\/x.com\/pressenza"],"url":"https:\/\/www.pressenza.com\/ca\/author\/redaccion-barcelona\/"}]}},"place":"Barcelona, Espa\u00f1a","original_article_url":"","_links":{"self":[{"href":"https:\/\/www.pressenza.com\/ca\/wp-json\/wp\/v2\/posts\/758246","targetHints":{"allow":["GET"]}}],"collection":[{"href":"https:\/\/www.pressenza.com\/ca\/wp-json\/wp\/v2\/posts"}],"about":[{"href":"https:\/\/www.pressenza.com\/ca\/wp-json\/wp\/v2\/types\/post"}],"author":[{"embeddable":true,"href":"https:\/\/www.pressenza.com\/ca\/wp-json\/wp\/v2\/users\/1122"}],"replies":[{"embeddable":true,"href":"https:\/\/www.pressenza.com\/ca\/wp-json\/wp\/v2\/comments?post=758246"}],"version-history":[{"count":0,"href":"https:\/\/www.pressenza.com\/ca\/wp-json\/wp\/v2\/posts\/758246\/revisions"}],"wp:featuredmedia":[{"embeddable":true,"href":"https:\/\/www.pressenza.com\/ca\/wp-json\/wp\/v2\/media\/758188"}],"wp:attachment":[{"href":"https:\/\/www.pressenza.com\/ca\/wp-json\/wp\/v2\/media?parent=758246"}],"wp:term":[{"taxonomy":"category","embeddable":true,"href":"https:\/\/www.pressenza.com\/ca\/wp-json\/wp\/v2\/categories?post=758246"},{"taxonomy":"post_tag","embeddable":true,"href":"https:\/\/www.pressenza.com\/ca\/wp-json\/wp\/v2\/tags?post=758246"}],"curies":[{"name":"wp","href":"https:\/\/api.w.org\/{rel}","templated":true}]}}