{"id":676140,"date":"2018-07-11T23:02:41","date_gmt":"2018-07-11T22:02:41","guid":{"rendered":"https:\/\/www.pressenza.com\/?p=676140"},"modified":"2018-07-11T23:07:13","modified_gmt":"2018-07-11T22:07:13","slug":"stop-mare-mortum-condemna-historica-del-tribunal-suprem-al-govern-espanyol","status":"publish","type":"post","link":"https:\/\/www.pressenza.com\/ca\/2018\/07\/stop-mare-mortum-condemna-historica-del-tribunal-suprem-al-govern-espanyol\/","title":{"rendered":"Stop Mare Mortum: condemna hist\u00f2rica del Tribunal Suprem al govern espanyol"},"content":{"rendered":"<p>El Tribunal Suprem condemna al govern espanyol a complir els seus compromisos de tramitar les sol\u00b7licituds d&#8217;asil de 19.449 persones des de Gr\u00e8cia i It\u00e0lia, que va assumir en decisions europees al setembre de 2015, a pesar que el termini hagi finalitzat.<\/p>\n<p>Stop Mare Mortum, un moviment social que vetlla pel canvi de pol\u00edtiques migrat\u00f2ries que permetin el desenvolupament d&#8217;un m\u00f3n basat en el respecte pels drets humans, considera que \u00e9s una sent\u00e8ncia hist\u00f2rica i sense precedents en ser la primera vegada que un tribunal nacional condemna al seu govern.<\/p>\n<p>Fa tan sol set dies, el rescat de 60 persones per Open Arms, va ser un acte denunciat per Stop Mare Mortum pel seu \u00fas pol\u00edtic i medi\u00e0tic. La plataforma exigia un canvi de pol\u00edtiques migrat\u00f2ries estatals i europees des d&#8217;un enfocament de drets humans i no des de l&#8217;amena\u00e7a de l\u2019 externalitzaci\u00f3 de les fronteres; reclamaven vies legals i segures d&#8217;acc\u00e9s al territori perqu\u00e8 la gent no hagi d&#8217;arriscar la seva vida pel cam\u00ed i per tant ser rescatada en alta mar; aix\u00ed mateix es demanava la mateixa atenci\u00f3 en altres punts d&#8217;arribada com la frontera sud.<\/p>\n<p>A l&#8217;abril del 2017 Stop Mare Mortum va posar un recurs per exigir l&#8217;acolliment de 19.449 persones. A dia d&#8217;avui nom\u00e9s s&#8217;han acollit 1.349, menys del 7% dels pactes. Aquesta sent\u00e8ncia posa de manifest que el compliment dels drets humans \u00e9s una obligaci\u00f3 dels Estats. El dret d&#8217;asil no \u00e9s discrecional, \u00e9s exigible. Stop Mare Mortum declara que \u00e9s un bon moment per recordar que existeixen altres vies legals i segures que poden facilitar l&#8217;arribada de les persones que han quedat atrapades en la irregularitat, v\u00edctimes dels traficants d&#8217;\u00e9ssers humans de Gr\u00e8cia i It\u00e0lia.<\/p>\n<p>La sent\u00e8ncia a m\u00e9s mostra una dimensi\u00f3 internacional en apel\u00b7lar al principi de solidaritat posant de manifest que la responsabilitat d&#8217;acolliment no ha estat compartida. Mostra d&#8217;aix\u00f2 els resultats d&#8217;It\u00e0lia on triomfen solucions populistes quan no s&#8217;ha donat resposta solid\u00e0ria.<\/p>\n<p>Stop Mare Mortum considera que aquesta vict\u00f2ria evidencia que la societat civil organitzada pot exercir control sobre l&#8217;acci\u00f3 pol\u00edtica dels seus governs i considera una oportunitat \u201cclau\u201d perqu\u00e8 el Govern de Pedro S\u00e1nchez faci canvis en les pol\u00edtiques migrat\u00f2ries, assumint com a pr\u00f2pia la sent\u00e8ncia, malgrat tractar-se d&#8217;incompliment durant el mandat de Mariano Rajoy.<\/p>\n","protected":false},"excerpt":{"rendered":"<p>El Tribunal Suprem condemna al govern espanyol a complir els seus compromisos de tramitar les sol\u00b7licituds d&#8217;asil de 19.449 persones des de Gr\u00e8cia i It\u00e0lia, que va assumir en decisions europees al setembre de 2015, a pesar que el termini&hellip;<\/p>\n","protected":false},"author":647,"featured_media":676129,"comment_status":"closed","ping_status":"closed","sticky":false,"template":"","format":"standard","meta":{"footnotes":""},"categories":[35531,35512,35506],"tags":[36617,32323,47951],"class_list":["post-676140","post","type-post","status-publish","format-standard","has-post-thumbnail","hentry","category-contingut-original-ca","category-drets-humans-ca","category-europa-ca","tag-stopmaremortum","tag-espanya","tag-politiques-migratories"],"yoast_head":"<!-- This site is optimized with the Yoast SEO plugin v27.1.1 - https:\/\/yoast.com\/product\/yoast-seo-wordpress\/ -->\n<title>Stop Mare Mortum: condemna hist\u00f2rica del Tribunal Suprem al govern espanyol<\/title>\n<meta name=\"description\" content=\"El Tribunal Suprem condemna al govern espanyol a complir els seus compromisos de tramitar les sol\u00b7licituds d&#039;asil de 19.449 persones des de Gr\u00e8cia i\" \/>\n<meta name=\"robots\" content=\"index, follow, max-snippet:-1, max-image-preview:large, max-video-preview:-1\" \/>\n<link rel=\"canonical\" href=\"https:\/\/www.pressenza.com\/ca\/2018\/07\/stop-mare-mortum-condemna-historica-del-tribunal-suprem-al-govern-espanyol\/\" \/>\n<meta property=\"og:locale\" content=\"ca_ES\" \/>\n<meta property=\"og:type\" content=\"article\" \/>\n<meta property=\"og:title\" content=\"Stop Mare Mortum: condemna hist\u00f2rica del Tribunal Suprem al govern espanyol\" \/>\n<meta property=\"og:description\" content=\"El Tribunal Suprem condemna al govern espanyol a complir els seus compromisos de tramitar les sol\u00b7licituds d&#039;asil de 19.449 persones des de Gr\u00e8cia i\" \/>\n<meta property=\"og:url\" content=\"https:\/\/www.pressenza.com\/ca\/2018\/07\/stop-mare-mortum-condemna-historica-del-tribunal-suprem-al-govern-espanyol\/\" \/>\n<meta property=\"og:site_name\" content=\"Pressenza\" \/>\n<meta property=\"article:publisher\" content=\"https:\/\/www.facebook.com\/PressenzaItalia\" \/>\n<meta property=\"article:published_time\" content=\"2018-07-11T22:02:41+00:00\" \/>\n<meta property=\"article:modified_time\" content=\"2018-07-11T22:07:13+00:00\" \/>\n<meta property=\"og:image\" content=\"https:\/\/www.pressenza.com\/wp-content\/uploads\/2018\/07\/STOP_M_M.jpg\" \/>\n\t<meta property=\"og:image:width\" content=\"1024\" \/>\n\t<meta property=\"og:image:height\" content=\"768\" \/>\n\t<meta property=\"og:image:type\" content=\"image\/jpeg\" \/>\n<meta name=\"author\" content=\"Raquel Paricio\" \/>\n<meta name=\"twitter:card\" content=\"summary_large_image\" \/>\n<meta name=\"twitter:creator\" content=\"@PressenzaIPA\" \/>\n<meta name=\"twitter:site\" content=\"@PressenzaIPA\" \/>\n<meta name=\"twitter:label1\" content=\"Escrit per\" \/>\n\t<meta name=\"twitter:data1\" content=\"Raquel Paricio\" \/>\n\t<meta name=\"twitter:label2\" content=\"Temps estimat de lectura\" \/>\n\t<meta name=\"twitter:data2\" content=\"2 minuts\" \/>\n<script type=\"application\/ld+json\" class=\"yoast-schema-graph\">{\"@context\":\"https:\/\/schema.org\",\"@graph\":[{\"@type\":\"Article\",\"@id\":\"https:\/\/www.pressenza.com\/ca\/2018\/07\/stop-mare-mortum-condemna-historica-del-tribunal-suprem-al-govern-espanyol\/#article\",\"isPartOf\":{\"@id\":\"https:\/\/www.pressenza.com\/ca\/2018\/07\/stop-mare-mortum-condemna-historica-del-tribunal-suprem-al-govern-espanyol\/\"},\"author\":{\"name\":\"Raquel Paricio\",\"@id\":\"https:\/\/www.pressenza.com\/ca\/#\/schema\/person\/7104466338f7b188aedd367b5e15c977\"},\"headline\":\"Stop Mare Mortum: condemna hist\u00f2rica del Tribunal Suprem al govern espanyol\",\"datePublished\":\"2018-07-11T22:02:41+00:00\",\"dateModified\":\"2018-07-11T22:07:13+00:00\",\"mainEntityOfPage\":{\"@id\":\"https:\/\/www.pressenza.com\/ca\/2018\/07\/stop-mare-mortum-condemna-historica-del-tribunal-suprem-al-govern-espanyol\/\"},\"wordCount\":432,\"publisher\":{\"@id\":\"https:\/\/www.pressenza.com\/ca\/#organization\"},\"image\":{\"@id\":\"https:\/\/www.pressenza.com\/ca\/2018\/07\/stop-mare-mortum-condemna-historica-del-tribunal-suprem-al-govern-espanyol\/#primaryimage\"},\"thumbnailUrl\":\"https:\/\/www.pressenza.com\/wp-content\/uploads\/2018\/07\/STOP_M_M.jpg\",\"keywords\":[\"#stopmaremortum\",\"Espanya\",\"Pol\u00edtiques Migrat\u00f2ries\"],\"articleSection\":[\"Contingut original\",\"Drets Humans\",\"Europa\"],\"inLanguage\":\"ca\"},{\"@type\":\"WebPage\",\"@id\":\"https:\/\/www.pressenza.com\/ca\/2018\/07\/stop-mare-mortum-condemna-historica-del-tribunal-suprem-al-govern-espanyol\/\",\"url\":\"https:\/\/www.pressenza.com\/ca\/2018\/07\/stop-mare-mortum-condemna-historica-del-tribunal-suprem-al-govern-espanyol\/\",\"name\":\"Stop Mare Mortum: condemna hist\u00f2rica del Tribunal Suprem al govern espanyol\",\"isPartOf\":{\"@id\":\"https:\/\/www.pressenza.com\/ca\/#website\"},\"primaryImageOfPage\":{\"@id\":\"https:\/\/www.pressenza.com\/ca\/2018\/07\/stop-mare-mortum-condemna-historica-del-tribunal-suprem-al-govern-espanyol\/#primaryimage\"},\"image\":{\"@id\":\"https:\/\/www.pressenza.com\/ca\/2018\/07\/stop-mare-mortum-condemna-historica-del-tribunal-suprem-al-govern-espanyol\/#primaryimage\"},\"thumbnailUrl\":\"https:\/\/www.pressenza.com\/wp-content\/uploads\/2018\/07\/STOP_M_M.jpg\",\"datePublished\":\"2018-07-11T22:02:41+00:00\",\"dateModified\":\"2018-07-11T22:07:13+00:00\",\"description\":\"El Tribunal Suprem condemna al govern espanyol a complir els seus compromisos de tramitar les sol\u00b7licituds d'asil de 19.449 persones des de Gr\u00e8cia i\",\"breadcrumb\":{\"@id\":\"https:\/\/www.pressenza.com\/ca\/2018\/07\/stop-mare-mortum-condemna-historica-del-tribunal-suprem-al-govern-espanyol\/#breadcrumb\"},\"inLanguage\":\"ca\",\"potentialAction\":[{\"@type\":\"ReadAction\",\"target\":[\"https:\/\/www.pressenza.com\/ca\/2018\/07\/stop-mare-mortum-condemna-historica-del-tribunal-suprem-al-govern-espanyol\/\"]}]},{\"@type\":\"ImageObject\",\"inLanguage\":\"ca\",\"@id\":\"https:\/\/www.pressenza.com\/ca\/2018\/07\/stop-mare-mortum-condemna-historica-del-tribunal-suprem-al-govern-espanyol\/#primaryimage\",\"url\":\"https:\/\/www.pressenza.com\/wp-content\/uploads\/2018\/07\/STOP_M_M.jpg\",\"contentUrl\":\"https:\/\/www.pressenza.com\/wp-content\/uploads\/2018\/07\/STOP_M_M.jpg\",\"width\":1024,\"height\":768},{\"@type\":\"BreadcrumbList\",\"@id\":\"https:\/\/www.pressenza.com\/ca\/2018\/07\/stop-mare-mortum-condemna-historica-del-tribunal-suprem-al-govern-espanyol\/#breadcrumb\",\"itemListElement\":[{\"@type\":\"ListItem\",\"position\":1,\"name\":\"Accueil\",\"item\":\"https:\/\/www.pressenza.com\/ca\/\"},{\"@type\":\"ListItem\",\"position\":2,\"name\":\"Stop Mare Mortum: condemna hist\u00f2rica del Tribunal Suprem al govern espanyol\"}]},{\"@type\":\"WebSite\",\"@id\":\"https:\/\/www.pressenza.com\/ca\/#website\",\"url\":\"https:\/\/www.pressenza.com\/ca\/\",\"name\":\"Pressenza\",\"description\":\"International Press Agency\",\"publisher\":{\"@id\":\"https:\/\/www.pressenza.com\/ca\/#organization\"},\"potentialAction\":[{\"@type\":\"SearchAction\",\"target\":{\"@type\":\"EntryPoint\",\"urlTemplate\":\"https:\/\/www.pressenza.com\/ca\/?s={search_term_string}\"},\"query-input\":{\"@type\":\"PropertyValueSpecification\",\"valueRequired\":true,\"valueName\":\"search_term_string\"}}],\"inLanguage\":\"ca\"},{\"@type\":\"Organization\",\"@id\":\"https:\/\/www.pressenza.com\/ca\/#organization\",\"name\":\"Pressenza\",\"url\":\"https:\/\/www.pressenza.com\/ca\/\",\"logo\":{\"@type\":\"ImageObject\",\"inLanguage\":\"ca\",\"@id\":\"https:\/\/www.pressenza.com\/ca\/#\/schema\/logo\/image\/\",\"url\":\"https:\/\/www.pressenza.com\/wp-content\/uploads\/2022\/10\/pressenza_logo_200x200.jpg\",\"contentUrl\":\"https:\/\/www.pressenza.com\/wp-content\/uploads\/2022\/10\/pressenza_logo_200x200.jpg\",\"width\":200,\"height\":200,\"caption\":\"Pressenza\"},\"image\":{\"@id\":\"https:\/\/www.pressenza.com\/ca\/#\/schema\/logo\/image\/\"},\"sameAs\":[\"https:\/\/www.facebook.com\/PressenzaItalia\",\"https:\/\/x.com\/PressenzaIPA\"]},{\"@type\":\"Person\",\"@id\":\"https:\/\/www.pressenza.com\/ca\/#\/schema\/person\/7104466338f7b188aedd367b5e15c977\",\"name\":\"Raquel Paricio\",\"description\":\"Docente. Artista. Humanista. Doctora en Arte y Tecnolog\u00eda. Investiga en las diferentes escuelas de meditaci\u00f3n de diferentes culturas.\",\"url\":\"https:\/\/www.pressenza.com\/ca\/author\/raquel-paricio\/\"}]}<\/script>\n<!-- \/ Yoast SEO plugin. -->","yoast_head_json":{"title":"Stop Mare Mortum: condemna hist\u00f2rica del Tribunal Suprem al govern espanyol","description":"El Tribunal Suprem condemna al govern espanyol a complir els seus compromisos de tramitar les sol\u00b7licituds d'asil de 19.449 persones des de Gr\u00e8cia i","robots":{"index":"index","follow":"follow","max-snippet":"max-snippet:-1","max-image-preview":"max-image-preview:large","max-video-preview":"max-video-preview:-1"},"canonical":"https:\/\/www.pressenza.com\/ca\/2018\/07\/stop-mare-mortum-condemna-historica-del-tribunal-suprem-al-govern-espanyol\/","og_locale":"ca_ES","og_type":"article","og_title":"Stop Mare Mortum: condemna hist\u00f2rica del Tribunal Suprem al govern espanyol","og_description":"El Tribunal Suprem condemna al govern espanyol a complir els seus compromisos de tramitar les sol\u00b7licituds d'asil de 19.449 persones des de Gr\u00e8cia i","og_url":"https:\/\/www.pressenza.com\/ca\/2018\/07\/stop-mare-mortum-condemna-historica-del-tribunal-suprem-al-govern-espanyol\/","og_site_name":"Pressenza","article_publisher":"https:\/\/www.facebook.com\/PressenzaItalia","article_published_time":"2018-07-11T22:02:41+00:00","article_modified_time":"2018-07-11T22:07:13+00:00","og_image":[{"width":1024,"height":768,"url":"https:\/\/www.pressenza.com\/wp-content\/uploads\/2018\/07\/STOP_M_M.jpg","type":"image\/jpeg"}],"author":"Raquel Paricio","twitter_card":"summary_large_image","twitter_creator":"@PressenzaIPA","twitter_site":"@PressenzaIPA","twitter_misc":{"Escrit per":"Raquel Paricio","Temps estimat de lectura":"2 minuts"},"schema":{"@context":"https:\/\/schema.org","@graph":[{"@type":"Article","@id":"https:\/\/www.pressenza.com\/ca\/2018\/07\/stop-mare-mortum-condemna-historica-del-tribunal-suprem-al-govern-espanyol\/#article","isPartOf":{"@id":"https:\/\/www.pressenza.com\/ca\/2018\/07\/stop-mare-mortum-condemna-historica-del-tribunal-suprem-al-govern-espanyol\/"},"author":{"name":"Raquel Paricio","@id":"https:\/\/www.pressenza.com\/ca\/#\/schema\/person\/7104466338f7b188aedd367b5e15c977"},"headline":"Stop Mare Mortum: condemna hist\u00f2rica del Tribunal Suprem al govern espanyol","datePublished":"2018-07-11T22:02:41+00:00","dateModified":"2018-07-11T22:07:13+00:00","mainEntityOfPage":{"@id":"https:\/\/www.pressenza.com\/ca\/2018\/07\/stop-mare-mortum-condemna-historica-del-tribunal-suprem-al-govern-espanyol\/"},"wordCount":432,"publisher":{"@id":"https:\/\/www.pressenza.com\/ca\/#organization"},"image":{"@id":"https:\/\/www.pressenza.com\/ca\/2018\/07\/stop-mare-mortum-condemna-historica-del-tribunal-suprem-al-govern-espanyol\/#primaryimage"},"thumbnailUrl":"https:\/\/www.pressenza.com\/wp-content\/uploads\/2018\/07\/STOP_M_M.jpg","keywords":["#stopmaremortum","Espanya","Pol\u00edtiques Migrat\u00f2ries"],"articleSection":["Contingut original","Drets Humans","Europa"],"inLanguage":"ca"},{"@type":"WebPage","@id":"https:\/\/www.pressenza.com\/ca\/2018\/07\/stop-mare-mortum-condemna-historica-del-tribunal-suprem-al-govern-espanyol\/","url":"https:\/\/www.pressenza.com\/ca\/2018\/07\/stop-mare-mortum-condemna-historica-del-tribunal-suprem-al-govern-espanyol\/","name":"Stop Mare Mortum: condemna hist\u00f2rica del Tribunal Suprem al govern espanyol","isPartOf":{"@id":"https:\/\/www.pressenza.com\/ca\/#website"},"primaryImageOfPage":{"@id":"https:\/\/www.pressenza.com\/ca\/2018\/07\/stop-mare-mortum-condemna-historica-del-tribunal-suprem-al-govern-espanyol\/#primaryimage"},"image":{"@id":"https:\/\/www.pressenza.com\/ca\/2018\/07\/stop-mare-mortum-condemna-historica-del-tribunal-suprem-al-govern-espanyol\/#primaryimage"},"thumbnailUrl":"https:\/\/www.pressenza.com\/wp-content\/uploads\/2018\/07\/STOP_M_M.jpg","datePublished":"2018-07-11T22:02:41+00:00","dateModified":"2018-07-11T22:07:13+00:00","description":"El Tribunal Suprem condemna al govern espanyol a complir els seus compromisos de tramitar les sol\u00b7licituds d'asil de 19.449 persones des de Gr\u00e8cia i","breadcrumb":{"@id":"https:\/\/www.pressenza.com\/ca\/2018\/07\/stop-mare-mortum-condemna-historica-del-tribunal-suprem-al-govern-espanyol\/#breadcrumb"},"inLanguage":"ca","potentialAction":[{"@type":"ReadAction","target":["https:\/\/www.pressenza.com\/ca\/2018\/07\/stop-mare-mortum-condemna-historica-del-tribunal-suprem-al-govern-espanyol\/"]}]},{"@type":"ImageObject","inLanguage":"ca","@id":"https:\/\/www.pressenza.com\/ca\/2018\/07\/stop-mare-mortum-condemna-historica-del-tribunal-suprem-al-govern-espanyol\/#primaryimage","url":"https:\/\/www.pressenza.com\/wp-content\/uploads\/2018\/07\/STOP_M_M.jpg","contentUrl":"https:\/\/www.pressenza.com\/wp-content\/uploads\/2018\/07\/STOP_M_M.jpg","width":1024,"height":768},{"@type":"BreadcrumbList","@id":"https:\/\/www.pressenza.com\/ca\/2018\/07\/stop-mare-mortum-condemna-historica-del-tribunal-suprem-al-govern-espanyol\/#breadcrumb","itemListElement":[{"@type":"ListItem","position":1,"name":"Accueil","item":"https:\/\/www.pressenza.com\/ca\/"},{"@type":"ListItem","position":2,"name":"Stop Mare Mortum: condemna hist\u00f2rica del Tribunal Suprem al govern espanyol"}]},{"@type":"WebSite","@id":"https:\/\/www.pressenza.com\/ca\/#website","url":"https:\/\/www.pressenza.com\/ca\/","name":"Pressenza","description":"International Press Agency","publisher":{"@id":"https:\/\/www.pressenza.com\/ca\/#organization"},"potentialAction":[{"@type":"SearchAction","target":{"@type":"EntryPoint","urlTemplate":"https:\/\/www.pressenza.com\/ca\/?s={search_term_string}"},"query-input":{"@type":"PropertyValueSpecification","valueRequired":true,"valueName":"search_term_string"}}],"inLanguage":"ca"},{"@type":"Organization","@id":"https:\/\/www.pressenza.com\/ca\/#organization","name":"Pressenza","url":"https:\/\/www.pressenza.com\/ca\/","logo":{"@type":"ImageObject","inLanguage":"ca","@id":"https:\/\/www.pressenza.com\/ca\/#\/schema\/logo\/image\/","url":"https:\/\/www.pressenza.com\/wp-content\/uploads\/2022\/10\/pressenza_logo_200x200.jpg","contentUrl":"https:\/\/www.pressenza.com\/wp-content\/uploads\/2022\/10\/pressenza_logo_200x200.jpg","width":200,"height":200,"caption":"Pressenza"},"image":{"@id":"https:\/\/www.pressenza.com\/ca\/#\/schema\/logo\/image\/"},"sameAs":["https:\/\/www.facebook.com\/PressenzaItalia","https:\/\/x.com\/PressenzaIPA"]},{"@type":"Person","@id":"https:\/\/www.pressenza.com\/ca\/#\/schema\/person\/7104466338f7b188aedd367b5e15c977","name":"Raquel Paricio","description":"Docente. Artista. Humanista. Doctora en Arte y Tecnolog\u00eda. Investiga en las diferentes escuelas de meditaci\u00f3n de diferentes culturas.","url":"https:\/\/www.pressenza.com\/ca\/author\/raquel-paricio\/"}]}},"place":"","original_article_url":"","_links":{"self":[{"href":"https:\/\/www.pressenza.com\/ca\/wp-json\/wp\/v2\/posts\/676140","targetHints":{"allow":["GET"]}}],"collection":[{"href":"https:\/\/www.pressenza.com\/ca\/wp-json\/wp\/v2\/posts"}],"about":[{"href":"https:\/\/www.pressenza.com\/ca\/wp-json\/wp\/v2\/types\/post"}],"author":[{"embeddable":true,"href":"https:\/\/www.pressenza.com\/ca\/wp-json\/wp\/v2\/users\/647"}],"replies":[{"embeddable":true,"href":"https:\/\/www.pressenza.com\/ca\/wp-json\/wp\/v2\/comments?post=676140"}],"version-history":[{"count":0,"href":"https:\/\/www.pressenza.com\/ca\/wp-json\/wp\/v2\/posts\/676140\/revisions"}],"wp:featuredmedia":[{"embeddable":true,"href":"https:\/\/www.pressenza.com\/ca\/wp-json\/wp\/v2\/media\/676129"}],"wp:attachment":[{"href":"https:\/\/www.pressenza.com\/ca\/wp-json\/wp\/v2\/media?parent=676140"}],"wp:term":[{"taxonomy":"category","embeddable":true,"href":"https:\/\/www.pressenza.com\/ca\/wp-json\/wp\/v2\/categories?post=676140"},{"taxonomy":"post_tag","embeddable":true,"href":"https:\/\/www.pressenza.com\/ca\/wp-json\/wp\/v2\/tags?post=676140"}],"curies":[{"name":"wp","href":"https:\/\/api.w.org\/{rel}","templated":true}]}}