{"id":669423,"date":"2018-07-03T03:41:48","date_gmt":"2018-07-03T02:41:48","guid":{"rendered":"https:\/\/www.pressenza.com\/?p=669423"},"modified":"2018-07-03T09:46:32","modified_gmt":"2018-07-03T08:46:32","slug":"barcelona-energia-arrenca-un-projecte-de-sobirania-energetica","status":"publish","type":"post","link":"https:\/\/www.pressenza.com\/ca\/2018\/07\/barcelona-energia-arrenca-un-projecte-de-sobirania-energetica\/","title":{"rendered":"Barcelona Energia: arrenca un projecte de sobirania energ\u00e8tica"},"content":{"rendered":"<p><strong>Barcelona Energia<\/strong>, un projecte d&#8217;energia p\u00fablica i generada a trav\u00e9s de fonts renovables, ja \u00e9s realitat. Sobirania energ\u00e8tica i desconnexi\u00f3 de l&#8217;oligopoli de les el\u00e8ctriques ha estat un dels grans reptes complerts del govern d\u2019 Ada Colau. Barcelona aconsegueix tenir l&#8217;el\u00e8ctrica p\u00fablica al 100% m\u00e9s gran de l&#8217;Estat. Aquest era un dels projectes m\u00e9s cobejats dels comuns: la lluita per recuperar la gesti\u00f3 p\u00fablica dels serveis b\u00e0sics.<br \/>\n\u201cL&#8217;energia \u00e9s un b\u00e9 de primera necessitat, un dret fonamental, per aix\u00f2 es necessiten administracions p\u00fabliques que garanteixin el servei p\u00fablic a tota la poblaci\u00f3\u201d, comenta Ada Colau en un v\u00eddeo on explica de pr\u00f2pia veu i per mitjans directes als ciutadans el nou pas hist\u00f2ric per a la ciutat.<\/p>\n<blockquote class=\"twitter-tweet\" data-width=\"500\" data-dnt=\"true\">\n<p lang=\"ca\" dir=\"ltr\">Avui Barcelona fa un pas hist\u00f2ric. Desconnectem dels oligopolis i ens connectem a les renovables, a l\u2019autoconsum, a la sobirania energ\u00e8tica.<br \/>Hola <a href=\"https:\/\/twitter.com\/hashtag\/BarcelonaEnergia?src=hash&amp;ref_src=twsrc%5Etfw\">#BarcelonaEnergia<\/a>! <a href=\"https:\/\/t.co\/EZJD4wXIzO\">pic.twitter.com\/EZJD4wXIzO<\/a><\/p>\n<p>&mdash; Ada Colau \ud83d\udc9c\ud83c\udf08\ud83d\udd3b (@AdaColau) <a href=\"https:\/\/twitter.com\/AdaColau\/status\/1013346269752905729?ref_src=twsrc%5Etfw\">July 1, 2018<\/a><\/p><\/blockquote>\n<p><script async src=\"https:\/\/platform.twitter.com\/widgets.js\" charset=\"utf-8\"><\/script><\/p>\n<p>El projecte donar\u00e0 servei al propi enllumenat de la ciutat, fonts, sem\u00e0fors, centres p\u00fablics, sumant un total de 3908 punts m\u00e9s 19 organismes i entitats municipals. Amb aquest canvi, l&#8217;estalvi calculat ser\u00e0 de 710.000 \u20ac anuals, que si b\u00e9, ser\u00e0 benvingut, no \u00e9s el principal objectiu, sin\u00f3 que darrere d&#8217;aquest assoliment es tracta de ser un exemple per estimular la generaci\u00f3 energ\u00e8tica, local i renovable, aix\u00ed com controlar la gesti\u00f3 energ\u00e8tica en detriment dels oligopolis.<br \/>\nBarcelona Energia, a partir del 2019, podr\u00e0 oferir als ciutadans la contractaci\u00f3 de la llum a trav\u00e9s d&#8217;aquesta nova comercialitzadora p\u00fabica, encara que inicialment nom\u00e9s podr\u00e0 oferir servei a 20.000 llars. Amb aquesta oferta, no es pret\u00e9n rebaixar tant el cost actual de la llum, per\u00f2 s\u00ed poder actuar amb total autonomia en situacions de pobresa energ\u00e8tica.<br \/>\nLa segona part de la iniciativa, busca afavorir la generaci\u00f3 d&#8217;energia renovable per part dels particulars, facilitant que els clients amb plaques fotovoltaiques puguin vendre els excedents d&#8217;energia sobrant a la comercialitzadora i beneficiar-se aix\u00ed de bonificacions en la factura. Aquest gran assoliment, a nivell de petites instal\u00b7lacions comercialitzadores d&#8217;energia, \u00e9s a m\u00e9s un salt social i pol\u00edtic en sobrepassar la llei que durant el mandat del PP, va ser penalitzada amb l&#8217;anomenat \u201cimpost al sol\u201d, que penalitzava la venda d&#8217;energia als petits productors. Aquesta llei, ara pret\u00e9n ser derogada pel recent partit en el poder espanyol, el PSOE.<\/p>\n","protected":false},"excerpt":{"rendered":"<p>Barcelona Energia, un projecte d&#8217;energia p\u00fablica i generada a trav\u00e9s de fonts renovables, ja \u00e9s realitat. Sobirania energ\u00e8tica i desconnexi\u00f3 de l&#8217;oligopoli de les el\u00e8ctriques ha estat un dels grans reptes complerts del govern d\u2019 Ada Colau. Barcelona aconsegueix tenir&hellip;<\/p>\n","protected":false},"author":647,"featured_media":669414,"comment_status":"closed","ping_status":"closed","sticky":false,"template":"","format":"standard","meta":{"footnotes":""},"categories":[35531,35512,35522,35506],"tags":[43596,38463],"class_list":["post-669423","post","type-post","status-publish","format-standard","has-post-thumbnail","hentry","category-contingut-original-ca","category-drets-humans-ca","category-ecologia-i-medi-ambient-ca","category-europa-ca","tag-adacolau-ca","tag-barcelona-ca"],"yoast_head":"<!-- This site is optimized with the Yoast SEO plugin v27.1.1 - https:\/\/yoast.com\/product\/yoast-seo-wordpress\/ -->\n<title>Barcelona Energia: arrenca un projecte de sobirania energ\u00e8tica<\/title>\n<meta name=\"description\" content=\"Barcelona Energia, un projecte d&#039;energia p\u00fablica i generada a trav\u00e9s de fonts renovables, ja \u00e9s realitat. Sobirania energ\u00e8tica i desconnexi\u00f3 de\" \/>\n<meta name=\"robots\" content=\"index, follow, max-snippet:-1, max-image-preview:large, max-video-preview:-1\" \/>\n<link rel=\"canonical\" href=\"https:\/\/www.pressenza.com\/ca\/2018\/07\/barcelona-energia-arrenca-un-projecte-de-sobirania-energetica\/\" \/>\n<meta property=\"og:locale\" content=\"ca_ES\" \/>\n<meta property=\"og:type\" content=\"article\" \/>\n<meta property=\"og:title\" content=\"Barcelona Energia: arrenca un projecte de sobirania energ\u00e8tica\" \/>\n<meta property=\"og:description\" content=\"Barcelona Energia, un projecte d&#039;energia p\u00fablica i generada a trav\u00e9s de fonts renovables, ja \u00e9s realitat. Sobirania energ\u00e8tica i desconnexi\u00f3 de\" \/>\n<meta property=\"og:url\" content=\"https:\/\/www.pressenza.com\/ca\/2018\/07\/barcelona-energia-arrenca-un-projecte-de-sobirania-energetica\/\" \/>\n<meta property=\"og:site_name\" content=\"Pressenza\" \/>\n<meta property=\"article:publisher\" content=\"https:\/\/www.facebook.com\/PressenzaItalia\" \/>\n<meta property=\"article:published_time\" content=\"2018-07-03T02:41:48+00:00\" \/>\n<meta property=\"article:modified_time\" content=\"2018-07-03T08:46:32+00:00\" \/>\n<meta property=\"og:image\" content=\"https:\/\/www.pressenza.com\/wp-content\/uploads\/2018\/07\/LIGHT_is_a_RIGHT2.jpg\" \/>\n\t<meta property=\"og:image:width\" content=\"750\" \/>\n\t<meta property=\"og:image:height\" content=\"498\" \/>\n\t<meta property=\"og:image:type\" content=\"image\/jpeg\" \/>\n<meta name=\"author\" content=\"Raquel Paricio\" \/>\n<meta name=\"twitter:card\" content=\"summary_large_image\" \/>\n<meta name=\"twitter:creator\" content=\"@PressenzaIPA\" \/>\n<meta name=\"twitter:site\" content=\"@PressenzaIPA\" \/>\n<meta name=\"twitter:label1\" content=\"Escrit per\" \/>\n\t<meta name=\"twitter:data1\" content=\"Raquel Paricio\" \/>\n\t<meta name=\"twitter:label2\" content=\"Temps estimat de lectura\" \/>\n\t<meta name=\"twitter:data2\" content=\"2 minuts\" \/>\n<script type=\"application\/ld+json\" class=\"yoast-schema-graph\">{\"@context\":\"https:\/\/schema.org\",\"@graph\":[{\"@type\":\"Article\",\"@id\":\"https:\/\/www.pressenza.com\/ca\/2018\/07\/barcelona-energia-arrenca-un-projecte-de-sobirania-energetica\/#article\",\"isPartOf\":{\"@id\":\"https:\/\/www.pressenza.com\/ca\/2018\/07\/barcelona-energia-arrenca-un-projecte-de-sobirania-energetica\/\"},\"author\":{\"name\":\"Raquel Paricio\",\"@id\":\"https:\/\/www.pressenza.com\/ca\/#\/schema\/person\/7104466338f7b188aedd367b5e15c977\"},\"headline\":\"Barcelona Energia: arrenca un projecte de sobirania energ\u00e8tica\",\"datePublished\":\"2018-07-03T02:41:48+00:00\",\"dateModified\":\"2018-07-03T08:46:32+00:00\",\"mainEntityOfPage\":{\"@id\":\"https:\/\/www.pressenza.com\/ca\/2018\/07\/barcelona-energia-arrenca-un-projecte-de-sobirania-energetica\/\"},\"wordCount\":399,\"publisher\":{\"@id\":\"https:\/\/www.pressenza.com\/ca\/#organization\"},\"image\":{\"@id\":\"https:\/\/www.pressenza.com\/ca\/2018\/07\/barcelona-energia-arrenca-un-projecte-de-sobirania-energetica\/#primaryimage\"},\"thumbnailUrl\":\"https:\/\/www.pressenza.com\/wp-content\/uploads\/2018\/07\/LIGHT_is_a_RIGHT2.jpg\",\"keywords\":[\"@AdaColau\",\"Barcelona\"],\"articleSection\":[\"Contingut original\",\"Drets Humans\",\"Ecologia i Medi ambient\",\"Europa\"],\"inLanguage\":\"ca\"},{\"@type\":\"WebPage\",\"@id\":\"https:\/\/www.pressenza.com\/ca\/2018\/07\/barcelona-energia-arrenca-un-projecte-de-sobirania-energetica\/\",\"url\":\"https:\/\/www.pressenza.com\/ca\/2018\/07\/barcelona-energia-arrenca-un-projecte-de-sobirania-energetica\/\",\"name\":\"Barcelona Energia: arrenca un projecte de sobirania energ\u00e8tica\",\"isPartOf\":{\"@id\":\"https:\/\/www.pressenza.com\/ca\/#website\"},\"primaryImageOfPage\":{\"@id\":\"https:\/\/www.pressenza.com\/ca\/2018\/07\/barcelona-energia-arrenca-un-projecte-de-sobirania-energetica\/#primaryimage\"},\"image\":{\"@id\":\"https:\/\/www.pressenza.com\/ca\/2018\/07\/barcelona-energia-arrenca-un-projecte-de-sobirania-energetica\/#primaryimage\"},\"thumbnailUrl\":\"https:\/\/www.pressenza.com\/wp-content\/uploads\/2018\/07\/LIGHT_is_a_RIGHT2.jpg\",\"datePublished\":\"2018-07-03T02:41:48+00:00\",\"dateModified\":\"2018-07-03T08:46:32+00:00\",\"description\":\"Barcelona Energia, un projecte d'energia p\u00fablica i generada a trav\u00e9s de fonts renovables, ja \u00e9s realitat. Sobirania energ\u00e8tica i desconnexi\u00f3 de\",\"breadcrumb\":{\"@id\":\"https:\/\/www.pressenza.com\/ca\/2018\/07\/barcelona-energia-arrenca-un-projecte-de-sobirania-energetica\/#breadcrumb\"},\"inLanguage\":\"ca\",\"potentialAction\":[{\"@type\":\"ReadAction\",\"target\":[\"https:\/\/www.pressenza.com\/ca\/2018\/07\/barcelona-energia-arrenca-un-projecte-de-sobirania-energetica\/\"]}]},{\"@type\":\"ImageObject\",\"inLanguage\":\"ca\",\"@id\":\"https:\/\/www.pressenza.com\/ca\/2018\/07\/barcelona-energia-arrenca-un-projecte-de-sobirania-energetica\/#primaryimage\",\"url\":\"https:\/\/www.pressenza.com\/wp-content\/uploads\/2018\/07\/LIGHT_is_a_RIGHT2.jpg\",\"contentUrl\":\"https:\/\/www.pressenza.com\/wp-content\/uploads\/2018\/07\/LIGHT_is_a_RIGHT2.jpg\",\"width\":750,\"height\":498},{\"@type\":\"BreadcrumbList\",\"@id\":\"https:\/\/www.pressenza.com\/ca\/2018\/07\/barcelona-energia-arrenca-un-projecte-de-sobirania-energetica\/#breadcrumb\",\"itemListElement\":[{\"@type\":\"ListItem\",\"position\":1,\"name\":\"Accueil\",\"item\":\"https:\/\/www.pressenza.com\/ca\/\"},{\"@type\":\"ListItem\",\"position\":2,\"name\":\"Barcelona Energia: arrenca un projecte de sobirania energ\u00e8tica\"}]},{\"@type\":\"WebSite\",\"@id\":\"https:\/\/www.pressenza.com\/ca\/#website\",\"url\":\"https:\/\/www.pressenza.com\/ca\/\",\"name\":\"Pressenza\",\"description\":\"International Press Agency\",\"publisher\":{\"@id\":\"https:\/\/www.pressenza.com\/ca\/#organization\"},\"potentialAction\":[{\"@type\":\"SearchAction\",\"target\":{\"@type\":\"EntryPoint\",\"urlTemplate\":\"https:\/\/www.pressenza.com\/ca\/?s={search_term_string}\"},\"query-input\":{\"@type\":\"PropertyValueSpecification\",\"valueRequired\":true,\"valueName\":\"search_term_string\"}}],\"inLanguage\":\"ca\"},{\"@type\":\"Organization\",\"@id\":\"https:\/\/www.pressenza.com\/ca\/#organization\",\"name\":\"Pressenza\",\"url\":\"https:\/\/www.pressenza.com\/ca\/\",\"logo\":{\"@type\":\"ImageObject\",\"inLanguage\":\"ca\",\"@id\":\"https:\/\/www.pressenza.com\/ca\/#\/schema\/logo\/image\/\",\"url\":\"https:\/\/www.pressenza.com\/wp-content\/uploads\/2022\/10\/pressenza_logo_200x200.jpg\",\"contentUrl\":\"https:\/\/www.pressenza.com\/wp-content\/uploads\/2022\/10\/pressenza_logo_200x200.jpg\",\"width\":200,\"height\":200,\"caption\":\"Pressenza\"},\"image\":{\"@id\":\"https:\/\/www.pressenza.com\/ca\/#\/schema\/logo\/image\/\"},\"sameAs\":[\"https:\/\/www.facebook.com\/PressenzaItalia\",\"https:\/\/x.com\/PressenzaIPA\"]},{\"@type\":\"Person\",\"@id\":\"https:\/\/www.pressenza.com\/ca\/#\/schema\/person\/7104466338f7b188aedd367b5e15c977\",\"name\":\"Raquel Paricio\",\"description\":\"Docente. Artista. Humanista. Doctora en Arte y Tecnolog\u00eda. Investiga en las diferentes escuelas de meditaci\u00f3n de diferentes culturas.\",\"url\":\"https:\/\/www.pressenza.com\/ca\/author\/raquel-paricio\/\"}]}<\/script>\n<!-- \/ Yoast SEO plugin. -->","yoast_head_json":{"title":"Barcelona Energia: arrenca un projecte de sobirania energ\u00e8tica","description":"Barcelona Energia, un projecte d'energia p\u00fablica i generada a trav\u00e9s de fonts renovables, ja \u00e9s realitat. Sobirania energ\u00e8tica i desconnexi\u00f3 de","robots":{"index":"index","follow":"follow","max-snippet":"max-snippet:-1","max-image-preview":"max-image-preview:large","max-video-preview":"max-video-preview:-1"},"canonical":"https:\/\/www.pressenza.com\/ca\/2018\/07\/barcelona-energia-arrenca-un-projecte-de-sobirania-energetica\/","og_locale":"ca_ES","og_type":"article","og_title":"Barcelona Energia: arrenca un projecte de sobirania energ\u00e8tica","og_description":"Barcelona Energia, un projecte d'energia p\u00fablica i generada a trav\u00e9s de fonts renovables, ja \u00e9s realitat. Sobirania energ\u00e8tica i desconnexi\u00f3 de","og_url":"https:\/\/www.pressenza.com\/ca\/2018\/07\/barcelona-energia-arrenca-un-projecte-de-sobirania-energetica\/","og_site_name":"Pressenza","article_publisher":"https:\/\/www.facebook.com\/PressenzaItalia","article_published_time":"2018-07-03T02:41:48+00:00","article_modified_time":"2018-07-03T08:46:32+00:00","og_image":[{"width":750,"height":498,"url":"https:\/\/www.pressenza.com\/wp-content\/uploads\/2018\/07\/LIGHT_is_a_RIGHT2.jpg","type":"image\/jpeg"}],"author":"Raquel Paricio","twitter_card":"summary_large_image","twitter_creator":"@PressenzaIPA","twitter_site":"@PressenzaIPA","twitter_misc":{"Escrit per":"Raquel Paricio","Temps estimat de lectura":"2 minuts"},"schema":{"@context":"https:\/\/schema.org","@graph":[{"@type":"Article","@id":"https:\/\/www.pressenza.com\/ca\/2018\/07\/barcelona-energia-arrenca-un-projecte-de-sobirania-energetica\/#article","isPartOf":{"@id":"https:\/\/www.pressenza.com\/ca\/2018\/07\/barcelona-energia-arrenca-un-projecte-de-sobirania-energetica\/"},"author":{"name":"Raquel Paricio","@id":"https:\/\/www.pressenza.com\/ca\/#\/schema\/person\/7104466338f7b188aedd367b5e15c977"},"headline":"Barcelona Energia: arrenca un projecte de sobirania energ\u00e8tica","datePublished":"2018-07-03T02:41:48+00:00","dateModified":"2018-07-03T08:46:32+00:00","mainEntityOfPage":{"@id":"https:\/\/www.pressenza.com\/ca\/2018\/07\/barcelona-energia-arrenca-un-projecte-de-sobirania-energetica\/"},"wordCount":399,"publisher":{"@id":"https:\/\/www.pressenza.com\/ca\/#organization"},"image":{"@id":"https:\/\/www.pressenza.com\/ca\/2018\/07\/barcelona-energia-arrenca-un-projecte-de-sobirania-energetica\/#primaryimage"},"thumbnailUrl":"https:\/\/www.pressenza.com\/wp-content\/uploads\/2018\/07\/LIGHT_is_a_RIGHT2.jpg","keywords":["@AdaColau","Barcelona"],"articleSection":["Contingut original","Drets Humans","Ecologia i Medi ambient","Europa"],"inLanguage":"ca"},{"@type":"WebPage","@id":"https:\/\/www.pressenza.com\/ca\/2018\/07\/barcelona-energia-arrenca-un-projecte-de-sobirania-energetica\/","url":"https:\/\/www.pressenza.com\/ca\/2018\/07\/barcelona-energia-arrenca-un-projecte-de-sobirania-energetica\/","name":"Barcelona Energia: arrenca un projecte de sobirania energ\u00e8tica","isPartOf":{"@id":"https:\/\/www.pressenza.com\/ca\/#website"},"primaryImageOfPage":{"@id":"https:\/\/www.pressenza.com\/ca\/2018\/07\/barcelona-energia-arrenca-un-projecte-de-sobirania-energetica\/#primaryimage"},"image":{"@id":"https:\/\/www.pressenza.com\/ca\/2018\/07\/barcelona-energia-arrenca-un-projecte-de-sobirania-energetica\/#primaryimage"},"thumbnailUrl":"https:\/\/www.pressenza.com\/wp-content\/uploads\/2018\/07\/LIGHT_is_a_RIGHT2.jpg","datePublished":"2018-07-03T02:41:48+00:00","dateModified":"2018-07-03T08:46:32+00:00","description":"Barcelona Energia, un projecte d'energia p\u00fablica i generada a trav\u00e9s de fonts renovables, ja \u00e9s realitat. Sobirania energ\u00e8tica i desconnexi\u00f3 de","breadcrumb":{"@id":"https:\/\/www.pressenza.com\/ca\/2018\/07\/barcelona-energia-arrenca-un-projecte-de-sobirania-energetica\/#breadcrumb"},"inLanguage":"ca","potentialAction":[{"@type":"ReadAction","target":["https:\/\/www.pressenza.com\/ca\/2018\/07\/barcelona-energia-arrenca-un-projecte-de-sobirania-energetica\/"]}]},{"@type":"ImageObject","inLanguage":"ca","@id":"https:\/\/www.pressenza.com\/ca\/2018\/07\/barcelona-energia-arrenca-un-projecte-de-sobirania-energetica\/#primaryimage","url":"https:\/\/www.pressenza.com\/wp-content\/uploads\/2018\/07\/LIGHT_is_a_RIGHT2.jpg","contentUrl":"https:\/\/www.pressenza.com\/wp-content\/uploads\/2018\/07\/LIGHT_is_a_RIGHT2.jpg","width":750,"height":498},{"@type":"BreadcrumbList","@id":"https:\/\/www.pressenza.com\/ca\/2018\/07\/barcelona-energia-arrenca-un-projecte-de-sobirania-energetica\/#breadcrumb","itemListElement":[{"@type":"ListItem","position":1,"name":"Accueil","item":"https:\/\/www.pressenza.com\/ca\/"},{"@type":"ListItem","position":2,"name":"Barcelona Energia: arrenca un projecte de sobirania energ\u00e8tica"}]},{"@type":"WebSite","@id":"https:\/\/www.pressenza.com\/ca\/#website","url":"https:\/\/www.pressenza.com\/ca\/","name":"Pressenza","description":"International Press Agency","publisher":{"@id":"https:\/\/www.pressenza.com\/ca\/#organization"},"potentialAction":[{"@type":"SearchAction","target":{"@type":"EntryPoint","urlTemplate":"https:\/\/www.pressenza.com\/ca\/?s={search_term_string}"},"query-input":{"@type":"PropertyValueSpecification","valueRequired":true,"valueName":"search_term_string"}}],"inLanguage":"ca"},{"@type":"Organization","@id":"https:\/\/www.pressenza.com\/ca\/#organization","name":"Pressenza","url":"https:\/\/www.pressenza.com\/ca\/","logo":{"@type":"ImageObject","inLanguage":"ca","@id":"https:\/\/www.pressenza.com\/ca\/#\/schema\/logo\/image\/","url":"https:\/\/www.pressenza.com\/wp-content\/uploads\/2022\/10\/pressenza_logo_200x200.jpg","contentUrl":"https:\/\/www.pressenza.com\/wp-content\/uploads\/2022\/10\/pressenza_logo_200x200.jpg","width":200,"height":200,"caption":"Pressenza"},"image":{"@id":"https:\/\/www.pressenza.com\/ca\/#\/schema\/logo\/image\/"},"sameAs":["https:\/\/www.facebook.com\/PressenzaItalia","https:\/\/x.com\/PressenzaIPA"]},{"@type":"Person","@id":"https:\/\/www.pressenza.com\/ca\/#\/schema\/person\/7104466338f7b188aedd367b5e15c977","name":"Raquel Paricio","description":"Docente. Artista. Humanista. Doctora en Arte y Tecnolog\u00eda. Investiga en las diferentes escuelas de meditaci\u00f3n de diferentes culturas.","url":"https:\/\/www.pressenza.com\/ca\/author\/raquel-paricio\/"}]}},"place":"","original_article_url":"","_links":{"self":[{"href":"https:\/\/www.pressenza.com\/ca\/wp-json\/wp\/v2\/posts\/669423","targetHints":{"allow":["GET"]}}],"collection":[{"href":"https:\/\/www.pressenza.com\/ca\/wp-json\/wp\/v2\/posts"}],"about":[{"href":"https:\/\/www.pressenza.com\/ca\/wp-json\/wp\/v2\/types\/post"}],"author":[{"embeddable":true,"href":"https:\/\/www.pressenza.com\/ca\/wp-json\/wp\/v2\/users\/647"}],"replies":[{"embeddable":true,"href":"https:\/\/www.pressenza.com\/ca\/wp-json\/wp\/v2\/comments?post=669423"}],"version-history":[{"count":0,"href":"https:\/\/www.pressenza.com\/ca\/wp-json\/wp\/v2\/posts\/669423\/revisions"}],"wp:featuredmedia":[{"embeddable":true,"href":"https:\/\/www.pressenza.com\/ca\/wp-json\/wp\/v2\/media\/669414"}],"wp:attachment":[{"href":"https:\/\/www.pressenza.com\/ca\/wp-json\/wp\/v2\/media?parent=669423"}],"wp:term":[{"taxonomy":"category","embeddable":true,"href":"https:\/\/www.pressenza.com\/ca\/wp-json\/wp\/v2\/categories?post=669423"},{"taxonomy":"post_tag","embeddable":true,"href":"https:\/\/www.pressenza.com\/ca\/wp-json\/wp\/v2\/tags?post=669423"}],"curies":[{"name":"wp","href":"https:\/\/api.w.org\/{rel}","templated":true}]}}