{"id":658488,"date":"2018-06-15T18:15:43","date_gmt":"2018-06-15T17:15:43","guid":{"rendered":"https:\/\/www.pressenza.com\/?p=658488"},"modified":"2018-06-15T18:15:43","modified_gmt":"2018-06-15T17:15:43","slug":"testimoniatge-des-del-vaixell-aquarius","status":"publish","type":"post","link":"https:\/\/www.pressenza.com\/ca\/2018\/06\/testimoniatge-des-del-vaixell-aquarius\/","title":{"rendered":"Testimoniatge des del vaixell Aquarius"},"content":{"rendered":"<p>A continuaci\u00f3 presentem la hist\u00f2ria d&#8217;Alessandro Porro, un voluntari de l&#8217;equip SAR (Search and Rescue) que es troba a bord del vaixell Aquarius de <a href=\"https:\/\/www.facebook.com\/sosmeditalia\/?fref=mentions\"><em><i>SOS MEDITERRANEE Italia<\/i><\/em><\/a><i><\/i>.<\/p>\n<p>L&#8217;Aquarius es troba enfront del Golf d&#8217;Orosei. El mar est\u00e0 en calma i el vent ha amainat. Molta gent \u00e9s a coberta veient Sardenya. En el fons hi ha els que dormen, els que renten la roba i els que juguen a les dames en un tauler d&#8217;escacs fet per ells mateixos. La situaci\u00f3 sembla m\u00e9s tranquil\u00b7la que en els \u00faltims dies, encara que les persones afectades estiguin esgotades. Molta gent segueix preguntant \u201cquan arribarem?\u201d Han estat al mar durant 6 dies. Un sobre inflables i 5 en l&#8217;Aquarius. I abans, durant mesos en centres de detenci\u00f3 a L\u00edbia. Els mediadors culturals tracten d&#8217;entendre pel que han passat. Aquestes persones parlen de segrestos, violacions i tortures. Un d&#8217;ells, de 18 anys, ens va parlar de la nit en qu\u00e8 el vam ajudar el dissabte passat.<\/p>\n<p>\u201c\u00c9rem 135 en el bot inflable. Quan vam sortir era completament fosc. Cap de nosaltres tenia salvavides. Volien molts diners de nosaltres, ning\u00fa en tenia suficient. Hem passat almenys 24 hores en el mar abans de ser rescatats per vost\u00e8s. Abans que arribessin, el bot estava gaireb\u00e9 ple d&#8217;aigua, em vaig espantar. Quan vaig acabar en l&#8217;aigua, feia fred i m&#8217;havia quedat completament nu. Al meu voltant la gent s&#8217;aferrava a qualsevol cosa. Vaig haver de lluitar per aconseguir una armilla salvavides quan ens les van llan\u00e7ar a l&#8217;aigua. Despr\u00e9s d&#8217;un temps me les vaig arreglar per aconseguir una. Llavors em van treure de l&#8217;aigua i em van portar al metge. Estic agra\u00eft a tots en aquest vaixell.\u201d<\/p>\n","protected":false},"excerpt":{"rendered":"<p>A continuaci\u00f3 presentem la hist\u00f2ria d&#8217;Alessandro Porro, un voluntari de l&#8217;equip SAR (Search and Rescue) que es troba a bord del vaixell Aquarius de SOS MEDITERRANEE Italia. L&#8217;Aquarius es troba enfront del Golf d&#8217;Orosei. El mar est\u00e0 en calma i&hellip;<\/p>\n","protected":false},"author":594,"featured_media":658174,"comment_status":"closed","ping_status":"closed","sticky":false,"template":"","format":"standard","meta":{"footnotes":""},"categories":[35504,35512,35506],"tags":[370,1087,2636,46883],"class_list":["post-658488","post","type-post","status-publish","format-standard","has-post-thumbnail","hentry","category-africa-ca","category-drets-humans-ca","category-europa-ca","tag-italia","tag-libia","tag-migranti","tag-nave-aquarius"],"yoast_head":"<!-- This site is optimized with the Yoast SEO plugin v27.1.1 - https:\/\/yoast.com\/product\/yoast-seo-wordpress\/ -->\n<title>Testimoniatge des del vaixell Aquarius<\/title>\n<meta name=\"description\" content=\"A continuaci\u00f3 presentem la hist\u00f2ria d&#039;Alessandro Porro, un voluntari de l&#039;equip SAR (Search and Rescue) que es troba a bord del vaixell Aquarius de SOS\" \/>\n<meta name=\"robots\" content=\"index, follow, max-snippet:-1, max-image-preview:large, max-video-preview:-1\" \/>\n<link rel=\"canonical\" href=\"https:\/\/www.pressenza.com\/ca\/2018\/06\/testimoniatge-des-del-vaixell-aquarius\/\" \/>\n<meta property=\"og:locale\" content=\"ca_ES\" \/>\n<meta property=\"og:type\" content=\"article\" \/>\n<meta property=\"og:title\" content=\"Testimoniatge des del vaixell Aquarius\" \/>\n<meta property=\"og:description\" content=\"A continuaci\u00f3 presentem la hist\u00f2ria d&#039;Alessandro Porro, un voluntari de l&#039;equip SAR (Search and Rescue) que es troba a bord del vaixell Aquarius de SOS\" \/>\n<meta property=\"og:url\" content=\"https:\/\/www.pressenza.com\/ca\/2018\/06\/testimoniatge-des-del-vaixell-aquarius\/\" \/>\n<meta property=\"og:site_name\" content=\"Pressenza\" \/>\n<meta property=\"article:publisher\" content=\"https:\/\/www.facebook.com\/PressenzaItalia\" \/>\n<meta property=\"article:author\" content=\"https:\/\/www.facebook.com\/PressenzaItalia\" \/>\n<meta property=\"article:published_time\" content=\"2018-06-15T17:15:43+00:00\" \/>\n<meta property=\"og:image\" content=\"https:\/\/www.pressenza.com\/wp-content\/uploads\/2018\/06\/Aquarius-1.jpg\" \/>\n\t<meta property=\"og:image:width\" content=\"2048\" \/>\n\t<meta property=\"og:image:height\" content=\"1365\" \/>\n\t<meta property=\"og:image:type\" content=\"image\/jpeg\" \/>\n<meta name=\"author\" content=\"Redazione Italia\" \/>\n<meta name=\"twitter:card\" content=\"summary_large_image\" \/>\n<meta name=\"twitter:creator\" content=\"@pressenza_it\" \/>\n<meta name=\"twitter:site\" content=\"@PressenzaIPA\" \/>\n<meta name=\"twitter:label1\" content=\"Escrit per\" \/>\n\t<meta name=\"twitter:data1\" content=\"Redazione Italia\" \/>\n\t<meta name=\"twitter:label2\" content=\"Temps estimat de lectura\" \/>\n\t<meta name=\"twitter:data2\" content=\"1 minut\" \/>\n<script type=\"application\/ld+json\" class=\"yoast-schema-graph\">{\"@context\":\"https:\/\/schema.org\",\"@graph\":[{\"@type\":\"Article\",\"@id\":\"https:\/\/www.pressenza.com\/ca\/2018\/06\/testimoniatge-des-del-vaixell-aquarius\/#article\",\"isPartOf\":{\"@id\":\"https:\/\/www.pressenza.com\/ca\/2018\/06\/testimoniatge-des-del-vaixell-aquarius\/\"},\"author\":{\"name\":\"Redazione Italia\",\"@id\":\"https:\/\/www.pressenza.com\/ca\/#\/schema\/person\/d983e81827ae24f2c7b1a2123d197f8d\"},\"headline\":\"Testimoniatge des del vaixell Aquarius\",\"datePublished\":\"2018-06-15T17:15:43+00:00\",\"mainEntityOfPage\":{\"@id\":\"https:\/\/www.pressenza.com\/ca\/2018\/06\/testimoniatge-des-del-vaixell-aquarius\/\"},\"wordCount\":303,\"publisher\":{\"@id\":\"https:\/\/www.pressenza.com\/ca\/#organization\"},\"image\":{\"@id\":\"https:\/\/www.pressenza.com\/ca\/2018\/06\/testimoniatge-des-del-vaixell-aquarius\/#primaryimage\"},\"thumbnailUrl\":\"https:\/\/www.pressenza.com\/wp-content\/uploads\/2018\/06\/Aquarius-1.jpg\",\"keywords\":[\"Italia\",\"Libia\",\"migranti\",\"nave Aquarius\"],\"articleSection\":[\"\u00c0frica\",\"Drets Humans\",\"Europa\"],\"inLanguage\":\"ca\"},{\"@type\":\"WebPage\",\"@id\":\"https:\/\/www.pressenza.com\/ca\/2018\/06\/testimoniatge-des-del-vaixell-aquarius\/\",\"url\":\"https:\/\/www.pressenza.com\/ca\/2018\/06\/testimoniatge-des-del-vaixell-aquarius\/\",\"name\":\"Testimoniatge des del vaixell Aquarius\",\"isPartOf\":{\"@id\":\"https:\/\/www.pressenza.com\/ca\/#website\"},\"primaryImageOfPage\":{\"@id\":\"https:\/\/www.pressenza.com\/ca\/2018\/06\/testimoniatge-des-del-vaixell-aquarius\/#primaryimage\"},\"image\":{\"@id\":\"https:\/\/www.pressenza.com\/ca\/2018\/06\/testimoniatge-des-del-vaixell-aquarius\/#primaryimage\"},\"thumbnailUrl\":\"https:\/\/www.pressenza.com\/wp-content\/uploads\/2018\/06\/Aquarius-1.jpg\",\"datePublished\":\"2018-06-15T17:15:43+00:00\",\"description\":\"A continuaci\u00f3 presentem la hist\u00f2ria d'Alessandro Porro, un voluntari de l'equip SAR (Search and Rescue) que es troba a bord del vaixell Aquarius de SOS\",\"breadcrumb\":{\"@id\":\"https:\/\/www.pressenza.com\/ca\/2018\/06\/testimoniatge-des-del-vaixell-aquarius\/#breadcrumb\"},\"inLanguage\":\"ca\",\"potentialAction\":[{\"@type\":\"ReadAction\",\"target\":[\"https:\/\/www.pressenza.com\/ca\/2018\/06\/testimoniatge-des-del-vaixell-aquarius\/\"]}]},{\"@type\":\"ImageObject\",\"inLanguage\":\"ca\",\"@id\":\"https:\/\/www.pressenza.com\/ca\/2018\/06\/testimoniatge-des-del-vaixell-aquarius\/#primaryimage\",\"url\":\"https:\/\/www.pressenza.com\/wp-content\/uploads\/2018\/06\/Aquarius-1.jpg\",\"contentUrl\":\"https:\/\/www.pressenza.com\/wp-content\/uploads\/2018\/06\/Aquarius-1.jpg\",\"width\":2048,\"height\":1365},{\"@type\":\"BreadcrumbList\",\"@id\":\"https:\/\/www.pressenza.com\/ca\/2018\/06\/testimoniatge-des-del-vaixell-aquarius\/#breadcrumb\",\"itemListElement\":[{\"@type\":\"ListItem\",\"position\":1,\"name\":\"Accueil\",\"item\":\"https:\/\/www.pressenza.com\/ca\/\"},{\"@type\":\"ListItem\",\"position\":2,\"name\":\"Testimoniatge des del vaixell Aquarius\"}]},{\"@type\":\"WebSite\",\"@id\":\"https:\/\/www.pressenza.com\/ca\/#website\",\"url\":\"https:\/\/www.pressenza.com\/ca\/\",\"name\":\"Pressenza\",\"description\":\"International Press Agency\",\"publisher\":{\"@id\":\"https:\/\/www.pressenza.com\/ca\/#organization\"},\"potentialAction\":[{\"@type\":\"SearchAction\",\"target\":{\"@type\":\"EntryPoint\",\"urlTemplate\":\"https:\/\/www.pressenza.com\/ca\/?s={search_term_string}\"},\"query-input\":{\"@type\":\"PropertyValueSpecification\",\"valueRequired\":true,\"valueName\":\"search_term_string\"}}],\"inLanguage\":\"ca\"},{\"@type\":\"Organization\",\"@id\":\"https:\/\/www.pressenza.com\/ca\/#organization\",\"name\":\"Pressenza\",\"url\":\"https:\/\/www.pressenza.com\/ca\/\",\"logo\":{\"@type\":\"ImageObject\",\"inLanguage\":\"ca\",\"@id\":\"https:\/\/www.pressenza.com\/ca\/#\/schema\/logo\/image\/\",\"url\":\"https:\/\/www.pressenza.com\/wp-content\/uploads\/2022\/10\/pressenza_logo_200x200.jpg\",\"contentUrl\":\"https:\/\/www.pressenza.com\/wp-content\/uploads\/2022\/10\/pressenza_logo_200x200.jpg\",\"width\":200,\"height\":200,\"caption\":\"Pressenza\"},\"image\":{\"@id\":\"https:\/\/www.pressenza.com\/ca\/#\/schema\/logo\/image\/\"},\"sameAs\":[\"https:\/\/www.facebook.com\/PressenzaItalia\",\"https:\/\/x.com\/PressenzaIPA\"]},{\"@type\":\"Person\",\"@id\":\"https:\/\/www.pressenza.com\/ca\/#\/schema\/person\/d983e81827ae24f2c7b1a2123d197f8d\",\"name\":\"Redazione Italia\",\"description\":\"News from the Pressenza Bureau in Italy\",\"sameAs\":[\"https:\/\/www.pressenza.com\/it\/author\/redazione-italia\/\",\"https:\/\/www.facebook.com\/PressenzaItalia\",\"https:\/\/www.instagram.com\/pressenza_italia\/\",\"https:\/\/x.com\/pressenza_it\",\"https:\/\/www.youtube.com\/channel\/UCSalEIWjE1RSxkwjfftFuqg\"],\"url\":\"https:\/\/www.pressenza.com\/ca\/author\/redazione-italia\/\"}]}<\/script>\n<!-- \/ Yoast SEO plugin. -->","yoast_head_json":{"title":"Testimoniatge des del vaixell Aquarius","description":"A continuaci\u00f3 presentem la hist\u00f2ria d'Alessandro Porro, un voluntari de l'equip SAR (Search and Rescue) que es troba a bord del vaixell Aquarius de SOS","robots":{"index":"index","follow":"follow","max-snippet":"max-snippet:-1","max-image-preview":"max-image-preview:large","max-video-preview":"max-video-preview:-1"},"canonical":"https:\/\/www.pressenza.com\/ca\/2018\/06\/testimoniatge-des-del-vaixell-aquarius\/","og_locale":"ca_ES","og_type":"article","og_title":"Testimoniatge des del vaixell Aquarius","og_description":"A continuaci\u00f3 presentem la hist\u00f2ria d'Alessandro Porro, un voluntari de l'equip SAR (Search and Rescue) que es troba a bord del vaixell Aquarius de SOS","og_url":"https:\/\/www.pressenza.com\/ca\/2018\/06\/testimoniatge-des-del-vaixell-aquarius\/","og_site_name":"Pressenza","article_publisher":"https:\/\/www.facebook.com\/PressenzaItalia","article_author":"https:\/\/www.facebook.com\/PressenzaItalia","article_published_time":"2018-06-15T17:15:43+00:00","og_image":[{"width":2048,"height":1365,"url":"https:\/\/www.pressenza.com\/wp-content\/uploads\/2018\/06\/Aquarius-1.jpg","type":"image\/jpeg"}],"author":"Redazione Italia","twitter_card":"summary_large_image","twitter_creator":"@pressenza_it","twitter_site":"@PressenzaIPA","twitter_misc":{"Escrit per":"Redazione Italia","Temps estimat de lectura":"1 minut"},"schema":{"@context":"https:\/\/schema.org","@graph":[{"@type":"Article","@id":"https:\/\/www.pressenza.com\/ca\/2018\/06\/testimoniatge-des-del-vaixell-aquarius\/#article","isPartOf":{"@id":"https:\/\/www.pressenza.com\/ca\/2018\/06\/testimoniatge-des-del-vaixell-aquarius\/"},"author":{"name":"Redazione Italia","@id":"https:\/\/www.pressenza.com\/ca\/#\/schema\/person\/d983e81827ae24f2c7b1a2123d197f8d"},"headline":"Testimoniatge des del vaixell Aquarius","datePublished":"2018-06-15T17:15:43+00:00","mainEntityOfPage":{"@id":"https:\/\/www.pressenza.com\/ca\/2018\/06\/testimoniatge-des-del-vaixell-aquarius\/"},"wordCount":303,"publisher":{"@id":"https:\/\/www.pressenza.com\/ca\/#organization"},"image":{"@id":"https:\/\/www.pressenza.com\/ca\/2018\/06\/testimoniatge-des-del-vaixell-aquarius\/#primaryimage"},"thumbnailUrl":"https:\/\/www.pressenza.com\/wp-content\/uploads\/2018\/06\/Aquarius-1.jpg","keywords":["Italia","Libia","migranti","nave Aquarius"],"articleSection":["\u00c0frica","Drets Humans","Europa"],"inLanguage":"ca"},{"@type":"WebPage","@id":"https:\/\/www.pressenza.com\/ca\/2018\/06\/testimoniatge-des-del-vaixell-aquarius\/","url":"https:\/\/www.pressenza.com\/ca\/2018\/06\/testimoniatge-des-del-vaixell-aquarius\/","name":"Testimoniatge des del vaixell Aquarius","isPartOf":{"@id":"https:\/\/www.pressenza.com\/ca\/#website"},"primaryImageOfPage":{"@id":"https:\/\/www.pressenza.com\/ca\/2018\/06\/testimoniatge-des-del-vaixell-aquarius\/#primaryimage"},"image":{"@id":"https:\/\/www.pressenza.com\/ca\/2018\/06\/testimoniatge-des-del-vaixell-aquarius\/#primaryimage"},"thumbnailUrl":"https:\/\/www.pressenza.com\/wp-content\/uploads\/2018\/06\/Aquarius-1.jpg","datePublished":"2018-06-15T17:15:43+00:00","description":"A continuaci\u00f3 presentem la hist\u00f2ria d'Alessandro Porro, un voluntari de l'equip SAR (Search and Rescue) que es troba a bord del vaixell Aquarius de SOS","breadcrumb":{"@id":"https:\/\/www.pressenza.com\/ca\/2018\/06\/testimoniatge-des-del-vaixell-aquarius\/#breadcrumb"},"inLanguage":"ca","potentialAction":[{"@type":"ReadAction","target":["https:\/\/www.pressenza.com\/ca\/2018\/06\/testimoniatge-des-del-vaixell-aquarius\/"]}]},{"@type":"ImageObject","inLanguage":"ca","@id":"https:\/\/www.pressenza.com\/ca\/2018\/06\/testimoniatge-des-del-vaixell-aquarius\/#primaryimage","url":"https:\/\/www.pressenza.com\/wp-content\/uploads\/2018\/06\/Aquarius-1.jpg","contentUrl":"https:\/\/www.pressenza.com\/wp-content\/uploads\/2018\/06\/Aquarius-1.jpg","width":2048,"height":1365},{"@type":"BreadcrumbList","@id":"https:\/\/www.pressenza.com\/ca\/2018\/06\/testimoniatge-des-del-vaixell-aquarius\/#breadcrumb","itemListElement":[{"@type":"ListItem","position":1,"name":"Accueil","item":"https:\/\/www.pressenza.com\/ca\/"},{"@type":"ListItem","position":2,"name":"Testimoniatge des del vaixell Aquarius"}]},{"@type":"WebSite","@id":"https:\/\/www.pressenza.com\/ca\/#website","url":"https:\/\/www.pressenza.com\/ca\/","name":"Pressenza","description":"International Press Agency","publisher":{"@id":"https:\/\/www.pressenza.com\/ca\/#organization"},"potentialAction":[{"@type":"SearchAction","target":{"@type":"EntryPoint","urlTemplate":"https:\/\/www.pressenza.com\/ca\/?s={search_term_string}"},"query-input":{"@type":"PropertyValueSpecification","valueRequired":true,"valueName":"search_term_string"}}],"inLanguage":"ca"},{"@type":"Organization","@id":"https:\/\/www.pressenza.com\/ca\/#organization","name":"Pressenza","url":"https:\/\/www.pressenza.com\/ca\/","logo":{"@type":"ImageObject","inLanguage":"ca","@id":"https:\/\/www.pressenza.com\/ca\/#\/schema\/logo\/image\/","url":"https:\/\/www.pressenza.com\/wp-content\/uploads\/2022\/10\/pressenza_logo_200x200.jpg","contentUrl":"https:\/\/www.pressenza.com\/wp-content\/uploads\/2022\/10\/pressenza_logo_200x200.jpg","width":200,"height":200,"caption":"Pressenza"},"image":{"@id":"https:\/\/www.pressenza.com\/ca\/#\/schema\/logo\/image\/"},"sameAs":["https:\/\/www.facebook.com\/PressenzaItalia","https:\/\/x.com\/PressenzaIPA"]},{"@type":"Person","@id":"https:\/\/www.pressenza.com\/ca\/#\/schema\/person\/d983e81827ae24f2c7b1a2123d197f8d","name":"Redazione Italia","description":"News from the Pressenza Bureau in Italy","sameAs":["https:\/\/www.pressenza.com\/it\/author\/redazione-italia\/","https:\/\/www.facebook.com\/PressenzaItalia","https:\/\/www.instagram.com\/pressenza_italia\/","https:\/\/x.com\/pressenza_it","https:\/\/www.youtube.com\/channel\/UCSalEIWjE1RSxkwjfftFuqg"],"url":"https:\/\/www.pressenza.com\/ca\/author\/redazione-italia\/"}]}},"place":"","original_article_url":"","_links":{"self":[{"href":"https:\/\/www.pressenza.com\/ca\/wp-json\/wp\/v2\/posts\/658488","targetHints":{"allow":["GET"]}}],"collection":[{"href":"https:\/\/www.pressenza.com\/ca\/wp-json\/wp\/v2\/posts"}],"about":[{"href":"https:\/\/www.pressenza.com\/ca\/wp-json\/wp\/v2\/types\/post"}],"author":[{"embeddable":true,"href":"https:\/\/www.pressenza.com\/ca\/wp-json\/wp\/v2\/users\/594"}],"replies":[{"embeddable":true,"href":"https:\/\/www.pressenza.com\/ca\/wp-json\/wp\/v2\/comments?post=658488"}],"version-history":[{"count":0,"href":"https:\/\/www.pressenza.com\/ca\/wp-json\/wp\/v2\/posts\/658488\/revisions"}],"wp:featuredmedia":[{"embeddable":true,"href":"https:\/\/www.pressenza.com\/ca\/wp-json\/wp\/v2\/media\/658174"}],"wp:attachment":[{"href":"https:\/\/www.pressenza.com\/ca\/wp-json\/wp\/v2\/media?parent=658488"}],"wp:term":[{"taxonomy":"category","embeddable":true,"href":"https:\/\/www.pressenza.com\/ca\/wp-json\/wp\/v2\/categories?post=658488"},{"taxonomy":"post_tag","embeddable":true,"href":"https:\/\/www.pressenza.com\/ca\/wp-json\/wp\/v2\/tags?post=658488"}],"curies":[{"name":"wp","href":"https:\/\/api.w.org\/{rel}","templated":true}]}}