{"id":627064,"date":"2018-04-17T21:44:29","date_gmt":"2018-04-17T20:44:29","guid":{"rendered":"https:\/\/www.pressenza.com\/?p=627064"},"modified":"2018-04-17T21:44:29","modified_gmt":"2018-04-17T20:44:29","slug":"us-volem-casa","status":"publish","type":"post","link":"https:\/\/www.pressenza.com\/ca\/2018\/04\/us-volem-casa\/","title":{"rendered":"Us volem a casa"},"content":{"rendered":"<p>Coincidint amb els sis mesos de l&#8217;empresonament de Jordi S\u00e0nchez i Jordi Cuixart, l&#8217;Espai Democr\u00e0cia i Conviv\u00e8ncia va convocar una massiva manifestaci\u00f3 el passat diumenge a Barcelona amb el lema: \u201cPels drets i les llibertats, per la democr\u00e0cia i la cohesi\u00f3, us volem a casa\u201d. <\/p>\n<p>En aquests moments hi ha nou persones empresonades, set a l\u2019exili i centenars encausades. Se\u2019ls acusa de rebel\u00b7li\u00f3 i en alguns casos de malversaci\u00f3.<\/p>\n<p>Milers de persones van ocupar l\u2019Avinguda Paral\u00b7lel, unes 315.000 segons la Guardia Urbana, 750.000 segons l\u2019organitzaci\u00f3 per demanar la llibertat dels presos i la restauraci\u00f3 dels drets i la democr\u00e0cia. En un clima pac\u00edfic i festiu, els carrers es van omplir de senyeres, pancartes i lla\u00e7os grocs.<\/p>\n<p><div class=\"post-gallery\">\n\t\t\t<figure class=\"post-gallery-item\">\n\t\t\t\t<img decoding=\"async\" src=\"https:\/\/www.pressenza.com\/wp-content\/uploads\/2018\/04\/01-Inici-Mani-15-Abril_preview-720x480.jpeg\" loading=\"lazy\">\n\t\t\t\t<figcaption>\n\t\t\t\t\t\n\t\t\t\t<\/figcaption>\n\t\t\t<\/figure>\n\t\t\t<figure class=\"post-gallery-item\">\n\t\t\t\t<img decoding=\"async\" src=\"https:\/\/www.pressenza.com\/wp-content\/uploads\/2018\/04\/02-Som-les-n--tes...-Mani-15-Abril_preview-720x480.jpeg\" loading=\"lazy\">\n\t\t\t\t<figcaption>\n\t\t\t\t\t\n\t\t\t\t<\/figcaption>\n\t\t\t<\/figure>\n\t\t\t<figure class=\"post-gallery-item\">\n\t\t\t\t<img decoding=\"async\" src=\"https:\/\/www.pressenza.com\/wp-content\/uploads\/2018\/04\/03-Molta-gent-Mani-15-Abril_preview-720x480.jpeg\" loading=\"lazy\">\n\t\t\t\t<figcaption>\n\t\t\t\t\t\n\t\t\t\t<\/figcaption>\n\t\t\t<\/figure>\n\t\t\t<figure class=\"post-gallery-item\">\n\t\t\t\t<img decoding=\"async\" src=\"https:\/\/www.pressenza.com\/wp-content\/uploads\/2018\/04\/04-Banderes-pancartes-Mani-15-Abril_preview-720x480.jpeg\" loading=\"lazy\">\n\t\t\t\t<figcaption>\n\t\t\t\t\t\n\t\t\t\t<\/figcaption>\n\t\t\t<\/figure>\n\t\t\t<figure class=\"post-gallery-item\">\n\t\t\t\t<img decoding=\"async\" src=\"https:\/\/www.pressenza.com\/wp-content\/uploads\/2018\/04\/05-Cap-a-Pl.-Espanya-Mani-15-Abril_preview-720x480.jpeg\" loading=\"lazy\">\n\t\t\t\t<figcaption>\n\t\t\t\t\t\n\t\t\t\t<\/figcaption>\n\t\t\t<\/figure>\n\t\t\t<figure class=\"post-gallery-item\">\n\t\t\t\t<img decoding=\"async\" src=\"https:\/\/www.pressenza.com\/wp-content\/uploads\/2018\/04\/06-Banderes-en-Paral--lel-Mani-15-Abril_preview-720x480.jpeg\" loading=\"lazy\">\n\t\t\t\t<figcaption>\n\t\t\t\t\t\n\t\t\t\t<\/figcaption>\n\t\t\t<\/figure>\n\t\t\t<figure class=\"post-gallery-item\">\n\t\t\t\t<img decoding=\"async\" src=\"https:\/\/www.pressenza.com\/wp-content\/uploads\/2018\/04\/07-Amb-guitarra-Mani-15-Abril_preview-720x480.jpeg\" loading=\"lazy\">\n\t\t\t\t<figcaption>\n\t\t\t\t\t\n\t\t\t\t<\/figcaption>\n\t\t\t<\/figure>\n\t\t\t<figure class=\"post-gallery-item\">\n\t\t\t\t<img decoding=\"async\" src=\"https:\/\/www.pressenza.com\/wp-content\/uploads\/2018\/04\/08-The-Catalans-do-things-Mani-15-Abril_preview-720x480.jpeg\" loading=\"lazy\">\n\t\t\t\t<figcaption>\n\t\t\t\t\t\n\t\t\t\t<\/figcaption>\n\t\t\t<\/figure>\n\t\t\t<figure class=\"post-gallery-item\">\n\t\t\t\t<img decoding=\"async\" src=\"https:\/\/www.pressenza.com\/wp-content\/uploads\/2018\/04\/09-Joventut-Mani-15-Abril_preview-720x480.jpeg\" loading=\"lazy\">\n\t\t\t\t<figcaption>\n\t\t\t\t\t\n\t\t\t\t<\/figcaption>\n\t\t\t<\/figure>\n\t\t\t<figure class=\"post-gallery-item\">\n\t\t\t\t<img decoding=\"async\" src=\"https:\/\/www.pressenza.com\/wp-content\/uploads\/2018\/04\/10-Un-riu-de-gent-Mani-15-Abril_preview-720x480.jpeg\" loading=\"lazy\">\n\t\t\t\t<figcaption>\n\t\t\t\t\t\n\t\t\t\t<\/figcaption>\n\t\t\t<\/figure>\n\t\t\t<figure class=\"post-gallery-item\">\n\t\t\t\t<img decoding=\"async\" src=\"https:\/\/www.pressenza.com\/wp-content\/uploads\/2018\/04\/11-Noies-banderes-Mani-15-Abril_preview-720x480.jpeg\" loading=\"lazy\">\n\t\t\t\t<figcaption>\n\t\t\t\t\t\n\t\t\t\t<\/figcaption>\n\t\t\t<\/figure>\n\t\t\t<figure class=\"post-gallery-item\">\n\t\t\t\t<img decoding=\"async\" src=\"https:\/\/www.pressenza.com\/wp-content\/uploads\/2018\/04\/13-Nen-amb-globus-Mani-15-Abril_preview-720x480.jpeg\" loading=\"lazy\">\n\t\t\t\t<figcaption>\n\t\t\t\t\t\n\t\t\t\t<\/figcaption>\n\t\t\t<\/figure>\n\t\t\t<figure class=\"post-gallery-item\">\n\t\t\t\t<img decoding=\"async\" src=\"https:\/\/www.pressenza.com\/wp-content\/uploads\/2018\/04\/12-Units-contra-la-repressio-Mani-15-Abril_preview-720x480.jpeg\" loading=\"lazy\">\n\t\t\t\t<figcaption>\n\t\t\t\t\t\n\t\t\t\t<\/figcaption>\n\t\t\t<\/figure><\/div><br \/>\nimatges David Mellinas<\/p>\n","protected":false},"excerpt":{"rendered":"<p>Coincidint amb els sis mesos de l&#8217;empresonament de Jordi S\u00e0nchez i Jordi Cuixart, l&#8217;Espai Democr\u00e0cia i Conviv\u00e8ncia va convocar una massiva manifestaci\u00f3 el passat diumenge a Barcelona amb el lema: \u201cPels drets i les llibertats, per la democr\u00e0cia i la&hellip;<\/p>\n","protected":false},"author":1122,"featured_media":627183,"comment_status":"closed","ping_status":"closed","sticky":false,"template":"","format":"standard","meta":{"footnotes":""},"categories":[35531,35512,35530,35524],"tags":[41310],"class_list":["post-627064","post","type-post","status-publish","format-standard","has-post-thumbnail","hentry","category-contingut-original-ca","category-drets-humans-ca","category-foto-reportatges-ca","category-politica-ca","tag-catalunya-ca"],"yoast_head":"<!-- This site is optimized with the Yoast SEO plugin v27.1.1 - https:\/\/yoast.com\/product\/yoast-seo-wordpress\/ -->\n<title>Us volem a casa<\/title>\n<meta name=\"description\" content=\"Coincidint amb els sis mesos de l&#039;empresonament de Jordi S\u00e0nchez i Jordi Cuixart, l&#039;Espai Democr\u00e0cia i Conviv\u00e8ncia va convocar una massiva manifestaci\u00f3 el\" \/>\n<meta name=\"robots\" content=\"index, follow, max-snippet:-1, max-image-preview:large, max-video-preview:-1\" \/>\n<link rel=\"canonical\" href=\"https:\/\/www.pressenza.com\/ca\/2018\/04\/us-volem-casa\/\" \/>\n<meta property=\"og:locale\" content=\"ca_ES\" \/>\n<meta property=\"og:type\" content=\"article\" \/>\n<meta property=\"og:title\" content=\"Us volem a casa\" \/>\n<meta property=\"og:description\" content=\"Coincidint amb els sis mesos de l&#039;empresonament de Jordi S\u00e0nchez i Jordi Cuixart, l&#039;Espai Democr\u00e0cia i Conviv\u00e8ncia va convocar una massiva manifestaci\u00f3 el\" \/>\n<meta property=\"og:url\" content=\"https:\/\/www.pressenza.com\/ca\/2018\/04\/us-volem-casa\/\" \/>\n<meta property=\"og:site_name\" content=\"Pressenza\" \/>\n<meta property=\"article:publisher\" content=\"https:\/\/www.facebook.com\/PressenzaItalia\" \/>\n<meta property=\"article:author\" content=\"https:\/\/www.facebook.com\/Pressenza-Espaa-647854795301395\/timeline\/\" \/>\n<meta property=\"article:published_time\" content=\"2018-04-17T20:44:29+00:00\" \/>\n<meta property=\"og:image\" content=\"https:\/\/www.pressenza.com\/wp-content\/uploads\/2018\/04\/12-Units-contra-la-repressio-Mani-15-Abril_preview.jpeg\" \/>\n\t<meta property=\"og:image:width\" content=\"1600\" \/>\n\t<meta property=\"og:image:height\" content=\"1066\" \/>\n\t<meta property=\"og:image:type\" content=\"image\/jpeg\" \/>\n<meta name=\"author\" content=\"Redacci\u00f3n Barcelona\" \/>\n<meta name=\"twitter:card\" content=\"summary_large_image\" \/>\n<meta name=\"twitter:creator\" content=\"@pressenza\" \/>\n<meta name=\"twitter:site\" content=\"@PressenzaIPA\" \/>\n<meta name=\"twitter:label1\" content=\"Escrit per\" \/>\n\t<meta name=\"twitter:data1\" content=\"Redacci\u00f3n Barcelona\" \/>\n\t<meta name=\"twitter:label2\" content=\"Temps estimat de lectura\" \/>\n\t<meta name=\"twitter:data2\" content=\"1 minut\" \/>\n<script type=\"application\/ld+json\" class=\"yoast-schema-graph\">{\"@context\":\"https:\/\/schema.org\",\"@graph\":[{\"@type\":\"Article\",\"@id\":\"https:\/\/www.pressenza.com\/ca\/2018\/04\/us-volem-casa\/#article\",\"isPartOf\":{\"@id\":\"https:\/\/www.pressenza.com\/ca\/2018\/04\/us-volem-casa\/\"},\"author\":{\"name\":\"Redacci\u00f3n Barcelona\",\"@id\":\"https:\/\/www.pressenza.com\/ca\/#\/schema\/person\/8abc53b92f3264e0dad4300d54ac73ff\"},\"headline\":\"Us volem a casa\",\"datePublished\":\"2018-04-17T20:44:29+00:00\",\"mainEntityOfPage\":{\"@id\":\"https:\/\/www.pressenza.com\/ca\/2018\/04\/us-volem-casa\/\"},\"wordCount\":138,\"publisher\":{\"@id\":\"https:\/\/www.pressenza.com\/ca\/#organization\"},\"image\":{\"@id\":\"https:\/\/www.pressenza.com\/ca\/2018\/04\/us-volem-casa\/#primaryimage\"},\"thumbnailUrl\":\"https:\/\/www.pressenza.com\/wp-content\/uploads\/2018\/04\/12-Units-contra-la-repressio-Mani-15-Abril_preview.jpeg\",\"keywords\":[\"Catalunya\"],\"articleSection\":[\"Contingut original\",\"Drets Humans\",\"Foto reportatges\",\"Pol\u00edtica\"],\"inLanguage\":\"ca\"},{\"@type\":\"WebPage\",\"@id\":\"https:\/\/www.pressenza.com\/ca\/2018\/04\/us-volem-casa\/\",\"url\":\"https:\/\/www.pressenza.com\/ca\/2018\/04\/us-volem-casa\/\",\"name\":\"Us volem a casa\",\"isPartOf\":{\"@id\":\"https:\/\/www.pressenza.com\/ca\/#website\"},\"primaryImageOfPage\":{\"@id\":\"https:\/\/www.pressenza.com\/ca\/2018\/04\/us-volem-casa\/#primaryimage\"},\"image\":{\"@id\":\"https:\/\/www.pressenza.com\/ca\/2018\/04\/us-volem-casa\/#primaryimage\"},\"thumbnailUrl\":\"https:\/\/www.pressenza.com\/wp-content\/uploads\/2018\/04\/12-Units-contra-la-repressio-Mani-15-Abril_preview.jpeg\",\"datePublished\":\"2018-04-17T20:44:29+00:00\",\"description\":\"Coincidint amb els sis mesos de l'empresonament de Jordi S\u00e0nchez i Jordi Cuixart, l'Espai Democr\u00e0cia i Conviv\u00e8ncia va convocar una massiva manifestaci\u00f3 el\",\"breadcrumb\":{\"@id\":\"https:\/\/www.pressenza.com\/ca\/2018\/04\/us-volem-casa\/#breadcrumb\"},\"inLanguage\":\"ca\",\"potentialAction\":[{\"@type\":\"ReadAction\",\"target\":[\"https:\/\/www.pressenza.com\/ca\/2018\/04\/us-volem-casa\/\"]}]},{\"@type\":\"ImageObject\",\"inLanguage\":\"ca\",\"@id\":\"https:\/\/www.pressenza.com\/ca\/2018\/04\/us-volem-casa\/#primaryimage\",\"url\":\"https:\/\/www.pressenza.com\/wp-content\/uploads\/2018\/04\/12-Units-contra-la-repressio-Mani-15-Abril_preview.jpeg\",\"contentUrl\":\"https:\/\/www.pressenza.com\/wp-content\/uploads\/2018\/04\/12-Units-contra-la-repressio-Mani-15-Abril_preview.jpeg\",\"width\":1600,\"height\":1066},{\"@type\":\"BreadcrumbList\",\"@id\":\"https:\/\/www.pressenza.com\/ca\/2018\/04\/us-volem-casa\/#breadcrumb\",\"itemListElement\":[{\"@type\":\"ListItem\",\"position\":1,\"name\":\"Accueil\",\"item\":\"https:\/\/www.pressenza.com\/ca\/\"},{\"@type\":\"ListItem\",\"position\":2,\"name\":\"Us volem a casa\"}]},{\"@type\":\"WebSite\",\"@id\":\"https:\/\/www.pressenza.com\/ca\/#website\",\"url\":\"https:\/\/www.pressenza.com\/ca\/\",\"name\":\"Pressenza\",\"description\":\"International Press Agency\",\"publisher\":{\"@id\":\"https:\/\/www.pressenza.com\/ca\/#organization\"},\"potentialAction\":[{\"@type\":\"SearchAction\",\"target\":{\"@type\":\"EntryPoint\",\"urlTemplate\":\"https:\/\/www.pressenza.com\/ca\/?s={search_term_string}\"},\"query-input\":{\"@type\":\"PropertyValueSpecification\",\"valueRequired\":true,\"valueName\":\"search_term_string\"}}],\"inLanguage\":\"ca\"},{\"@type\":\"Organization\",\"@id\":\"https:\/\/www.pressenza.com\/ca\/#organization\",\"name\":\"Pressenza\",\"url\":\"https:\/\/www.pressenza.com\/ca\/\",\"logo\":{\"@type\":\"ImageObject\",\"inLanguage\":\"ca\",\"@id\":\"https:\/\/www.pressenza.com\/ca\/#\/schema\/logo\/image\/\",\"url\":\"https:\/\/www.pressenza.com\/wp-content\/uploads\/2022\/10\/pressenza_logo_200x200.jpg\",\"contentUrl\":\"https:\/\/www.pressenza.com\/wp-content\/uploads\/2022\/10\/pressenza_logo_200x200.jpg\",\"width\":200,\"height\":200,\"caption\":\"Pressenza\"},\"image\":{\"@id\":\"https:\/\/www.pressenza.com\/ca\/#\/schema\/logo\/image\/\"},\"sameAs\":[\"https:\/\/www.facebook.com\/PressenzaItalia\",\"https:\/\/x.com\/PressenzaIPA\"]},{\"@type\":\"Person\",\"@id\":\"https:\/\/www.pressenza.com\/ca\/#\/schema\/person\/8abc53b92f3264e0dad4300d54ac73ff\",\"name\":\"Redacci\u00f3n Barcelona\",\"description\":\"News published by the Pressenza bureau in Barcelona, Spain\",\"sameAs\":[\"https:\/\/www.facebook.com\/Pressenza-Espaa-647854795301395\/timeline\/\",\"https:\/\/x.com\/pressenza\"],\"url\":\"https:\/\/www.pressenza.com\/ca\/author\/redaccion-barcelona\/\"}]}<\/script>\n<!-- \/ Yoast SEO plugin. -->","yoast_head_json":{"title":"Us volem a casa","description":"Coincidint amb els sis mesos de l'empresonament de Jordi S\u00e0nchez i Jordi Cuixart, l'Espai Democr\u00e0cia i Conviv\u00e8ncia va convocar una massiva manifestaci\u00f3 el","robots":{"index":"index","follow":"follow","max-snippet":"max-snippet:-1","max-image-preview":"max-image-preview:large","max-video-preview":"max-video-preview:-1"},"canonical":"https:\/\/www.pressenza.com\/ca\/2018\/04\/us-volem-casa\/","og_locale":"ca_ES","og_type":"article","og_title":"Us volem a casa","og_description":"Coincidint amb els sis mesos de l'empresonament de Jordi S\u00e0nchez i Jordi Cuixart, l'Espai Democr\u00e0cia i Conviv\u00e8ncia va convocar una massiva manifestaci\u00f3 el","og_url":"https:\/\/www.pressenza.com\/ca\/2018\/04\/us-volem-casa\/","og_site_name":"Pressenza","article_publisher":"https:\/\/www.facebook.com\/PressenzaItalia","article_author":"https:\/\/www.facebook.com\/Pressenza-Espaa-647854795301395\/timeline\/","article_published_time":"2018-04-17T20:44:29+00:00","og_image":[{"width":1600,"height":1066,"url":"https:\/\/www.pressenza.com\/wp-content\/uploads\/2018\/04\/12-Units-contra-la-repressio-Mani-15-Abril_preview.jpeg","type":"image\/jpeg"}],"author":"Redacci\u00f3n Barcelona","twitter_card":"summary_large_image","twitter_creator":"@pressenza","twitter_site":"@PressenzaIPA","twitter_misc":{"Escrit per":"Redacci\u00f3n Barcelona","Temps estimat de lectura":"1 minut"},"schema":{"@context":"https:\/\/schema.org","@graph":[{"@type":"Article","@id":"https:\/\/www.pressenza.com\/ca\/2018\/04\/us-volem-casa\/#article","isPartOf":{"@id":"https:\/\/www.pressenza.com\/ca\/2018\/04\/us-volem-casa\/"},"author":{"name":"Redacci\u00f3n Barcelona","@id":"https:\/\/www.pressenza.com\/ca\/#\/schema\/person\/8abc53b92f3264e0dad4300d54ac73ff"},"headline":"Us volem a casa","datePublished":"2018-04-17T20:44:29+00:00","mainEntityOfPage":{"@id":"https:\/\/www.pressenza.com\/ca\/2018\/04\/us-volem-casa\/"},"wordCount":138,"publisher":{"@id":"https:\/\/www.pressenza.com\/ca\/#organization"},"image":{"@id":"https:\/\/www.pressenza.com\/ca\/2018\/04\/us-volem-casa\/#primaryimage"},"thumbnailUrl":"https:\/\/www.pressenza.com\/wp-content\/uploads\/2018\/04\/12-Units-contra-la-repressio-Mani-15-Abril_preview.jpeg","keywords":["Catalunya"],"articleSection":["Contingut original","Drets Humans","Foto reportatges","Pol\u00edtica"],"inLanguage":"ca"},{"@type":"WebPage","@id":"https:\/\/www.pressenza.com\/ca\/2018\/04\/us-volem-casa\/","url":"https:\/\/www.pressenza.com\/ca\/2018\/04\/us-volem-casa\/","name":"Us volem a casa","isPartOf":{"@id":"https:\/\/www.pressenza.com\/ca\/#website"},"primaryImageOfPage":{"@id":"https:\/\/www.pressenza.com\/ca\/2018\/04\/us-volem-casa\/#primaryimage"},"image":{"@id":"https:\/\/www.pressenza.com\/ca\/2018\/04\/us-volem-casa\/#primaryimage"},"thumbnailUrl":"https:\/\/www.pressenza.com\/wp-content\/uploads\/2018\/04\/12-Units-contra-la-repressio-Mani-15-Abril_preview.jpeg","datePublished":"2018-04-17T20:44:29+00:00","description":"Coincidint amb els sis mesos de l'empresonament de Jordi S\u00e0nchez i Jordi Cuixart, l'Espai Democr\u00e0cia i Conviv\u00e8ncia va convocar una massiva manifestaci\u00f3 el","breadcrumb":{"@id":"https:\/\/www.pressenza.com\/ca\/2018\/04\/us-volem-casa\/#breadcrumb"},"inLanguage":"ca","potentialAction":[{"@type":"ReadAction","target":["https:\/\/www.pressenza.com\/ca\/2018\/04\/us-volem-casa\/"]}]},{"@type":"ImageObject","inLanguage":"ca","@id":"https:\/\/www.pressenza.com\/ca\/2018\/04\/us-volem-casa\/#primaryimage","url":"https:\/\/www.pressenza.com\/wp-content\/uploads\/2018\/04\/12-Units-contra-la-repressio-Mani-15-Abril_preview.jpeg","contentUrl":"https:\/\/www.pressenza.com\/wp-content\/uploads\/2018\/04\/12-Units-contra-la-repressio-Mani-15-Abril_preview.jpeg","width":1600,"height":1066},{"@type":"BreadcrumbList","@id":"https:\/\/www.pressenza.com\/ca\/2018\/04\/us-volem-casa\/#breadcrumb","itemListElement":[{"@type":"ListItem","position":1,"name":"Accueil","item":"https:\/\/www.pressenza.com\/ca\/"},{"@type":"ListItem","position":2,"name":"Us volem a casa"}]},{"@type":"WebSite","@id":"https:\/\/www.pressenza.com\/ca\/#website","url":"https:\/\/www.pressenza.com\/ca\/","name":"Pressenza","description":"International Press Agency","publisher":{"@id":"https:\/\/www.pressenza.com\/ca\/#organization"},"potentialAction":[{"@type":"SearchAction","target":{"@type":"EntryPoint","urlTemplate":"https:\/\/www.pressenza.com\/ca\/?s={search_term_string}"},"query-input":{"@type":"PropertyValueSpecification","valueRequired":true,"valueName":"search_term_string"}}],"inLanguage":"ca"},{"@type":"Organization","@id":"https:\/\/www.pressenza.com\/ca\/#organization","name":"Pressenza","url":"https:\/\/www.pressenza.com\/ca\/","logo":{"@type":"ImageObject","inLanguage":"ca","@id":"https:\/\/www.pressenza.com\/ca\/#\/schema\/logo\/image\/","url":"https:\/\/www.pressenza.com\/wp-content\/uploads\/2022\/10\/pressenza_logo_200x200.jpg","contentUrl":"https:\/\/www.pressenza.com\/wp-content\/uploads\/2022\/10\/pressenza_logo_200x200.jpg","width":200,"height":200,"caption":"Pressenza"},"image":{"@id":"https:\/\/www.pressenza.com\/ca\/#\/schema\/logo\/image\/"},"sameAs":["https:\/\/www.facebook.com\/PressenzaItalia","https:\/\/x.com\/PressenzaIPA"]},{"@type":"Person","@id":"https:\/\/www.pressenza.com\/ca\/#\/schema\/person\/8abc53b92f3264e0dad4300d54ac73ff","name":"Redacci\u00f3n Barcelona","description":"News published by the Pressenza bureau in Barcelona, Spain","sameAs":["https:\/\/www.facebook.com\/Pressenza-Espaa-647854795301395\/timeline\/","https:\/\/x.com\/pressenza"],"url":"https:\/\/www.pressenza.com\/ca\/author\/redaccion-barcelona\/"}]}},"place":"Imatges David Mellinas","original_article_url":"","_links":{"self":[{"href":"https:\/\/www.pressenza.com\/ca\/wp-json\/wp\/v2\/posts\/627064","targetHints":{"allow":["GET"]}}],"collection":[{"href":"https:\/\/www.pressenza.com\/ca\/wp-json\/wp\/v2\/posts"}],"about":[{"href":"https:\/\/www.pressenza.com\/ca\/wp-json\/wp\/v2\/types\/post"}],"author":[{"embeddable":true,"href":"https:\/\/www.pressenza.com\/ca\/wp-json\/wp\/v2\/users\/1122"}],"replies":[{"embeddable":true,"href":"https:\/\/www.pressenza.com\/ca\/wp-json\/wp\/v2\/comments?post=627064"}],"version-history":[{"count":0,"href":"https:\/\/www.pressenza.com\/ca\/wp-json\/wp\/v2\/posts\/627064\/revisions"}],"wp:featuredmedia":[{"embeddable":true,"href":"https:\/\/www.pressenza.com\/ca\/wp-json\/wp\/v2\/media\/627183"}],"wp:attachment":[{"href":"https:\/\/www.pressenza.com\/ca\/wp-json\/wp\/v2\/media?parent=627064"}],"wp:term":[{"taxonomy":"category","embeddable":true,"href":"https:\/\/www.pressenza.com\/ca\/wp-json\/wp\/v2\/categories?post=627064"},{"taxonomy":"post_tag","embeddable":true,"href":"https:\/\/www.pressenza.com\/ca\/wp-json\/wp\/v2\/tags?post=627064"}],"curies":[{"name":"wp","href":"https:\/\/api.w.org\/{rel}","templated":true}]}}