{"id":583945,"date":"2018-01-16T23:09:04","date_gmt":"2018-01-16T23:09:04","guid":{"rendered":"https:\/\/www.pressenza.com\/2018\/01\/somos-gente-de-paz\/"},"modified":"2018-01-16T23:13:07","modified_gmt":"2018-01-16T23:13:07","slug":"somos-gente-de-paz","status":"publish","type":"post","link":"https:\/\/www.pressenza.com\/ca\/2018\/01\/somos-gente-de-paz\/","title":{"rendered":"Som gent de pau"},"content":{"rendered":"<p>Sota el lema \u201csom gent de pau\u201d la ciutadania catalana s&#8217;ha tornat a mobilitzar aquest vespra per a demanar la llibertat dels 4 presos pol\u00edtics que encara romanen a la pres\u00f3: Jordi S\u00e0nchez (president de l&#8217;entitat independentista; Assemblea Nacional Catalana des de 2015 fins al 16 de novembre de 2017) i Jordi Cuixart (president de l&#8217;entitat c\u00edvica i cultural; \u00d2mnium Cultural) que avui compleixen tres mesos d&#8217;empresonament en la pres\u00f3 de Soto del Real. Tres mesos tancats en una cel\u00b7la per les seues idees pol\u00edtiques, una situaci\u00f3 jur\u00eddica i humanament inacceptable. Mentre que Oriol Junqueras (president del partit pol\u00edtic Esquerra Republicana de Catalunya i exvicepresidente de la Generalitat de Catalunya) i Joaquim Forn (exconseller d&#8217;interior de la Generalitat de Catalunya) continuen des de fa 75 dies en la pres\u00f3 de Estremera.<\/p>\n<p>En protesta a aquesta situaci\u00f3, aquesta vesprada a les 20 h s&#8217;han convocat marxes massives i pacifiques davant els ajuntaments de nombroses ciutats catalanes. Marxes silencioses per a reclamar la seva llibertat i demostrar, una vegada m\u00e9s, que som gent de pau. <\/p>\n<p>Mes de mig centenar de poblacions (segons l&#8217;Assemblea Nacional Catalana) s&#8217;han manifestat. Concretament, a Barcelona, cinc columnes humanes, que han partit de 5 punts diferents de la ciutat, han convergit en el Passeig Sant Joan. Els manifestants marxaven amb pancartes demanant la llibertat dels presos i amb proclames com \u201cus volem a casa\u201d, \u201csom gent de pau\u201d o \u201csom rep\u00fablica\u201d.<\/p>\n<p>Les entitats sobiranistes han fet p\u00fablic un comunicat en el qual insisteixen que cap dels 4 presos ha com\u00e8s cap delicte i que estan injustament empresonats per l&#8217;Audi\u00e8ncia Nacional, &#8220;un tribunal que no t\u00e9 compet\u00e8ncies per a fer-ho\u201d. Asseguren que &#8220;tan sols un minut d&#8217;aquests quatre homes bons en la pres\u00f3 hauria d&#8217;avergonyir a qualsevol dem\u00f2crata&#8221;<\/p>\n<p>Marcel Mauri (portaveu de \u00d2mnium Cultural), ha llegit les seg\u00fcents paraules, que Jordi Cuixart enviava des de la pres\u00f3 als centenars de persones que avui es manifestaven per la llibertat dels presos pol\u00edtics: &#8220;Davant la r\u00e0bia, tendresa. Davant la tristesa, esperan\u00e7a. Davant la pres\u00f3, pau i llibertat&#8221;<\/p>\n","protected":false},"excerpt":{"rendered":"<p>Sota el lema \u201csom gent de pau\u201d la ciutadania catalana s&#8217;ha tornat a mobilitzar aquest vespra per a demanar la llibertat dels 4 presos pol\u00edtics que encara romanen a la pres\u00f3: Jordi S\u00e0nchez (president de l&#8217;entitat independentista; Assemblea Nacional Catalana&hellip;<\/p>\n","protected":false},"author":1102,"featured_media":583936,"comment_status":"closed","ping_status":"closed","sticky":false,"template":"","format":"standard","meta":{"footnotes":""},"categories":[35531,35524],"tags":[43002,43003,41309,555],"class_list":["post-583945","post","type-post","status-publish","format-standard","has-post-thumbnail","hentry","category-contingut-original-ca","category-politica-ca","tag-libertad-presos-politicos-ca","tag-llibertat-presos-politics","tag-cataluna-ca","tag-catalunya"],"yoast_head":"<!-- This site is optimized with the Yoast SEO plugin v27.1.1 - https:\/\/yoast.com\/product\/yoast-seo-wordpress\/ -->\n<title>Som gent de pau<\/title>\n<meta name=\"description\" content=\"Sota el lema \u201csom gent de pau\u201d la ciutadania catalana s&#039;ha tornat a mobilitzar aquest vespra per a demanar la llibertat dels 4 presos pol\u00edtics que encara\" \/>\n<meta name=\"robots\" content=\"index, follow, max-snippet:-1, max-image-preview:large, max-video-preview:-1\" \/>\n<link rel=\"canonical\" href=\"https:\/\/www.pressenza.com\/ca\/2018\/01\/somos-gente-de-paz\/\" \/>\n<meta property=\"og:locale\" content=\"ca_ES\" \/>\n<meta property=\"og:type\" content=\"article\" \/>\n<meta property=\"og:title\" content=\"Som gent de pau\" \/>\n<meta property=\"og:description\" content=\"Sota el lema \u201csom gent de pau\u201d la ciutadania catalana s&#039;ha tornat a mobilitzar aquest vespra per a demanar la llibertat dels 4 presos pol\u00edtics que encara\" \/>\n<meta property=\"og:url\" content=\"https:\/\/www.pressenza.com\/ca\/2018\/01\/somos-gente-de-paz\/\" \/>\n<meta property=\"og:site_name\" content=\"Pressenza\" \/>\n<meta property=\"article:publisher\" content=\"https:\/\/www.facebook.com\/PressenzaItalia\" \/>\n<meta property=\"article:published_time\" content=\"2018-01-16T23:09:04+00:00\" \/>\n<meta property=\"article:modified_time\" content=\"2018-01-16T23:13:07+00:00\" \/>\n<meta property=\"og:image\" content=\"https:\/\/www.pressenza.com\/wp-content\/uploads\/2018\/01\/IMG_1996.jpg\" \/>\n\t<meta property=\"og:image:width\" content=\"2016\" \/>\n\t<meta property=\"og:image:height\" content=\"1512\" \/>\n\t<meta property=\"og:image:type\" content=\"image\/jpeg\" \/>\n<meta name=\"author\" content=\"Pilar Paricio\" \/>\n<meta name=\"twitter:card\" content=\"summary_large_image\" \/>\n<meta name=\"twitter:creator\" content=\"@PressenzaIPA\" \/>\n<meta name=\"twitter:site\" content=\"@PressenzaIPA\" \/>\n<meta name=\"twitter:label1\" content=\"Escrit per\" \/>\n\t<meta name=\"twitter:data1\" content=\"Pilar Paricio\" \/>\n\t<meta name=\"twitter:label2\" content=\"Temps estimat de lectura\" \/>\n\t<meta name=\"twitter:data2\" content=\"2 minuts\" \/>\n<script type=\"application\/ld+json\" class=\"yoast-schema-graph\">{\"@context\":\"https:\/\/schema.org\",\"@graph\":[{\"@type\":\"Article\",\"@id\":\"https:\/\/www.pressenza.com\/ca\/2018\/01\/somos-gente-de-paz\/#article\",\"isPartOf\":{\"@id\":\"https:\/\/www.pressenza.com\/ca\/2018\/01\/somos-gente-de-paz\/\"},\"author\":{\"name\":\"Pilar Paricio\",\"@id\":\"https:\/\/www.pressenza.com\/ca\/#\/schema\/person\/b38ea2890059fade68f5d3d1713cadfd\"},\"headline\":\"Som gent de pau\",\"datePublished\":\"2018-01-16T23:09:04+00:00\",\"dateModified\":\"2018-01-16T23:13:07+00:00\",\"mainEntityOfPage\":{\"@id\":\"https:\/\/www.pressenza.com\/ca\/2018\/01\/somos-gente-de-paz\/\"},\"wordCount\":361,\"publisher\":{\"@id\":\"https:\/\/www.pressenza.com\/ca\/#organization\"},\"image\":{\"@id\":\"https:\/\/www.pressenza.com\/ca\/2018\/01\/somos-gente-de-paz\/#primaryimage\"},\"thumbnailUrl\":\"https:\/\/www.pressenza.com\/wp-content\/uploads\/2018\/01\/IMG_1996.jpg\",\"keywords\":[\"#libertad presos politicos\",\"#llibertat presos politics\",\"Catalu\u00f1a\",\"Catalunya\"],\"articleSection\":[\"Contingut original\",\"Pol\u00edtica\"],\"inLanguage\":\"ca\"},{\"@type\":\"WebPage\",\"@id\":\"https:\/\/www.pressenza.com\/ca\/2018\/01\/somos-gente-de-paz\/\",\"url\":\"https:\/\/www.pressenza.com\/ca\/2018\/01\/somos-gente-de-paz\/\",\"name\":\"Som gent de pau\",\"isPartOf\":{\"@id\":\"https:\/\/www.pressenza.com\/ca\/#website\"},\"primaryImageOfPage\":{\"@id\":\"https:\/\/www.pressenza.com\/ca\/2018\/01\/somos-gente-de-paz\/#primaryimage\"},\"image\":{\"@id\":\"https:\/\/www.pressenza.com\/ca\/2018\/01\/somos-gente-de-paz\/#primaryimage\"},\"thumbnailUrl\":\"https:\/\/www.pressenza.com\/wp-content\/uploads\/2018\/01\/IMG_1996.jpg\",\"datePublished\":\"2018-01-16T23:09:04+00:00\",\"dateModified\":\"2018-01-16T23:13:07+00:00\",\"description\":\"Sota el lema \u201csom gent de pau\u201d la ciutadania catalana s'ha tornat a mobilitzar aquest vespra per a demanar la llibertat dels 4 presos pol\u00edtics que encara\",\"breadcrumb\":{\"@id\":\"https:\/\/www.pressenza.com\/ca\/2018\/01\/somos-gente-de-paz\/#breadcrumb\"},\"inLanguage\":\"ca\",\"potentialAction\":[{\"@type\":\"ReadAction\",\"target\":[\"https:\/\/www.pressenza.com\/ca\/2018\/01\/somos-gente-de-paz\/\"]}]},{\"@type\":\"ImageObject\",\"inLanguage\":\"ca\",\"@id\":\"https:\/\/www.pressenza.com\/ca\/2018\/01\/somos-gente-de-paz\/#primaryimage\",\"url\":\"https:\/\/www.pressenza.com\/wp-content\/uploads\/2018\/01\/IMG_1996.jpg\",\"contentUrl\":\"https:\/\/www.pressenza.com\/wp-content\/uploads\/2018\/01\/IMG_1996.jpg\",\"width\":2016,\"height\":1512},{\"@type\":\"BreadcrumbList\",\"@id\":\"https:\/\/www.pressenza.com\/ca\/2018\/01\/somos-gente-de-paz\/#breadcrumb\",\"itemListElement\":[{\"@type\":\"ListItem\",\"position\":1,\"name\":\"Accueil\",\"item\":\"https:\/\/www.pressenza.com\/ca\/\"},{\"@type\":\"ListItem\",\"position\":2,\"name\":\"Som gent de pau\"}]},{\"@type\":\"WebSite\",\"@id\":\"https:\/\/www.pressenza.com\/ca\/#website\",\"url\":\"https:\/\/www.pressenza.com\/ca\/\",\"name\":\"Pressenza\",\"description\":\"International Press Agency\",\"publisher\":{\"@id\":\"https:\/\/www.pressenza.com\/ca\/#organization\"},\"potentialAction\":[{\"@type\":\"SearchAction\",\"target\":{\"@type\":\"EntryPoint\",\"urlTemplate\":\"https:\/\/www.pressenza.com\/ca\/?s={search_term_string}\"},\"query-input\":{\"@type\":\"PropertyValueSpecification\",\"valueRequired\":true,\"valueName\":\"search_term_string\"}}],\"inLanguage\":\"ca\"},{\"@type\":\"Organization\",\"@id\":\"https:\/\/www.pressenza.com\/ca\/#organization\",\"name\":\"Pressenza\",\"url\":\"https:\/\/www.pressenza.com\/ca\/\",\"logo\":{\"@type\":\"ImageObject\",\"inLanguage\":\"ca\",\"@id\":\"https:\/\/www.pressenza.com\/ca\/#\/schema\/logo\/image\/\",\"url\":\"https:\/\/www.pressenza.com\/wp-content\/uploads\/2022\/10\/pressenza_logo_200x200.jpg\",\"contentUrl\":\"https:\/\/www.pressenza.com\/wp-content\/uploads\/2022\/10\/pressenza_logo_200x200.jpg\",\"width\":200,\"height\":200,\"caption\":\"Pressenza\"},\"image\":{\"@id\":\"https:\/\/www.pressenza.com\/ca\/#\/schema\/logo\/image\/\"},\"sameAs\":[\"https:\/\/www.facebook.com\/PressenzaItalia\",\"https:\/\/x.com\/PressenzaIPA\"]},{\"@type\":\"Person\",\"@id\":\"https:\/\/www.pressenza.com\/ca\/#\/schema\/person\/b38ea2890059fade68f5d3d1713cadfd\",\"name\":\"Pilar Paricio\",\"description\":\"Barcelona. Arquitecta, especializada en planificaci\u00f3n urbana. Trabaja por el avance de la poblaci\u00f3n en derechos b\u00e1sicos como el derecho a la vivienda y el derecho a la ciudad. Involucrada con el cambio social y personal, participa en el Nuevo Humanismo.\",\"url\":\"https:\/\/www.pressenza.com\/ca\/author\/pilar-paricio\/\"}]}<\/script>\n<!-- \/ Yoast SEO plugin. -->","yoast_head_json":{"title":"Som gent de pau","description":"Sota el lema \u201csom gent de pau\u201d la ciutadania catalana s'ha tornat a mobilitzar aquest vespra per a demanar la llibertat dels 4 presos pol\u00edtics que encara","robots":{"index":"index","follow":"follow","max-snippet":"max-snippet:-1","max-image-preview":"max-image-preview:large","max-video-preview":"max-video-preview:-1"},"canonical":"https:\/\/www.pressenza.com\/ca\/2018\/01\/somos-gente-de-paz\/","og_locale":"ca_ES","og_type":"article","og_title":"Som gent de pau","og_description":"Sota el lema \u201csom gent de pau\u201d la ciutadania catalana s'ha tornat a mobilitzar aquest vespra per a demanar la llibertat dels 4 presos pol\u00edtics que encara","og_url":"https:\/\/www.pressenza.com\/ca\/2018\/01\/somos-gente-de-paz\/","og_site_name":"Pressenza","article_publisher":"https:\/\/www.facebook.com\/PressenzaItalia","article_published_time":"2018-01-16T23:09:04+00:00","article_modified_time":"2018-01-16T23:13:07+00:00","og_image":[{"width":2016,"height":1512,"url":"https:\/\/www.pressenza.com\/wp-content\/uploads\/2018\/01\/IMG_1996.jpg","type":"image\/jpeg"}],"author":"Pilar Paricio","twitter_card":"summary_large_image","twitter_creator":"@PressenzaIPA","twitter_site":"@PressenzaIPA","twitter_misc":{"Escrit per":"Pilar Paricio","Temps estimat de lectura":"2 minuts"},"schema":{"@context":"https:\/\/schema.org","@graph":[{"@type":"Article","@id":"https:\/\/www.pressenza.com\/ca\/2018\/01\/somos-gente-de-paz\/#article","isPartOf":{"@id":"https:\/\/www.pressenza.com\/ca\/2018\/01\/somos-gente-de-paz\/"},"author":{"name":"Pilar Paricio","@id":"https:\/\/www.pressenza.com\/ca\/#\/schema\/person\/b38ea2890059fade68f5d3d1713cadfd"},"headline":"Som gent de pau","datePublished":"2018-01-16T23:09:04+00:00","dateModified":"2018-01-16T23:13:07+00:00","mainEntityOfPage":{"@id":"https:\/\/www.pressenza.com\/ca\/2018\/01\/somos-gente-de-paz\/"},"wordCount":361,"publisher":{"@id":"https:\/\/www.pressenza.com\/ca\/#organization"},"image":{"@id":"https:\/\/www.pressenza.com\/ca\/2018\/01\/somos-gente-de-paz\/#primaryimage"},"thumbnailUrl":"https:\/\/www.pressenza.com\/wp-content\/uploads\/2018\/01\/IMG_1996.jpg","keywords":["#libertad presos politicos","#llibertat presos politics","Catalu\u00f1a","Catalunya"],"articleSection":["Contingut original","Pol\u00edtica"],"inLanguage":"ca"},{"@type":"WebPage","@id":"https:\/\/www.pressenza.com\/ca\/2018\/01\/somos-gente-de-paz\/","url":"https:\/\/www.pressenza.com\/ca\/2018\/01\/somos-gente-de-paz\/","name":"Som gent de pau","isPartOf":{"@id":"https:\/\/www.pressenza.com\/ca\/#website"},"primaryImageOfPage":{"@id":"https:\/\/www.pressenza.com\/ca\/2018\/01\/somos-gente-de-paz\/#primaryimage"},"image":{"@id":"https:\/\/www.pressenza.com\/ca\/2018\/01\/somos-gente-de-paz\/#primaryimage"},"thumbnailUrl":"https:\/\/www.pressenza.com\/wp-content\/uploads\/2018\/01\/IMG_1996.jpg","datePublished":"2018-01-16T23:09:04+00:00","dateModified":"2018-01-16T23:13:07+00:00","description":"Sota el lema \u201csom gent de pau\u201d la ciutadania catalana s'ha tornat a mobilitzar aquest vespra per a demanar la llibertat dels 4 presos pol\u00edtics que encara","breadcrumb":{"@id":"https:\/\/www.pressenza.com\/ca\/2018\/01\/somos-gente-de-paz\/#breadcrumb"},"inLanguage":"ca","potentialAction":[{"@type":"ReadAction","target":["https:\/\/www.pressenza.com\/ca\/2018\/01\/somos-gente-de-paz\/"]}]},{"@type":"ImageObject","inLanguage":"ca","@id":"https:\/\/www.pressenza.com\/ca\/2018\/01\/somos-gente-de-paz\/#primaryimage","url":"https:\/\/www.pressenza.com\/wp-content\/uploads\/2018\/01\/IMG_1996.jpg","contentUrl":"https:\/\/www.pressenza.com\/wp-content\/uploads\/2018\/01\/IMG_1996.jpg","width":2016,"height":1512},{"@type":"BreadcrumbList","@id":"https:\/\/www.pressenza.com\/ca\/2018\/01\/somos-gente-de-paz\/#breadcrumb","itemListElement":[{"@type":"ListItem","position":1,"name":"Accueil","item":"https:\/\/www.pressenza.com\/ca\/"},{"@type":"ListItem","position":2,"name":"Som gent de pau"}]},{"@type":"WebSite","@id":"https:\/\/www.pressenza.com\/ca\/#website","url":"https:\/\/www.pressenza.com\/ca\/","name":"Pressenza","description":"International Press Agency","publisher":{"@id":"https:\/\/www.pressenza.com\/ca\/#organization"},"potentialAction":[{"@type":"SearchAction","target":{"@type":"EntryPoint","urlTemplate":"https:\/\/www.pressenza.com\/ca\/?s={search_term_string}"},"query-input":{"@type":"PropertyValueSpecification","valueRequired":true,"valueName":"search_term_string"}}],"inLanguage":"ca"},{"@type":"Organization","@id":"https:\/\/www.pressenza.com\/ca\/#organization","name":"Pressenza","url":"https:\/\/www.pressenza.com\/ca\/","logo":{"@type":"ImageObject","inLanguage":"ca","@id":"https:\/\/www.pressenza.com\/ca\/#\/schema\/logo\/image\/","url":"https:\/\/www.pressenza.com\/wp-content\/uploads\/2022\/10\/pressenza_logo_200x200.jpg","contentUrl":"https:\/\/www.pressenza.com\/wp-content\/uploads\/2022\/10\/pressenza_logo_200x200.jpg","width":200,"height":200,"caption":"Pressenza"},"image":{"@id":"https:\/\/www.pressenza.com\/ca\/#\/schema\/logo\/image\/"},"sameAs":["https:\/\/www.facebook.com\/PressenzaItalia","https:\/\/x.com\/PressenzaIPA"]},{"@type":"Person","@id":"https:\/\/www.pressenza.com\/ca\/#\/schema\/person\/b38ea2890059fade68f5d3d1713cadfd","name":"Pilar Paricio","description":"Barcelona. Arquitecta, especializada en planificaci\u00f3n urbana. Trabaja por el avance de la poblaci\u00f3n en derechos b\u00e1sicos como el derecho a la vivienda y el derecho a la ciudad. Involucrada con el cambio social y personal, participa en el Nuevo Humanismo.","url":"https:\/\/www.pressenza.com\/ca\/author\/pilar-paricio\/"}]}},"place":"","original_article_url":"","_links":{"self":[{"href":"https:\/\/www.pressenza.com\/ca\/wp-json\/wp\/v2\/posts\/583945","targetHints":{"allow":["GET"]}}],"collection":[{"href":"https:\/\/www.pressenza.com\/ca\/wp-json\/wp\/v2\/posts"}],"about":[{"href":"https:\/\/www.pressenza.com\/ca\/wp-json\/wp\/v2\/types\/post"}],"author":[{"embeddable":true,"href":"https:\/\/www.pressenza.com\/ca\/wp-json\/wp\/v2\/users\/1102"}],"replies":[{"embeddable":true,"href":"https:\/\/www.pressenza.com\/ca\/wp-json\/wp\/v2\/comments?post=583945"}],"version-history":[{"count":0,"href":"https:\/\/www.pressenza.com\/ca\/wp-json\/wp\/v2\/posts\/583945\/revisions"}],"wp:featuredmedia":[{"embeddable":true,"href":"https:\/\/www.pressenza.com\/ca\/wp-json\/wp\/v2\/media\/583936"}],"wp:attachment":[{"href":"https:\/\/www.pressenza.com\/ca\/wp-json\/wp\/v2\/media?parent=583945"}],"wp:term":[{"taxonomy":"category","embeddable":true,"href":"https:\/\/www.pressenza.com\/ca\/wp-json\/wp\/v2\/categories?post=583945"},{"taxonomy":"post_tag","embeddable":true,"href":"https:\/\/www.pressenza.com\/ca\/wp-json\/wp\/v2\/tags?post=583945"}],"curies":[{"name":"wp","href":"https:\/\/api.w.org\/{rel}","templated":true}]}}