{"id":569408,"date":"2017-12-09T19:52:16","date_gmt":"2017-12-09T19:52:16","guid":{"rendered":"https:\/\/www.pressenza.com\/?p=569408\/"},"modified":"2017-12-10T07:47:29","modified_gmt":"2017-12-10T07:47:29","slug":"sensatesa-responsabilitat-i-respecta-per-laltre","status":"publish","type":"post","link":"https:\/\/www.pressenza.com\/ca\/2017\/12\/sensatesa-responsabilitat-i-respecta-per-laltre\/","title":{"rendered":"Sensatesa, responsabilitat i respecte per l&#8217;altre"},"content":{"rendered":"<p><em>Pressenza va demanar a l&#8217;Enric Feliu Blanch, actiu membre de Marea Blanca a Catalunya i, segons ell mateix, lliure pensador i grouchista marxista, si ens podia donar la seva visi\u00f3 d&#8217;aquests darrers mesos a Catalunya. Aquesta ha estat la seva resposta. Gr\u00e0cies Enric.<\/em><\/p>\n<p><em>Per Enric Feliu Blanch<\/em><\/p>\n<p><em><strong>L&#8217;1 d&#8217;octubre gran part de la societat catalana va descobrir amb sorpresa com l&#8217;Estat Espanyol exercia a fons la seva deriva autorit\u00e0ria i que es podia atonyinar a la classe mitjana<\/strong><\/em> <em>(o a la gent que aspira a ser classe mitjana, cosa que a Catalunya no es tracta d&#8217;indicadors econ\u00f2mics sin\u00f3 m\u00e9s aviat socioculturals).<\/em><\/p>\n<p>Fins aquell moment tothom que hagu\u00e9s volgut mirar una mica m\u00e9s enll\u00e0 del seu petit rac\u00f3 podia haver observat que: l&#8217;Estat Espanyol havia aplicat la llei antiterrorista a uns titellaires, que hi havien m\u00e9s sindicalistes imputats o duts a judici que en tota la transici\u00f3, que s&#8217;estava creant un missatge \u00fanic des dels mitjans de comunicaci\u00f3, no sols els p\u00fablics, amb el suport de les seves pr\u00f2pies elits. I que aquesta deriva era no nom\u00e9s del govern espanyol sin\u00f3 tamb\u00e9 de molts altres governs \u201cdemocr\u00e0tics\u201d de dins i fora de la UE. Tamb\u00e9 cal precisar que aquesta deriva autorit\u00e0ria s&#8217;ha vist reflectida fins i tot en el mateix govern de la Generalitat: doblar els recursos de les unitats de policia antiavalots en la darrera d\u00e8cada, el desallotjament de la gent del 15M de la Pla\u00e7a Catalunya pels Mossos d&#8217;Esquadra, les conseq\u00fc\u00e8ncies de l&#8217;encerclament del Parlament i les persones condemnades.<\/p>\n<p>El dia tres, amb la vaga general o l&#8217;aturada de pa\u00eds segons qui en parli, va ser el dia que m\u00e9s a prop va estar Catalunya d&#8217;un estat insurreccional o revolucionari. Per\u00f2 hi havia un contrast evident entre els barris, en alguns dels presumptament del cintur\u00f3 roig fins i tot no semblava que passes i res i en cavi en barris tradicionalment m\u00e9s burgesos, com el Clot o Gr\u00e0cia, s\u00ed que va haver-hi una vaga real. La ciutat esteva plena de concentracions: estudiants, bombers, &#8230;i a manifestaci\u00f3 de la tarda no nom\u00e9s el Passeig de Gr\u00e0cia estava ple, sin\u00f3 tot el centre de la ciutat. Semblava que tot era possible.<\/p>\n<p>Durant els mesos d&#8217;octubre i novembre les manifestacions, unes reivindicant la llibertat de les persones privades de llibertat, altres reivindicant la unitat d&#8217;Espanya, han estat gaireb\u00e9 continues. Sense cap mena de dubte han estat molt m\u00e9s concorregudes les primeres i sense cap mena de dubte no hi ha hagut incidents a les primeres i s\u00ed a les segones.<\/p>\n<p>Alg\u00fa pot dir que el proc\u00e9s ha fracturat la societat catalana. No \u00e9s cert. Nom\u00e9s ha evidenciat l&#8217;exist\u00e8ncia d&#8217;aquesta fractura. L&#8217;independentisme no ha aconseguit fer-se un lloc en els barris de la Barcelona obrera. Per qu\u00e8? Perqu\u00e8 no ha ofert un projecte de pa\u00eds que els convenci. Hi ha una part de &#8220;supremacisme&#8221; catal\u00e0, no envers les persones que en el seu dia van emigrar a Catalunya sin\u00f3 envers els seus fills, filles i descendents, a la gent que t\u00e9 com a parla materna el castell\u00e0. La imatge del nou pa\u00eds passa del barri de Gr\u00e0cia i l&#8217;Eixample de Barcelona a les comarques de l&#8217;interior, per\u00f2 deixa de banda Llefi\u00e0, Bes\u00f2s, Nou Barris, Sant Ildefons, la Salut, etc.<\/p>\n<p>La reacci\u00f3 ha estat palpable. &#8220;Si no comptes amb mi, estic en contra teu\u201d. Mai s&#8217;han vist tantes banderes espanyoles en aquells barris.<\/p>\n<p>Aquesta fractura identit\u00e0ria podria no ser greu ni determinant. Cada cop vivim en una societat m\u00e9s diversa. El problema \u00e9s que la cont\u00ednua reacci\u00f3 del govern espanyol transforma una q\u00fcesti\u00f3 merament pol\u00edtica en una q\u00fcesti\u00f3 de drets i llibertats. I davant d&#8217;aquest repte, nom\u00e9s \u00e9s capa\u00e7 de treure i sacsejar la bandera i de mostrar la Constituci\u00f3.<\/p>\n<p>Aquest mes de novembre s&#8217;ha demostrat que no nom\u00e9s et poden enviar els antiavalots a repartir bufetades sin\u00f3 que, a m\u00e9s, el sistema judicial espanyol vulnera tot tipus de garanties legals i penals d&#8217;un estat de dret, fins a arribar a deixar sense efecte l&#8217;ordre de detenci\u00f3 europea cursada a B\u00e8lgica per por a fer el rid\u00edcul. Per\u00f2 aquesta por no els ha impedit fer un rid\u00edcul encara m\u00e9s gran: on s&#8217;\u00e9s vist?, tens uns presumptes delinq\u00fcents a un pa\u00eds de la UE, a qui imputes delictes de fins a 30 anys de pres\u00f3, i demanes no executar una ordre de detenci\u00f3 perqu\u00e8 aix\u00ed no els hi afectaran les garanties judicials europees. Ni la just\u00edcia espanyola ni el govern espanyol poden tenir la plena confian\u00e7a de la UE.<\/p>\n<p>I va venir la proclamaci\u00f3 de la independ\u00e8ncia. O m\u00e9s aviat la no-proclamaci\u00f3. No es va publicar en cap diari. No es va abaixar la bandera espanyola de cap edifici de la Generalitat. No va haver-hi cap decisi\u00f3 executiva. Llavors, qu\u00e8 va passar?<\/p>\n<p>Doncs que estem en l&#8217;era de la postveritat. No \u00e9s tan important all\u00f2 que en realitat ha passat com all\u00f2 que volem creure que ha passat en realitat. La gent que hi havia al voltant del Parlament i a altres llocs volia creure que s&#8217;havia proclamat la independ\u00e8ncia, els periodistes tamb\u00e9 &#8230;i el govern de Rajoy tamb\u00e9 s&#8217;ho va creure o volia creure-ho. Fins i tot va enviar ordres a les ambaixades perqu\u00e8 pressionessin els governs estrangers i no reconeguessin una independ\u00e8ncia que no s&#8217;havia produ\u00eft.<\/p>\n<p><img loading=\"lazy\" decoding=\"async\" class=\"alignnone wp-image-569460\" src=\"https:\/\/www.pressenza.com\/wp-content\/uploads\/2017\/12\/spain_catalonia_independence_rally_september_11_2012_5.jpg\" alt=\"\" width=\"957\" height=\"637\" srcset=\"https:\/\/www.pressenza.com\/wp-content\/uploads\/2017\/12\/spain_catalonia_independence_rally_september_11_2012_5.jpg 768w, https:\/\/www.pressenza.com\/wp-content\/uploads\/2017\/12\/spain_catalonia_independence_rally_september_11_2012_5-300x200.jpg 300w, https:\/\/www.pressenza.com\/wp-content\/uploads\/2017\/12\/spain_catalonia_independence_rally_september_11_2012_5-720x479.jpg 720w\" sizes=\"auto, (max-width: 957px) 100vw, 957px\" \/><\/p>\n<h6><span style=\"color: #999999;\"><em>David Ramos \/ www.pri.org<\/em><\/span><\/h6>\n<p>La paradoxa de la societat catalana \u00e9s que la gent se&#8217;n va anar de cap de setmana. Som una societat tan burgesa, moderna i europea que hem oblidat com es fan les revolucions. Les \u00faniques experi\u00e8ncies revolucion\u00e0ries han estat els Comit\u00e8s de Defensa de la Rep\u00fablica, on molt f\u00e0cilment conflueixen independentistes, gent del 15M, sindicalistes, etc. i l&#8217;ocupaci\u00f3 pels estudiants de la Universitat de Barcelona. La resta s\u00f3n magn\u00edfiques performances, posades en escena per aconseguir una foto.<\/p>\n<p>La transformaci\u00f3 de tota aquesta ebullici\u00f3 en un cop dur contra el r\u00e8gim del 78 ha fallat. La classe pol\u00edtica catalana no ha estat a l&#8217;altura i si b\u00e9 \u00e9s cert que davant de la imposici\u00f3 de les eleccions pel 21 de desembre hi havia molt poc marge, si es volia derrotar l&#8217;Estat Espanyol, que en realitat \u00e9s del que es tracta, calia una llista \u00fanica encap\u00e7alada pels presos (no seria el primer cop, a principis del segle XX ja va passar amb Solidaritat Catalana). Ara, malgrat estar en un quasi estat d&#8217;excepci\u00f3, totes les forces pol\u00edtiques, en assumir amb candidatures normals aquestes eleccions, les han validat.<\/p>\n<p>Amb uns pol\u00edtics mitjanament sensats a Madrid i uns pol\u00edtics menys irresponsables i ingenus a Barcelona (per aquestes dues coses, per\u00f2, mai t&#8217;haurien de portar a pres\u00f3 provisional) hi hauria soluci\u00f3. En va haver-hi a l&#8217;Ulster amb Martin McGuinnes i Ian Paisley en el mateix govern, Mandela tenia un talent natural per aix\u00f2&#8230;.. per\u00f2 sense respecte per l&#8217;altre, i el seu pensament, i la seva identitat mai no es podr\u00e0 anar cap endavant ni construir cap pa\u00eds.<\/p>\n","protected":false},"excerpt":{"rendered":"<p>Pressenza va demanar a l&#8217;Enric Feliu Blanch, actiu membre de Marea Blanca a Catalunya i, segons ell mateix, lliure pensador i grouchista marxista, si ens podia donar la seva visi\u00f3 d&#8217;aquests darrers mesos a Catalunya. Aquesta ha estat la seva&hellip;<\/p>\n","protected":false},"author":1122,"featured_media":569409,"comment_status":"closed","ping_status":"closed","sticky":false,"template":"","format":"standard","meta":{"footnotes":""},"categories":[35531,35512,35506,35520,35528,35524],"tags":[42340,554,2246],"class_list":["post-569408","post","type-post","status-publish","format-standard","has-post-thumbnail","hentry","category-contingut-original-ca","category-drets-humans-ca","category-europa-ca","category-no-violencia-ca","category-opinions-ca","category-politica-ca","tag-21-de-desembre","tag-independencia","tag-marea-blanca"],"yoast_head":"<!-- This site is optimized with the Yoast SEO plugin v27.1.1 - https:\/\/yoast.com\/product\/yoast-seo-wordpress\/ -->\n<title>Sensatesa, responsabilitat i respecte per l&#039;altre<\/title>\n<meta name=\"description\" content=\"Pressenza va demanar a l&#039;Enric Feliu Blanch, actiu membre de Marea Blanca a Catalunya i, segons ell mateix, lliure pensador i grouchista marxista, si ens\" \/>\n<meta name=\"robots\" content=\"index, follow, max-snippet:-1, max-image-preview:large, max-video-preview:-1\" \/>\n<link rel=\"canonical\" href=\"https:\/\/www.pressenza.com\/ca\/2017\/12\/sensatesa-responsabilitat-i-respecta-per-laltre\/\" \/>\n<meta property=\"og:locale\" content=\"ca_ES\" \/>\n<meta property=\"og:type\" content=\"article\" \/>\n<meta property=\"og:title\" content=\"Sensatesa, responsabilitat i respecte per l&#039;altre\" \/>\n<meta property=\"og:description\" content=\"Pressenza va demanar a l&#039;Enric Feliu Blanch, actiu membre de Marea Blanca a Catalunya i, segons ell mateix, lliure pensador i grouchista marxista, si ens\" \/>\n<meta property=\"og:url\" content=\"https:\/\/www.pressenza.com\/ca\/2017\/12\/sensatesa-responsabilitat-i-respecta-per-laltre\/\" \/>\n<meta property=\"og:site_name\" content=\"Pressenza\" \/>\n<meta property=\"article:publisher\" content=\"https:\/\/www.facebook.com\/PressenzaItalia\" \/>\n<meta property=\"article:author\" content=\"https:\/\/www.facebook.com\/Pressenza-Espaa-647854795301395\/timeline\/\" \/>\n<meta property=\"article:published_time\" content=\"2017-12-09T19:52:16+00:00\" \/>\n<meta property=\"article:modified_time\" content=\"2017-12-10T07:47:29+00:00\" \/>\n<meta property=\"og:image\" content=\"https:\/\/www.pressenza.com\/wp-content\/uploads\/2017\/12\/spain_catalonia_independence_rally_september_11_2012_1.jpg\" \/>\n\t<meta property=\"og:image:width\" content=\"771\" \/>\n\t<meta property=\"og:image:height\" content=\"511\" \/>\n\t<meta property=\"og:image:type\" content=\"image\/jpeg\" \/>\n<meta name=\"author\" content=\"Redacci\u00f3n Barcelona\" \/>\n<meta name=\"twitter:card\" content=\"summary_large_image\" \/>\n<meta name=\"twitter:creator\" content=\"@pressenza\" \/>\n<meta name=\"twitter:site\" content=\"@PressenzaIPA\" \/>\n<meta name=\"twitter:label1\" content=\"Escrit per\" \/>\n\t<meta name=\"twitter:data1\" content=\"Redacci\u00f3n Barcelona\" \/>\n\t<meta name=\"twitter:label2\" content=\"Temps estimat de lectura\" \/>\n\t<meta name=\"twitter:data2\" content=\"6 minuts\" \/>\n<script type=\"application\/ld+json\" class=\"yoast-schema-graph\">{\"@context\":\"https:\/\/schema.org\",\"@graph\":[{\"@type\":\"Article\",\"@id\":\"https:\/\/www.pressenza.com\/ca\/2017\/12\/sensatesa-responsabilitat-i-respecta-per-laltre\/#article\",\"isPartOf\":{\"@id\":\"https:\/\/www.pressenza.com\/ca\/2017\/12\/sensatesa-responsabilitat-i-respecta-per-laltre\/\"},\"author\":{\"name\":\"Redacci\u00f3n Barcelona\",\"@id\":\"https:\/\/www.pressenza.com\/ca\/#\/schema\/person\/8abc53b92f3264e0dad4300d54ac73ff\"},\"headline\":\"Sensatesa, responsabilitat i respecte per l&#8217;altre\",\"datePublished\":\"2017-12-09T19:52:16+00:00\",\"dateModified\":\"2017-12-10T07:47:29+00:00\",\"mainEntityOfPage\":{\"@id\":\"https:\/\/www.pressenza.com\/ca\/2017\/12\/sensatesa-responsabilitat-i-respecta-per-laltre\/\"},\"wordCount\":1245,\"publisher\":{\"@id\":\"https:\/\/www.pressenza.com\/ca\/#organization\"},\"image\":{\"@id\":\"https:\/\/www.pressenza.com\/ca\/2017\/12\/sensatesa-responsabilitat-i-respecta-per-laltre\/#primaryimage\"},\"thumbnailUrl\":\"https:\/\/www.pressenza.com\/wp-content\/uploads\/2017\/12\/spain_catalonia_independence_rally_september_11_2012_1.jpg\",\"keywords\":[\"21 de desembre\",\"Independencia\",\"Marea Blanca\"],\"articleSection\":[\"Contingut original\",\"Drets Humans\",\"Europa\",\"No-viol\u00e8ncia\",\"Opinions\",\"Pol\u00edtica\"],\"inLanguage\":\"ca\"},{\"@type\":\"WebPage\",\"@id\":\"https:\/\/www.pressenza.com\/ca\/2017\/12\/sensatesa-responsabilitat-i-respecta-per-laltre\/\",\"url\":\"https:\/\/www.pressenza.com\/ca\/2017\/12\/sensatesa-responsabilitat-i-respecta-per-laltre\/\",\"name\":\"Sensatesa, responsabilitat i respecte per l'altre\",\"isPartOf\":{\"@id\":\"https:\/\/www.pressenza.com\/ca\/#website\"},\"primaryImageOfPage\":{\"@id\":\"https:\/\/www.pressenza.com\/ca\/2017\/12\/sensatesa-responsabilitat-i-respecta-per-laltre\/#primaryimage\"},\"image\":{\"@id\":\"https:\/\/www.pressenza.com\/ca\/2017\/12\/sensatesa-responsabilitat-i-respecta-per-laltre\/#primaryimage\"},\"thumbnailUrl\":\"https:\/\/www.pressenza.com\/wp-content\/uploads\/2017\/12\/spain_catalonia_independence_rally_september_11_2012_1.jpg\",\"datePublished\":\"2017-12-09T19:52:16+00:00\",\"dateModified\":\"2017-12-10T07:47:29+00:00\",\"description\":\"Pressenza va demanar a l'Enric Feliu Blanch, actiu membre de Marea Blanca a Catalunya i, segons ell mateix, lliure pensador i grouchista marxista, si ens\",\"breadcrumb\":{\"@id\":\"https:\/\/www.pressenza.com\/ca\/2017\/12\/sensatesa-responsabilitat-i-respecta-per-laltre\/#breadcrumb\"},\"inLanguage\":\"ca\",\"potentialAction\":[{\"@type\":\"ReadAction\",\"target\":[\"https:\/\/www.pressenza.com\/ca\/2017\/12\/sensatesa-responsabilitat-i-respecta-per-laltre\/\"]}]},{\"@type\":\"ImageObject\",\"inLanguage\":\"ca\",\"@id\":\"https:\/\/www.pressenza.com\/ca\/2017\/12\/sensatesa-responsabilitat-i-respecta-per-laltre\/#primaryimage\",\"url\":\"https:\/\/www.pressenza.com\/wp-content\/uploads\/2017\/12\/spain_catalonia_independence_rally_september_11_2012_1.jpg\",\"contentUrl\":\"https:\/\/www.pressenza.com\/wp-content\/uploads\/2017\/12\/spain_catalonia_independence_rally_september_11_2012_1.jpg\",\"width\":771,\"height\":511},{\"@type\":\"BreadcrumbList\",\"@id\":\"https:\/\/www.pressenza.com\/ca\/2017\/12\/sensatesa-responsabilitat-i-respecta-per-laltre\/#breadcrumb\",\"itemListElement\":[{\"@type\":\"ListItem\",\"position\":1,\"name\":\"Accueil\",\"item\":\"https:\/\/www.pressenza.com\/ca\/\"},{\"@type\":\"ListItem\",\"position\":2,\"name\":\"Sensatesa, responsabilitat i respecte per l&#8217;altre\"}]},{\"@type\":\"WebSite\",\"@id\":\"https:\/\/www.pressenza.com\/ca\/#website\",\"url\":\"https:\/\/www.pressenza.com\/ca\/\",\"name\":\"Pressenza\",\"description\":\"International Press Agency\",\"publisher\":{\"@id\":\"https:\/\/www.pressenza.com\/ca\/#organization\"},\"potentialAction\":[{\"@type\":\"SearchAction\",\"target\":{\"@type\":\"EntryPoint\",\"urlTemplate\":\"https:\/\/www.pressenza.com\/ca\/?s={search_term_string}\"},\"query-input\":{\"@type\":\"PropertyValueSpecification\",\"valueRequired\":true,\"valueName\":\"search_term_string\"}}],\"inLanguage\":\"ca\"},{\"@type\":\"Organization\",\"@id\":\"https:\/\/www.pressenza.com\/ca\/#organization\",\"name\":\"Pressenza\",\"url\":\"https:\/\/www.pressenza.com\/ca\/\",\"logo\":{\"@type\":\"ImageObject\",\"inLanguage\":\"ca\",\"@id\":\"https:\/\/www.pressenza.com\/ca\/#\/schema\/logo\/image\/\",\"url\":\"https:\/\/www.pressenza.com\/wp-content\/uploads\/2022\/10\/pressenza_logo_200x200.jpg\",\"contentUrl\":\"https:\/\/www.pressenza.com\/wp-content\/uploads\/2022\/10\/pressenza_logo_200x200.jpg\",\"width\":200,\"height\":200,\"caption\":\"Pressenza\"},\"image\":{\"@id\":\"https:\/\/www.pressenza.com\/ca\/#\/schema\/logo\/image\/\"},\"sameAs\":[\"https:\/\/www.facebook.com\/PressenzaItalia\",\"https:\/\/x.com\/PressenzaIPA\"]},{\"@type\":\"Person\",\"@id\":\"https:\/\/www.pressenza.com\/ca\/#\/schema\/person\/8abc53b92f3264e0dad4300d54ac73ff\",\"name\":\"Redacci\u00f3n Barcelona\",\"description\":\"News published by the Pressenza bureau in Barcelona, Spain\",\"sameAs\":[\"https:\/\/www.facebook.com\/Pressenza-Espaa-647854795301395\/timeline\/\",\"https:\/\/x.com\/pressenza\"],\"url\":\"https:\/\/www.pressenza.com\/ca\/author\/redaccion-barcelona\/\"}]}<\/script>\n<!-- \/ Yoast SEO plugin. -->","yoast_head_json":{"title":"Sensatesa, responsabilitat i respecte per l'altre","description":"Pressenza va demanar a l'Enric Feliu Blanch, actiu membre de Marea Blanca a Catalunya i, segons ell mateix, lliure pensador i grouchista marxista, si ens","robots":{"index":"index","follow":"follow","max-snippet":"max-snippet:-1","max-image-preview":"max-image-preview:large","max-video-preview":"max-video-preview:-1"},"canonical":"https:\/\/www.pressenza.com\/ca\/2017\/12\/sensatesa-responsabilitat-i-respecta-per-laltre\/","og_locale":"ca_ES","og_type":"article","og_title":"Sensatesa, responsabilitat i respecte per l'altre","og_description":"Pressenza va demanar a l'Enric Feliu Blanch, actiu membre de Marea Blanca a Catalunya i, segons ell mateix, lliure pensador i grouchista marxista, si ens","og_url":"https:\/\/www.pressenza.com\/ca\/2017\/12\/sensatesa-responsabilitat-i-respecta-per-laltre\/","og_site_name":"Pressenza","article_publisher":"https:\/\/www.facebook.com\/PressenzaItalia","article_author":"https:\/\/www.facebook.com\/Pressenza-Espaa-647854795301395\/timeline\/","article_published_time":"2017-12-09T19:52:16+00:00","article_modified_time":"2017-12-10T07:47:29+00:00","og_image":[{"width":771,"height":511,"url":"https:\/\/www.pressenza.com\/wp-content\/uploads\/2017\/12\/spain_catalonia_independence_rally_september_11_2012_1.jpg","type":"image\/jpeg"}],"author":"Redacci\u00f3n Barcelona","twitter_card":"summary_large_image","twitter_creator":"@pressenza","twitter_site":"@PressenzaIPA","twitter_misc":{"Escrit per":"Redacci\u00f3n Barcelona","Temps estimat de lectura":"6 minuts"},"schema":{"@context":"https:\/\/schema.org","@graph":[{"@type":"Article","@id":"https:\/\/www.pressenza.com\/ca\/2017\/12\/sensatesa-responsabilitat-i-respecta-per-laltre\/#article","isPartOf":{"@id":"https:\/\/www.pressenza.com\/ca\/2017\/12\/sensatesa-responsabilitat-i-respecta-per-laltre\/"},"author":{"name":"Redacci\u00f3n Barcelona","@id":"https:\/\/www.pressenza.com\/ca\/#\/schema\/person\/8abc53b92f3264e0dad4300d54ac73ff"},"headline":"Sensatesa, responsabilitat i respecte per l&#8217;altre","datePublished":"2017-12-09T19:52:16+00:00","dateModified":"2017-12-10T07:47:29+00:00","mainEntityOfPage":{"@id":"https:\/\/www.pressenza.com\/ca\/2017\/12\/sensatesa-responsabilitat-i-respecta-per-laltre\/"},"wordCount":1245,"publisher":{"@id":"https:\/\/www.pressenza.com\/ca\/#organization"},"image":{"@id":"https:\/\/www.pressenza.com\/ca\/2017\/12\/sensatesa-responsabilitat-i-respecta-per-laltre\/#primaryimage"},"thumbnailUrl":"https:\/\/www.pressenza.com\/wp-content\/uploads\/2017\/12\/spain_catalonia_independence_rally_september_11_2012_1.jpg","keywords":["21 de desembre","Independencia","Marea Blanca"],"articleSection":["Contingut original","Drets Humans","Europa","No-viol\u00e8ncia","Opinions","Pol\u00edtica"],"inLanguage":"ca"},{"@type":"WebPage","@id":"https:\/\/www.pressenza.com\/ca\/2017\/12\/sensatesa-responsabilitat-i-respecta-per-laltre\/","url":"https:\/\/www.pressenza.com\/ca\/2017\/12\/sensatesa-responsabilitat-i-respecta-per-laltre\/","name":"Sensatesa, responsabilitat i respecte per l'altre","isPartOf":{"@id":"https:\/\/www.pressenza.com\/ca\/#website"},"primaryImageOfPage":{"@id":"https:\/\/www.pressenza.com\/ca\/2017\/12\/sensatesa-responsabilitat-i-respecta-per-laltre\/#primaryimage"},"image":{"@id":"https:\/\/www.pressenza.com\/ca\/2017\/12\/sensatesa-responsabilitat-i-respecta-per-laltre\/#primaryimage"},"thumbnailUrl":"https:\/\/www.pressenza.com\/wp-content\/uploads\/2017\/12\/spain_catalonia_independence_rally_september_11_2012_1.jpg","datePublished":"2017-12-09T19:52:16+00:00","dateModified":"2017-12-10T07:47:29+00:00","description":"Pressenza va demanar a l'Enric Feliu Blanch, actiu membre de Marea Blanca a Catalunya i, segons ell mateix, lliure pensador i grouchista marxista, si ens","breadcrumb":{"@id":"https:\/\/www.pressenza.com\/ca\/2017\/12\/sensatesa-responsabilitat-i-respecta-per-laltre\/#breadcrumb"},"inLanguage":"ca","potentialAction":[{"@type":"ReadAction","target":["https:\/\/www.pressenza.com\/ca\/2017\/12\/sensatesa-responsabilitat-i-respecta-per-laltre\/"]}]},{"@type":"ImageObject","inLanguage":"ca","@id":"https:\/\/www.pressenza.com\/ca\/2017\/12\/sensatesa-responsabilitat-i-respecta-per-laltre\/#primaryimage","url":"https:\/\/www.pressenza.com\/wp-content\/uploads\/2017\/12\/spain_catalonia_independence_rally_september_11_2012_1.jpg","contentUrl":"https:\/\/www.pressenza.com\/wp-content\/uploads\/2017\/12\/spain_catalonia_independence_rally_september_11_2012_1.jpg","width":771,"height":511},{"@type":"BreadcrumbList","@id":"https:\/\/www.pressenza.com\/ca\/2017\/12\/sensatesa-responsabilitat-i-respecta-per-laltre\/#breadcrumb","itemListElement":[{"@type":"ListItem","position":1,"name":"Accueil","item":"https:\/\/www.pressenza.com\/ca\/"},{"@type":"ListItem","position":2,"name":"Sensatesa, responsabilitat i respecte per l&#8217;altre"}]},{"@type":"WebSite","@id":"https:\/\/www.pressenza.com\/ca\/#website","url":"https:\/\/www.pressenza.com\/ca\/","name":"Pressenza","description":"International Press Agency","publisher":{"@id":"https:\/\/www.pressenza.com\/ca\/#organization"},"potentialAction":[{"@type":"SearchAction","target":{"@type":"EntryPoint","urlTemplate":"https:\/\/www.pressenza.com\/ca\/?s={search_term_string}"},"query-input":{"@type":"PropertyValueSpecification","valueRequired":true,"valueName":"search_term_string"}}],"inLanguage":"ca"},{"@type":"Organization","@id":"https:\/\/www.pressenza.com\/ca\/#organization","name":"Pressenza","url":"https:\/\/www.pressenza.com\/ca\/","logo":{"@type":"ImageObject","inLanguage":"ca","@id":"https:\/\/www.pressenza.com\/ca\/#\/schema\/logo\/image\/","url":"https:\/\/www.pressenza.com\/wp-content\/uploads\/2022\/10\/pressenza_logo_200x200.jpg","contentUrl":"https:\/\/www.pressenza.com\/wp-content\/uploads\/2022\/10\/pressenza_logo_200x200.jpg","width":200,"height":200,"caption":"Pressenza"},"image":{"@id":"https:\/\/www.pressenza.com\/ca\/#\/schema\/logo\/image\/"},"sameAs":["https:\/\/www.facebook.com\/PressenzaItalia","https:\/\/x.com\/PressenzaIPA"]},{"@type":"Person","@id":"https:\/\/www.pressenza.com\/ca\/#\/schema\/person\/8abc53b92f3264e0dad4300d54ac73ff","name":"Redacci\u00f3n Barcelona","description":"News published by the Pressenza bureau in Barcelona, Spain","sameAs":["https:\/\/www.facebook.com\/Pressenza-Espaa-647854795301395\/timeline\/","https:\/\/x.com\/pressenza"],"url":"https:\/\/www.pressenza.com\/ca\/author\/redaccion-barcelona\/"}]}},"place":"Catalunya - Enric Feliu Blanch","original_article_url":"","_links":{"self":[{"href":"https:\/\/www.pressenza.com\/ca\/wp-json\/wp\/v2\/posts\/569408","targetHints":{"allow":["GET"]}}],"collection":[{"href":"https:\/\/www.pressenza.com\/ca\/wp-json\/wp\/v2\/posts"}],"about":[{"href":"https:\/\/www.pressenza.com\/ca\/wp-json\/wp\/v2\/types\/post"}],"author":[{"embeddable":true,"href":"https:\/\/www.pressenza.com\/ca\/wp-json\/wp\/v2\/users\/1122"}],"replies":[{"embeddable":true,"href":"https:\/\/www.pressenza.com\/ca\/wp-json\/wp\/v2\/comments?post=569408"}],"version-history":[{"count":0,"href":"https:\/\/www.pressenza.com\/ca\/wp-json\/wp\/v2\/posts\/569408\/revisions"}],"wp:featuredmedia":[{"embeddable":true,"href":"https:\/\/www.pressenza.com\/ca\/wp-json\/wp\/v2\/media\/569409"}],"wp:attachment":[{"href":"https:\/\/www.pressenza.com\/ca\/wp-json\/wp\/v2\/media?parent=569408"}],"wp:term":[{"taxonomy":"category","embeddable":true,"href":"https:\/\/www.pressenza.com\/ca\/wp-json\/wp\/v2\/categories?post=569408"},{"taxonomy":"post_tag","embeddable":true,"href":"https:\/\/www.pressenza.com\/ca\/wp-json\/wp\/v2\/tags?post=569408"}],"curies":[{"name":"wp","href":"https:\/\/api.w.org\/{rel}","templated":true}]}}