{"id":559426,"date":"2017-11-23T07:02:34","date_gmt":"2017-11-23T07:02:34","guid":{"rendered":"https:\/\/www.pressenza.com\/?p=559426\/"},"modified":"2017-11-23T07:02:34","modified_gmt":"2017-11-23T07:02:34","slug":"federico-mayor-zaragoza-dona-suport-la-2a-marxa-mundial","status":"publish","type":"post","link":"https:\/\/www.pressenza.com\/ca\/2017\/11\/federico-mayor-zaragoza-dona-suport-la-2a-marxa-mundial\/","title":{"rendered":"Federico Mayor Zaragoza d\u00f3na suport a la 2a Marxa Mundial"},"content":{"rendered":"<p><iframe loading=\"lazy\" title=\"Jornadas Preparatorias de la II Marcha Mundial por la Paz y la Noviolencia Federico Mayor Zaragoza\" width=\"500\" height=\"281\" src=\"https:\/\/www.youtube.com\/embed\/ElKrbbZ5_cA?feature=oembed\" frameborder=\"0\" allow=\"accelerometer; autoplay; clipboard-write; encrypted-media; gyroscope; picture-in-picture; web-share\" referrerpolicy=\"strict-origin-when-cross-origin\" allowfullscreen><\/iframe><\/p>\n<p>M&#8217;haguera agradat molt participar en aquestes activitats preparat\u00f2ries de la 2a Marxa Mundial per la Pau i la No-viol\u00e8ncia\u2026<\/p>\n<p>Pau i No-viol\u00e8ncia \u00e9s el m\u00e9s important que hem de fer. En el moment en qu\u00e8 aconseguim aquesta transici\u00f3\u2026 de la for\u00e7a a la paraula, de la cultura de guerra a una cultura de pau, de l&#8217;enteniment, de la comprensi\u00f3, de l&#8217;escoltar i de la conciliaci\u00f3. No tan sols haurem proporcionat el benestar m\u00e9s gran a la humanitat en el seu conjunt, sin\u00f3 que, a m\u00e9s, tindrem els mitjans, els recursos econ\u00f2mics dels quals avui no disposem precisament perqu\u00e8 tot va cap a la tradicional seguretat de les fronteres i els territoris. Aquesta \u00e9s una altra cosa que haurem de canviar, un nou concepte de seguretat. No solament ens interessa la seguretat dels territoris mantinguda pels ex\u00e8rcits i les fronteres. I dels habitants que viuen en aquests territoris, qui se n&#8217;ocupa?, Qui s&#8217;ocupa de la seguretat aliment\u00e0ria, de la seguretat sanit\u00e0ria?, Qui s&#8217;ocupa que tots tinguem acc\u00e9s a uns serveis de salut de qualitat?, a uns serveis de cura del medi ambient, a una educaci\u00f3\u2026? Aix\u00f2 \u00e9s absolutament fonamental.<\/p>\n<p>Per aix\u00f2 jo vull felicitar molt sincerament a Rafael de la Rubia i a tots els seus col\u00b7laboradors en aquesta gran iniciativa, que compta amb el suport de M\u00f3n sense Guerres, la Xarxa Parlament\u00e0ria pel Desarmament Nuclear, la Fundaci\u00f3 Cultura de Pau, FundiPau i d&#8217;altres institucions. Totes elles pensant que s\u00ed, que la transici\u00f3 del que \u201csi volen la pau, prepara la guerra\u201d cap a \u201csi vols la pau, prepara la paraula, prepara la trobada, prepara la conversa, el di\u00e0leg, prepara la conciliaci\u00f3, prepara l&#8217;alian\u00e7a\u201d \u00e9s fonamental.<\/p>\n<p>Hem de pensar que en aquestes sessions que se celebraran en el Congr\u00e9s dels Diputats i a l&#8217;Ajuntament de Madrid s&#8217;abordaran temes molt importants. Un d&#8217;ells \u00e9s, ja ho he esmentat, l&#8217;amena\u00e7a nuclear. Cal acabar ja d&#8217;una vegada i afavorir tot all\u00f2 que facin les Nacions Unides per, d&#8217;una vegada per totes, aconseguir acabar amb aquesta temptaci\u00f3 hegem\u00f2nica del Partit Republic\u00e0 dels EUA Perqu\u00e8 avui, en realitat, els que mantenen aquesta situaci\u00f3, els que han evitat l&#8217;eliminaci\u00f3 total de les ogives nuclears s\u00f3n el Partit Republic\u00e0 dels Estats Units. En el mes d&#8217;octubre de l&#8217;any 1986, a Reykjav\u00edk, en la reuni\u00f3 que van mantenir el President Reagan i el llavors President de la Uni\u00f3 Sovi\u00e8tica Mija\u00edl S. Gorbatxov el que es va plantejar va ser precisament l&#8217;eliminaci\u00f3 total de les armes nuclears. Per qu\u00e8 hem de viure amb aquesta espasa de D\u00e0mocles? Per qu\u00e8? I llavors, va ser una vegada m\u00e9s, una vegada m\u00e9s, el President Reagan, representant del Partit Republic\u00e0 dels EUA qui va impedir que l&#8217;eliminaci\u00f3 f\u00f3ra total.<\/p>\n<p>Per tant, all\u00f2 que hem de fer \u00e9s aix\u00f2, saber que \u00e9s el que ha succe\u00eft. Saber el que ja pensava el President Eisenhower, quan en la transmissi\u00f3 del poder, aquell 20 de gener de 1961, li va dir al nou president, el magn\u00edfic President John F. Kennedy, li va dir: \u201cja \u00e9s vost\u00e8 l&#8217;home m\u00e9s poder\u00f3s de la terra, excepci\u00f3 feta del Complex B\u00e8l\u00b7lic Industrial dels Estats Units\u201d. I ara hem d&#8217;adonar-nos que aquesta preponder\u00e0ncia ha d&#8217;exercir-se d&#8217;una altra manera, amb un altre concepte de seguretat.<\/p>\n<p>Com deia abans, avui \u00e9s m\u00e9s necessari, m\u00e9s que mai, que hi hagi una governan\u00e7a que finalment estigui en mans de tots els pa\u00efsos, que hi hagi un multilateralisme democr\u00e0tic. \u00c9s fonamental un canvi radical en la concepci\u00f3 que actualment tenim de la governan\u00e7a mundial a trav\u00e9s d&#8217;aquestes entitats plutocr\u00e0tiques creades pel President Reagan i la Sra.Thatcher.<\/p>\n<p>En un moment en qu\u00e8 tot clamava pau, en els anys 80 del segle passat. Tot clamava pau. Ten\u00edem la finalitzaci\u00f3 de l&#8217;Imperi Sovi\u00e8tic, amb el s\u00edmbol de l&#8217;enderrocament del mur de Berl\u00edn, i tota aquella immensa quantitat de pa\u00efsos, de ciutadans, de cultures sotmeses que en aquell moment es converteixen en una comunitat d&#8217;estats independents. I tenim un Presidente Nelson Mandela, que en uns mesos \u00e9s capa\u00e7 de superar el que representava la forma m\u00e9s abominable de domini i de racisme que era precisament l&#8217;apartheid racial a Sud-\u00e0frica.<\/p>\n<p>En aquell moment, una vegada m\u00e9s, aquestes ambicions hegem\u00f2niques van fer que les Nacions Unides quedaren marginades i que, en el seu lloc, s&#8217;ubicaren sis pa\u00efsos, al principi van ser 6 pa\u00efsos, tan sols 6 pa\u00efsos rics.! La plutocr\u00e0cia en lloc de la democr\u00e0cia. Va ser un disbarat! Per\u00f2, com es va poder acceptar que 6, despr\u00e9s 7, despr\u00e9s 8, despr\u00e9s 20 pa\u00efsos, per\u00f2, com pot acceptar-se que 20 pa\u00efsos siguin els que porten les regnes del m\u00f3n, on crec hi ha 195 pa\u00efsos reconeguts en aquests moments en les Nacions Unides. Aix\u00f2 no pot ser. Aqu\u00ed tenim un dels grans objectius actuals, un dels grans objectius d&#8217;aquesta Marxa Mundial per la Pau i la No-viol\u00e8ncia que ha de ser la \u201cRefundaci\u00f3 de les Nacions Unides\u201d.<\/p>\n<p>Tot est\u00e0 estudiat molt b\u00e9. No creguin vost\u00e8s que estem improvisant. Ja s&#8217;ha proposat una Assemblea General que respongui a la l\u00facida i clarivident primera frase de la carta de les Nacions Unides: \u201cNosaltres els pobles hem resolt evitar la guerra a les generacions futures\u2026\u201d Aix\u00f2 \u00e9s el que hem de fer ara nosaltres, els pobles, hem d&#8217;assegurar la pau i tenir cura i mantenir la qualitat de l&#8217;habitabilitat de la terra per a les generacions futures. I que la seguretat no solament sigui una seguretat, com abans deia, de fronteres i territoris, que sigui aliment\u00e0ria i que sigui sanit\u00e0ria\u2026 Que sigui aquesta una altra concepci\u00f3 de la seguretat. Tot aix\u00f2 amb un sistema multilateral on, ara s\u00ed, ara, l&#8217;Assemblea General ja reflecteixi \u201cnosaltres els pobles\u2026\u201d i tingui un 50% de representants dels estats i un 50% de representants d&#8217;institucions de la societat civil. I que al Consell de Seguretat s&#8217;afegeixi un Consell de Seguretat Mediambiental i un Consell de Seguretat Socioecon\u00f2mica. La gran fallada de l&#8217;ECOSOC \u00e9s que comen\u00e7a per \u201ceco\u201d, i en comen\u00e7ar per \u201ceco\u201d, per economia, mai acaba en el que \u00e9s social. No, ha de ser a l&#8217;inrev\u00e9s. Ho dic per experi\u00e8ncia en el sistema de les Nacions Unides.<\/p>\n<p>Acabar\u00e9 dient que m&#8217;hagu\u00e9s agradat molt participar, tant en el Congr\u00e9s com a l&#8217;Ajuntament perqu\u00e8 crec que aquesta 2a Marxa \u00e9s una marxa que pot constituir una contribuci\u00f3 per a la Pau i la No-viol\u00e8ncia en el nostre m\u00f3n.<\/p>\n<p><strong><em>Federico Mayor Zaragoza<\/em><\/strong><\/p>\n","protected":false},"excerpt":{"rendered":"<p>M&#8217;haguera agradat molt participar en aquestes activitats preparat\u00f2ries de la 2a Marxa Mundial per la Pau i la No-viol\u00e8ncia\u2026 Pau i No-viol\u00e8ncia \u00e9s el m\u00e9s important que hem de fer. En el moment en qu\u00e8 aconseguim aquesta transici\u00f3\u2026 de la&hellip;<\/p>\n","protected":false},"author":42,"featured_media":559047,"comment_status":"closed","ping_status":"closed","sticky":false,"template":"","format":"standard","meta":{"footnotes":""},"categories":[35514,35529,35531,32516,35520,35528,35516,35524],"tags":[41948,650,34187,41917,41918,41949,41947,41895,27899],"class_list":["post-559426","post","type-post","status-publish","format-standard","has-post-thumbnail","hentry","category-assumptes-internacionals-ca","category-comunicats-de-premsa","category-contingut-original-ca","category-internacional-ca","category-no-violencia-ca","category-opinions-ca","category-pau-i-desarmament-ca","category-politica-ca","tag-2a-marxa-per-la-pau-i-la-noviolencia","tag-desarme-nuclear","tag-federico-mayor-zaragoza","tag-fundacion-cultura-de-paz","tag-fundipau","tag-mon-sin-guerres-i-sin-violencia","tag-non-proliferation-and-disarmament","tag-ucci","tag-unidos-podemos"],"yoast_head":"<!-- This site is optimized with the Yoast SEO plugin v27.1.1 - https:\/\/yoast.com\/product\/yoast-seo-wordpress\/ -->\n<title>Federico Mayor Zaragoza d\u00f3na suport a la 2a Marxa Mundial<\/title>\n<meta name=\"description\" content=\"M&#039;haguera agradat molt participar en aquestes activitats preparat\u00f2ries de la 2a Marxa Mundial per la Pau i la No-viol\u00e8ncia\u2026 Pau i No-viol\u00e8ncia \u00e9s el m\u00e9s\" \/>\n<meta name=\"robots\" content=\"index, follow, max-snippet:-1, max-image-preview:large, max-video-preview:-1\" \/>\n<link rel=\"canonical\" href=\"https:\/\/www.pressenza.com\/ca\/2017\/11\/federico-mayor-zaragoza-dona-suport-la-2a-marxa-mundial\/\" \/>\n<meta property=\"og:locale\" content=\"ca_ES\" \/>\n<meta property=\"og:type\" content=\"article\" \/>\n<meta property=\"og:title\" content=\"Federico Mayor Zaragoza d\u00f3na suport a la 2a Marxa Mundial\" \/>\n<meta property=\"og:description\" content=\"M&#039;haguera agradat molt participar en aquestes activitats preparat\u00f2ries de la 2a Marxa Mundial per la Pau i la No-viol\u00e8ncia\u2026 Pau i No-viol\u00e8ncia \u00e9s el m\u00e9s\" \/>\n<meta property=\"og:url\" content=\"https:\/\/www.pressenza.com\/ca\/2017\/11\/federico-mayor-zaragoza-dona-suport-la-2a-marxa-mundial\/\" \/>\n<meta property=\"og:site_name\" content=\"Pressenza\" \/>\n<meta property=\"article:publisher\" content=\"https:\/\/www.facebook.com\/PressenzaItalia\" \/>\n<meta property=\"article:published_time\" content=\"2017-11-23T07:02:34+00:00\" \/>\n<meta property=\"og:image\" content=\"https:\/\/www.pressenza.com\/wp-content\/uploads\/2017\/11\/5371145w-640x640x80.jpg\" \/>\n\t<meta property=\"og:image:width\" content=\"640\" \/>\n\t<meta property=\"og:image:height\" content=\"426\" \/>\n\t<meta property=\"og:image:type\" content=\"image\/jpeg\" \/>\n<meta name=\"author\" content=\"Rafael De La Rubia\" \/>\n<meta name=\"twitter:card\" content=\"summary_large_image\" \/>\n<meta name=\"twitter:creator\" content=\"@raffka\" \/>\n<meta name=\"twitter:site\" content=\"@PressenzaIPA\" \/>\n<meta name=\"twitter:label1\" content=\"Escrit per\" \/>\n\t<meta name=\"twitter:data1\" content=\"Rafael De La Rubia\" \/>\n\t<meta name=\"twitter:label2\" content=\"Temps estimat de lectura\" \/>\n\t<meta name=\"twitter:data2\" content=\"6 minuts\" \/>\n<script type=\"application\/ld+json\" class=\"yoast-schema-graph\">{\"@context\":\"https:\/\/schema.org\",\"@graph\":[{\"@type\":\"Article\",\"@id\":\"https:\/\/www.pressenza.com\/ca\/2017\/11\/federico-mayor-zaragoza-dona-suport-la-2a-marxa-mundial\/#article\",\"isPartOf\":{\"@id\":\"https:\/\/www.pressenza.com\/ca\/2017\/11\/federico-mayor-zaragoza-dona-suport-la-2a-marxa-mundial\/\"},\"author\":{\"name\":\"Rafael De La Rubia\",\"@id\":\"https:\/\/www.pressenza.com\/ca\/#\/schema\/person\/f0a41b562e086ea0d8a8150002e7958e\"},\"headline\":\"Federico Mayor Zaragoza d\u00f3na suport a la 2a Marxa Mundial\",\"datePublished\":\"2017-11-23T07:02:34+00:00\",\"mainEntityOfPage\":{\"@id\":\"https:\/\/www.pressenza.com\/ca\/2017\/11\/federico-mayor-zaragoza-dona-suport-la-2a-marxa-mundial\/\"},\"wordCount\":1172,\"publisher\":{\"@id\":\"https:\/\/www.pressenza.com\/ca\/#organization\"},\"image\":{\"@id\":\"https:\/\/www.pressenza.com\/ca\/2017\/11\/federico-mayor-zaragoza-dona-suport-la-2a-marxa-mundial\/#primaryimage\"},\"thumbnailUrl\":\"https:\/\/www.pressenza.com\/wp-content\/uploads\/2017\/11\/5371145w-640x640x80.jpg\",\"keywords\":[\"2a Marxa per la Pau i la Noviol\u00e8ncia\",\"Desarme nuclear\",\"Federico Mayor Zaragoza\",\"Fundaci\u00f3n Cultura de Paz\",\"FundiPau\",\"M\u00f3n Sin Guerres i Sin Viol\u00e8ncia\",\"Non-proliferation and Disarmament\",\"UCCI\",\"Unidos Podemos\"],\"articleSection\":[\"Assumptes internacionals\",\"Comunicats de premsa\",\"Contingut original\",\"Internacional\",\"No-viol\u00e8ncia\",\"Opinions\",\"Pau i desarmament\",\"Pol\u00edtica\"],\"inLanguage\":\"ca\"},{\"@type\":\"WebPage\",\"@id\":\"https:\/\/www.pressenza.com\/ca\/2017\/11\/federico-mayor-zaragoza-dona-suport-la-2a-marxa-mundial\/\",\"url\":\"https:\/\/www.pressenza.com\/ca\/2017\/11\/federico-mayor-zaragoza-dona-suport-la-2a-marxa-mundial\/\",\"name\":\"Federico Mayor Zaragoza d\u00f3na suport a la 2a Marxa Mundial\",\"isPartOf\":{\"@id\":\"https:\/\/www.pressenza.com\/ca\/#website\"},\"primaryImageOfPage\":{\"@id\":\"https:\/\/www.pressenza.com\/ca\/2017\/11\/federico-mayor-zaragoza-dona-suport-la-2a-marxa-mundial\/#primaryimage\"},\"image\":{\"@id\":\"https:\/\/www.pressenza.com\/ca\/2017\/11\/federico-mayor-zaragoza-dona-suport-la-2a-marxa-mundial\/#primaryimage\"},\"thumbnailUrl\":\"https:\/\/www.pressenza.com\/wp-content\/uploads\/2017\/11\/5371145w-640x640x80.jpg\",\"datePublished\":\"2017-11-23T07:02:34+00:00\",\"description\":\"M'haguera agradat molt participar en aquestes activitats preparat\u00f2ries de la 2a Marxa Mundial per la Pau i la No-viol\u00e8ncia\u2026 Pau i No-viol\u00e8ncia \u00e9s el m\u00e9s\",\"breadcrumb\":{\"@id\":\"https:\/\/www.pressenza.com\/ca\/2017\/11\/federico-mayor-zaragoza-dona-suport-la-2a-marxa-mundial\/#breadcrumb\"},\"inLanguage\":\"ca\",\"potentialAction\":[{\"@type\":\"ReadAction\",\"target\":[\"https:\/\/www.pressenza.com\/ca\/2017\/11\/federico-mayor-zaragoza-dona-suport-la-2a-marxa-mundial\/\"]}]},{\"@type\":\"ImageObject\",\"inLanguage\":\"ca\",\"@id\":\"https:\/\/www.pressenza.com\/ca\/2017\/11\/federico-mayor-zaragoza-dona-suport-la-2a-marxa-mundial\/#primaryimage\",\"url\":\"https:\/\/www.pressenza.com\/wp-content\/uploads\/2017\/11\/5371145w-640x640x80.jpg\",\"contentUrl\":\"https:\/\/www.pressenza.com\/wp-content\/uploads\/2017\/11\/5371145w-640x640x80.jpg\",\"width\":640,\"height\":426},{\"@type\":\"BreadcrumbList\",\"@id\":\"https:\/\/www.pressenza.com\/ca\/2017\/11\/federico-mayor-zaragoza-dona-suport-la-2a-marxa-mundial\/#breadcrumb\",\"itemListElement\":[{\"@type\":\"ListItem\",\"position\":1,\"name\":\"Accueil\",\"item\":\"https:\/\/www.pressenza.com\/ca\/\"},{\"@type\":\"ListItem\",\"position\":2,\"name\":\"Federico Mayor Zaragoza d\u00f3na suport a la 2a Marxa Mundial\"}]},{\"@type\":\"WebSite\",\"@id\":\"https:\/\/www.pressenza.com\/ca\/#website\",\"url\":\"https:\/\/www.pressenza.com\/ca\/\",\"name\":\"Pressenza\",\"description\":\"International Press Agency\",\"publisher\":{\"@id\":\"https:\/\/www.pressenza.com\/ca\/#organization\"},\"potentialAction\":[{\"@type\":\"SearchAction\",\"target\":{\"@type\":\"EntryPoint\",\"urlTemplate\":\"https:\/\/www.pressenza.com\/ca\/?s={search_term_string}\"},\"query-input\":{\"@type\":\"PropertyValueSpecification\",\"valueRequired\":true,\"valueName\":\"search_term_string\"}}],\"inLanguage\":\"ca\"},{\"@type\":\"Organization\",\"@id\":\"https:\/\/www.pressenza.com\/ca\/#organization\",\"name\":\"Pressenza\",\"url\":\"https:\/\/www.pressenza.com\/ca\/\",\"logo\":{\"@type\":\"ImageObject\",\"inLanguage\":\"ca\",\"@id\":\"https:\/\/www.pressenza.com\/ca\/#\/schema\/logo\/image\/\",\"url\":\"https:\/\/www.pressenza.com\/wp-content\/uploads\/2022\/10\/pressenza_logo_200x200.jpg\",\"contentUrl\":\"https:\/\/www.pressenza.com\/wp-content\/uploads\/2022\/10\/pressenza_logo_200x200.jpg\",\"width\":200,\"height\":200,\"caption\":\"Pressenza\"},\"image\":{\"@id\":\"https:\/\/www.pressenza.com\/ca\/#\/schema\/logo\/image\/\"},\"sameAs\":[\"https:\/\/www.facebook.com\/PressenzaItalia\",\"https:\/\/x.com\/PressenzaIPA\"]},{\"@type\":\"Person\",\"@id\":\"https:\/\/www.pressenza.com\/ca\/#\/schema\/person\/f0a41b562e086ea0d8a8150002e7958e\",\"name\":\"Rafael De La Rubia\",\"description\":\"Spanish Humanist. Founder of the Organization World without Wars and Violence and spokesperson of the World March for Peace and Nonviolence theworldmarch.org\",\"sameAs\":[\"https:\/\/x.com\/raffka\"],\"url\":\"https:\/\/www.pressenza.com\/ca\/author\/rafael-de-la-rubia\/\"}]}<\/script>\n<!-- \/ Yoast SEO plugin. -->","yoast_head_json":{"title":"Federico Mayor Zaragoza d\u00f3na suport a la 2a Marxa Mundial","description":"M'haguera agradat molt participar en aquestes activitats preparat\u00f2ries de la 2a Marxa Mundial per la Pau i la No-viol\u00e8ncia\u2026 Pau i No-viol\u00e8ncia \u00e9s el m\u00e9s","robots":{"index":"index","follow":"follow","max-snippet":"max-snippet:-1","max-image-preview":"max-image-preview:large","max-video-preview":"max-video-preview:-1"},"canonical":"https:\/\/www.pressenza.com\/ca\/2017\/11\/federico-mayor-zaragoza-dona-suport-la-2a-marxa-mundial\/","og_locale":"ca_ES","og_type":"article","og_title":"Federico Mayor Zaragoza d\u00f3na suport a la 2a Marxa Mundial","og_description":"M'haguera agradat molt participar en aquestes activitats preparat\u00f2ries de la 2a Marxa Mundial per la Pau i la No-viol\u00e8ncia\u2026 Pau i No-viol\u00e8ncia \u00e9s el m\u00e9s","og_url":"https:\/\/www.pressenza.com\/ca\/2017\/11\/federico-mayor-zaragoza-dona-suport-la-2a-marxa-mundial\/","og_site_name":"Pressenza","article_publisher":"https:\/\/www.facebook.com\/PressenzaItalia","article_published_time":"2017-11-23T07:02:34+00:00","og_image":[{"width":640,"height":426,"url":"https:\/\/www.pressenza.com\/wp-content\/uploads\/2017\/11\/5371145w-640x640x80.jpg","type":"image\/jpeg"}],"author":"Rafael De La Rubia","twitter_card":"summary_large_image","twitter_creator":"@raffka","twitter_site":"@PressenzaIPA","twitter_misc":{"Escrit per":"Rafael De La Rubia","Temps estimat de lectura":"6 minuts"},"schema":{"@context":"https:\/\/schema.org","@graph":[{"@type":"Article","@id":"https:\/\/www.pressenza.com\/ca\/2017\/11\/federico-mayor-zaragoza-dona-suport-la-2a-marxa-mundial\/#article","isPartOf":{"@id":"https:\/\/www.pressenza.com\/ca\/2017\/11\/federico-mayor-zaragoza-dona-suport-la-2a-marxa-mundial\/"},"author":{"name":"Rafael De La Rubia","@id":"https:\/\/www.pressenza.com\/ca\/#\/schema\/person\/f0a41b562e086ea0d8a8150002e7958e"},"headline":"Federico Mayor Zaragoza d\u00f3na suport a la 2a Marxa Mundial","datePublished":"2017-11-23T07:02:34+00:00","mainEntityOfPage":{"@id":"https:\/\/www.pressenza.com\/ca\/2017\/11\/federico-mayor-zaragoza-dona-suport-la-2a-marxa-mundial\/"},"wordCount":1172,"publisher":{"@id":"https:\/\/www.pressenza.com\/ca\/#organization"},"image":{"@id":"https:\/\/www.pressenza.com\/ca\/2017\/11\/federico-mayor-zaragoza-dona-suport-la-2a-marxa-mundial\/#primaryimage"},"thumbnailUrl":"https:\/\/www.pressenza.com\/wp-content\/uploads\/2017\/11\/5371145w-640x640x80.jpg","keywords":["2a Marxa per la Pau i la Noviol\u00e8ncia","Desarme nuclear","Federico Mayor Zaragoza","Fundaci\u00f3n Cultura de Paz","FundiPau","M\u00f3n Sin Guerres i Sin Viol\u00e8ncia","Non-proliferation and Disarmament","UCCI","Unidos Podemos"],"articleSection":["Assumptes internacionals","Comunicats de premsa","Contingut original","Internacional","No-viol\u00e8ncia","Opinions","Pau i desarmament","Pol\u00edtica"],"inLanguage":"ca"},{"@type":"WebPage","@id":"https:\/\/www.pressenza.com\/ca\/2017\/11\/federico-mayor-zaragoza-dona-suport-la-2a-marxa-mundial\/","url":"https:\/\/www.pressenza.com\/ca\/2017\/11\/federico-mayor-zaragoza-dona-suport-la-2a-marxa-mundial\/","name":"Federico Mayor Zaragoza d\u00f3na suport a la 2a Marxa Mundial","isPartOf":{"@id":"https:\/\/www.pressenza.com\/ca\/#website"},"primaryImageOfPage":{"@id":"https:\/\/www.pressenza.com\/ca\/2017\/11\/federico-mayor-zaragoza-dona-suport-la-2a-marxa-mundial\/#primaryimage"},"image":{"@id":"https:\/\/www.pressenza.com\/ca\/2017\/11\/federico-mayor-zaragoza-dona-suport-la-2a-marxa-mundial\/#primaryimage"},"thumbnailUrl":"https:\/\/www.pressenza.com\/wp-content\/uploads\/2017\/11\/5371145w-640x640x80.jpg","datePublished":"2017-11-23T07:02:34+00:00","description":"M'haguera agradat molt participar en aquestes activitats preparat\u00f2ries de la 2a Marxa Mundial per la Pau i la No-viol\u00e8ncia\u2026 Pau i No-viol\u00e8ncia \u00e9s el m\u00e9s","breadcrumb":{"@id":"https:\/\/www.pressenza.com\/ca\/2017\/11\/federico-mayor-zaragoza-dona-suport-la-2a-marxa-mundial\/#breadcrumb"},"inLanguage":"ca","potentialAction":[{"@type":"ReadAction","target":["https:\/\/www.pressenza.com\/ca\/2017\/11\/federico-mayor-zaragoza-dona-suport-la-2a-marxa-mundial\/"]}]},{"@type":"ImageObject","inLanguage":"ca","@id":"https:\/\/www.pressenza.com\/ca\/2017\/11\/federico-mayor-zaragoza-dona-suport-la-2a-marxa-mundial\/#primaryimage","url":"https:\/\/www.pressenza.com\/wp-content\/uploads\/2017\/11\/5371145w-640x640x80.jpg","contentUrl":"https:\/\/www.pressenza.com\/wp-content\/uploads\/2017\/11\/5371145w-640x640x80.jpg","width":640,"height":426},{"@type":"BreadcrumbList","@id":"https:\/\/www.pressenza.com\/ca\/2017\/11\/federico-mayor-zaragoza-dona-suport-la-2a-marxa-mundial\/#breadcrumb","itemListElement":[{"@type":"ListItem","position":1,"name":"Accueil","item":"https:\/\/www.pressenza.com\/ca\/"},{"@type":"ListItem","position":2,"name":"Federico Mayor Zaragoza d\u00f3na suport a la 2a Marxa Mundial"}]},{"@type":"WebSite","@id":"https:\/\/www.pressenza.com\/ca\/#website","url":"https:\/\/www.pressenza.com\/ca\/","name":"Pressenza","description":"International Press Agency","publisher":{"@id":"https:\/\/www.pressenza.com\/ca\/#organization"},"potentialAction":[{"@type":"SearchAction","target":{"@type":"EntryPoint","urlTemplate":"https:\/\/www.pressenza.com\/ca\/?s={search_term_string}"},"query-input":{"@type":"PropertyValueSpecification","valueRequired":true,"valueName":"search_term_string"}}],"inLanguage":"ca"},{"@type":"Organization","@id":"https:\/\/www.pressenza.com\/ca\/#organization","name":"Pressenza","url":"https:\/\/www.pressenza.com\/ca\/","logo":{"@type":"ImageObject","inLanguage":"ca","@id":"https:\/\/www.pressenza.com\/ca\/#\/schema\/logo\/image\/","url":"https:\/\/www.pressenza.com\/wp-content\/uploads\/2022\/10\/pressenza_logo_200x200.jpg","contentUrl":"https:\/\/www.pressenza.com\/wp-content\/uploads\/2022\/10\/pressenza_logo_200x200.jpg","width":200,"height":200,"caption":"Pressenza"},"image":{"@id":"https:\/\/www.pressenza.com\/ca\/#\/schema\/logo\/image\/"},"sameAs":["https:\/\/www.facebook.com\/PressenzaItalia","https:\/\/x.com\/PressenzaIPA"]},{"@type":"Person","@id":"https:\/\/www.pressenza.com\/ca\/#\/schema\/person\/f0a41b562e086ea0d8a8150002e7958e","name":"Rafael De La Rubia","description":"Spanish Humanist. Founder of the Organization World without Wars and Violence and spokesperson of the World March for Peace and Nonviolence theworldmarch.org","sameAs":["https:\/\/x.com\/raffka"],"url":"https:\/\/www.pressenza.com\/ca\/author\/rafael-de-la-rubia\/"}]}},"place":"Madrid","original_article_url":"","_links":{"self":[{"href":"https:\/\/www.pressenza.com\/ca\/wp-json\/wp\/v2\/posts\/559426","targetHints":{"allow":["GET"]}}],"collection":[{"href":"https:\/\/www.pressenza.com\/ca\/wp-json\/wp\/v2\/posts"}],"about":[{"href":"https:\/\/www.pressenza.com\/ca\/wp-json\/wp\/v2\/types\/post"}],"author":[{"embeddable":true,"href":"https:\/\/www.pressenza.com\/ca\/wp-json\/wp\/v2\/users\/42"}],"replies":[{"embeddable":true,"href":"https:\/\/www.pressenza.com\/ca\/wp-json\/wp\/v2\/comments?post=559426"}],"version-history":[{"count":0,"href":"https:\/\/www.pressenza.com\/ca\/wp-json\/wp\/v2\/posts\/559426\/revisions"}],"wp:featuredmedia":[{"embeddable":true,"href":"https:\/\/www.pressenza.com\/ca\/wp-json\/wp\/v2\/media\/559047"}],"wp:attachment":[{"href":"https:\/\/www.pressenza.com\/ca\/wp-json\/wp\/v2\/media?parent=559426"}],"wp:term":[{"taxonomy":"category","embeddable":true,"href":"https:\/\/www.pressenza.com\/ca\/wp-json\/wp\/v2\/categories?post=559426"},{"taxonomy":"post_tag","embeddable":true,"href":"https:\/\/www.pressenza.com\/ca\/wp-json\/wp\/v2\/tags?post=559426"}],"curies":[{"name":"wp","href":"https:\/\/api.w.org\/{rel}","templated":true}]}}