{"id":548353,"date":"2017-10-30T17:01:32","date_gmt":"2017-10-30T17:01:32","guid":{"rendered":"https:\/\/www.pressenza.com\/?p=548353\/"},"modified":"2017-10-30T17:01:32","modified_gmt":"2017-10-30T17:01:32","slug":"140-ciutats-europees-exigeixen-la-ue-la-fi-de-lausteritat","status":"publish","type":"post","link":"https:\/\/www.pressenza.com\/ca\/2017\/10\/140-ciutats-europees-exigeixen-la-ue-la-fi-de-lausteritat\/","title":{"rendered":"140 ciutats europees exigeixen a la UE la fi de l\u2019austeritat"},"content":{"rendered":"<p>Barcelona impulsa amb 140 ciutats europees exigir a la UE la fi de l\u2019austeritat i una major inversi\u00f3 social. El F\u00f2rum d\u2019Afers Socials de la xara Eurocities, presidit per Barcelona, acorda un posicionament com\u00fa a G\u00f6teborg (Su\u00e8cia) sota el t\u00edtol &#8220;Social rights for all&#8221;<\/p>\n<p>Les principals ciutats de la Uni\u00f3 Europea demanen veu pr\u00f2pia al continent i que una part de la inversi\u00f3 associada al Pilar Europeu de Drets Socials es canalitzi directament a trav\u00e9s dels governs locals.<\/p>\n<p>&#8220;Canviar el model econ\u00f2mic per entendre el cost de les pol\u00edtiques socials i els serveis socials com una inversi\u00f3 i no com una despesa. Les pol\u00edtiques econ\u00f2miques (fiscals i pressupost\u00e0ries) haurien de recolzar les pol\u00edtiques socials, substituint els programes d\u2019austeritat per mesures d\u2019inversi\u00f3 social&#8221;. Aquesta \u00e9s una de les recomanacions que han assumit com a pr\u00f2pies m\u00e9s de 140 ciutats de tota Europa durant el F\u00f2rum d\u2019Afers Socials de la xarxa Eurocities, que s\u2019ha celebrat durant tota aquesta setmana a G\u00f6teborg (Su\u00e8cia). La reuni\u00f3 ha servit per aprovar el posicionament com\u00fa &#8220;Social rights for all&#8221;, un document amb el qual les principals urbs del continent demanen als estats que garanteixin els drets socials del conjunt de la poblaci\u00f3 europea.<\/p>\n<p>La xarxa Eurocities \u00e9s la principal organitzaci\u00f3 local d\u2019Europa i des del 1989 agrupa els alcaldes del continent, en un f\u00f2rum pensat perqu\u00e8 puguin compartir idees i intercanviar experi\u00e8ncies. Barcelona presideix el F\u00f2rum d\u2019Afers Socials d\u2019aquesta xarxa des de fa un any, i encara exercir\u00e0 aquest enc\u00e0rrec durant un any m\u00e9s. L\u2019aprovaci\u00f3 d\u2019aquest document, per tant, ha estat impulsat per l\u2019Ajuntament de Barcelona, que en els darrers mesos ha treballat per assolir aquest posicionament com\u00fa que ara s\u2019enviar\u00e0 a la Comissi\u00f3 Europea. &#8220;La cohesi\u00f3 social s\u2019ha ignorat durant massa temps a nivell de la Uni\u00f3 Europea en detriment del creixement econ\u00f2mic. Ara \u00e9s el moment d\u2019actuar. Menys paraules i m\u00e9s coher\u00e8ncia entre l\u2019economia i els drets socials&#8221;, ha destacat la tinenta d\u2019alcaldia de Drets Socials de Barcelona, Laia Ortiz, com a presidenta del F\u00f2rum d\u2019Afers Socials de la xarxa Eurocities. De fet, el posicionament com\u00fa que s\u2019ha aprovat oficialment a G\u00f6tegorg ha estat consensuat amb l\u2019estreta col\u00b7laboraci\u00f3 del F\u00f2rum de Desenvolupament Econ\u00f2mic de la mateixa Eurocities.<\/p>\n<p>&#8220;Creiem que una Europa m\u00e9s forta \u00e9s possible nom\u00e9s si situem la ciutadania al centre&#8221;, insisteixen ara les 140 ciutats signants del document &#8220;Social rights for all&#8221; i que formen part de la xarxa Eurocities. Totes elles recorden tamb\u00e9 que la construcci\u00f3 del Pilar Europeu de Drets Socials que va anunciar ara fa un any el president de la Comissi\u00f3 Europea, Jean-Claude Juncker, t\u00e9 en el nivell de govern local com a m\u00ednim la meitat dels seus principis i drets i, per tant, les ciutats haurien de ser actors principals per fer possible i efectiva la seva aplicaci\u00f3. &#8220;\u00c9s m\u00e9s urgent que mai, ateses la pobresa i la desigualtat creixents arreu de les ciutats d\u2019Europa, i que estan posant el nostre model social en risc&#8221;, afegeix el document.<br \/>\nPer tot plegat, i malgrat que celebren que el Pilar Europeu de Drets Socials posi l\u2019\u00e8mfasi en la necessitat de preservar la igualtat d\u2019acc\u00e9s als serveis sanitaris, de cura de les persones i del dret a l\u2019habitatge, la xarxa municipalista reivindica les seves accions per garantir la igualtat d\u2019oportunitats, tamb\u00e9 dels refugiats i demandants d\u2019asil, les persones amb discapacitats, la inf\u00e0ncia en risc de pobresa i el aturats de llarga durada, entre d\u2019altres. Tot i aix\u00ed, admeten que per implementar totes les millores les ciutats necessiten aliats a tots els nivells de govern, incloent els mateixos estats i les institucions europees.<\/p>\n<p><strong>L\u2019habitatge com a dret<\/strong><\/p>\n<p>Igualment, a banda de recomanar el canvi de model econ\u00f2mic, la xarxa Eurocities admet que cal garantir el dret a una habitatge accessible per a tothom, perqu\u00e8 les ciutats estan fent front a una crisi d\u2019habitatge sense precedents: &#8220;La legislaci\u00f3 actual del mercat immobiliari considera l\u2019habitatge com un b\u00e9 especulatiu, que agreuja l\u2019exclusi\u00f3 residencial a les nostres ciutats&#8221;, assegura el document, i \u00e9s per aquesta ra\u00f3 que si no es canvien les lleis &#8220;l\u2019acc\u00e9s a un habitatge assequible seguir\u00e0 sent un problema que incrementar\u00e0 el risc de pobresa, exclusi\u00f3 i sensellarisme&#8221;.<\/p>\n<p>&#8220;Estem preparats per liderar el cam\u00ed cap a una Europa socialment m\u00e9s forta, per\u00f2 necessitem ajuda per fer-ho. Som el nivell de govern m\u00e9s proper a la poblaci\u00f3 i podem implicar la ciutadania en el debat sobre el futur d\u2019Europa. Treballarem dur per construir una Uni\u00f3 Europea m\u00e9s propera a les persones i, tamb\u00e9, per situar les persones i les seves preocupacions al centre de l\u2019agenda de la Uni\u00f3 Europea&#8221;, conclou el text acordat.<\/p>\n","protected":false},"excerpt":{"rendered":"<p>Barcelona impulsa amb 140 ciutats europees exigir a la UE la fi de l\u2019austeritat i una major inversi\u00f3 social. El F\u00f2rum d\u2019Afers Socials de la xara Eurocities, presidit per Barcelona, acorda un posicionament com\u00fa a G\u00f6teborg (Su\u00e8cia) sota el t\u00edtol&hellip;<\/p>\n","protected":false},"author":1122,"featured_media":548354,"comment_status":"closed","ping_status":"closed","sticky":false,"template":"","format":"standard","meta":{"footnotes":""},"categories":[35529,35512,35506],"tags":[],"class_list":["post-548353","post","type-post","status-publish","format-standard","has-post-thumbnail","hentry","category-comunicats-de-premsa","category-drets-humans-ca","category-europa-ca"],"yoast_head":"<!-- This site is optimized with the Yoast SEO plugin v27.1.1 - https:\/\/yoast.com\/product\/yoast-seo-wordpress\/ -->\n<title>140 ciutats europees exigeixen a la UE la fi de l\u2019austeritat<\/title>\n<meta name=\"description\" content=\"Barcelona impulsa amb 140 ciutats europees exigir a la UE la fi de l\u2019austeritat i una major inversi\u00f3 social. El F\u00f2rum d\u2019Afers Socials de la xara\" \/>\n<meta name=\"robots\" content=\"index, follow, max-snippet:-1, max-image-preview:large, max-video-preview:-1\" \/>\n<link rel=\"canonical\" href=\"https:\/\/www.pressenza.com\/ca\/2017\/10\/140-ciutats-europees-exigeixen-la-ue-la-fi-de-lausteritat\/\" \/>\n<meta property=\"og:locale\" content=\"ca_ES\" \/>\n<meta property=\"og:type\" content=\"article\" \/>\n<meta property=\"og:title\" content=\"140 ciutats europees exigeixen a la UE la fi de l\u2019austeritat\" \/>\n<meta property=\"og:description\" content=\"Barcelona impulsa amb 140 ciutats europees exigir a la UE la fi de l\u2019austeritat i una major inversi\u00f3 social. El F\u00f2rum d\u2019Afers Socials de la xara\" \/>\n<meta property=\"og:url\" content=\"https:\/\/www.pressenza.com\/ca\/2017\/10\/140-ciutats-europees-exigeixen-la-ue-la-fi-de-lausteritat\/\" \/>\n<meta property=\"og:site_name\" content=\"Pressenza\" \/>\n<meta property=\"article:publisher\" content=\"https:\/\/www.facebook.com\/PressenzaItalia\" \/>\n<meta property=\"article:author\" content=\"https:\/\/www.facebook.com\/Pressenza-Espaa-647854795301395\/timeline\/\" \/>\n<meta property=\"article:published_time\" content=\"2017-10-30T17:01:32+00:00\" \/>\n<meta property=\"og:image\" content=\"https:\/\/www.pressenza.com\/wp-content\/uploads\/2017\/10\/foto-1.jpg\" \/>\n\t<meta property=\"og:image:width\" content=\"2048\" \/>\n\t<meta property=\"og:image:height\" content=\"1536\" \/>\n\t<meta property=\"og:image:type\" content=\"image\/jpeg\" \/>\n<meta name=\"author\" content=\"Redacci\u00f3n Barcelona\" \/>\n<meta name=\"twitter:card\" content=\"summary_large_image\" \/>\n<meta name=\"twitter:creator\" content=\"@pressenza\" \/>\n<meta name=\"twitter:site\" content=\"@PressenzaIPA\" \/>\n<meta name=\"twitter:label1\" content=\"Escrit per\" \/>\n\t<meta name=\"twitter:data1\" content=\"Redacci\u00f3n Barcelona\" \/>\n\t<meta name=\"twitter:label2\" content=\"Temps estimat de lectura\" \/>\n\t<meta name=\"twitter:data2\" content=\"4 minuts\" \/>\n<script type=\"application\/ld+json\" class=\"yoast-schema-graph\">{\"@context\":\"https:\/\/schema.org\",\"@graph\":[{\"@type\":\"Article\",\"@id\":\"https:\/\/www.pressenza.com\/ca\/2017\/10\/140-ciutats-europees-exigeixen-la-ue-la-fi-de-lausteritat\/#article\",\"isPartOf\":{\"@id\":\"https:\/\/www.pressenza.com\/ca\/2017\/10\/140-ciutats-europees-exigeixen-la-ue-la-fi-de-lausteritat\/\"},\"author\":{\"name\":\"Redacci\u00f3n Barcelona\",\"@id\":\"https:\/\/www.pressenza.com\/ca\/#\/schema\/person\/8abc53b92f3264e0dad4300d54ac73ff\"},\"headline\":\"140 ciutats europees exigeixen a la UE la fi de l\u2019austeritat\",\"datePublished\":\"2017-10-30T17:01:32+00:00\",\"mainEntityOfPage\":{\"@id\":\"https:\/\/www.pressenza.com\/ca\/2017\/10\/140-ciutats-europees-exigeixen-la-ue-la-fi-de-lausteritat\/\"},\"wordCount\":843,\"publisher\":{\"@id\":\"https:\/\/www.pressenza.com\/ca\/#organization\"},\"image\":{\"@id\":\"https:\/\/www.pressenza.com\/ca\/2017\/10\/140-ciutats-europees-exigeixen-la-ue-la-fi-de-lausteritat\/#primaryimage\"},\"thumbnailUrl\":\"https:\/\/www.pressenza.com\/wp-content\/uploads\/2017\/10\/foto-1.jpg\",\"articleSection\":[\"Comunicats de premsa\",\"Drets Humans\",\"Europa\"],\"inLanguage\":\"ca\"},{\"@type\":\"WebPage\",\"@id\":\"https:\/\/www.pressenza.com\/ca\/2017\/10\/140-ciutats-europees-exigeixen-la-ue-la-fi-de-lausteritat\/\",\"url\":\"https:\/\/www.pressenza.com\/ca\/2017\/10\/140-ciutats-europees-exigeixen-la-ue-la-fi-de-lausteritat\/\",\"name\":\"140 ciutats europees exigeixen a la UE la fi de l\u2019austeritat\",\"isPartOf\":{\"@id\":\"https:\/\/www.pressenza.com\/ca\/#website\"},\"primaryImageOfPage\":{\"@id\":\"https:\/\/www.pressenza.com\/ca\/2017\/10\/140-ciutats-europees-exigeixen-la-ue-la-fi-de-lausteritat\/#primaryimage\"},\"image\":{\"@id\":\"https:\/\/www.pressenza.com\/ca\/2017\/10\/140-ciutats-europees-exigeixen-la-ue-la-fi-de-lausteritat\/#primaryimage\"},\"thumbnailUrl\":\"https:\/\/www.pressenza.com\/wp-content\/uploads\/2017\/10\/foto-1.jpg\",\"datePublished\":\"2017-10-30T17:01:32+00:00\",\"description\":\"Barcelona impulsa amb 140 ciutats europees exigir a la UE la fi de l\u2019austeritat i una major inversi\u00f3 social. El F\u00f2rum d\u2019Afers Socials de la xara\",\"breadcrumb\":{\"@id\":\"https:\/\/www.pressenza.com\/ca\/2017\/10\/140-ciutats-europees-exigeixen-la-ue-la-fi-de-lausteritat\/#breadcrumb\"},\"inLanguage\":\"ca\",\"potentialAction\":[{\"@type\":\"ReadAction\",\"target\":[\"https:\/\/www.pressenza.com\/ca\/2017\/10\/140-ciutats-europees-exigeixen-la-ue-la-fi-de-lausteritat\/\"]}]},{\"@type\":\"ImageObject\",\"inLanguage\":\"ca\",\"@id\":\"https:\/\/www.pressenza.com\/ca\/2017\/10\/140-ciutats-europees-exigeixen-la-ue-la-fi-de-lausteritat\/#primaryimage\",\"url\":\"https:\/\/www.pressenza.com\/wp-content\/uploads\/2017\/10\/foto-1.jpg\",\"contentUrl\":\"https:\/\/www.pressenza.com\/wp-content\/uploads\/2017\/10\/foto-1.jpg\",\"width\":2048,\"height\":1536},{\"@type\":\"BreadcrumbList\",\"@id\":\"https:\/\/www.pressenza.com\/ca\/2017\/10\/140-ciutats-europees-exigeixen-la-ue-la-fi-de-lausteritat\/#breadcrumb\",\"itemListElement\":[{\"@type\":\"ListItem\",\"position\":1,\"name\":\"Accueil\",\"item\":\"https:\/\/www.pressenza.com\/ca\/\"},{\"@type\":\"ListItem\",\"position\":2,\"name\":\"140 ciutats europees exigeixen a la UE la fi de l\u2019austeritat\"}]},{\"@type\":\"WebSite\",\"@id\":\"https:\/\/www.pressenza.com\/ca\/#website\",\"url\":\"https:\/\/www.pressenza.com\/ca\/\",\"name\":\"Pressenza\",\"description\":\"International Press Agency\",\"publisher\":{\"@id\":\"https:\/\/www.pressenza.com\/ca\/#organization\"},\"potentialAction\":[{\"@type\":\"SearchAction\",\"target\":{\"@type\":\"EntryPoint\",\"urlTemplate\":\"https:\/\/www.pressenza.com\/ca\/?s={search_term_string}\"},\"query-input\":{\"@type\":\"PropertyValueSpecification\",\"valueRequired\":true,\"valueName\":\"search_term_string\"}}],\"inLanguage\":\"ca\"},{\"@type\":\"Organization\",\"@id\":\"https:\/\/www.pressenza.com\/ca\/#organization\",\"name\":\"Pressenza\",\"url\":\"https:\/\/www.pressenza.com\/ca\/\",\"logo\":{\"@type\":\"ImageObject\",\"inLanguage\":\"ca\",\"@id\":\"https:\/\/www.pressenza.com\/ca\/#\/schema\/logo\/image\/\",\"url\":\"https:\/\/www.pressenza.com\/wp-content\/uploads\/2022\/10\/pressenza_logo_200x200.jpg\",\"contentUrl\":\"https:\/\/www.pressenza.com\/wp-content\/uploads\/2022\/10\/pressenza_logo_200x200.jpg\",\"width\":200,\"height\":200,\"caption\":\"Pressenza\"},\"image\":{\"@id\":\"https:\/\/www.pressenza.com\/ca\/#\/schema\/logo\/image\/\"},\"sameAs\":[\"https:\/\/www.facebook.com\/PressenzaItalia\",\"https:\/\/x.com\/PressenzaIPA\"]},{\"@type\":\"Person\",\"@id\":\"https:\/\/www.pressenza.com\/ca\/#\/schema\/person\/8abc53b92f3264e0dad4300d54ac73ff\",\"name\":\"Redacci\u00f3n Barcelona\",\"description\":\"News published by the Pressenza bureau in Barcelona, Spain\",\"sameAs\":[\"https:\/\/www.facebook.com\/Pressenza-Espaa-647854795301395\/timeline\/\",\"https:\/\/x.com\/pressenza\"],\"url\":\"https:\/\/www.pressenza.com\/ca\/author\/redaccion-barcelona\/\"}]}<\/script>\n<!-- \/ Yoast SEO plugin. -->","yoast_head_json":{"title":"140 ciutats europees exigeixen a la UE la fi de l\u2019austeritat","description":"Barcelona impulsa amb 140 ciutats europees exigir a la UE la fi de l\u2019austeritat i una major inversi\u00f3 social. El F\u00f2rum d\u2019Afers Socials de la xara","robots":{"index":"index","follow":"follow","max-snippet":"max-snippet:-1","max-image-preview":"max-image-preview:large","max-video-preview":"max-video-preview:-1"},"canonical":"https:\/\/www.pressenza.com\/ca\/2017\/10\/140-ciutats-europees-exigeixen-la-ue-la-fi-de-lausteritat\/","og_locale":"ca_ES","og_type":"article","og_title":"140 ciutats europees exigeixen a la UE la fi de l\u2019austeritat","og_description":"Barcelona impulsa amb 140 ciutats europees exigir a la UE la fi de l\u2019austeritat i una major inversi\u00f3 social. El F\u00f2rum d\u2019Afers Socials de la xara","og_url":"https:\/\/www.pressenza.com\/ca\/2017\/10\/140-ciutats-europees-exigeixen-la-ue-la-fi-de-lausteritat\/","og_site_name":"Pressenza","article_publisher":"https:\/\/www.facebook.com\/PressenzaItalia","article_author":"https:\/\/www.facebook.com\/Pressenza-Espaa-647854795301395\/timeline\/","article_published_time":"2017-10-30T17:01:32+00:00","og_image":[{"width":2048,"height":1536,"url":"https:\/\/www.pressenza.com\/wp-content\/uploads\/2017\/10\/foto-1.jpg","type":"image\/jpeg"}],"author":"Redacci\u00f3n Barcelona","twitter_card":"summary_large_image","twitter_creator":"@pressenza","twitter_site":"@PressenzaIPA","twitter_misc":{"Escrit per":"Redacci\u00f3n Barcelona","Temps estimat de lectura":"4 minuts"},"schema":{"@context":"https:\/\/schema.org","@graph":[{"@type":"Article","@id":"https:\/\/www.pressenza.com\/ca\/2017\/10\/140-ciutats-europees-exigeixen-la-ue-la-fi-de-lausteritat\/#article","isPartOf":{"@id":"https:\/\/www.pressenza.com\/ca\/2017\/10\/140-ciutats-europees-exigeixen-la-ue-la-fi-de-lausteritat\/"},"author":{"name":"Redacci\u00f3n Barcelona","@id":"https:\/\/www.pressenza.com\/ca\/#\/schema\/person\/8abc53b92f3264e0dad4300d54ac73ff"},"headline":"140 ciutats europees exigeixen a la UE la fi de l\u2019austeritat","datePublished":"2017-10-30T17:01:32+00:00","mainEntityOfPage":{"@id":"https:\/\/www.pressenza.com\/ca\/2017\/10\/140-ciutats-europees-exigeixen-la-ue-la-fi-de-lausteritat\/"},"wordCount":843,"publisher":{"@id":"https:\/\/www.pressenza.com\/ca\/#organization"},"image":{"@id":"https:\/\/www.pressenza.com\/ca\/2017\/10\/140-ciutats-europees-exigeixen-la-ue-la-fi-de-lausteritat\/#primaryimage"},"thumbnailUrl":"https:\/\/www.pressenza.com\/wp-content\/uploads\/2017\/10\/foto-1.jpg","articleSection":["Comunicats de premsa","Drets Humans","Europa"],"inLanguage":"ca"},{"@type":"WebPage","@id":"https:\/\/www.pressenza.com\/ca\/2017\/10\/140-ciutats-europees-exigeixen-la-ue-la-fi-de-lausteritat\/","url":"https:\/\/www.pressenza.com\/ca\/2017\/10\/140-ciutats-europees-exigeixen-la-ue-la-fi-de-lausteritat\/","name":"140 ciutats europees exigeixen a la UE la fi de l\u2019austeritat","isPartOf":{"@id":"https:\/\/www.pressenza.com\/ca\/#website"},"primaryImageOfPage":{"@id":"https:\/\/www.pressenza.com\/ca\/2017\/10\/140-ciutats-europees-exigeixen-la-ue-la-fi-de-lausteritat\/#primaryimage"},"image":{"@id":"https:\/\/www.pressenza.com\/ca\/2017\/10\/140-ciutats-europees-exigeixen-la-ue-la-fi-de-lausteritat\/#primaryimage"},"thumbnailUrl":"https:\/\/www.pressenza.com\/wp-content\/uploads\/2017\/10\/foto-1.jpg","datePublished":"2017-10-30T17:01:32+00:00","description":"Barcelona impulsa amb 140 ciutats europees exigir a la UE la fi de l\u2019austeritat i una major inversi\u00f3 social. El F\u00f2rum d\u2019Afers Socials de la xara","breadcrumb":{"@id":"https:\/\/www.pressenza.com\/ca\/2017\/10\/140-ciutats-europees-exigeixen-la-ue-la-fi-de-lausteritat\/#breadcrumb"},"inLanguage":"ca","potentialAction":[{"@type":"ReadAction","target":["https:\/\/www.pressenza.com\/ca\/2017\/10\/140-ciutats-europees-exigeixen-la-ue-la-fi-de-lausteritat\/"]}]},{"@type":"ImageObject","inLanguage":"ca","@id":"https:\/\/www.pressenza.com\/ca\/2017\/10\/140-ciutats-europees-exigeixen-la-ue-la-fi-de-lausteritat\/#primaryimage","url":"https:\/\/www.pressenza.com\/wp-content\/uploads\/2017\/10\/foto-1.jpg","contentUrl":"https:\/\/www.pressenza.com\/wp-content\/uploads\/2017\/10\/foto-1.jpg","width":2048,"height":1536},{"@type":"BreadcrumbList","@id":"https:\/\/www.pressenza.com\/ca\/2017\/10\/140-ciutats-europees-exigeixen-la-ue-la-fi-de-lausteritat\/#breadcrumb","itemListElement":[{"@type":"ListItem","position":1,"name":"Accueil","item":"https:\/\/www.pressenza.com\/ca\/"},{"@type":"ListItem","position":2,"name":"140 ciutats europees exigeixen a la UE la fi de l\u2019austeritat"}]},{"@type":"WebSite","@id":"https:\/\/www.pressenza.com\/ca\/#website","url":"https:\/\/www.pressenza.com\/ca\/","name":"Pressenza","description":"International Press Agency","publisher":{"@id":"https:\/\/www.pressenza.com\/ca\/#organization"},"potentialAction":[{"@type":"SearchAction","target":{"@type":"EntryPoint","urlTemplate":"https:\/\/www.pressenza.com\/ca\/?s={search_term_string}"},"query-input":{"@type":"PropertyValueSpecification","valueRequired":true,"valueName":"search_term_string"}}],"inLanguage":"ca"},{"@type":"Organization","@id":"https:\/\/www.pressenza.com\/ca\/#organization","name":"Pressenza","url":"https:\/\/www.pressenza.com\/ca\/","logo":{"@type":"ImageObject","inLanguage":"ca","@id":"https:\/\/www.pressenza.com\/ca\/#\/schema\/logo\/image\/","url":"https:\/\/www.pressenza.com\/wp-content\/uploads\/2022\/10\/pressenza_logo_200x200.jpg","contentUrl":"https:\/\/www.pressenza.com\/wp-content\/uploads\/2022\/10\/pressenza_logo_200x200.jpg","width":200,"height":200,"caption":"Pressenza"},"image":{"@id":"https:\/\/www.pressenza.com\/ca\/#\/schema\/logo\/image\/"},"sameAs":["https:\/\/www.facebook.com\/PressenzaItalia","https:\/\/x.com\/PressenzaIPA"]},{"@type":"Person","@id":"https:\/\/www.pressenza.com\/ca\/#\/schema\/person\/8abc53b92f3264e0dad4300d54ac73ff","name":"Redacci\u00f3n Barcelona","description":"News published by the Pressenza bureau in Barcelona, Spain","sameAs":["https:\/\/www.facebook.com\/Pressenza-Espaa-647854795301395\/timeline\/","https:\/\/x.com\/pressenza"],"url":"https:\/\/www.pressenza.com\/ca\/author\/redaccion-barcelona\/"}]}},"place":"","original_article_url":"","_links":{"self":[{"href":"https:\/\/www.pressenza.com\/ca\/wp-json\/wp\/v2\/posts\/548353","targetHints":{"allow":["GET"]}}],"collection":[{"href":"https:\/\/www.pressenza.com\/ca\/wp-json\/wp\/v2\/posts"}],"about":[{"href":"https:\/\/www.pressenza.com\/ca\/wp-json\/wp\/v2\/types\/post"}],"author":[{"embeddable":true,"href":"https:\/\/www.pressenza.com\/ca\/wp-json\/wp\/v2\/users\/1122"}],"replies":[{"embeddable":true,"href":"https:\/\/www.pressenza.com\/ca\/wp-json\/wp\/v2\/comments?post=548353"}],"version-history":[{"count":0,"href":"https:\/\/www.pressenza.com\/ca\/wp-json\/wp\/v2\/posts\/548353\/revisions"}],"wp:featuredmedia":[{"embeddable":true,"href":"https:\/\/www.pressenza.com\/ca\/wp-json\/wp\/v2\/media\/548354"}],"wp:attachment":[{"href":"https:\/\/www.pressenza.com\/ca\/wp-json\/wp\/v2\/media?parent=548353"}],"wp:term":[{"taxonomy":"category","embeddable":true,"href":"https:\/\/www.pressenza.com\/ca\/wp-json\/wp\/v2\/categories?post=548353"},{"taxonomy":"post_tag","embeddable":true,"href":"https:\/\/www.pressenza.com\/ca\/wp-json\/wp\/v2\/tags?post=548353"}],"curies":[{"name":"wp","href":"https:\/\/api.w.org\/{rel}","templated":true}]}}