{"id":547224,"date":"2017-10-28T03:27:44","date_gmt":"2017-10-28T02:27:44","guid":{"rendered":"https:\/\/www.pressenza.com\/?p=547224\/"},"modified":"2017-10-28T03:32:56","modified_gmt":"2017-10-28T02:32:56","slug":"declaracio-la-republica-catalana-somni-complert","status":"publish","type":"post","link":"https:\/\/www.pressenza.com\/ca\/2017\/10\/declaracio-la-republica-catalana-somni-complert\/","title":{"rendered":"Declaraci\u00f3 de la Rep\u00fablica catalana: un somni complert"},"content":{"rendered":"<p><strong>Ahir, 27 d&#8217;octubre del 2017, el Parlament de Catalunya va declarar la independ\u00e8ncia. Sabem que \u00e9s una resposta simb\u00f2lica que li queda molt tram per ser tradu\u00efda en una Rep\u00fablica Catalana, per\u00f2 la gravetat de la situaci\u00f3 pol\u00edtica va conduir a l&#8217;acceleraci\u00f3 del proc\u00e9s. Sis hores despr\u00e9s el Govern de Rajoy destitueix al govern catal\u00e0, per\u00f2 convoca eleccions per a desembre.<br \/>\n<\/strong><br \/>\nSe sabia que el risc estava declarat, no anava a ser d&#8217;una altra manera, perqu\u00e8 els dos trens anaven pel mateix carril en adreces oposades. La Plaza Sant Jaume, seu on es troba el Palau de la Generalitat i l&#8217;Ajuntament ha estat una festa d&#8217;alegria desbordant. El somni de generacions de catalans ha vist el seu despertar, i aquesta alegria, conscient o inconscient de la seva implicaci\u00f3 posterior ha de ser escoltada, perqu\u00e8 <strong>l&#8217;alegria d&#8217;un poble es guanya amb accions coherents<\/strong>, i aqu\u00ed la coher\u00e8ncia ha estat la de demanar poder expressar una opini\u00f3, un desig generacional de respecte a una cultura, a un poble, les seves arrels i el seu desig de governar-se independentment d&#8217;institucions imposades i m\u00e9s enll\u00e0 d&#8217;unes lleis no votades pels actuals ciutadans.<br \/>\nLa declaraci\u00f3 s&#8217;ha fet amb la frase: <strong>\u201cLa Rep\u00fablica Catalana es constitueix com a estat independent i sobir\u00e0\u201d<\/strong>, amb 70 vots a favor, 10 en contra i 2 en blanc d&#8217;un total de 135 diputats. <em>\u201cV\u00e9nen temps dif\u00edcils, de tensi\u00f3, per\u00f2 no tenim alternativa\u201d<\/em> declara Marta Rovira, portaveu de Junts pel S\u00ed (coalici\u00f3 d&#8217;independentistes). Rovira ha deixat clara la resposta: <em>\u201cEstem aqu\u00ed per complir el mandat de l&#8217;1 d&#8217;octubre\u2026els ciutadans ens van garantir el pa\u00eds i ara \u00e9s el nostre treball garantir-los l&#8217;Estat\u201d<\/em>. Les seves declaracions han continuat de manera contundent donant el poder al ciutad\u00e0: <strong>\u201cConstruir un estat com ens proposem fer, significa que el poder de l&#8217;Estat no pot estar mai sobre el poder de la gent\u201d.<\/strong><\/p>\n<p>Amb aquestes declaracions i l&#8217;acci\u00f3 del poble catal\u00e0 en les urnes el dia 1 d&#8217;octubre, no queda m\u00e9s que pensar en una futura proposta: les lleis les haur\u00e0 de determinar el poble, els ciutadans, renovant-se concorde a l&#8217;avan\u00e7 dels temps.<\/p>\n<p><iframe loading=\"lazy\" title=\"Independencia Catalunya\" width=\"500\" height=\"281\" src=\"https:\/\/www.youtube.com\/embed\/mvSZCB1G48A?feature=oembed\" frameborder=\"0\" allow=\"accelerometer; autoplay; clipboard-write; encrypted-media; gyroscope; picture-in-picture; web-share\" referrerpolicy=\"strict-origin-when-cross-origin\" allowfullscreen><\/iframe><\/p>\n","protected":false},"excerpt":{"rendered":"<p>Ahir, 27 d&#8217;octubre del 2017, el Parlament de Catalunya va declarar la independ\u00e8ncia. Sabem que \u00e9s una resposta simb\u00f2lica que li queda molt tram per ser tradu\u00efda en una Rep\u00fablica Catalana, per\u00f2 la gravetat de la situaci\u00f3 pol\u00edtica va conduir&hellip;<\/p>\n","protected":false},"author":647,"featured_media":547216,"comment_status":"closed","ping_status":"closed","sticky":false,"template":"","format":"standard","meta":{"footnotes":""},"categories":[35531,35506,35528,35540],"tags":[41369,38463,41310,10027,19707],"class_list":["post-547224","post","type-post","status-publish","format-standard","has-post-thumbnail","hentry","category-contingut-original-ca","category-europa-ca","category-opinions-ca","category-video-ca","tag-27oct","tag-barcelona-ca","tag-catalunya-ca","tag-independencia-catalunya","tag-republica-catalana"],"yoast_head":"<!-- This site is optimized with the Yoast SEO plugin v27.1.1 - https:\/\/yoast.com\/product\/yoast-seo-wordpress\/ -->\n<title>Declaraci\u00f3 de la Rep\u00fablica catalana: un somni complert<\/title>\n<meta name=\"description\" content=\"Ahir, 27 d&#039;octubre del 2017, el Parlament de Catalunya va declarar la independ\u00e8ncia. Sabem que \u00e9s una resposta simb\u00f2lica que li queda molt tram per ser\" \/>\n<meta name=\"robots\" content=\"index, follow, max-snippet:-1, max-image-preview:large, max-video-preview:-1\" \/>\n<link rel=\"canonical\" href=\"https:\/\/www.pressenza.com\/ca\/2017\/10\/declaracio-la-republica-catalana-somni-complert\/\" \/>\n<meta property=\"og:locale\" content=\"ca_ES\" \/>\n<meta property=\"og:type\" content=\"article\" \/>\n<meta property=\"og:title\" content=\"Declaraci\u00f3 de la Rep\u00fablica catalana: un somni complert\" \/>\n<meta property=\"og:description\" content=\"Ahir, 27 d&#039;octubre del 2017, el Parlament de Catalunya va declarar la independ\u00e8ncia. Sabem que \u00e9s una resposta simb\u00f2lica que li queda molt tram per ser\" \/>\n<meta property=\"og:url\" content=\"https:\/\/www.pressenza.com\/ca\/2017\/10\/declaracio-la-republica-catalana-somni-complert\/\" \/>\n<meta property=\"og:site_name\" content=\"Pressenza\" \/>\n<meta property=\"article:publisher\" content=\"https:\/\/www.facebook.com\/PressenzaItalia\" \/>\n<meta property=\"article:published_time\" content=\"2017-10-28T02:27:44+00:00\" \/>\n<meta property=\"article:modified_time\" content=\"2017-10-28T02:32:56+00:00\" \/>\n<meta property=\"og:image\" content=\"https:\/\/www.pressenza.com\/wp-content\/uploads\/2017\/10\/independencia.jpg\" \/>\n\t<meta property=\"og:image:width\" content=\"800\" \/>\n\t<meta property=\"og:image:height\" content=\"600\" \/>\n\t<meta property=\"og:image:type\" content=\"image\/jpeg\" \/>\n<meta name=\"author\" content=\"Raquel Paricio\" \/>\n<meta name=\"twitter:card\" content=\"summary_large_image\" \/>\n<meta name=\"twitter:creator\" content=\"@PressenzaIPA\" \/>\n<meta name=\"twitter:site\" content=\"@PressenzaIPA\" \/>\n<meta name=\"twitter:label1\" content=\"Escrit per\" \/>\n\t<meta name=\"twitter:data1\" content=\"Raquel Paricio\" \/>\n\t<meta name=\"twitter:label2\" content=\"Temps estimat de lectura\" \/>\n\t<meta name=\"twitter:data2\" content=\"2 minuts\" \/>\n<script type=\"application\/ld+json\" class=\"yoast-schema-graph\">{\"@context\":\"https:\/\/schema.org\",\"@graph\":[{\"@type\":\"Article\",\"@id\":\"https:\/\/www.pressenza.com\/ca\/2017\/10\/declaracio-la-republica-catalana-somni-complert\/#article\",\"isPartOf\":{\"@id\":\"https:\/\/www.pressenza.com\/ca\/2017\/10\/declaracio-la-republica-catalana-somni-complert\/\"},\"author\":{\"name\":\"Raquel Paricio\",\"@id\":\"https:\/\/www.pressenza.com\/ca\/#\/schema\/person\/7104466338f7b188aedd367b5e15c977\"},\"headline\":\"Declaraci\u00f3 de la Rep\u00fablica catalana: un somni complert\",\"datePublished\":\"2017-10-28T02:27:44+00:00\",\"dateModified\":\"2017-10-28T02:32:56+00:00\",\"mainEntityOfPage\":{\"@id\":\"https:\/\/www.pressenza.com\/ca\/2017\/10\/declaracio-la-republica-catalana-somni-complert\/\"},\"wordCount\":390,\"publisher\":{\"@id\":\"https:\/\/www.pressenza.com\/ca\/#organization\"},\"image\":{\"@id\":\"https:\/\/www.pressenza.com\/ca\/2017\/10\/declaracio-la-republica-catalana-somni-complert\/#primaryimage\"},\"thumbnailUrl\":\"https:\/\/www.pressenza.com\/wp-content\/uploads\/2017\/10\/independencia.jpg\",\"keywords\":[\"#27Oct\",\"Barcelona\",\"Catalunya\",\"independencia catalunya\",\"Rep\u00fablica Catalana\"],\"articleSection\":[\"Contingut original\",\"Europa\",\"Opinions\",\"Video\"],\"inLanguage\":\"ca\"},{\"@type\":\"WebPage\",\"@id\":\"https:\/\/www.pressenza.com\/ca\/2017\/10\/declaracio-la-republica-catalana-somni-complert\/\",\"url\":\"https:\/\/www.pressenza.com\/ca\/2017\/10\/declaracio-la-republica-catalana-somni-complert\/\",\"name\":\"Declaraci\u00f3 de la Rep\u00fablica catalana: un somni complert\",\"isPartOf\":{\"@id\":\"https:\/\/www.pressenza.com\/ca\/#website\"},\"primaryImageOfPage\":{\"@id\":\"https:\/\/www.pressenza.com\/ca\/2017\/10\/declaracio-la-republica-catalana-somni-complert\/#primaryimage\"},\"image\":{\"@id\":\"https:\/\/www.pressenza.com\/ca\/2017\/10\/declaracio-la-republica-catalana-somni-complert\/#primaryimage\"},\"thumbnailUrl\":\"https:\/\/www.pressenza.com\/wp-content\/uploads\/2017\/10\/independencia.jpg\",\"datePublished\":\"2017-10-28T02:27:44+00:00\",\"dateModified\":\"2017-10-28T02:32:56+00:00\",\"description\":\"Ahir, 27 d'octubre del 2017, el Parlament de Catalunya va declarar la independ\u00e8ncia. Sabem que \u00e9s una resposta simb\u00f2lica que li queda molt tram per ser\",\"breadcrumb\":{\"@id\":\"https:\/\/www.pressenza.com\/ca\/2017\/10\/declaracio-la-republica-catalana-somni-complert\/#breadcrumb\"},\"inLanguage\":\"ca\",\"potentialAction\":[{\"@type\":\"ReadAction\",\"target\":[\"https:\/\/www.pressenza.com\/ca\/2017\/10\/declaracio-la-republica-catalana-somni-complert\/\"]}]},{\"@type\":\"ImageObject\",\"inLanguage\":\"ca\",\"@id\":\"https:\/\/www.pressenza.com\/ca\/2017\/10\/declaracio-la-republica-catalana-somni-complert\/#primaryimage\",\"url\":\"https:\/\/www.pressenza.com\/wp-content\/uploads\/2017\/10\/independencia.jpg\",\"contentUrl\":\"https:\/\/www.pressenza.com\/wp-content\/uploads\/2017\/10\/independencia.jpg\",\"width\":800,\"height\":600},{\"@type\":\"BreadcrumbList\",\"@id\":\"https:\/\/www.pressenza.com\/ca\/2017\/10\/declaracio-la-republica-catalana-somni-complert\/#breadcrumb\",\"itemListElement\":[{\"@type\":\"ListItem\",\"position\":1,\"name\":\"Accueil\",\"item\":\"https:\/\/www.pressenza.com\/ca\/\"},{\"@type\":\"ListItem\",\"position\":2,\"name\":\"Declaraci\u00f3 de la Rep\u00fablica catalana: un somni complert\"}]},{\"@type\":\"WebSite\",\"@id\":\"https:\/\/www.pressenza.com\/ca\/#website\",\"url\":\"https:\/\/www.pressenza.com\/ca\/\",\"name\":\"Pressenza\",\"description\":\"International Press Agency\",\"publisher\":{\"@id\":\"https:\/\/www.pressenza.com\/ca\/#organization\"},\"potentialAction\":[{\"@type\":\"SearchAction\",\"target\":{\"@type\":\"EntryPoint\",\"urlTemplate\":\"https:\/\/www.pressenza.com\/ca\/?s={search_term_string}\"},\"query-input\":{\"@type\":\"PropertyValueSpecification\",\"valueRequired\":true,\"valueName\":\"search_term_string\"}}],\"inLanguage\":\"ca\"},{\"@type\":\"Organization\",\"@id\":\"https:\/\/www.pressenza.com\/ca\/#organization\",\"name\":\"Pressenza\",\"url\":\"https:\/\/www.pressenza.com\/ca\/\",\"logo\":{\"@type\":\"ImageObject\",\"inLanguage\":\"ca\",\"@id\":\"https:\/\/www.pressenza.com\/ca\/#\/schema\/logo\/image\/\",\"url\":\"https:\/\/www.pressenza.com\/wp-content\/uploads\/2022\/10\/pressenza_logo_200x200.jpg\",\"contentUrl\":\"https:\/\/www.pressenza.com\/wp-content\/uploads\/2022\/10\/pressenza_logo_200x200.jpg\",\"width\":200,\"height\":200,\"caption\":\"Pressenza\"},\"image\":{\"@id\":\"https:\/\/www.pressenza.com\/ca\/#\/schema\/logo\/image\/\"},\"sameAs\":[\"https:\/\/www.facebook.com\/PressenzaItalia\",\"https:\/\/x.com\/PressenzaIPA\"]},{\"@type\":\"Person\",\"@id\":\"https:\/\/www.pressenza.com\/ca\/#\/schema\/person\/7104466338f7b188aedd367b5e15c977\",\"name\":\"Raquel Paricio\",\"description\":\"Docente. Artista. Humanista. Doctora en Arte y Tecnolog\u00eda. Investiga en las diferentes escuelas de meditaci\u00f3n de diferentes culturas.\",\"url\":\"https:\/\/www.pressenza.com\/ca\/author\/raquel-paricio\/\"}]}<\/script>\n<!-- \/ Yoast SEO plugin. -->","yoast_head_json":{"title":"Declaraci\u00f3 de la Rep\u00fablica catalana: un somni complert","description":"Ahir, 27 d'octubre del 2017, el Parlament de Catalunya va declarar la independ\u00e8ncia. Sabem que \u00e9s una resposta simb\u00f2lica que li queda molt tram per ser","robots":{"index":"index","follow":"follow","max-snippet":"max-snippet:-1","max-image-preview":"max-image-preview:large","max-video-preview":"max-video-preview:-1"},"canonical":"https:\/\/www.pressenza.com\/ca\/2017\/10\/declaracio-la-republica-catalana-somni-complert\/","og_locale":"ca_ES","og_type":"article","og_title":"Declaraci\u00f3 de la Rep\u00fablica catalana: un somni complert","og_description":"Ahir, 27 d'octubre del 2017, el Parlament de Catalunya va declarar la independ\u00e8ncia. Sabem que \u00e9s una resposta simb\u00f2lica que li queda molt tram per ser","og_url":"https:\/\/www.pressenza.com\/ca\/2017\/10\/declaracio-la-republica-catalana-somni-complert\/","og_site_name":"Pressenza","article_publisher":"https:\/\/www.facebook.com\/PressenzaItalia","article_published_time":"2017-10-28T02:27:44+00:00","article_modified_time":"2017-10-28T02:32:56+00:00","og_image":[{"width":800,"height":600,"url":"https:\/\/www.pressenza.com\/wp-content\/uploads\/2017\/10\/independencia.jpg","type":"image\/jpeg"}],"author":"Raquel Paricio","twitter_card":"summary_large_image","twitter_creator":"@PressenzaIPA","twitter_site":"@PressenzaIPA","twitter_misc":{"Escrit per":"Raquel Paricio","Temps estimat de lectura":"2 minuts"},"schema":{"@context":"https:\/\/schema.org","@graph":[{"@type":"Article","@id":"https:\/\/www.pressenza.com\/ca\/2017\/10\/declaracio-la-republica-catalana-somni-complert\/#article","isPartOf":{"@id":"https:\/\/www.pressenza.com\/ca\/2017\/10\/declaracio-la-republica-catalana-somni-complert\/"},"author":{"name":"Raquel Paricio","@id":"https:\/\/www.pressenza.com\/ca\/#\/schema\/person\/7104466338f7b188aedd367b5e15c977"},"headline":"Declaraci\u00f3 de la Rep\u00fablica catalana: un somni complert","datePublished":"2017-10-28T02:27:44+00:00","dateModified":"2017-10-28T02:32:56+00:00","mainEntityOfPage":{"@id":"https:\/\/www.pressenza.com\/ca\/2017\/10\/declaracio-la-republica-catalana-somni-complert\/"},"wordCount":390,"publisher":{"@id":"https:\/\/www.pressenza.com\/ca\/#organization"},"image":{"@id":"https:\/\/www.pressenza.com\/ca\/2017\/10\/declaracio-la-republica-catalana-somni-complert\/#primaryimage"},"thumbnailUrl":"https:\/\/www.pressenza.com\/wp-content\/uploads\/2017\/10\/independencia.jpg","keywords":["#27Oct","Barcelona","Catalunya","independencia catalunya","Rep\u00fablica Catalana"],"articleSection":["Contingut original","Europa","Opinions","Video"],"inLanguage":"ca"},{"@type":"WebPage","@id":"https:\/\/www.pressenza.com\/ca\/2017\/10\/declaracio-la-republica-catalana-somni-complert\/","url":"https:\/\/www.pressenza.com\/ca\/2017\/10\/declaracio-la-republica-catalana-somni-complert\/","name":"Declaraci\u00f3 de la Rep\u00fablica catalana: un somni complert","isPartOf":{"@id":"https:\/\/www.pressenza.com\/ca\/#website"},"primaryImageOfPage":{"@id":"https:\/\/www.pressenza.com\/ca\/2017\/10\/declaracio-la-republica-catalana-somni-complert\/#primaryimage"},"image":{"@id":"https:\/\/www.pressenza.com\/ca\/2017\/10\/declaracio-la-republica-catalana-somni-complert\/#primaryimage"},"thumbnailUrl":"https:\/\/www.pressenza.com\/wp-content\/uploads\/2017\/10\/independencia.jpg","datePublished":"2017-10-28T02:27:44+00:00","dateModified":"2017-10-28T02:32:56+00:00","description":"Ahir, 27 d'octubre del 2017, el Parlament de Catalunya va declarar la independ\u00e8ncia. Sabem que \u00e9s una resposta simb\u00f2lica que li queda molt tram per ser","breadcrumb":{"@id":"https:\/\/www.pressenza.com\/ca\/2017\/10\/declaracio-la-republica-catalana-somni-complert\/#breadcrumb"},"inLanguage":"ca","potentialAction":[{"@type":"ReadAction","target":["https:\/\/www.pressenza.com\/ca\/2017\/10\/declaracio-la-republica-catalana-somni-complert\/"]}]},{"@type":"ImageObject","inLanguage":"ca","@id":"https:\/\/www.pressenza.com\/ca\/2017\/10\/declaracio-la-republica-catalana-somni-complert\/#primaryimage","url":"https:\/\/www.pressenza.com\/wp-content\/uploads\/2017\/10\/independencia.jpg","contentUrl":"https:\/\/www.pressenza.com\/wp-content\/uploads\/2017\/10\/independencia.jpg","width":800,"height":600},{"@type":"BreadcrumbList","@id":"https:\/\/www.pressenza.com\/ca\/2017\/10\/declaracio-la-republica-catalana-somni-complert\/#breadcrumb","itemListElement":[{"@type":"ListItem","position":1,"name":"Accueil","item":"https:\/\/www.pressenza.com\/ca\/"},{"@type":"ListItem","position":2,"name":"Declaraci\u00f3 de la Rep\u00fablica catalana: un somni complert"}]},{"@type":"WebSite","@id":"https:\/\/www.pressenza.com\/ca\/#website","url":"https:\/\/www.pressenza.com\/ca\/","name":"Pressenza","description":"International Press Agency","publisher":{"@id":"https:\/\/www.pressenza.com\/ca\/#organization"},"potentialAction":[{"@type":"SearchAction","target":{"@type":"EntryPoint","urlTemplate":"https:\/\/www.pressenza.com\/ca\/?s={search_term_string}"},"query-input":{"@type":"PropertyValueSpecification","valueRequired":true,"valueName":"search_term_string"}}],"inLanguage":"ca"},{"@type":"Organization","@id":"https:\/\/www.pressenza.com\/ca\/#organization","name":"Pressenza","url":"https:\/\/www.pressenza.com\/ca\/","logo":{"@type":"ImageObject","inLanguage":"ca","@id":"https:\/\/www.pressenza.com\/ca\/#\/schema\/logo\/image\/","url":"https:\/\/www.pressenza.com\/wp-content\/uploads\/2022\/10\/pressenza_logo_200x200.jpg","contentUrl":"https:\/\/www.pressenza.com\/wp-content\/uploads\/2022\/10\/pressenza_logo_200x200.jpg","width":200,"height":200,"caption":"Pressenza"},"image":{"@id":"https:\/\/www.pressenza.com\/ca\/#\/schema\/logo\/image\/"},"sameAs":["https:\/\/www.facebook.com\/PressenzaItalia","https:\/\/x.com\/PressenzaIPA"]},{"@type":"Person","@id":"https:\/\/www.pressenza.com\/ca\/#\/schema\/person\/7104466338f7b188aedd367b5e15c977","name":"Raquel Paricio","description":"Docente. Artista. Humanista. Doctora en Arte y Tecnolog\u00eda. Investiga en las diferentes escuelas de meditaci\u00f3n de diferentes culturas.","url":"https:\/\/www.pressenza.com\/ca\/author\/raquel-paricio\/"}]}},"place":"","original_article_url":"","_links":{"self":[{"href":"https:\/\/www.pressenza.com\/ca\/wp-json\/wp\/v2\/posts\/547224","targetHints":{"allow":["GET"]}}],"collection":[{"href":"https:\/\/www.pressenza.com\/ca\/wp-json\/wp\/v2\/posts"}],"about":[{"href":"https:\/\/www.pressenza.com\/ca\/wp-json\/wp\/v2\/types\/post"}],"author":[{"embeddable":true,"href":"https:\/\/www.pressenza.com\/ca\/wp-json\/wp\/v2\/users\/647"}],"replies":[{"embeddable":true,"href":"https:\/\/www.pressenza.com\/ca\/wp-json\/wp\/v2\/comments?post=547224"}],"version-history":[{"count":0,"href":"https:\/\/www.pressenza.com\/ca\/wp-json\/wp\/v2\/posts\/547224\/revisions"}],"wp:featuredmedia":[{"embeddable":true,"href":"https:\/\/www.pressenza.com\/ca\/wp-json\/wp\/v2\/media\/547216"}],"wp:attachment":[{"href":"https:\/\/www.pressenza.com\/ca\/wp-json\/wp\/v2\/media?parent=547224"}],"wp:term":[{"taxonomy":"category","embeddable":true,"href":"https:\/\/www.pressenza.com\/ca\/wp-json\/wp\/v2\/categories?post=547224"},{"taxonomy":"post_tag","embeddable":true,"href":"https:\/\/www.pressenza.com\/ca\/wp-json\/wp\/v2\/tags?post=547224"}],"curies":[{"name":"wp","href":"https:\/\/api.w.org\/{rel}","templated":true}]}}