{"id":531910,"date":"2017-10-04T22:47:02","date_gmt":"2017-10-04T21:47:02","guid":{"rendered":"https:\/\/www.pressenza.com\/?p=531910\/"},"modified":"2017-10-04T22:47:02","modified_gmt":"2017-10-04T21:47:02","slug":"vagi-sen-magestat","status":"publish","type":"post","link":"https:\/\/www.pressenza.com\/ca\/2017\/10\/vagi-sen-magestat\/","title":{"rendered":"Vagi-se&#8217;n Magestat!"},"content":{"rendered":"<p><strong>Carta oberta a Felipe VI<br \/>\n<\/strong><br \/>\nLi tractar\u00e9 amb el respecte que vost\u00e8 ens ha negat; l&#8217;\u00faltima vegada ahir amb un discurs en el qual es va oblidar de les v\u00edctimes i va tirar m\u00e9s llenya al foc, alimentant els b\u00e0ndols i el conflicte.<\/p>\n<p>Li dir\u00e9 algunes de les raons per les quals la instituci\u00f3 que representa ha de desapar\u00e8ixer i vost\u00e8 ha de dimitir i dedicar-se a altres funcions. I no les explicar\u00e9 totes perqu\u00e8 no tindria suficient amb un llibre, nom\u00e9s parlar\u00e9 de certs aspectes i d&#8217;algunes raons \u00f2bvies.<\/p>\n<p><strong>Alguns pocs motius de per qu\u00e8 vost\u00e8 ha d&#8217;anar-se\u2019n:<\/strong><br \/>\n<strong>Senyor, vost\u00e8 ha d&#8217;anar-se\u2019n<\/strong> perqu\u00e8 lidera una <strong>instituci\u00f3 obsoleta<\/strong> que ve de l&#8217;Edat Mitjana i que \u00e9s inacceptable en ple segle XXI. Com s&#8217;atreveix, per cert, a parlar i intentar donar lli\u00e7ons de democr\u00e0cia quan vost\u00e8 est\u00e0 on est\u00e0 i viu com viu perqu\u00e8 va n\u00e9ixer fill i n\u00e9t de\u2026? Qui li ha triat a vost\u00e8?<\/p>\n<p><strong>Senyor, vost\u00e8 ha d&#8217;anar-se\u2019n<\/strong> perqu\u00e8 el seu \u201cmanteniment\u201d genera major<strong> desigualtat econ\u00f2mica<\/strong>, i per tant social, entre els espanyols. Quantes persones podrien viure al nostre pa\u00eds amb el pressupost destinat a la seva fam\u00edlia cada any -7,800 milions d&#8217;euros-? Sap que el seu pressupost \u00e9s igual al que cobren 920 pensionistes que viuen amb la pensi\u00f3 m\u00ednima, o que \u00e9s el mateix que cobren prop de 800 treballadors als quals se&#8217;ls reconegui el salari m\u00ednim interprofessional&#8230; que molts no arriben a aix\u00f2? Tal vegada cregui que vost\u00e8 t\u00e9 m\u00e9s drets que ells.<\/p>\n<p>Si fos el cas, \u00e9s un motiu m\u00e9s perqu\u00e8 es vagi. Aquesta creen\u00e7a no t\u00e9 lloc en el futur que la gent del carrer, normal, pac\u00edfica, volem construir per a nosaltres i els nostres fills: un futur amb iguals drets i iguals oportunitats per a tots.<\/p>\n<p><strong>Senyor, vost\u00e8 ha d&#8217;anar-se\u00b4n<\/strong> perqu\u00e8 representa la <strong>corrupci\u00f3<\/strong>. La instituci\u00f3 que encap\u00e7ala est\u00e0 relacionada amb no pocs casos de corrupcions que han perjudicat greument i de diferents maneres a tots els espanyols. Li recordo els casos?<\/p>\n<p><strong>Senyor, vost\u00e8 ha d&#8217;anar-se\u2019n<\/strong> perqu\u00e8 representa la <strong>injust\u00edcia<\/strong>. Podria explicar-li-ho des de molts angles per\u00f2 relacionat amb el punt anterior, li recordo que des de la Casa Real es va moure tot perqu\u00e8 la seva germana i el seu cunyat, tots dos estafadors p\u00fablics, quedessin finalment al carrer; la seva germana, fins i tot sense c\u00e0rrecs. No em dir\u00e0 que aix\u00f2 \u00e9s just o que la just\u00edcia \u00e9s igual per tots i, per tant, justa?<\/p>\n<p><strong>Senyor, vost\u00e8 ha d&#8217;anar-se\u2019n<\/strong> perqu\u00e8 t\u00e9 <strong>relacions d&#8217;amistat<\/strong>, i no sabem si tamb\u00e9 en altres camps relacionats amb els negocis, amb governs que compren <strong>armes<\/strong> a Espanya per finan\u00e7ar grups terroristes i envair i desestabilitzar a altres pa\u00efsos i altres pobles.<\/p>\n<p><strong>Senyor, vost\u00e8 ha d&#8217;anar-se\u2019n<\/strong> perqu\u00e8 representa <strong>l&#8217;opacitat<\/strong> m\u00e9s opaca. Per qu\u00e8 els seus comptes, que paguem tots els espanyols, no poden ser p\u00fablics? Vost\u00e8 i la seva fam\u00edlia, m\u00e9s que cap altre espanyol haurien de ser transparents.<\/p>\n<p><strong>Senyor, vost\u00e8 ha d&#8217;anar-se\u2019n<\/strong> perqu\u00e8 es posa <strong>del costat del botx\u00ed<\/strong> i s&#8217;oblida de les v\u00edctimes; i en aquest exercici irresponsable nom\u00e9s parla a una part dels espanyols, als quals ni tan sols valora encara que ells ho creguin. Sembla que parla nom\u00e9s als qui poden defensar la seva butaca i la seva corona, anit ho va demostrar una vegada m\u00e9s. Ens preguntem per qu\u00e8 no va parlar quan es va signar l&#8217;article 135 d&#8217;amagat, posant als interessos del gran capital per davant de tota la poblaci\u00f3 espanyola; quan es privatitzava la sanitat; quan es lliurava els diners de les pensions als bancs\u2026? Ser\u00e0 que t\u00e9 interessos comuns amb els qui han dut a terme tals desprop\u00f2sits?<\/p>\n<p><strong>Senyor, vost\u00e8 ha d&#8217;anar-se\u2019n<\/strong> perqu\u00e8 no t\u00e9 cap respecte per les <strong>institucions<\/strong> encara que t\u00e9 la no vergonya d&#8217;apel\u00b7lar a elles. Les institucions haurien d&#8217;estar conformades pel poble i per al poble. Ja en els punts anteriors, li he comentat alguns dels moments en els quals vost\u00e8 o la seva fam\u00edlia les han prostitu\u00eft.<\/p>\n<p>S\u00f3n tantes causes les que em porten a demanar-li que es vagi\u2026 per\u00f2 l&#8217;espai \u00e9s limitat.<\/p>\n<p>Nom\u00e9s recordar-li, finalment, que ja va haver d&#8217;abdicar el seu pare pels\u00a0 \u201cfregats\u201d en els quals estava ficat, apareixent vost\u00e8 com a salvador de la seva \u201ccasa\u201d i com el capdavanter de l&#8217;honestedat, el nou\u2026 Li agraeixo que\u00a0 no s&#8217;atrev\u00eds a demanar al govern que convoqu\u00e9s un refer\u00e8ndum per comptar amb el recol\u00e7ament del poble espanyol al seu mandat \u2013tal vegada, en aquest cas, hagu\u00e9s tingut avui una mica m\u00e9s de suport moral-, per\u00f2 no ho va fer i ha anat cometent errors que li han deixat al descobert.<\/p>\n<p>Anit amb el <strong>seu discurs<\/strong>, va comen\u00e7ar a \u201ccavar la seva pr\u00f2pia tomba\u201d. No desitjo que es mori; de cap manera. La seva fam\u00edlia encara li necessita i a m\u00e9s <strong>ha de viure<\/strong> per poder <strong>rescabalar de tot el que legal per\u00f2 no leg\u00edtimament ha \u201cpres\u201d de la poblaci\u00f3 espanyola<\/strong>. Fixi&#8217;s que li dono el benefici del dubte, que vost\u00e8 no ha participat en aquestes operacions il\u00b7legals que tanta pobresa i desigualtat social ens han portat i que tan en el punt de mira dels terroristes ens han posat.<br \/>\nPer finalitzar, li declaro que crec profundament en la rehabilitaci\u00f3 de tot \u00e9sser hum\u00e0, incl\u00f2s vost\u00e8. Aix\u00f2 em porta a demanar-li: <strong>Vagi-se\u2019n, Majestat!<\/strong><\/p>\n","protected":false},"excerpt":{"rendered":"<p>Carta oberta a Felipe VI Li tractar\u00e9 amb el respecte que vost\u00e8 ens ha negat; l&#8217;\u00faltima vegada ahir amb un discurs en el qual es va oblidar de les v\u00edctimes i va tirar m\u00e9s llenya al foc, alimentant els b\u00e0ndols&hellip;<\/p>\n","protected":false},"author":188,"featured_media":531714,"comment_status":"closed","ping_status":"closed","sticky":false,"template":"","format":"standard","meta":{"footnotes":""},"categories":[35531,32516,35528,35524],"tags":[40612,40721,555,556],"class_list":["post-531910","post","type-post","status-publish","format-standard","has-post-thumbnail","hentry","category-contingut-original-ca","category-internacional-ca","category-opinions-ca","category-politica-ca","tag-catalanreferendum","tag-rey","tag-catalunya","tag-reino-de-espana"],"yoast_head":"<!-- This site is optimized with the Yoast SEO plugin v27.1.1 - https:\/\/yoast.com\/product\/yoast-seo-wordpress\/ -->\n<title>Vagi-se&#039;n Magestat!<\/title>\n<meta name=\"description\" content=\"Carta oberta a Felipe VI Li tractar\u00e9 amb el respecte que vost\u00e8 ens ha negat; l&#039;\u00faltima vegada ahir amb un discurs en el qual es va oblidar de les v\u00edctimes\" \/>\n<meta name=\"robots\" content=\"index, follow, max-snippet:-1, max-image-preview:large, max-video-preview:-1\" \/>\n<link rel=\"canonical\" href=\"https:\/\/www.pressenza.com\/ca\/2017\/10\/vagi-sen-magestat\/\" \/>\n<meta property=\"og:locale\" content=\"ca_ES\" \/>\n<meta property=\"og:type\" content=\"article\" \/>\n<meta property=\"og:title\" content=\"Vagi-se&#039;n Magestat!\" \/>\n<meta property=\"og:description\" content=\"Carta oberta a Felipe VI Li tractar\u00e9 amb el respecte que vost\u00e8 ens ha negat; l&#039;\u00faltima vegada ahir amb un discurs en el qual es va oblidar de les v\u00edctimes\" \/>\n<meta property=\"og:url\" content=\"https:\/\/www.pressenza.com\/ca\/2017\/10\/vagi-sen-magestat\/\" \/>\n<meta property=\"og:site_name\" content=\"Pressenza\" \/>\n<meta property=\"article:publisher\" content=\"https:\/\/www.facebook.com\/PressenzaItalia\" \/>\n<meta property=\"article:published_time\" content=\"2017-10-04T21:47:02+00:00\" \/>\n<meta property=\"og:image\" content=\"https:\/\/www.pressenza.com\/wp-content\/uploads\/2017\/10\/Felipe-VI-Foto-Casa-Real_EDIIMA20171003_0978_20.jpg\" \/>\n\t<meta property=\"og:image:width\" content=\"643\" \/>\n\t<meta property=\"og:image:height\" content=\"362\" \/>\n\t<meta property=\"og:image:type\" content=\"image\/jpeg\" \/>\n<meta name=\"author\" content=\"Gabriela Amaya\" \/>\n<meta name=\"twitter:card\" content=\"summary_large_image\" \/>\n<meta name=\"twitter:creator\" content=\"@PressenzaIPA\" \/>\n<meta name=\"twitter:site\" content=\"@PressenzaIPA\" \/>\n<meta name=\"twitter:label1\" content=\"Escrit per\" \/>\n\t<meta name=\"twitter:data1\" content=\"Gabriela Amaya\" \/>\n\t<meta name=\"twitter:label2\" content=\"Temps estimat de lectura\" \/>\n\t<meta name=\"twitter:data2\" content=\"5 minuts\" \/>\n<script type=\"application\/ld+json\" class=\"yoast-schema-graph\">{\"@context\":\"https:\/\/schema.org\",\"@graph\":[{\"@type\":\"Article\",\"@id\":\"https:\/\/www.pressenza.com\/ca\/2017\/10\/vagi-sen-magestat\/#article\",\"isPartOf\":{\"@id\":\"https:\/\/www.pressenza.com\/ca\/2017\/10\/vagi-sen-magestat\/\"},\"author\":{\"name\":\"Gabriela Amaya\",\"@id\":\"https:\/\/www.pressenza.com\/ca\/#\/schema\/person\/725d47ccbea4c7854f7dd4011b6670b9\"},\"headline\":\"Vagi-se&#8217;n Magestat!\",\"datePublished\":\"2017-10-04T21:47:02+00:00\",\"mainEntityOfPage\":{\"@id\":\"https:\/\/www.pressenza.com\/ca\/2017\/10\/vagi-sen-magestat\/\"},\"wordCount\":959,\"publisher\":{\"@id\":\"https:\/\/www.pressenza.com\/ca\/#organization\"},\"image\":{\"@id\":\"https:\/\/www.pressenza.com\/ca\/2017\/10\/vagi-sen-magestat\/#primaryimage\"},\"thumbnailUrl\":\"https:\/\/www.pressenza.com\/wp-content\/uploads\/2017\/10\/Felipe-VI-Foto-Casa-Real_EDIIMA20171003_0978_20.jpg\",\"keywords\":[\"#CatalanReferendum\",\"#Rey\",\"Catalunya\",\"Reino de Espa\u00f1a\"],\"articleSection\":[\"Contingut original\",\"Internacional\",\"Opinions\",\"Pol\u00edtica\"],\"inLanguage\":\"ca\"},{\"@type\":\"WebPage\",\"@id\":\"https:\/\/www.pressenza.com\/ca\/2017\/10\/vagi-sen-magestat\/\",\"url\":\"https:\/\/www.pressenza.com\/ca\/2017\/10\/vagi-sen-magestat\/\",\"name\":\"Vagi-se'n Magestat!\",\"isPartOf\":{\"@id\":\"https:\/\/www.pressenza.com\/ca\/#website\"},\"primaryImageOfPage\":{\"@id\":\"https:\/\/www.pressenza.com\/ca\/2017\/10\/vagi-sen-magestat\/#primaryimage\"},\"image\":{\"@id\":\"https:\/\/www.pressenza.com\/ca\/2017\/10\/vagi-sen-magestat\/#primaryimage\"},\"thumbnailUrl\":\"https:\/\/www.pressenza.com\/wp-content\/uploads\/2017\/10\/Felipe-VI-Foto-Casa-Real_EDIIMA20171003_0978_20.jpg\",\"datePublished\":\"2017-10-04T21:47:02+00:00\",\"description\":\"Carta oberta a Felipe VI Li tractar\u00e9 amb el respecte que vost\u00e8 ens ha negat; l'\u00faltima vegada ahir amb un discurs en el qual es va oblidar de les v\u00edctimes\",\"breadcrumb\":{\"@id\":\"https:\/\/www.pressenza.com\/ca\/2017\/10\/vagi-sen-magestat\/#breadcrumb\"},\"inLanguage\":\"ca\",\"potentialAction\":[{\"@type\":\"ReadAction\",\"target\":[\"https:\/\/www.pressenza.com\/ca\/2017\/10\/vagi-sen-magestat\/\"]}]},{\"@type\":\"ImageObject\",\"inLanguage\":\"ca\",\"@id\":\"https:\/\/www.pressenza.com\/ca\/2017\/10\/vagi-sen-magestat\/#primaryimage\",\"url\":\"https:\/\/www.pressenza.com\/wp-content\/uploads\/2017\/10\/Felipe-VI-Foto-Casa-Real_EDIIMA20171003_0978_20.jpg\",\"contentUrl\":\"https:\/\/www.pressenza.com\/wp-content\/uploads\/2017\/10\/Felipe-VI-Foto-Casa-Real_EDIIMA20171003_0978_20.jpg\",\"width\":643,\"height\":362},{\"@type\":\"BreadcrumbList\",\"@id\":\"https:\/\/www.pressenza.com\/ca\/2017\/10\/vagi-sen-magestat\/#breadcrumb\",\"itemListElement\":[{\"@type\":\"ListItem\",\"position\":1,\"name\":\"Accueil\",\"item\":\"https:\/\/www.pressenza.com\/ca\/\"},{\"@type\":\"ListItem\",\"position\":2,\"name\":\"Vagi-se&#8217;n Magestat!\"}]},{\"@type\":\"WebSite\",\"@id\":\"https:\/\/www.pressenza.com\/ca\/#website\",\"url\":\"https:\/\/www.pressenza.com\/ca\/\",\"name\":\"Pressenza\",\"description\":\"International Press Agency\",\"publisher\":{\"@id\":\"https:\/\/www.pressenza.com\/ca\/#organization\"},\"potentialAction\":[{\"@type\":\"SearchAction\",\"target\":{\"@type\":\"EntryPoint\",\"urlTemplate\":\"https:\/\/www.pressenza.com\/ca\/?s={search_term_string}\"},\"query-input\":{\"@type\":\"PropertyValueSpecification\",\"valueRequired\":true,\"valueName\":\"search_term_string\"}}],\"inLanguage\":\"ca\"},{\"@type\":\"Organization\",\"@id\":\"https:\/\/www.pressenza.com\/ca\/#organization\",\"name\":\"Pressenza\",\"url\":\"https:\/\/www.pressenza.com\/ca\/\",\"logo\":{\"@type\":\"ImageObject\",\"inLanguage\":\"ca\",\"@id\":\"https:\/\/www.pressenza.com\/ca\/#\/schema\/logo\/image\/\",\"url\":\"https:\/\/www.pressenza.com\/wp-content\/uploads\/2022\/10\/pressenza_logo_200x200.jpg\",\"contentUrl\":\"https:\/\/www.pressenza.com\/wp-content\/uploads\/2022\/10\/pressenza_logo_200x200.jpg\",\"width\":200,\"height\":200,\"caption\":\"Pressenza\"},\"image\":{\"@id\":\"https:\/\/www.pressenza.com\/ca\/#\/schema\/logo\/image\/\"},\"sameAs\":[\"https:\/\/www.facebook.com\/PressenzaItalia\",\"https:\/\/x.com\/PressenzaIPA\"]},{\"@type\":\"Person\",\"@id\":\"https:\/\/www.pressenza.com\/ca\/#\/schema\/person\/725d47ccbea4c7854f7dd4011b6670b9\",\"name\":\"Gabriela Amaya\",\"description\":\"Editor in Spanish, Gabriel Amaya has worked in radio and written press and years ago decided to develop her journalistic work as a professional volunteer at the service of peace and nonviolence. She is also involved with different collectives and platforms which she supports with her journalism.\",\"url\":\"https:\/\/www.pressenza.com\/ca\/author\/gabriela-amaya\/\"}]}<\/script>\n<!-- \/ Yoast SEO plugin. -->","yoast_head_json":{"title":"Vagi-se'n Magestat!","description":"Carta oberta a Felipe VI Li tractar\u00e9 amb el respecte que vost\u00e8 ens ha negat; l'\u00faltima vegada ahir amb un discurs en el qual es va oblidar de les v\u00edctimes","robots":{"index":"index","follow":"follow","max-snippet":"max-snippet:-1","max-image-preview":"max-image-preview:large","max-video-preview":"max-video-preview:-1"},"canonical":"https:\/\/www.pressenza.com\/ca\/2017\/10\/vagi-sen-magestat\/","og_locale":"ca_ES","og_type":"article","og_title":"Vagi-se'n Magestat!","og_description":"Carta oberta a Felipe VI Li tractar\u00e9 amb el respecte que vost\u00e8 ens ha negat; l'\u00faltima vegada ahir amb un discurs en el qual es va oblidar de les v\u00edctimes","og_url":"https:\/\/www.pressenza.com\/ca\/2017\/10\/vagi-sen-magestat\/","og_site_name":"Pressenza","article_publisher":"https:\/\/www.facebook.com\/PressenzaItalia","article_published_time":"2017-10-04T21:47:02+00:00","og_image":[{"width":643,"height":362,"url":"https:\/\/www.pressenza.com\/wp-content\/uploads\/2017\/10\/Felipe-VI-Foto-Casa-Real_EDIIMA20171003_0978_20.jpg","type":"image\/jpeg"}],"author":"Gabriela Amaya","twitter_card":"summary_large_image","twitter_creator":"@PressenzaIPA","twitter_site":"@PressenzaIPA","twitter_misc":{"Escrit per":"Gabriela Amaya","Temps estimat de lectura":"5 minuts"},"schema":{"@context":"https:\/\/schema.org","@graph":[{"@type":"Article","@id":"https:\/\/www.pressenza.com\/ca\/2017\/10\/vagi-sen-magestat\/#article","isPartOf":{"@id":"https:\/\/www.pressenza.com\/ca\/2017\/10\/vagi-sen-magestat\/"},"author":{"name":"Gabriela Amaya","@id":"https:\/\/www.pressenza.com\/ca\/#\/schema\/person\/725d47ccbea4c7854f7dd4011b6670b9"},"headline":"Vagi-se&#8217;n Magestat!","datePublished":"2017-10-04T21:47:02+00:00","mainEntityOfPage":{"@id":"https:\/\/www.pressenza.com\/ca\/2017\/10\/vagi-sen-magestat\/"},"wordCount":959,"publisher":{"@id":"https:\/\/www.pressenza.com\/ca\/#organization"},"image":{"@id":"https:\/\/www.pressenza.com\/ca\/2017\/10\/vagi-sen-magestat\/#primaryimage"},"thumbnailUrl":"https:\/\/www.pressenza.com\/wp-content\/uploads\/2017\/10\/Felipe-VI-Foto-Casa-Real_EDIIMA20171003_0978_20.jpg","keywords":["#CatalanReferendum","#Rey","Catalunya","Reino de Espa\u00f1a"],"articleSection":["Contingut original","Internacional","Opinions","Pol\u00edtica"],"inLanguage":"ca"},{"@type":"WebPage","@id":"https:\/\/www.pressenza.com\/ca\/2017\/10\/vagi-sen-magestat\/","url":"https:\/\/www.pressenza.com\/ca\/2017\/10\/vagi-sen-magestat\/","name":"Vagi-se'n Magestat!","isPartOf":{"@id":"https:\/\/www.pressenza.com\/ca\/#website"},"primaryImageOfPage":{"@id":"https:\/\/www.pressenza.com\/ca\/2017\/10\/vagi-sen-magestat\/#primaryimage"},"image":{"@id":"https:\/\/www.pressenza.com\/ca\/2017\/10\/vagi-sen-magestat\/#primaryimage"},"thumbnailUrl":"https:\/\/www.pressenza.com\/wp-content\/uploads\/2017\/10\/Felipe-VI-Foto-Casa-Real_EDIIMA20171003_0978_20.jpg","datePublished":"2017-10-04T21:47:02+00:00","description":"Carta oberta a Felipe VI Li tractar\u00e9 amb el respecte que vost\u00e8 ens ha negat; l'\u00faltima vegada ahir amb un discurs en el qual es va oblidar de les v\u00edctimes","breadcrumb":{"@id":"https:\/\/www.pressenza.com\/ca\/2017\/10\/vagi-sen-magestat\/#breadcrumb"},"inLanguage":"ca","potentialAction":[{"@type":"ReadAction","target":["https:\/\/www.pressenza.com\/ca\/2017\/10\/vagi-sen-magestat\/"]}]},{"@type":"ImageObject","inLanguage":"ca","@id":"https:\/\/www.pressenza.com\/ca\/2017\/10\/vagi-sen-magestat\/#primaryimage","url":"https:\/\/www.pressenza.com\/wp-content\/uploads\/2017\/10\/Felipe-VI-Foto-Casa-Real_EDIIMA20171003_0978_20.jpg","contentUrl":"https:\/\/www.pressenza.com\/wp-content\/uploads\/2017\/10\/Felipe-VI-Foto-Casa-Real_EDIIMA20171003_0978_20.jpg","width":643,"height":362},{"@type":"BreadcrumbList","@id":"https:\/\/www.pressenza.com\/ca\/2017\/10\/vagi-sen-magestat\/#breadcrumb","itemListElement":[{"@type":"ListItem","position":1,"name":"Accueil","item":"https:\/\/www.pressenza.com\/ca\/"},{"@type":"ListItem","position":2,"name":"Vagi-se&#8217;n Magestat!"}]},{"@type":"WebSite","@id":"https:\/\/www.pressenza.com\/ca\/#website","url":"https:\/\/www.pressenza.com\/ca\/","name":"Pressenza","description":"International Press Agency","publisher":{"@id":"https:\/\/www.pressenza.com\/ca\/#organization"},"potentialAction":[{"@type":"SearchAction","target":{"@type":"EntryPoint","urlTemplate":"https:\/\/www.pressenza.com\/ca\/?s={search_term_string}"},"query-input":{"@type":"PropertyValueSpecification","valueRequired":true,"valueName":"search_term_string"}}],"inLanguage":"ca"},{"@type":"Organization","@id":"https:\/\/www.pressenza.com\/ca\/#organization","name":"Pressenza","url":"https:\/\/www.pressenza.com\/ca\/","logo":{"@type":"ImageObject","inLanguage":"ca","@id":"https:\/\/www.pressenza.com\/ca\/#\/schema\/logo\/image\/","url":"https:\/\/www.pressenza.com\/wp-content\/uploads\/2022\/10\/pressenza_logo_200x200.jpg","contentUrl":"https:\/\/www.pressenza.com\/wp-content\/uploads\/2022\/10\/pressenza_logo_200x200.jpg","width":200,"height":200,"caption":"Pressenza"},"image":{"@id":"https:\/\/www.pressenza.com\/ca\/#\/schema\/logo\/image\/"},"sameAs":["https:\/\/www.facebook.com\/PressenzaItalia","https:\/\/x.com\/PressenzaIPA"]},{"@type":"Person","@id":"https:\/\/www.pressenza.com\/ca\/#\/schema\/person\/725d47ccbea4c7854f7dd4011b6670b9","name":"Gabriela Amaya","description":"Editor in Spanish, Gabriel Amaya has worked in radio and written press and years ago decided to develop her journalistic work as a professional volunteer at the service of peace and nonviolence. She is also involved with different collectives and platforms which she supports with her journalism.","url":"https:\/\/www.pressenza.com\/ca\/author\/gabriela-amaya\/"}]}},"place":"","original_article_url":"","_links":{"self":[{"href":"https:\/\/www.pressenza.com\/ca\/wp-json\/wp\/v2\/posts\/531910","targetHints":{"allow":["GET"]}}],"collection":[{"href":"https:\/\/www.pressenza.com\/ca\/wp-json\/wp\/v2\/posts"}],"about":[{"href":"https:\/\/www.pressenza.com\/ca\/wp-json\/wp\/v2\/types\/post"}],"author":[{"embeddable":true,"href":"https:\/\/www.pressenza.com\/ca\/wp-json\/wp\/v2\/users\/188"}],"replies":[{"embeddable":true,"href":"https:\/\/www.pressenza.com\/ca\/wp-json\/wp\/v2\/comments?post=531910"}],"version-history":[{"count":0,"href":"https:\/\/www.pressenza.com\/ca\/wp-json\/wp\/v2\/posts\/531910\/revisions"}],"wp:featuredmedia":[{"embeddable":true,"href":"https:\/\/www.pressenza.com\/ca\/wp-json\/wp\/v2\/media\/531714"}],"wp:attachment":[{"href":"https:\/\/www.pressenza.com\/ca\/wp-json\/wp\/v2\/media?parent=531910"}],"wp:term":[{"taxonomy":"category","embeddable":true,"href":"https:\/\/www.pressenza.com\/ca\/wp-json\/wp\/v2\/categories?post=531910"},{"taxonomy":"post_tag","embeddable":true,"href":"https:\/\/www.pressenza.com\/ca\/wp-json\/wp\/v2\/tags?post=531910"}],"curies":[{"name":"wp","href":"https:\/\/api.w.org\/{rel}","templated":true}]}}