{"id":505355,"date":"2017-08-18T17:17:12","date_gmt":"2017-08-18T16:17:12","guid":{"rendered":"https:\/\/www.pressenza.com\/?p=505355\/"},"modified":"2017-08-18T23:18:37","modified_gmt":"2017-08-18T22:18:37","slug":"barcelona-enaltir-lamor-davant-acte-criminal","status":"publish","type":"post","link":"https:\/\/www.pressenza.com\/ca\/2017\/08\/barcelona-enaltir-lamor-davant-acte-criminal\/","title":{"rendered":"Barcelona: enaltir l&#8217;AMOR davant un acte criminal"},"content":{"rendered":"<p><span lang=\"CA\"><span style=\"color: #000000; font-family: Calibri;\">A gaireb\u00e9 24h de l&#8217;atemptat a Barcelona, i els fets posteriors a Cambrils, una segueix buscant respostes i opinions a les xarxes, perqu\u00e8 si alguna cosa ens ha aportat la societat de la informaci\u00f3 \u00e9s que els testimoniatges de les persones del carrer, ens ajuden a conformar una idea del sentir col\u00b7lectiu que va m\u00e9s enll\u00e0 de la descripci\u00f3 detallada dels fets, de les imatges sagnants i dels titulars confusos i oportunistes.<\/span><\/span><\/p>\n<p><span lang=\"CA\"><span style=\"color: #000000; font-family: Times New Roman;\"><br \/>\n<\/span><span style=\"color: #000000; font-family: Calibri;\"> Davant tota aquesta massacre humana, una vegada m\u00e9s diem (i ho dic en plural perqu\u00e8 m&#8217;uneixo al sentir de tants que ja ho han declarat) que denunciem tot tipus de viol\u00e8ncia, de resposta social que vulneri qualsevol dret hum\u00e0, que respongui a actes fan\u00e0tics, i en definitiva que vagi en l&#8217;adre\u00e7a oposada a eliminar el sofriment de les persones.<\/span><\/span><\/p>\n<p><span lang=\"CA\"><span style=\"color: #000000; font-family: Times New Roman;\"><br \/>\n<\/span><span style=\"color: #000000; font-family: Calibri;\"> Detectar i revertir el m\u00f2bil intern que individual o col\u00b7lectivament mou aquests actes violents, \u00e9s la gran tasca que hauria d&#8217;unir-nos com a \u00e9ssers humans que aspirem a un progr\u00e9s on els valoris humanistes s&#8217;enalteixin per sobre de tot, perqu\u00e8 el progr\u00e9s hauria de ser aix\u00f2, l&#8217;avan\u00e7 d&#8217;all\u00f2 que podria definir-se com a valor hum\u00e0.<\/span><\/span><\/p>\n<p><span lang=\"CA\"><span style=\"color: #000000; font-family: Times New Roman;\"><br \/>\n<\/span><span style=\"color: #000000; font-family: Calibri;\"> La gran not\u00edcia esperan\u00e7adora, \u00e9s que davant tanta irracionalitat i impot\u00e8ncia, s&#8217;alcen les veus on les notes de pau i amor\u00a0inverteixen el dolor que ja no t\u00e9 volta enrere. Enaltir l&#8217;AMOR davant un acte criminal, aix\u00f2 si que \u00e9s un sentiment elevat! Perqu\u00e8, com podem rescatar el sentiment de compassi\u00f3, entesa aquesta com no venjan\u00e7a i empatia amb l&#8217;hum\u00e0 en l&#8217;altre \u00e9sser hum\u00e0? Aquesta \u00e9s la gran tasca despr\u00e9s del dol. <\/span><\/span><\/p>\n<p><span lang=\"CA\"><span style=\"color: #000000; font-family: Times New Roman;\"><br \/>\n<\/span><span style=\"color: #000000; font-family: Calibri;\"> Afortunadament la nostra societat creix tamb\u00e9 en direcci\u00f3 oposada al sofriment i aix\u00ed ho demostren moltes de les declaracions de les quals ens nodrim i informem en l&#8217;immens mar de les xarxes. Aqu\u00ed no s&#8217;explica nom\u00e9s la tasca de l&#8217;especialista ni el pas seg\u00fcent que tan acuradament ha de donar l&#8217;expert per complir amb el seu protocol. En l&#8217;espessor de xarxa, apareixen aquests clars esperan\u00e7adors, sentiments que s\u00f3n valors a seguir i que no es revelen en els mitjans quotidians. Es demana no difondre imatges cruentes, per no seguir alimentant l&#8217;odi; s&#8217;insisteix en no creure m\u00e9s en la batalla de sembrar la por; s&#8217;insisteix a seguir sent un pa\u00eds que surt al carrer per lluitar contra la guerra i acollir als quals fugen d&#8217;ella; es parla obertament d&#8217;haver-se esglaiat per actes d&#8217;amor en un escenari marcat per la venjan\u00e7a i l&#8217;odi.<\/span><\/span><\/p>\n<p><span lang=\"CA\"><span style=\"color: #000000; font-family: Times New Roman;\"><br \/>\n<\/span><span style=\"color: #000000; font-family: Calibri;\"> Barcelona es capdavantera de les ciutats que demanen un canvi social centrat en els drets humans; que est\u00e0 lluitant per revertir les feroces seq\u00fceles d&#8217;un capitalisme demolidor; que s&#8217;ha declarat seu refugi per acollir la immigraci\u00f3 que for\u00e7ada fuig de les cat\u00e0strofes b\u00e8l\u00b7liques dels seus pa\u00efsos; que tracta de regular injust\u00edcies; que mira cap a un futur, recolzada en les mateixes mirades internacionals que fastiguejades busquen un nou model de societat. <\/span><\/span><\/p>\n<p><span lang=\"CA\"><span style=\"color: #000000; font-family: Calibri;\">Barcelona i les seves noves veus no ens han decebut, per\u00f2 el brutalisme inconscient dels qui encara es mouen per l&#8217;odi, el poder, el fanatisme i la venjan\u00e7a s\u00f3n aquestes altres veus, que fruit de la irracionalitat del mateix sistema apareixen com a conseq\u00fc\u00e8ncia del seu mateix mal funcionament. Enfront d&#8217;elles les onades de solidaritat, de for\u00e7a, d&#8217;amor i de no venjan\u00e7a, tenyeixen l&#8217;ordit d&#8217;un teixit social que aspira als m\u00e9s elevats sentiments.<\/span><\/span><\/p>\n","protected":false},"excerpt":{"rendered":"<p>A gaireb\u00e9 24h de l&#8217;atemptat a Barcelona, i els fets posteriors a Cambrils, una segueix buscant respostes i opinions a les xarxes, perqu\u00e8 si alguna cosa ens ha aportat la societat de la informaci\u00f3 \u00e9s que els testimoniatges de les&hellip;<\/p>\n","protected":false},"author":647,"featured_media":505759,"comment_status":"closed","ping_status":"closed","sticky":false,"template":"","format":"standard","meta":{"footnotes":""},"categories":[35531,35512,35506,35520,35528],"tags":[39554,39552,39553],"class_list":["post-505355","post","type-post","status-publish","format-standard","has-post-thumbnail","hentry","category-contingut-original-ca","category-drets-humans-ca","category-europa-ca","category-no-violencia-ca","category-opinions-ca","tag-notincpor","tag-rambles","tag-todossomoscataluna"],"yoast_head":"<!-- This site is optimized with the Yoast SEO plugin v27.1.1 - https:\/\/yoast.com\/product\/yoast-seo-wordpress\/ -->\n<title>Barcelona: enaltir l&#039;AMOR davant un acte criminal<\/title>\n<meta name=\"description\" content=\"A gaireb\u00e9 24h de l&#039;atemptat a Barcelona, i els fets posteriors a Cambrils, una segueix buscant respostes i opinions a les xarxes, perqu\u00e8 si alguna cosa\" \/>\n<meta name=\"robots\" content=\"index, follow, max-snippet:-1, max-image-preview:large, max-video-preview:-1\" \/>\n<link rel=\"canonical\" href=\"https:\/\/www.pressenza.com\/ca\/2017\/08\/barcelona-enaltir-lamor-davant-acte-criminal\/\" \/>\n<meta property=\"og:locale\" content=\"ca_ES\" \/>\n<meta property=\"og:type\" content=\"article\" \/>\n<meta property=\"og:title\" content=\"Barcelona: enaltir l&#039;AMOR davant un acte criminal\" \/>\n<meta property=\"og:description\" content=\"A gaireb\u00e9 24h de l&#039;atemptat a Barcelona, i els fets posteriors a Cambrils, una segueix buscant respostes i opinions a les xarxes, perqu\u00e8 si alguna cosa\" \/>\n<meta property=\"og:url\" content=\"https:\/\/www.pressenza.com\/ca\/2017\/08\/barcelona-enaltir-lamor-davant-acte-criminal\/\" \/>\n<meta property=\"og:site_name\" content=\"Pressenza\" \/>\n<meta property=\"article:publisher\" content=\"https:\/\/www.facebook.com\/PressenzaItalia\" \/>\n<meta property=\"article:published_time\" content=\"2017-08-18T16:17:12+00:00\" \/>\n<meta property=\"article:modified_time\" content=\"2017-08-18T22:18:37+00:00\" \/>\n<meta property=\"og:image\" content=\"https:\/\/www.pressenza.com\/wp-content\/uploads\/2017\/08\/amor-ODI-4.jpg\" \/>\n\t<meta property=\"og:image:width\" content=\"840\" \/>\n\t<meta property=\"og:image:height\" content=\"550\" \/>\n\t<meta property=\"og:image:type\" content=\"image\/jpeg\" \/>\n<meta name=\"author\" content=\"Raquel Paricio\" \/>\n<meta name=\"twitter:card\" content=\"summary_large_image\" \/>\n<meta name=\"twitter:creator\" content=\"@PressenzaIPA\" \/>\n<meta name=\"twitter:site\" content=\"@PressenzaIPA\" \/>\n<meta name=\"twitter:label1\" content=\"Escrit per\" \/>\n\t<meta name=\"twitter:data1\" content=\"Raquel Paricio\" \/>\n\t<meta name=\"twitter:label2\" content=\"Temps estimat de lectura\" \/>\n\t<meta name=\"twitter:data2\" content=\"3 minuts\" \/>\n<script type=\"application\/ld+json\" class=\"yoast-schema-graph\">{\"@context\":\"https:\/\/schema.org\",\"@graph\":[{\"@type\":\"Article\",\"@id\":\"https:\/\/www.pressenza.com\/ca\/2017\/08\/barcelona-enaltir-lamor-davant-acte-criminal\/#article\",\"isPartOf\":{\"@id\":\"https:\/\/www.pressenza.com\/ca\/2017\/08\/barcelona-enaltir-lamor-davant-acte-criminal\/\"},\"author\":{\"name\":\"Raquel Paricio\",\"@id\":\"https:\/\/www.pressenza.com\/ca\/#\/schema\/person\/7104466338f7b188aedd367b5e15c977\"},\"headline\":\"Barcelona: enaltir l&#8217;AMOR davant un acte criminal\",\"datePublished\":\"2017-08-18T16:17:12+00:00\",\"dateModified\":\"2017-08-18T22:18:37+00:00\",\"mainEntityOfPage\":{\"@id\":\"https:\/\/www.pressenza.com\/ca\/2017\/08\/barcelona-enaltir-lamor-davant-acte-criminal\/\"},\"wordCount\":616,\"publisher\":{\"@id\":\"https:\/\/www.pressenza.com\/ca\/#organization\"},\"image\":{\"@id\":\"https:\/\/www.pressenza.com\/ca\/2017\/08\/barcelona-enaltir-lamor-davant-acte-criminal\/#primaryimage\"},\"thumbnailUrl\":\"https:\/\/www.pressenza.com\/wp-content\/uploads\/2017\/08\/amor-ODI-4.jpg\",\"keywords\":[\"#NoTincPor\",\"#Rambles\",\"#TodosSomosCatalu\u00f1a\"],\"articleSection\":[\"Contingut original\",\"Drets Humans\",\"Europa\",\"No-viol\u00e8ncia\",\"Opinions\"],\"inLanguage\":\"ca\"},{\"@type\":\"WebPage\",\"@id\":\"https:\/\/www.pressenza.com\/ca\/2017\/08\/barcelona-enaltir-lamor-davant-acte-criminal\/\",\"url\":\"https:\/\/www.pressenza.com\/ca\/2017\/08\/barcelona-enaltir-lamor-davant-acte-criminal\/\",\"name\":\"Barcelona: enaltir l'AMOR davant un acte criminal\",\"isPartOf\":{\"@id\":\"https:\/\/www.pressenza.com\/ca\/#website\"},\"primaryImageOfPage\":{\"@id\":\"https:\/\/www.pressenza.com\/ca\/2017\/08\/barcelona-enaltir-lamor-davant-acte-criminal\/#primaryimage\"},\"image\":{\"@id\":\"https:\/\/www.pressenza.com\/ca\/2017\/08\/barcelona-enaltir-lamor-davant-acte-criminal\/#primaryimage\"},\"thumbnailUrl\":\"https:\/\/www.pressenza.com\/wp-content\/uploads\/2017\/08\/amor-ODI-4.jpg\",\"datePublished\":\"2017-08-18T16:17:12+00:00\",\"dateModified\":\"2017-08-18T22:18:37+00:00\",\"description\":\"A gaireb\u00e9 24h de l'atemptat a Barcelona, i els fets posteriors a Cambrils, una segueix buscant respostes i opinions a les xarxes, perqu\u00e8 si alguna cosa\",\"breadcrumb\":{\"@id\":\"https:\/\/www.pressenza.com\/ca\/2017\/08\/barcelona-enaltir-lamor-davant-acte-criminal\/#breadcrumb\"},\"inLanguage\":\"ca\",\"potentialAction\":[{\"@type\":\"ReadAction\",\"target\":[\"https:\/\/www.pressenza.com\/ca\/2017\/08\/barcelona-enaltir-lamor-davant-acte-criminal\/\"]}]},{\"@type\":\"ImageObject\",\"inLanguage\":\"ca\",\"@id\":\"https:\/\/www.pressenza.com\/ca\/2017\/08\/barcelona-enaltir-lamor-davant-acte-criminal\/#primaryimage\",\"url\":\"https:\/\/www.pressenza.com\/wp-content\/uploads\/2017\/08\/amor-ODI-4.jpg\",\"contentUrl\":\"https:\/\/www.pressenza.com\/wp-content\/uploads\/2017\/08\/amor-ODI-4.jpg\",\"width\":840,\"height\":550},{\"@type\":\"BreadcrumbList\",\"@id\":\"https:\/\/www.pressenza.com\/ca\/2017\/08\/barcelona-enaltir-lamor-davant-acte-criminal\/#breadcrumb\",\"itemListElement\":[{\"@type\":\"ListItem\",\"position\":1,\"name\":\"Accueil\",\"item\":\"https:\/\/www.pressenza.com\/ca\/\"},{\"@type\":\"ListItem\",\"position\":2,\"name\":\"Barcelona: enaltir l&#8217;AMOR davant un acte criminal\"}]},{\"@type\":\"WebSite\",\"@id\":\"https:\/\/www.pressenza.com\/ca\/#website\",\"url\":\"https:\/\/www.pressenza.com\/ca\/\",\"name\":\"Pressenza\",\"description\":\"International Press Agency\",\"publisher\":{\"@id\":\"https:\/\/www.pressenza.com\/ca\/#organization\"},\"potentialAction\":[{\"@type\":\"SearchAction\",\"target\":{\"@type\":\"EntryPoint\",\"urlTemplate\":\"https:\/\/www.pressenza.com\/ca\/?s={search_term_string}\"},\"query-input\":{\"@type\":\"PropertyValueSpecification\",\"valueRequired\":true,\"valueName\":\"search_term_string\"}}],\"inLanguage\":\"ca\"},{\"@type\":\"Organization\",\"@id\":\"https:\/\/www.pressenza.com\/ca\/#organization\",\"name\":\"Pressenza\",\"url\":\"https:\/\/www.pressenza.com\/ca\/\",\"logo\":{\"@type\":\"ImageObject\",\"inLanguage\":\"ca\",\"@id\":\"https:\/\/www.pressenza.com\/ca\/#\/schema\/logo\/image\/\",\"url\":\"https:\/\/www.pressenza.com\/wp-content\/uploads\/2022\/10\/pressenza_logo_200x200.jpg\",\"contentUrl\":\"https:\/\/www.pressenza.com\/wp-content\/uploads\/2022\/10\/pressenza_logo_200x200.jpg\",\"width\":200,\"height\":200,\"caption\":\"Pressenza\"},\"image\":{\"@id\":\"https:\/\/www.pressenza.com\/ca\/#\/schema\/logo\/image\/\"},\"sameAs\":[\"https:\/\/www.facebook.com\/PressenzaItalia\",\"https:\/\/x.com\/PressenzaIPA\"]},{\"@type\":\"Person\",\"@id\":\"https:\/\/www.pressenza.com\/ca\/#\/schema\/person\/7104466338f7b188aedd367b5e15c977\",\"name\":\"Raquel Paricio\",\"description\":\"Docente. Artista. Humanista. Doctora en Arte y Tecnolog\u00eda. Investiga en las diferentes escuelas de meditaci\u00f3n de diferentes culturas.\",\"url\":\"https:\/\/www.pressenza.com\/ca\/author\/raquel-paricio\/\"}]}<\/script>\n<!-- \/ Yoast SEO plugin. -->","yoast_head_json":{"title":"Barcelona: enaltir l'AMOR davant un acte criminal","description":"A gaireb\u00e9 24h de l'atemptat a Barcelona, i els fets posteriors a Cambrils, una segueix buscant respostes i opinions a les xarxes, perqu\u00e8 si alguna cosa","robots":{"index":"index","follow":"follow","max-snippet":"max-snippet:-1","max-image-preview":"max-image-preview:large","max-video-preview":"max-video-preview:-1"},"canonical":"https:\/\/www.pressenza.com\/ca\/2017\/08\/barcelona-enaltir-lamor-davant-acte-criminal\/","og_locale":"ca_ES","og_type":"article","og_title":"Barcelona: enaltir l'AMOR davant un acte criminal","og_description":"A gaireb\u00e9 24h de l'atemptat a Barcelona, i els fets posteriors a Cambrils, una segueix buscant respostes i opinions a les xarxes, perqu\u00e8 si alguna cosa","og_url":"https:\/\/www.pressenza.com\/ca\/2017\/08\/barcelona-enaltir-lamor-davant-acte-criminal\/","og_site_name":"Pressenza","article_publisher":"https:\/\/www.facebook.com\/PressenzaItalia","article_published_time":"2017-08-18T16:17:12+00:00","article_modified_time":"2017-08-18T22:18:37+00:00","og_image":[{"width":840,"height":550,"url":"https:\/\/www.pressenza.com\/wp-content\/uploads\/2017\/08\/amor-ODI-4.jpg","type":"image\/jpeg"}],"author":"Raquel Paricio","twitter_card":"summary_large_image","twitter_creator":"@PressenzaIPA","twitter_site":"@PressenzaIPA","twitter_misc":{"Escrit per":"Raquel Paricio","Temps estimat de lectura":"3 minuts"},"schema":{"@context":"https:\/\/schema.org","@graph":[{"@type":"Article","@id":"https:\/\/www.pressenza.com\/ca\/2017\/08\/barcelona-enaltir-lamor-davant-acte-criminal\/#article","isPartOf":{"@id":"https:\/\/www.pressenza.com\/ca\/2017\/08\/barcelona-enaltir-lamor-davant-acte-criminal\/"},"author":{"name":"Raquel Paricio","@id":"https:\/\/www.pressenza.com\/ca\/#\/schema\/person\/7104466338f7b188aedd367b5e15c977"},"headline":"Barcelona: enaltir l&#8217;AMOR davant un acte criminal","datePublished":"2017-08-18T16:17:12+00:00","dateModified":"2017-08-18T22:18:37+00:00","mainEntityOfPage":{"@id":"https:\/\/www.pressenza.com\/ca\/2017\/08\/barcelona-enaltir-lamor-davant-acte-criminal\/"},"wordCount":616,"publisher":{"@id":"https:\/\/www.pressenza.com\/ca\/#organization"},"image":{"@id":"https:\/\/www.pressenza.com\/ca\/2017\/08\/barcelona-enaltir-lamor-davant-acte-criminal\/#primaryimage"},"thumbnailUrl":"https:\/\/www.pressenza.com\/wp-content\/uploads\/2017\/08\/amor-ODI-4.jpg","keywords":["#NoTincPor","#Rambles","#TodosSomosCatalu\u00f1a"],"articleSection":["Contingut original","Drets Humans","Europa","No-viol\u00e8ncia","Opinions"],"inLanguage":"ca"},{"@type":"WebPage","@id":"https:\/\/www.pressenza.com\/ca\/2017\/08\/barcelona-enaltir-lamor-davant-acte-criminal\/","url":"https:\/\/www.pressenza.com\/ca\/2017\/08\/barcelona-enaltir-lamor-davant-acte-criminal\/","name":"Barcelona: enaltir l'AMOR davant un acte criminal","isPartOf":{"@id":"https:\/\/www.pressenza.com\/ca\/#website"},"primaryImageOfPage":{"@id":"https:\/\/www.pressenza.com\/ca\/2017\/08\/barcelona-enaltir-lamor-davant-acte-criminal\/#primaryimage"},"image":{"@id":"https:\/\/www.pressenza.com\/ca\/2017\/08\/barcelona-enaltir-lamor-davant-acte-criminal\/#primaryimage"},"thumbnailUrl":"https:\/\/www.pressenza.com\/wp-content\/uploads\/2017\/08\/amor-ODI-4.jpg","datePublished":"2017-08-18T16:17:12+00:00","dateModified":"2017-08-18T22:18:37+00:00","description":"A gaireb\u00e9 24h de l'atemptat a Barcelona, i els fets posteriors a Cambrils, una segueix buscant respostes i opinions a les xarxes, perqu\u00e8 si alguna cosa","breadcrumb":{"@id":"https:\/\/www.pressenza.com\/ca\/2017\/08\/barcelona-enaltir-lamor-davant-acte-criminal\/#breadcrumb"},"inLanguage":"ca","potentialAction":[{"@type":"ReadAction","target":["https:\/\/www.pressenza.com\/ca\/2017\/08\/barcelona-enaltir-lamor-davant-acte-criminal\/"]}]},{"@type":"ImageObject","inLanguage":"ca","@id":"https:\/\/www.pressenza.com\/ca\/2017\/08\/barcelona-enaltir-lamor-davant-acte-criminal\/#primaryimage","url":"https:\/\/www.pressenza.com\/wp-content\/uploads\/2017\/08\/amor-ODI-4.jpg","contentUrl":"https:\/\/www.pressenza.com\/wp-content\/uploads\/2017\/08\/amor-ODI-4.jpg","width":840,"height":550},{"@type":"BreadcrumbList","@id":"https:\/\/www.pressenza.com\/ca\/2017\/08\/barcelona-enaltir-lamor-davant-acte-criminal\/#breadcrumb","itemListElement":[{"@type":"ListItem","position":1,"name":"Accueil","item":"https:\/\/www.pressenza.com\/ca\/"},{"@type":"ListItem","position":2,"name":"Barcelona: enaltir l&#8217;AMOR davant un acte criminal"}]},{"@type":"WebSite","@id":"https:\/\/www.pressenza.com\/ca\/#website","url":"https:\/\/www.pressenza.com\/ca\/","name":"Pressenza","description":"International Press Agency","publisher":{"@id":"https:\/\/www.pressenza.com\/ca\/#organization"},"potentialAction":[{"@type":"SearchAction","target":{"@type":"EntryPoint","urlTemplate":"https:\/\/www.pressenza.com\/ca\/?s={search_term_string}"},"query-input":{"@type":"PropertyValueSpecification","valueRequired":true,"valueName":"search_term_string"}}],"inLanguage":"ca"},{"@type":"Organization","@id":"https:\/\/www.pressenza.com\/ca\/#organization","name":"Pressenza","url":"https:\/\/www.pressenza.com\/ca\/","logo":{"@type":"ImageObject","inLanguage":"ca","@id":"https:\/\/www.pressenza.com\/ca\/#\/schema\/logo\/image\/","url":"https:\/\/www.pressenza.com\/wp-content\/uploads\/2022\/10\/pressenza_logo_200x200.jpg","contentUrl":"https:\/\/www.pressenza.com\/wp-content\/uploads\/2022\/10\/pressenza_logo_200x200.jpg","width":200,"height":200,"caption":"Pressenza"},"image":{"@id":"https:\/\/www.pressenza.com\/ca\/#\/schema\/logo\/image\/"},"sameAs":["https:\/\/www.facebook.com\/PressenzaItalia","https:\/\/x.com\/PressenzaIPA"]},{"@type":"Person","@id":"https:\/\/www.pressenza.com\/ca\/#\/schema\/person\/7104466338f7b188aedd367b5e15c977","name":"Raquel Paricio","description":"Docente. Artista. Humanista. Doctora en Arte y Tecnolog\u00eda. Investiga en las diferentes escuelas de meditaci\u00f3n de diferentes culturas.","url":"https:\/\/www.pressenza.com\/ca\/author\/raquel-paricio\/"}]}},"place":"","original_article_url":"","_links":{"self":[{"href":"https:\/\/www.pressenza.com\/ca\/wp-json\/wp\/v2\/posts\/505355","targetHints":{"allow":["GET"]}}],"collection":[{"href":"https:\/\/www.pressenza.com\/ca\/wp-json\/wp\/v2\/posts"}],"about":[{"href":"https:\/\/www.pressenza.com\/ca\/wp-json\/wp\/v2\/types\/post"}],"author":[{"embeddable":true,"href":"https:\/\/www.pressenza.com\/ca\/wp-json\/wp\/v2\/users\/647"}],"replies":[{"embeddable":true,"href":"https:\/\/www.pressenza.com\/ca\/wp-json\/wp\/v2\/comments?post=505355"}],"version-history":[{"count":0,"href":"https:\/\/www.pressenza.com\/ca\/wp-json\/wp\/v2\/posts\/505355\/revisions"}],"wp:featuredmedia":[{"embeddable":true,"href":"https:\/\/www.pressenza.com\/ca\/wp-json\/wp\/v2\/media\/505759"}],"wp:attachment":[{"href":"https:\/\/www.pressenza.com\/ca\/wp-json\/wp\/v2\/media?parent=505355"}],"wp:term":[{"taxonomy":"category","embeddable":true,"href":"https:\/\/www.pressenza.com\/ca\/wp-json\/wp\/v2\/categories?post=505355"},{"taxonomy":"post_tag","embeddable":true,"href":"https:\/\/www.pressenza.com\/ca\/wp-json\/wp\/v2\/tags?post=505355"}],"curies":[{"name":"wp","href":"https:\/\/api.w.org\/{rel}","templated":true}]}}