{"id":2696851,"date":"2026-04-30T22:54:11","date_gmt":"2026-04-30T21:54:11","guid":{"rendered":"https:\/\/www.pressenza.com\/?p=2696851"},"modified":"2026-04-30T22:54:11","modified_gmt":"2026-04-30T21:54:11","slug":"aung-san-suu-kyi-la-dona-mes-temuda-pels-generals-torna-a-ser-lliure","status":"publish","type":"post","link":"https:\/\/www.pressenza.com\/ca\/2026\/04\/aung-san-suu-kyi-la-dona-mes-temuda-pels-generals-torna-a-ser-lliure\/","title":{"rendered":"Aung San Suu Kyi: la dona m\u00e9s temuda pels generals torna a ser lliure"},"content":{"rendered":"<p>Aung San Suu Kyi, la l\u00edder birmana i guardonada amb el Premi Nobel de la Pau, t\u00e9 una cosa que els generals no han tingut mai: est\u00e0 legitimada pel mandat que la gent li ha donat per governar el pa\u00eds. Els generals, en canvi, no han estat mai elegits i, als ulls de la poblaci\u00f3, no tenen cap autoritat reconeguda.<\/p>\n<p>En el seu primer discurs pol\u00edtic, el 26 d&#8217;agost de 1988, una dona de 43 anys sense experi\u00e8ncia pol\u00edtica \u2014que fins a poques setmanes abans havia viscut a Cambridge amb el seu marit i els seus dos fills\u2014 va ser impulsada a la vorera pels l\u00edders de l&#8217;aixecament. Li van demanar, en virtut del seu llinatge com a filla de l&#8217;heroi de la independ\u00e8ncia nacional de Birm\u00e0nia, que lider\u00e9s la revoluci\u00f3, va tenir l&#8217;aud\u00e0cia de descriure l&#8217;aixecament popular en curs des del 26 d&#8217;agost com la \u00absegona lluita per la independ\u00e8ncia\u00bb i a partir d&#8217;aquell moment es va endinsar en la pol\u00edtica. El seu missatge pol\u00edtic des de llavors ha estat desafiar diligentment tota autoritat i ordre injustes. Va animar la gent a participar en la resist\u00e8ncia pol\u00edtica no violenta.<\/p>\n<p>El seu objectiu pol\u00edtic sempre ha estat clar i obertament declarat: enderrocar el r\u00e8gim dictatorial i establir un ordre democr\u00e0tic per garantir drets iguals i dignitat en un estat confederat. Precisament gr\u00e0cies a l&#8217;aixecament general de l&#8217;agost de 1988, la consci\u00e8ncia dels ideals democr\u00e0tics entre els birmans ha augmentat significativament des de llavors. Per aquest motiu, els generals la van posar sota arrest domiciliari ja el 20 de juliol de 1989. Han passat m\u00e9s de trenta-cinc anys des de llavors, i Aung San Suu Kyi n&#8217;ha passat vint sota arrest domiciliari, si no realment a la pres\u00f3, com ha estat el cas durant els \u00faltims cinc anys.<\/p>\n<p>Per\u00f2 avui, finalment, ha arribat la not\u00edcia que tots esper\u00e0vem: ahir a la nit la van alliberar i la van portar a &#8216;una casa&#8217;, sens dubte sota arrest domiciliari. Esperem tenir not\u00edcies seves aviat.<\/p>\n","protected":false},"excerpt":{"rendered":"<p>Aung San Suu Kyi, la l\u00edder birmana i guardonada amb el Premi Nobel de la Pau, t\u00e9 una cosa que els generals no han tingut mai: est\u00e0 legitimada pel mandat que la gent li ha donat per governar el pa\u00eds.&hellip;<\/p>\n","protected":false},"author":1795,"featured_media":994004,"comment_status":"closed","ping_status":"closed","sticky":false,"template":"","format":"standard","meta":{"footnotes":""},"categories":[35531,35524],"tags":[156203,151318,156207,79988,151321,44285,156206,156205,55219,112312,49804,150369,156204,53186,156208,41220],"class_list":["post-2696851","post","type-post","status-publish","format-standard","has-post-thumbnail","hentry","category-contingut-original-ca","category-politica-ca","tag-arrest-domiciliari","tag-aung-san-suu-kyi","tag-birmania","tag-democracia-ca","tag-dictadura","tag-drets-humans","tag-estat-confederat","tag-generals","tag-independencia-ca","tag-justicia-ca","tag-llibertat","tag-myanmar","tag-politica-birmana","tag-premi-nobel-de-la-pau","tag-resistencia-no-violenta","tag-revolucio"],"yoast_head":"<!-- This site is optimized with the Yoast SEO plugin v27.1.1 - https:\/\/yoast.com\/product\/yoast-seo-wordpress\/ -->\n<title>Aung San Suu Kyi: la dona m\u00e9s temuda pels generals torna a ser lliure<\/title>\n<meta name=\"description\" content=\"Aung San Suu Kyi, la l\u00edder birmana i guardonada amb el Premi Nobel de la Pau, t\u00e9 una cosa que els generals no han tingut mai: est\u00e0 legitimada pel mandat\" \/>\n<meta name=\"robots\" content=\"index, follow, max-snippet:-1, max-image-preview:large, max-video-preview:-1\" \/>\n<link rel=\"canonical\" href=\"https:\/\/www.pressenza.com\/ca\/2026\/04\/aung-san-suu-kyi-la-dona-mes-temuda-pels-generals-torna-a-ser-lliure\/\" \/>\n<meta property=\"og:locale\" content=\"ca_ES\" \/>\n<meta property=\"og:type\" content=\"article\" \/>\n<meta property=\"og:title\" content=\"Aung San Suu Kyi: la dona m\u00e9s temuda pels generals torna a ser lliure\" \/>\n<meta property=\"og:description\" content=\"Aung San Suu Kyi, la l\u00edder birmana i guardonada amb el Premi Nobel de la Pau, t\u00e9 una cosa que els generals no han tingut mai: est\u00e0 legitimada pel mandat\" \/>\n<meta property=\"og:url\" content=\"https:\/\/www.pressenza.com\/ca\/2026\/04\/aung-san-suu-kyi-la-dona-mes-temuda-pels-generals-torna-a-ser-lliure\/\" \/>\n<meta property=\"og:site_name\" content=\"Pressenza\" \/>\n<meta property=\"article:publisher\" content=\"https:\/\/www.facebook.com\/PressenzaItalia\" \/>\n<meta property=\"article:published_time\" content=\"2026-04-30T21:54:11+00:00\" \/>\n<meta property=\"og:image\" content=\"https:\/\/www.pressenza.com\/wp-content\/uploads\/2019\/12\/Aung_San_Suu_Kyi_31_ott_13_021.jpg\" \/>\n\t<meta property=\"og:image:width\" content=\"1024\" \/>\n\t<meta property=\"og:image:height\" content=\"680\" \/>\n\t<meta property=\"og:image:type\" content=\"image\/jpeg\" \/>\n<meta name=\"author\" content=\"Fiorella Carollo\" \/>\n<meta name=\"twitter:card\" content=\"summary_large_image\" \/>\n<meta name=\"twitter:creator\" content=\"@PressenzaIPA\" \/>\n<meta name=\"twitter:site\" content=\"@PressenzaIPA\" \/>\n<meta name=\"twitter:label1\" content=\"Escrit per\" \/>\n\t<meta name=\"twitter:data1\" content=\"Fiorella Carollo\" \/>\n\t<meta name=\"twitter:label2\" content=\"Temps estimat de lectura\" \/>\n\t<meta name=\"twitter:data2\" content=\"3 minuts\" \/>\n<script type=\"application\/ld+json\" class=\"yoast-schema-graph\">{\"@context\":\"https:\/\/schema.org\",\"@graph\":[{\"@type\":\"Article\",\"@id\":\"https:\/\/www.pressenza.com\/ca\/2026\/04\/aung-san-suu-kyi-la-dona-mes-temuda-pels-generals-torna-a-ser-lliure\/#article\",\"isPartOf\":{\"@id\":\"https:\/\/www.pressenza.com\/ca\/2026\/04\/aung-san-suu-kyi-la-dona-mes-temuda-pels-generals-torna-a-ser-lliure\/\"},\"author\":{\"name\":\"Fiorella Carollo\",\"@id\":\"https:\/\/www.pressenza.com\/ca\/#\/schema\/person\/84ebf19dce4d902a223619c900b9d714\"},\"headline\":\"Aung San Suu Kyi: la dona m\u00e9s temuda pels generals torna a ser lliure\",\"datePublished\":\"2026-04-30T21:54:11+00:00\",\"mainEntityOfPage\":{\"@id\":\"https:\/\/www.pressenza.com\/ca\/2026\/04\/aung-san-suu-kyi-la-dona-mes-temuda-pels-generals-torna-a-ser-lliure\/\"},\"wordCount\":374,\"publisher\":{\"@id\":\"https:\/\/www.pressenza.com\/ca\/#organization\"},\"image\":{\"@id\":\"https:\/\/www.pressenza.com\/ca\/2026\/04\/aung-san-suu-kyi-la-dona-mes-temuda-pels-generals-torna-a-ser-lliure\/#primaryimage\"},\"thumbnailUrl\":\"https:\/\/www.pressenza.com\/wp-content\/uploads\/2019\/12\/Aung_San_Suu_Kyi_31_ott_13_021.jpg\",\"keywords\":[\"arrest domiciliari\",\"Aung San Suu Kyi\",\"Birmania\",\"Democracia\",\"dictadura\",\"drets humans\",\"estat confederat\",\"generals\",\"Independencia\",\"justicia\",\"llibertat\",\"Myanmar\",\"pol\u00edtica birmana\",\"Premi Nobel de la Pau\",\"resistencia no violenta\",\"revoluci\u00f3\"],\"articleSection\":[\"Contingut original\",\"Pol\u00edtica\"],\"inLanguage\":\"ca\"},{\"@type\":\"WebPage\",\"@id\":\"https:\/\/www.pressenza.com\/ca\/2026\/04\/aung-san-suu-kyi-la-dona-mes-temuda-pels-generals-torna-a-ser-lliure\/\",\"url\":\"https:\/\/www.pressenza.com\/ca\/2026\/04\/aung-san-suu-kyi-la-dona-mes-temuda-pels-generals-torna-a-ser-lliure\/\",\"name\":\"Aung San Suu Kyi: la dona m\u00e9s temuda pels generals torna a ser lliure\",\"isPartOf\":{\"@id\":\"https:\/\/www.pressenza.com\/ca\/#website\"},\"primaryImageOfPage\":{\"@id\":\"https:\/\/www.pressenza.com\/ca\/2026\/04\/aung-san-suu-kyi-la-dona-mes-temuda-pels-generals-torna-a-ser-lliure\/#primaryimage\"},\"image\":{\"@id\":\"https:\/\/www.pressenza.com\/ca\/2026\/04\/aung-san-suu-kyi-la-dona-mes-temuda-pels-generals-torna-a-ser-lliure\/#primaryimage\"},\"thumbnailUrl\":\"https:\/\/www.pressenza.com\/wp-content\/uploads\/2019\/12\/Aung_San_Suu_Kyi_31_ott_13_021.jpg\",\"datePublished\":\"2026-04-30T21:54:11+00:00\",\"description\":\"Aung San Suu Kyi, la l\u00edder birmana i guardonada amb el Premi Nobel de la Pau, t\u00e9 una cosa que els generals no han tingut mai: est\u00e0 legitimada pel mandat\",\"breadcrumb\":{\"@id\":\"https:\/\/www.pressenza.com\/ca\/2026\/04\/aung-san-suu-kyi-la-dona-mes-temuda-pels-generals-torna-a-ser-lliure\/#breadcrumb\"},\"inLanguage\":\"ca\",\"potentialAction\":[{\"@type\":\"ReadAction\",\"target\":[\"https:\/\/www.pressenza.com\/ca\/2026\/04\/aung-san-suu-kyi-la-dona-mes-temuda-pels-generals-torna-a-ser-lliure\/\"]}]},{\"@type\":\"ImageObject\",\"inLanguage\":\"ca\",\"@id\":\"https:\/\/www.pressenza.com\/ca\/2026\/04\/aung-san-suu-kyi-la-dona-mes-temuda-pels-generals-torna-a-ser-lliure\/#primaryimage\",\"url\":\"https:\/\/www.pressenza.com\/wp-content\/uploads\/2019\/12\/Aung_San_Suu_Kyi_31_ott_13_021.jpg\",\"contentUrl\":\"https:\/\/www.pressenza.com\/wp-content\/uploads\/2019\/12\/Aung_San_Suu_Kyi_31_ott_13_021.jpg\",\"width\":1024,\"height\":680},{\"@type\":\"BreadcrumbList\",\"@id\":\"https:\/\/www.pressenza.com\/ca\/2026\/04\/aung-san-suu-kyi-la-dona-mes-temuda-pels-generals-torna-a-ser-lliure\/#breadcrumb\",\"itemListElement\":[{\"@type\":\"ListItem\",\"position\":1,\"name\":\"Accueil\",\"item\":\"https:\/\/www.pressenza.com\/ca\/\"},{\"@type\":\"ListItem\",\"position\":2,\"name\":\"Aung San Suu Kyi: la dona m\u00e9s temuda pels generals torna a ser lliure\"}]},{\"@type\":\"WebSite\",\"@id\":\"https:\/\/www.pressenza.com\/ca\/#website\",\"url\":\"https:\/\/www.pressenza.com\/ca\/\",\"name\":\"Pressenza\",\"description\":\"International Press Agency\",\"publisher\":{\"@id\":\"https:\/\/www.pressenza.com\/ca\/#organization\"},\"potentialAction\":[{\"@type\":\"SearchAction\",\"target\":{\"@type\":\"EntryPoint\",\"urlTemplate\":\"https:\/\/www.pressenza.com\/ca\/?s={search_term_string}\"},\"query-input\":{\"@type\":\"PropertyValueSpecification\",\"valueRequired\":true,\"valueName\":\"search_term_string\"}}],\"inLanguage\":\"ca\"},{\"@type\":\"Organization\",\"@id\":\"https:\/\/www.pressenza.com\/ca\/#organization\",\"name\":\"Pressenza\",\"url\":\"https:\/\/www.pressenza.com\/ca\/\",\"logo\":{\"@type\":\"ImageObject\",\"inLanguage\":\"ca\",\"@id\":\"https:\/\/www.pressenza.com\/ca\/#\/schema\/logo\/image\/\",\"url\":\"https:\/\/www.pressenza.com\/wp-content\/uploads\/2022\/10\/pressenza_logo_200x200.jpg\",\"contentUrl\":\"https:\/\/www.pressenza.com\/wp-content\/uploads\/2022\/10\/pressenza_logo_200x200.jpg\",\"width\":200,\"height\":200,\"caption\":\"Pressenza\"},\"image\":{\"@id\":\"https:\/\/www.pressenza.com\/ca\/#\/schema\/logo\/image\/\"},\"sameAs\":[\"https:\/\/www.facebook.com\/PressenzaItalia\",\"https:\/\/x.com\/PressenzaIPA\"]},{\"@type\":\"Person\",\"@id\":\"https:\/\/www.pressenza.com\/ca\/#\/schema\/person\/84ebf19dce4d902a223619c900b9d714\",\"name\":\"Fiorella Carollo\",\"description\":\"Orientalista, nello specifico nipponista, con una formazione in antropologia, studiosa del pensiero femminista e di cinema delle donne. Ha vissuto a Venezia, Londra, Tokyo, Melbourne, Bali e Roma. Nel 2009 pubblica con il contributo del comune di Venezia la raccolta di recensioni \u201cNuove eroine al cinema. Venti anni di cinema declinato al femminile\u201d. Nel biennio 2014-15 due campagne di crowdfunding finanziano il progetto \u201cI Reportage di Donna Reporter: diamo voce e visibilit\u00e0 alle donne che in Asia stanno cambiando il mondo\u201d. Questi reportage, le interviste e gli articoli scritti per The Bali Times hanno fornito il materiale per un libro di prossima pubblicazione. Il 2019 ha visto l\u2019emergere prepotente della questione climatica a cui dedica il libro \u201cExtinction Rebellion e la rivoluzione climatica\u201d 2020 Multimage. Nel marzo del 2022 grazie ad una campagna di crowdfunding \u00e8 stato pubblicato il libro \u201cDonne tra protesta e attivismo. Ambiente, economia, societ\u00e0\u201d sempre per la casa editrice Multimage di Firenze.\",\"url\":\"https:\/\/www.pressenza.com\/ca\/author\/fiorella-carollo\/\"}]}<\/script>\n<!-- \/ Yoast SEO plugin. -->","yoast_head_json":{"title":"Aung San Suu Kyi: la dona m\u00e9s temuda pels generals torna a ser lliure","description":"Aung San Suu Kyi, la l\u00edder birmana i guardonada amb el Premi Nobel de la Pau, t\u00e9 una cosa que els generals no han tingut mai: est\u00e0 legitimada pel mandat","robots":{"index":"index","follow":"follow","max-snippet":"max-snippet:-1","max-image-preview":"max-image-preview:large","max-video-preview":"max-video-preview:-1"},"canonical":"https:\/\/www.pressenza.com\/ca\/2026\/04\/aung-san-suu-kyi-la-dona-mes-temuda-pels-generals-torna-a-ser-lliure\/","og_locale":"ca_ES","og_type":"article","og_title":"Aung San Suu Kyi: la dona m\u00e9s temuda pels generals torna a ser lliure","og_description":"Aung San Suu Kyi, la l\u00edder birmana i guardonada amb el Premi Nobel de la Pau, t\u00e9 una cosa que els generals no han tingut mai: est\u00e0 legitimada pel mandat","og_url":"https:\/\/www.pressenza.com\/ca\/2026\/04\/aung-san-suu-kyi-la-dona-mes-temuda-pels-generals-torna-a-ser-lliure\/","og_site_name":"Pressenza","article_publisher":"https:\/\/www.facebook.com\/PressenzaItalia","article_published_time":"2026-04-30T21:54:11+00:00","og_image":[{"width":1024,"height":680,"url":"https:\/\/www.pressenza.com\/wp-content\/uploads\/2019\/12\/Aung_San_Suu_Kyi_31_ott_13_021.jpg","type":"image\/jpeg"}],"author":"Fiorella Carollo","twitter_card":"summary_large_image","twitter_creator":"@PressenzaIPA","twitter_site":"@PressenzaIPA","twitter_misc":{"Escrit per":"Fiorella Carollo","Temps estimat de lectura":"3 minuts"},"schema":{"@context":"https:\/\/schema.org","@graph":[{"@type":"Article","@id":"https:\/\/www.pressenza.com\/ca\/2026\/04\/aung-san-suu-kyi-la-dona-mes-temuda-pels-generals-torna-a-ser-lliure\/#article","isPartOf":{"@id":"https:\/\/www.pressenza.com\/ca\/2026\/04\/aung-san-suu-kyi-la-dona-mes-temuda-pels-generals-torna-a-ser-lliure\/"},"author":{"name":"Fiorella Carollo","@id":"https:\/\/www.pressenza.com\/ca\/#\/schema\/person\/84ebf19dce4d902a223619c900b9d714"},"headline":"Aung San Suu Kyi: la dona m\u00e9s temuda pels generals torna a ser lliure","datePublished":"2026-04-30T21:54:11+00:00","mainEntityOfPage":{"@id":"https:\/\/www.pressenza.com\/ca\/2026\/04\/aung-san-suu-kyi-la-dona-mes-temuda-pels-generals-torna-a-ser-lliure\/"},"wordCount":374,"publisher":{"@id":"https:\/\/www.pressenza.com\/ca\/#organization"},"image":{"@id":"https:\/\/www.pressenza.com\/ca\/2026\/04\/aung-san-suu-kyi-la-dona-mes-temuda-pels-generals-torna-a-ser-lliure\/#primaryimage"},"thumbnailUrl":"https:\/\/www.pressenza.com\/wp-content\/uploads\/2019\/12\/Aung_San_Suu_Kyi_31_ott_13_021.jpg","keywords":["arrest domiciliari","Aung San Suu Kyi","Birmania","Democracia","dictadura","drets humans","estat confederat","generals","Independencia","justicia","llibertat","Myanmar","pol\u00edtica birmana","Premi Nobel de la Pau","resistencia no violenta","revoluci\u00f3"],"articleSection":["Contingut original","Pol\u00edtica"],"inLanguage":"ca"},{"@type":"WebPage","@id":"https:\/\/www.pressenza.com\/ca\/2026\/04\/aung-san-suu-kyi-la-dona-mes-temuda-pels-generals-torna-a-ser-lliure\/","url":"https:\/\/www.pressenza.com\/ca\/2026\/04\/aung-san-suu-kyi-la-dona-mes-temuda-pels-generals-torna-a-ser-lliure\/","name":"Aung San Suu Kyi: la dona m\u00e9s temuda pels generals torna a ser lliure","isPartOf":{"@id":"https:\/\/www.pressenza.com\/ca\/#website"},"primaryImageOfPage":{"@id":"https:\/\/www.pressenza.com\/ca\/2026\/04\/aung-san-suu-kyi-la-dona-mes-temuda-pels-generals-torna-a-ser-lliure\/#primaryimage"},"image":{"@id":"https:\/\/www.pressenza.com\/ca\/2026\/04\/aung-san-suu-kyi-la-dona-mes-temuda-pels-generals-torna-a-ser-lliure\/#primaryimage"},"thumbnailUrl":"https:\/\/www.pressenza.com\/wp-content\/uploads\/2019\/12\/Aung_San_Suu_Kyi_31_ott_13_021.jpg","datePublished":"2026-04-30T21:54:11+00:00","description":"Aung San Suu Kyi, la l\u00edder birmana i guardonada amb el Premi Nobel de la Pau, t\u00e9 una cosa que els generals no han tingut mai: est\u00e0 legitimada pel mandat","breadcrumb":{"@id":"https:\/\/www.pressenza.com\/ca\/2026\/04\/aung-san-suu-kyi-la-dona-mes-temuda-pels-generals-torna-a-ser-lliure\/#breadcrumb"},"inLanguage":"ca","potentialAction":[{"@type":"ReadAction","target":["https:\/\/www.pressenza.com\/ca\/2026\/04\/aung-san-suu-kyi-la-dona-mes-temuda-pels-generals-torna-a-ser-lliure\/"]}]},{"@type":"ImageObject","inLanguage":"ca","@id":"https:\/\/www.pressenza.com\/ca\/2026\/04\/aung-san-suu-kyi-la-dona-mes-temuda-pels-generals-torna-a-ser-lliure\/#primaryimage","url":"https:\/\/www.pressenza.com\/wp-content\/uploads\/2019\/12\/Aung_San_Suu_Kyi_31_ott_13_021.jpg","contentUrl":"https:\/\/www.pressenza.com\/wp-content\/uploads\/2019\/12\/Aung_San_Suu_Kyi_31_ott_13_021.jpg","width":1024,"height":680},{"@type":"BreadcrumbList","@id":"https:\/\/www.pressenza.com\/ca\/2026\/04\/aung-san-suu-kyi-la-dona-mes-temuda-pels-generals-torna-a-ser-lliure\/#breadcrumb","itemListElement":[{"@type":"ListItem","position":1,"name":"Accueil","item":"https:\/\/www.pressenza.com\/ca\/"},{"@type":"ListItem","position":2,"name":"Aung San Suu Kyi: la dona m\u00e9s temuda pels generals torna a ser lliure"}]},{"@type":"WebSite","@id":"https:\/\/www.pressenza.com\/ca\/#website","url":"https:\/\/www.pressenza.com\/ca\/","name":"Pressenza","description":"International Press Agency","publisher":{"@id":"https:\/\/www.pressenza.com\/ca\/#organization"},"potentialAction":[{"@type":"SearchAction","target":{"@type":"EntryPoint","urlTemplate":"https:\/\/www.pressenza.com\/ca\/?s={search_term_string}"},"query-input":{"@type":"PropertyValueSpecification","valueRequired":true,"valueName":"search_term_string"}}],"inLanguage":"ca"},{"@type":"Organization","@id":"https:\/\/www.pressenza.com\/ca\/#organization","name":"Pressenza","url":"https:\/\/www.pressenza.com\/ca\/","logo":{"@type":"ImageObject","inLanguage":"ca","@id":"https:\/\/www.pressenza.com\/ca\/#\/schema\/logo\/image\/","url":"https:\/\/www.pressenza.com\/wp-content\/uploads\/2022\/10\/pressenza_logo_200x200.jpg","contentUrl":"https:\/\/www.pressenza.com\/wp-content\/uploads\/2022\/10\/pressenza_logo_200x200.jpg","width":200,"height":200,"caption":"Pressenza"},"image":{"@id":"https:\/\/www.pressenza.com\/ca\/#\/schema\/logo\/image\/"},"sameAs":["https:\/\/www.facebook.com\/PressenzaItalia","https:\/\/x.com\/PressenzaIPA"]},{"@type":"Person","@id":"https:\/\/www.pressenza.com\/ca\/#\/schema\/person\/84ebf19dce4d902a223619c900b9d714","name":"Fiorella Carollo","description":"Orientalista, nello specifico nipponista, con una formazione in antropologia, studiosa del pensiero femminista e di cinema delle donne. Ha vissuto a Venezia, Londra, Tokyo, Melbourne, Bali e Roma. Nel 2009 pubblica con il contributo del comune di Venezia la raccolta di recensioni \u201cNuove eroine al cinema. Venti anni di cinema declinato al femminile\u201d. Nel biennio 2014-15 due campagne di crowdfunding finanziano il progetto \u201cI Reportage di Donna Reporter: diamo voce e visibilit\u00e0 alle donne che in Asia stanno cambiando il mondo\u201d. Questi reportage, le interviste e gli articoli scritti per The Bali Times hanno fornito il materiale per un libro di prossima pubblicazione. Il 2019 ha visto l\u2019emergere prepotente della questione climatica a cui dedica il libro \u201cExtinction Rebellion e la rivoluzione climatica\u201d 2020 Multimage. Nel marzo del 2022 grazie ad una campagna di crowdfunding \u00e8 stato pubblicato il libro \u201cDonne tra protesta e attivismo. Ambiente, economia, societ\u00e0\u201d sempre per la casa editrice Multimage di Firenze.","url":"https:\/\/www.pressenza.com\/ca\/author\/fiorella-carollo\/"}]}},"place":"","original_article_url":"","_links":{"self":[{"href":"https:\/\/www.pressenza.com\/ca\/wp-json\/wp\/v2\/posts\/2696851","targetHints":{"allow":["GET"]}}],"collection":[{"href":"https:\/\/www.pressenza.com\/ca\/wp-json\/wp\/v2\/posts"}],"about":[{"href":"https:\/\/www.pressenza.com\/ca\/wp-json\/wp\/v2\/types\/post"}],"author":[{"embeddable":true,"href":"https:\/\/www.pressenza.com\/ca\/wp-json\/wp\/v2\/users\/1795"}],"replies":[{"embeddable":true,"href":"https:\/\/www.pressenza.com\/ca\/wp-json\/wp\/v2\/comments?post=2696851"}],"version-history":[{"count":1,"href":"https:\/\/www.pressenza.com\/ca\/wp-json\/wp\/v2\/posts\/2696851\/revisions"}],"predecessor-version":[{"id":2696852,"href":"https:\/\/www.pressenza.com\/ca\/wp-json\/wp\/v2\/posts\/2696851\/revisions\/2696852"}],"wp:featuredmedia":[{"embeddable":true,"href":"https:\/\/www.pressenza.com\/ca\/wp-json\/wp\/v2\/media\/994004"}],"wp:attachment":[{"href":"https:\/\/www.pressenza.com\/ca\/wp-json\/wp\/v2\/media?parent=2696851"}],"wp:term":[{"taxonomy":"category","embeddable":true,"href":"https:\/\/www.pressenza.com\/ca\/wp-json\/wp\/v2\/categories?post=2696851"},{"taxonomy":"post_tag","embeddable":true,"href":"https:\/\/www.pressenza.com\/ca\/wp-json\/wp\/v2\/tags?post=2696851"}],"curies":[{"name":"wp","href":"https:\/\/api.w.org\/{rel}","templated":true}]}}