{"id":2636844,"date":"2025-09-20T08:32:39","date_gmt":"2025-09-20T07:32:39","guid":{"rendered":"https:\/\/www.pressenza.com\/?p=2636844"},"modified":"2025-09-20T08:47:26","modified_gmt":"2025-09-20T07:47:26","slug":"una-vuelta-de-pena-pero-amb-esperanca","status":"publish","type":"post","link":"https:\/\/www.pressenza.com\/ca\/2025\/09\/una-vuelta-de-pena-pero-amb-esperanca\/","title":{"rendered":"Una \u00abVuelta\u00bb de pena, per\u00f2 amb esperan\u00e7a"},"content":{"rendered":"<p>La norantena edici\u00f3 de la <em>Vuelta ciclista a Espa\u00f1a<\/em>, una de les tres grans competicions ciclistes per etapes, junt amb el <em>Giro d&#8217;It\u00e0lia<\/em> i el <em>Tour de Fran\u00e7a<\/em>, passar\u00e0 a la hist\u00f2ria pel seu desenvolupament tan accidentat. Segurament, cap altre <em>Vuelta<\/em>, ni competici\u00f3 ciclista, ha estat mai tan ca\u00f2tica. I no ho ha estat pas pel clima, o per incid\u00e8ncies esportives. Les protestes propalestines, t\u00edmides en les primeres etapes, han for\u00e7at un final sense podi al centre del Madrid d&#8217;Ayuso i Almeida.<\/p>\n<p>\u00c9s evident que els responsables de l\u2019equip ciclista israeli\u00e0 viuen en una bombolla, a\u00efllats dels sentiments de gran part de la poblaci\u00f3 europea, per\u00f2 aix\u00f2 encara es pot comprendre. Per\u00f2 que\u00a0 la direcci\u00f3 de la <em>Vuelta<\/em> penses que no passaria res perqu\u00e8 un dels equips participants es denomin\u00e9s <em>Israel-Premier Tech<\/em>, en plena agressi\u00f3 israeliana a Gaza, on s&#8217;han causat m\u00e9s de 60000 morts, majorit\u00e0riament civils, i on s&#8217;anuncia un despla\u00e7ament de poblaci\u00f3, m\u00ednim, de dos milions de persones per a tancar-los en camps de refugiats, frega l&#8217;estupidesa social.<\/p>\n<p>A difer\u00e8ncia d&#8217;<em>Eurovisi\u00f3n<\/em>, que se celebra en un auditori on la realitzaci\u00f3 pot controlar el que s&#8217;emet i la policia resoldre f\u00e0cilment qualsevol alteraci\u00f3 de l\u2019ordre p\u00fablic, o que qualsevol partit de basket o de futbol, el ciclisme \u00e9s un esport d&#8217;espais, que requereix centenars de kil\u00f2metres diaris i de pobles i ciutats que travessar\u00e0 amb gent omplin les seves voreres. Sense aix\u00f2 el ciclisme \u00e9s un esport mort, com una competici\u00f3 de vela sense vent. Nom\u00e9s una dictadura totalit\u00e0ria podria assegurar el recorregut diari d&#8217;una etapa ciclista.<\/p>\n<p>Diferents exciclistes i comentaristes esportius s&#8217;han queixat del fet que les protestes propalestines han barrejat esport i pol\u00edtica. S&#8217;obliden que, de fet, han aconseguit barrejar negoci i pol\u00edtica. \u00c9s significatiu denominar un equip ciclista amb el nom d\u2019un estat com Israel. Des d&#8217;un primer moment es va intentar aturar l&#8217;incendi suprimint la denominaci\u00f3 oficial de l&#8217;equip <em>la petanca Israel<\/em>, per\u00f2 el mal ja estava fet. Tan sols es podria haver evitat el que ha succe\u00eft si s&#8217;hagu\u00e9s expulsat l&#8217;equip o aquest hagu\u00e9s renunciat.<\/p>\n<p>Israel \u00e9s el nou estat p\u00e0ria del segle XXI, com la Uni\u00f3 Sud-africana ho va ser a la segona meitat del segle XX per l&#8217;apartheid. Sud-\u00e0frica va ser exclosa des de 1965 del moviment ol\u00edmpic i els seus esportistes nom\u00e9s podien competir sota una altra bandera. Una excepci\u00f3 va ser el rugbi, que llavors no era integrat en el moviment ol\u00edmpic. Els <em>Springboks<\/em>, tal com es denomina encara avui a la selecci\u00f3 de rugbi sud-africana, solien fer algunes gires i rebre a casa algun combinat internacional que no representes a cap estat. La gira del 81 per Nova Zelanda va ser un camp de batalla continu. Un dels partits va haver de ser custodiat per la meitat de tota la for\u00e7a policial del pa\u00eds, i quan es va suspendre el darrer partit de la gira, l&#8217;alegria va esclatar a les presons sud-africanes, on feia ja anys que hi era un tipus conegut com a Nelson Mandela.<\/p>\n<p>L&#8217;esperan\u00e7a \u00e9s que, inesperadament, la protesta ciutadana ha trobat un espai adequat, i un resultat efectiu, perqu\u00e8 la repressi\u00f3 en un estat democr\u00e0tic podia arribar fins on ha arribat (sempre \u00e9s preferible suspendre un acte esportiu que tenir un camp de batalla als carrers).<\/p>\n<p>Hi ha batalles que es guanyen dia a dia.<\/p>\n","protected":false},"excerpt":{"rendered":"<p>La norantena edici\u00f3 de la Vuelta ciclista a Espa\u00f1a, una de les tres grans competicions ciclistes per etapes, junt amb el Giro d&#8217;It\u00e0lia i el Tour de Fran\u00e7a, passar\u00e0 a la hist\u00f2ria pel seu desenvolupament tan accidentat. Segurament, cap altre&hellip;<\/p>\n","protected":false},"author":1122,"featured_media":2636857,"comment_status":"closed","ping_status":"closed","sticky":false,"template":"","format":"standard","meta":{"footnotes":""},"categories":[35514,35512,35528,35519,35508],"tags":[143026,143027,55074,118948,143025],"class_list":["post-2636844","post","type-post","status-publish","format-standard","has-post-thumbnail","hentry","category-assumptes-internacionals-ca","category-drets-humans-ca","category-opinions-ca","category-pobles-originaris-ca","category-proxim-orient-ca","tag-almeida","tag-ayuso","tag-espana-ca","tag-gaza-ca","tag-vuelta"],"yoast_head":"<!-- This site is optimized with the Yoast SEO plugin v27.1.1 - https:\/\/yoast.com\/product\/yoast-seo-wordpress\/ -->\n<title>Una \u00abVuelta\u00bb de pena, per\u00f2 amb esperan\u00e7a<\/title>\n<meta name=\"description\" content=\"La norantena edici\u00f3 de la Vuelta ciclista a Espa\u00f1a, una de les tres grans competicions ciclistes per etapes, junt amb el Giro d&#039;It\u00e0lia i el Tour de\" \/>\n<meta name=\"robots\" content=\"index, follow, max-snippet:-1, max-image-preview:large, max-video-preview:-1\" \/>\n<link rel=\"canonical\" href=\"https:\/\/www.pressenza.com\/ca\/2025\/09\/una-vuelta-de-pena-pero-amb-esperanca\/\" \/>\n<meta property=\"og:locale\" content=\"ca_ES\" \/>\n<meta property=\"og:type\" content=\"article\" \/>\n<meta property=\"og:title\" content=\"Una \u00abVuelta\u00bb de pena, per\u00f2 amb esperan\u00e7a\" \/>\n<meta property=\"og:description\" content=\"La norantena edici\u00f3 de la Vuelta ciclista a Espa\u00f1a, una de les tres grans competicions ciclistes per etapes, junt amb el Giro d&#039;It\u00e0lia i el Tour de\" \/>\n<meta property=\"og:url\" content=\"https:\/\/www.pressenza.com\/ca\/2025\/09\/una-vuelta-de-pena-pero-amb-esperanca\/\" \/>\n<meta property=\"og:site_name\" content=\"Pressenza\" \/>\n<meta property=\"article:publisher\" content=\"https:\/\/www.facebook.com\/PressenzaItalia\" \/>\n<meta property=\"article:author\" content=\"https:\/\/www.facebook.com\/Pressenza-Espaa-647854795301395\/timeline\/\" \/>\n<meta property=\"article:published_time\" content=\"2025-09-20T07:32:39+00:00\" \/>\n<meta property=\"article:modified_time\" content=\"2025-09-20T07:47:26+00:00\" \/>\n<meta property=\"og:image\" content=\"https:\/\/www.pressenza.com\/wp-content\/uploads\/2025\/09\/5fa5277c-d13b-46d4-807e-016873b9aeed-172103369.webp\" \/>\n\t<meta property=\"og:image:width\" content=\"800\" \/>\n\t<meta property=\"og:image:height\" content=\"450\" \/>\n\t<meta property=\"og:image:type\" content=\"image\/webp\" \/>\n<meta name=\"author\" content=\"Redacci\u00f3n Barcelona\" \/>\n<meta name=\"twitter:card\" content=\"summary_large_image\" \/>\n<meta name=\"twitter:creator\" content=\"@pressenza\" \/>\n<meta name=\"twitter:site\" content=\"@PressenzaIPA\" \/>\n<meta name=\"twitter:label1\" content=\"Escrit per\" \/>\n\t<meta name=\"twitter:data1\" content=\"Redacci\u00f3n Barcelona\" \/>\n\t<meta name=\"twitter:label2\" content=\"Temps estimat de lectura\" \/>\n\t<meta name=\"twitter:data2\" content=\"3 minuts\" \/>\n<script type=\"application\/ld+json\" class=\"yoast-schema-graph\">{\"@context\":\"https:\/\/schema.org\",\"@graph\":[{\"@type\":\"Article\",\"@id\":\"https:\/\/www.pressenza.com\/ca\/2025\/09\/una-vuelta-de-pena-pero-amb-esperanca\/#article\",\"isPartOf\":{\"@id\":\"https:\/\/www.pressenza.com\/ca\/2025\/09\/una-vuelta-de-pena-pero-amb-esperanca\/\"},\"author\":{\"name\":\"Redacci\u00f3n Barcelona\",\"@id\":\"https:\/\/www.pressenza.com\/ca\/#\/schema\/person\/8abc53b92f3264e0dad4300d54ac73ff\"},\"headline\":\"Una \u00abVuelta\u00bb de pena, per\u00f2 amb esperan\u00e7a\",\"datePublished\":\"2025-09-20T07:32:39+00:00\",\"dateModified\":\"2025-09-20T07:47:26+00:00\",\"mainEntityOfPage\":{\"@id\":\"https:\/\/www.pressenza.com\/ca\/2025\/09\/una-vuelta-de-pena-pero-amb-esperanca\/\"},\"wordCount\":612,\"publisher\":{\"@id\":\"https:\/\/www.pressenza.com\/ca\/#organization\"},\"image\":{\"@id\":\"https:\/\/www.pressenza.com\/ca\/2025\/09\/una-vuelta-de-pena-pero-amb-esperanca\/#primaryimage\"},\"thumbnailUrl\":\"https:\/\/www.pressenza.com\/wp-content\/uploads\/2025\/09\/5fa5277c-d13b-46d4-807e-016873b9aeed-172103369.webp\",\"keywords\":[\"Almeida\",\"Ayuso\",\"Espa\u00f1a\",\"Gaza\",\"Vuelta\"],\"articleSection\":[\"Assumptes internacionals\",\"Drets Humans\",\"Opinions\",\"Pobles originaris\",\"Pr\u00f2xim Orient\"],\"inLanguage\":\"ca\"},{\"@type\":\"WebPage\",\"@id\":\"https:\/\/www.pressenza.com\/ca\/2025\/09\/una-vuelta-de-pena-pero-amb-esperanca\/\",\"url\":\"https:\/\/www.pressenza.com\/ca\/2025\/09\/una-vuelta-de-pena-pero-amb-esperanca\/\",\"name\":\"Una \u00abVuelta\u00bb de pena, per\u00f2 amb esperan\u00e7a\",\"isPartOf\":{\"@id\":\"https:\/\/www.pressenza.com\/ca\/#website\"},\"primaryImageOfPage\":{\"@id\":\"https:\/\/www.pressenza.com\/ca\/2025\/09\/una-vuelta-de-pena-pero-amb-esperanca\/#primaryimage\"},\"image\":{\"@id\":\"https:\/\/www.pressenza.com\/ca\/2025\/09\/una-vuelta-de-pena-pero-amb-esperanca\/#primaryimage\"},\"thumbnailUrl\":\"https:\/\/www.pressenza.com\/wp-content\/uploads\/2025\/09\/5fa5277c-d13b-46d4-807e-016873b9aeed-172103369.webp\",\"datePublished\":\"2025-09-20T07:32:39+00:00\",\"dateModified\":\"2025-09-20T07:47:26+00:00\",\"description\":\"La norantena edici\u00f3 de la Vuelta ciclista a Espa\u00f1a, una de les tres grans competicions ciclistes per etapes, junt amb el Giro d'It\u00e0lia i el Tour de\",\"breadcrumb\":{\"@id\":\"https:\/\/www.pressenza.com\/ca\/2025\/09\/una-vuelta-de-pena-pero-amb-esperanca\/#breadcrumb\"},\"inLanguage\":\"ca\",\"potentialAction\":[{\"@type\":\"ReadAction\",\"target\":[\"https:\/\/www.pressenza.com\/ca\/2025\/09\/una-vuelta-de-pena-pero-amb-esperanca\/\"]}]},{\"@type\":\"ImageObject\",\"inLanguage\":\"ca\",\"@id\":\"https:\/\/www.pressenza.com\/ca\/2025\/09\/una-vuelta-de-pena-pero-amb-esperanca\/#primaryimage\",\"url\":\"https:\/\/www.pressenza.com\/wp-content\/uploads\/2025\/09\/5fa5277c-d13b-46d4-807e-016873b9aeed-172103369.webp\",\"contentUrl\":\"https:\/\/www.pressenza.com\/wp-content\/uploads\/2025\/09\/5fa5277c-d13b-46d4-807e-016873b9aeed-172103369.webp\",\"width\":800,\"height\":450},{\"@type\":\"BreadcrumbList\",\"@id\":\"https:\/\/www.pressenza.com\/ca\/2025\/09\/una-vuelta-de-pena-pero-amb-esperanca\/#breadcrumb\",\"itemListElement\":[{\"@type\":\"ListItem\",\"position\":1,\"name\":\"Accueil\",\"item\":\"https:\/\/www.pressenza.com\/ca\/\"},{\"@type\":\"ListItem\",\"position\":2,\"name\":\"Una \u00abVuelta\u00bb de pena, per\u00f2 amb esperan\u00e7a\"}]},{\"@type\":\"WebSite\",\"@id\":\"https:\/\/www.pressenza.com\/ca\/#website\",\"url\":\"https:\/\/www.pressenza.com\/ca\/\",\"name\":\"Pressenza\",\"description\":\"International Press Agency\",\"publisher\":{\"@id\":\"https:\/\/www.pressenza.com\/ca\/#organization\"},\"potentialAction\":[{\"@type\":\"SearchAction\",\"target\":{\"@type\":\"EntryPoint\",\"urlTemplate\":\"https:\/\/www.pressenza.com\/ca\/?s={search_term_string}\"},\"query-input\":{\"@type\":\"PropertyValueSpecification\",\"valueRequired\":true,\"valueName\":\"search_term_string\"}}],\"inLanguage\":\"ca\"},{\"@type\":\"Organization\",\"@id\":\"https:\/\/www.pressenza.com\/ca\/#organization\",\"name\":\"Pressenza\",\"url\":\"https:\/\/www.pressenza.com\/ca\/\",\"logo\":{\"@type\":\"ImageObject\",\"inLanguage\":\"ca\",\"@id\":\"https:\/\/www.pressenza.com\/ca\/#\/schema\/logo\/image\/\",\"url\":\"https:\/\/www.pressenza.com\/wp-content\/uploads\/2022\/10\/pressenza_logo_200x200.jpg\",\"contentUrl\":\"https:\/\/www.pressenza.com\/wp-content\/uploads\/2022\/10\/pressenza_logo_200x200.jpg\",\"width\":200,\"height\":200,\"caption\":\"Pressenza\"},\"image\":{\"@id\":\"https:\/\/www.pressenza.com\/ca\/#\/schema\/logo\/image\/\"},\"sameAs\":[\"https:\/\/www.facebook.com\/PressenzaItalia\",\"https:\/\/x.com\/PressenzaIPA\"]},{\"@type\":\"Person\",\"@id\":\"https:\/\/www.pressenza.com\/ca\/#\/schema\/person\/8abc53b92f3264e0dad4300d54ac73ff\",\"name\":\"Redacci\u00f3n Barcelona\",\"description\":\"News published by the Pressenza bureau in Barcelona, Spain\",\"sameAs\":[\"https:\/\/www.facebook.com\/Pressenza-Espaa-647854795301395\/timeline\/\",\"https:\/\/x.com\/pressenza\"],\"url\":\"https:\/\/www.pressenza.com\/ca\/author\/redaccion-barcelona\/\"}]}<\/script>\n<!-- \/ Yoast SEO plugin. -->","yoast_head_json":{"title":"Una \u00abVuelta\u00bb de pena, per\u00f2 amb esperan\u00e7a","description":"La norantena edici\u00f3 de la Vuelta ciclista a Espa\u00f1a, una de les tres grans competicions ciclistes per etapes, junt amb el Giro d'It\u00e0lia i el Tour de","robots":{"index":"index","follow":"follow","max-snippet":"max-snippet:-1","max-image-preview":"max-image-preview:large","max-video-preview":"max-video-preview:-1"},"canonical":"https:\/\/www.pressenza.com\/ca\/2025\/09\/una-vuelta-de-pena-pero-amb-esperanca\/","og_locale":"ca_ES","og_type":"article","og_title":"Una \u00abVuelta\u00bb de pena, per\u00f2 amb esperan\u00e7a","og_description":"La norantena edici\u00f3 de la Vuelta ciclista a Espa\u00f1a, una de les tres grans competicions ciclistes per etapes, junt amb el Giro d'It\u00e0lia i el Tour de","og_url":"https:\/\/www.pressenza.com\/ca\/2025\/09\/una-vuelta-de-pena-pero-amb-esperanca\/","og_site_name":"Pressenza","article_publisher":"https:\/\/www.facebook.com\/PressenzaItalia","article_author":"https:\/\/www.facebook.com\/Pressenza-Espaa-647854795301395\/timeline\/","article_published_time":"2025-09-20T07:32:39+00:00","article_modified_time":"2025-09-20T07:47:26+00:00","og_image":[{"width":800,"height":450,"url":"https:\/\/www.pressenza.com\/wp-content\/uploads\/2025\/09\/5fa5277c-d13b-46d4-807e-016873b9aeed-172103369.webp","type":"image\/webp"}],"author":"Redacci\u00f3n Barcelona","twitter_card":"summary_large_image","twitter_creator":"@pressenza","twitter_site":"@PressenzaIPA","twitter_misc":{"Escrit per":"Redacci\u00f3n Barcelona","Temps estimat de lectura":"3 minuts"},"schema":{"@context":"https:\/\/schema.org","@graph":[{"@type":"Article","@id":"https:\/\/www.pressenza.com\/ca\/2025\/09\/una-vuelta-de-pena-pero-amb-esperanca\/#article","isPartOf":{"@id":"https:\/\/www.pressenza.com\/ca\/2025\/09\/una-vuelta-de-pena-pero-amb-esperanca\/"},"author":{"name":"Redacci\u00f3n Barcelona","@id":"https:\/\/www.pressenza.com\/ca\/#\/schema\/person\/8abc53b92f3264e0dad4300d54ac73ff"},"headline":"Una \u00abVuelta\u00bb de pena, per\u00f2 amb esperan\u00e7a","datePublished":"2025-09-20T07:32:39+00:00","dateModified":"2025-09-20T07:47:26+00:00","mainEntityOfPage":{"@id":"https:\/\/www.pressenza.com\/ca\/2025\/09\/una-vuelta-de-pena-pero-amb-esperanca\/"},"wordCount":612,"publisher":{"@id":"https:\/\/www.pressenza.com\/ca\/#organization"},"image":{"@id":"https:\/\/www.pressenza.com\/ca\/2025\/09\/una-vuelta-de-pena-pero-amb-esperanca\/#primaryimage"},"thumbnailUrl":"https:\/\/www.pressenza.com\/wp-content\/uploads\/2025\/09\/5fa5277c-d13b-46d4-807e-016873b9aeed-172103369.webp","keywords":["Almeida","Ayuso","Espa\u00f1a","Gaza","Vuelta"],"articleSection":["Assumptes internacionals","Drets Humans","Opinions","Pobles originaris","Pr\u00f2xim Orient"],"inLanguage":"ca"},{"@type":"WebPage","@id":"https:\/\/www.pressenza.com\/ca\/2025\/09\/una-vuelta-de-pena-pero-amb-esperanca\/","url":"https:\/\/www.pressenza.com\/ca\/2025\/09\/una-vuelta-de-pena-pero-amb-esperanca\/","name":"Una \u00abVuelta\u00bb de pena, per\u00f2 amb esperan\u00e7a","isPartOf":{"@id":"https:\/\/www.pressenza.com\/ca\/#website"},"primaryImageOfPage":{"@id":"https:\/\/www.pressenza.com\/ca\/2025\/09\/una-vuelta-de-pena-pero-amb-esperanca\/#primaryimage"},"image":{"@id":"https:\/\/www.pressenza.com\/ca\/2025\/09\/una-vuelta-de-pena-pero-amb-esperanca\/#primaryimage"},"thumbnailUrl":"https:\/\/www.pressenza.com\/wp-content\/uploads\/2025\/09\/5fa5277c-d13b-46d4-807e-016873b9aeed-172103369.webp","datePublished":"2025-09-20T07:32:39+00:00","dateModified":"2025-09-20T07:47:26+00:00","description":"La norantena edici\u00f3 de la Vuelta ciclista a Espa\u00f1a, una de les tres grans competicions ciclistes per etapes, junt amb el Giro d'It\u00e0lia i el Tour de","breadcrumb":{"@id":"https:\/\/www.pressenza.com\/ca\/2025\/09\/una-vuelta-de-pena-pero-amb-esperanca\/#breadcrumb"},"inLanguage":"ca","potentialAction":[{"@type":"ReadAction","target":["https:\/\/www.pressenza.com\/ca\/2025\/09\/una-vuelta-de-pena-pero-amb-esperanca\/"]}]},{"@type":"ImageObject","inLanguage":"ca","@id":"https:\/\/www.pressenza.com\/ca\/2025\/09\/una-vuelta-de-pena-pero-amb-esperanca\/#primaryimage","url":"https:\/\/www.pressenza.com\/wp-content\/uploads\/2025\/09\/5fa5277c-d13b-46d4-807e-016873b9aeed-172103369.webp","contentUrl":"https:\/\/www.pressenza.com\/wp-content\/uploads\/2025\/09\/5fa5277c-d13b-46d4-807e-016873b9aeed-172103369.webp","width":800,"height":450},{"@type":"BreadcrumbList","@id":"https:\/\/www.pressenza.com\/ca\/2025\/09\/una-vuelta-de-pena-pero-amb-esperanca\/#breadcrumb","itemListElement":[{"@type":"ListItem","position":1,"name":"Accueil","item":"https:\/\/www.pressenza.com\/ca\/"},{"@type":"ListItem","position":2,"name":"Una \u00abVuelta\u00bb de pena, per\u00f2 amb esperan\u00e7a"}]},{"@type":"WebSite","@id":"https:\/\/www.pressenza.com\/ca\/#website","url":"https:\/\/www.pressenza.com\/ca\/","name":"Pressenza","description":"International Press Agency","publisher":{"@id":"https:\/\/www.pressenza.com\/ca\/#organization"},"potentialAction":[{"@type":"SearchAction","target":{"@type":"EntryPoint","urlTemplate":"https:\/\/www.pressenza.com\/ca\/?s={search_term_string}"},"query-input":{"@type":"PropertyValueSpecification","valueRequired":true,"valueName":"search_term_string"}}],"inLanguage":"ca"},{"@type":"Organization","@id":"https:\/\/www.pressenza.com\/ca\/#organization","name":"Pressenza","url":"https:\/\/www.pressenza.com\/ca\/","logo":{"@type":"ImageObject","inLanguage":"ca","@id":"https:\/\/www.pressenza.com\/ca\/#\/schema\/logo\/image\/","url":"https:\/\/www.pressenza.com\/wp-content\/uploads\/2022\/10\/pressenza_logo_200x200.jpg","contentUrl":"https:\/\/www.pressenza.com\/wp-content\/uploads\/2022\/10\/pressenza_logo_200x200.jpg","width":200,"height":200,"caption":"Pressenza"},"image":{"@id":"https:\/\/www.pressenza.com\/ca\/#\/schema\/logo\/image\/"},"sameAs":["https:\/\/www.facebook.com\/PressenzaItalia","https:\/\/x.com\/PressenzaIPA"]},{"@type":"Person","@id":"https:\/\/www.pressenza.com\/ca\/#\/schema\/person\/8abc53b92f3264e0dad4300d54ac73ff","name":"Redacci\u00f3n Barcelona","description":"News published by the Pressenza bureau in Barcelona, Spain","sameAs":["https:\/\/www.facebook.com\/Pressenza-Espaa-647854795301395\/timeline\/","https:\/\/x.com\/pressenza"],"url":"https:\/\/www.pressenza.com\/ca\/author\/redaccion-barcelona\/"}]}},"place":"Catalunya - Enric Feliu","original_article_url":"","_links":{"self":[{"href":"https:\/\/www.pressenza.com\/ca\/wp-json\/wp\/v2\/posts\/2636844","targetHints":{"allow":["GET"]}}],"collection":[{"href":"https:\/\/www.pressenza.com\/ca\/wp-json\/wp\/v2\/posts"}],"about":[{"href":"https:\/\/www.pressenza.com\/ca\/wp-json\/wp\/v2\/types\/post"}],"author":[{"embeddable":true,"href":"https:\/\/www.pressenza.com\/ca\/wp-json\/wp\/v2\/users\/1122"}],"replies":[{"embeddable":true,"href":"https:\/\/www.pressenza.com\/ca\/wp-json\/wp\/v2\/comments?post=2636844"}],"version-history":[{"count":1,"href":"https:\/\/www.pressenza.com\/ca\/wp-json\/wp\/v2\/posts\/2636844\/revisions"}],"predecessor-version":[{"id":2636861,"href":"https:\/\/www.pressenza.com\/ca\/wp-json\/wp\/v2\/posts\/2636844\/revisions\/2636861"}],"wp:featuredmedia":[{"embeddable":true,"href":"https:\/\/www.pressenza.com\/ca\/wp-json\/wp\/v2\/media\/2636857"}],"wp:attachment":[{"href":"https:\/\/www.pressenza.com\/ca\/wp-json\/wp\/v2\/media?parent=2636844"}],"wp:term":[{"taxonomy":"category","embeddable":true,"href":"https:\/\/www.pressenza.com\/ca\/wp-json\/wp\/v2\/categories?post=2636844"},{"taxonomy":"post_tag","embeddable":true,"href":"https:\/\/www.pressenza.com\/ca\/wp-json\/wp\/v2\/tags?post=2636844"}],"curies":[{"name":"wp","href":"https:\/\/api.w.org\/{rel}","templated":true}]}}