{"id":2632219,"date":"2025-09-02T15:10:38","date_gmt":"2025-09-02T14:10:38","guid":{"rendered":"https:\/\/www.pressenza.com\/?p=2632219"},"modified":"2025-09-02T15:13:03","modified_gmt":"2025-09-02T14:13:03","slug":"2632219","status":"publish","type":"post","link":"https:\/\/www.pressenza.com\/ca\/2025\/09\/2632219\/","title":{"rendered":"Salpem per recuperar la humanitat: diari de bord de la Global Sumud Flotilla"},"content":{"rendered":"<p data-start=\"228\" data-end=\"439\">Lucio, Manfredo i Stefano s\u00f3n a bord dels vaixells de la <em data-start=\"285\" data-end=\"308\">Global Sumud Flotilla<\/em> i explicaran la seva aventura per a Pressenza. Aquest \u00e9s el seu primer diari de bord.<br data-start=\"394\" data-end=\"397\" \/>Bon vent!, els desitja tota la redacci\u00f3.<\/p>\n<p data-start=\"441\" data-end=\"801\">Un tsunami d\u2019humanitat est\u00e0 a punt de salpar per intentar alliberar Gaza del bloqueig a l\u2019ajuda. Volem trencar el setge il\u00b7legal d\u2019Israel amb la for\u00e7a de la solidaritat noviolenta, una for\u00e7a de la humanitat i per a la humanitat. Milers de persones participen en aquest extraordinari moviment internacional que vol ajudar totes les persones innocents de Gaza.<\/p>\n<p data-start=\"803\" data-end=\"1092\">Mentre una part de la flotilla va sortir de G\u00e8nova cap a Barcelona, aqu\u00ed a Sic\u00edlia treballem per preparar els vaixells: verificar les condicions de seguretat, abastir la cambra i les veles, revisar els motors, juntament amb companys i companyes internacionals que formaran la tripulaci\u00f3.<\/p>\n<p data-start=\"1094\" data-end=\"1635\">Entre les moltes persones que es mouen entre els vaixells en preparaci\u00f3, algunes donen un cop de m\u00e0 en tasques espec\u00edfiques que sovint van m\u00e9s enll\u00e0 de l\u2019\u00e0mbit n\u00e0utic: motors, instal\u00b7lacions el\u00e8ctriques, neteja i retirada de materials dels antics propietaris que no serviran per a la missi\u00f3. Aix\u00ed, passa que els navegants que participen en els controls i verificacions semblen fun\u00e0mbuls penjats d\u2019una corda a vint metres d\u2019al\u00e7ada, revisant obencs, caps i veles; els armadors m\u00e9s exigents planifiquen aquestes inspeccions de manera regular.<\/p>\n<p data-start=\"1637\" data-end=\"2197\">Per aix\u00f2, termes com \u201cbanzigo\u201d (un seient amb arn\u00e8s per hissar una persona fins al capdamunt del pal), <em data-start=\"1740\" data-end=\"1757\">obencs voladors<\/em>(cables d\u2019acer addicionals que reforcen l\u2019eix del vaixell quan queda a 90 graus i necessita m\u00e9s suport en certes maniobres), requereixen explicacions t\u00edpiques d\u2019un instructor de vela per als m\u00e9s curiosos. En realitat, aquestes explicacions seran \u00fatils durant la missi\u00f3 per a aquells que, encara que no tinguin experi\u00e8ncia en navegaci\u00f3, pujaran a bord com a periodistes, persones influents en pol\u00edtica o xarxes socials, metges o mec\u00e0nics.<\/p>\n<p data-start=\"2199\" data-end=\"2380\">El port \u00e9s un formigueig de gent que va i ve a la recerca d\u2019eines o de suport per a tasques complexes i feixugues, com arriar una vela o obrir un grillet encallat per anys de sal.<\/p>\n<p data-start=\"2382\" data-end=\"2872\">S\u2019hi respira una atmosfera de gran col\u00b7laboraci\u00f3, per\u00f2 tamb\u00e9 de tensi\u00f3 i esperan\u00e7a. Hem comentat entre nosaltres les amenaces del ministre de Seguretat Nacional israeli\u00e0, Itamar Ben Gvir, que ha parlat de la possibilitat d\u2019una detenci\u00f3 prolongada en condicions molt dures. Sens dubte, comptar amb el suport de grans sectors de la poblaci\u00f3 a Europa i al m\u00f3n ens d\u00f3na seguretat i tamb\u00e9 esperan\u00e7a. Alhora, ens preparem per a entrenaments sobre com actuar en situacions tenses o d\u2019emerg\u00e8ncia.<\/p>\n<p data-start=\"2874\" data-end=\"3102\">Mentrestant, ens hem assabentat que tots els vaixells que van sortir d\u2019Espanya han hagut d\u2019invertir el rumb a causa dels vents de 30 nusos i la mar tempestuosa. Els imprevistos, en una missi\u00f3 com aquesta, s\u00f3n cosa de cada dia.<\/p>\n<p data-start=\"3104\" data-end=\"3396\">M\u2019he preguntat moltes vegades per qu\u00e8 vaig decidir participar en la missi\u00f3, des que al mar\u00e7 vaig prendre part en la Marxa Global a Gaza. Vaig arribar a la conclusi\u00f3 que ja no n\u2019hi havia prou amb fer manifestacions i activitats pol\u00edtiques a l\u2019Arci, ni organitzar boicots amb el moviment BDS.<\/p>\n<p data-start=\"3398\" data-end=\"3665\">Vaig sentir la necessitat de fer quelcom m\u00e9s fort, m\u00e9s radical: el desig de no restar callat quan el m\u00f3n calla davant d\u2019una massacre i un genocidi, davant d\u2019una altra vergonya de la hist\u00f2ria recent, on veiem cada dia com un tros d\u2019humanitat es precipita a l\u2019abisme.<\/p>\n<p data-start=\"3667\" data-end=\"4181\">Vaig decidir participar pensant en les lectures que m\u2019han marcat: Hannah Arendt, amb la seva capacitat de descriure la \u201cbanalitat del mal\u201d i la necessitat de no ser mai d\u2019aquell costat; Martin Luther King, per a qui el m\u00e9s dolor\u00f3s no eren les persones dolentes, sin\u00f3 aquells que callaven davant la injust\u00edcia. Tamb\u00e9 penso en Dietrich Bonhoeffer i en l\u2019Esgl\u00e9sia confessant contra el nazisme, aquella petita comunitat que va entendre que Hitler era un enemic terrible al qual calia enfrontar-se en tots els fronts.<\/p>\n<p data-start=\"4183\" data-end=\"4682\">De vegades \u00e9s \u00fatil cercar models tamb\u00e9 en la nostra pr\u00f2pia hist\u00f2ria, figures positives com Antonio Gramsci, que deia que calia ser partidari, que no es podia romandre indiferent. Totes aquestes paraules, aquestes vides d\u2019homes i dones del nostre passat m\u2019ajuden a motivar-me, a aprofundir, a ser conscient i a afrontar aquesta elecci\u00f3 no com a herois occidentals blancs, sin\u00f3 amb humilitat i tamb\u00e9 amb una mica de por, pensant en els nostres \u00e9ssers estimats, en els nostres fills, pares, companys.<\/p>\n<p data-start=\"4684\" data-end=\"4928\">Potser ho faig per poder respondre amb dignitat i consci\u00e8ncia quan la dimensi\u00f3 monstruosa del que est\u00e0 passant al poble palest\u00ed sigui encara m\u00e9s evident, si alg\u00fa em dirigeix la fat\u00eddica pregunta:<br data-start=\"4879\" data-end=\"4882\" \/><strong data-start=\"4882\" data-end=\"4928\">\u201cI tu, qu\u00e8 vas fer quan tot aix\u00f2 passava?\u201d<\/strong><\/p>\n","protected":false},"excerpt":{"rendered":"<p>Lucio, Manfredo i Stefano s\u00f3n a bord dels vaixells de la Global Sumud Flotilla i explicaran la seva aventura per a Pressenza. Aquest \u00e9s el seu primer diari de bord.Bon vent!, els desitja tota la redacci\u00f3. Un tsunami d\u2019humanitat est\u00e0&hellip;<\/p>\n","protected":false},"author":594,"featured_media":2632221,"comment_status":"closed","ping_status":"closed","sticky":false,"template":"","format":"standard","meta":{"footnotes":""},"categories":[35531,35516],"tags":[118948,142014],"class_list":["post-2632219","post","type-post","status-publish","format-standard","has-post-thumbnail","hentry","category-contingut-original-ca","category-pau-i-desarmament-ca","tag-gaza-ca","tag-global-sumud-flotilla"],"yoast_head":"<!-- This site is optimized with the Yoast SEO plugin v27.1.1 - https:\/\/yoast.com\/product\/yoast-seo-wordpress\/ -->\n<title>Salpem per recuperar la humanitat: diari de bord de la Global Sumud Flotilla<\/title>\n<meta name=\"description\" content=\"Lucio, Manfredo i Stefano s\u00f3n a bord dels vaixells de la Global Sumud Flotilla i explicaran la seva aventura per a Pressenza. Aquest \u00e9s el seu primer\" \/>\n<meta name=\"robots\" content=\"index, follow, max-snippet:-1, max-image-preview:large, max-video-preview:-1\" \/>\n<link rel=\"canonical\" href=\"https:\/\/www.pressenza.com\/ca\/2025\/09\/2632219\/\" \/>\n<meta property=\"og:locale\" content=\"ca_ES\" \/>\n<meta property=\"og:type\" content=\"article\" \/>\n<meta property=\"og:title\" content=\"Salpem per recuperar la humanitat: diari de bord de la Global Sumud Flotilla\" \/>\n<meta property=\"og:description\" content=\"Lucio, Manfredo i Stefano s\u00f3n a bord dels vaixells de la Global Sumud Flotilla i explicaran la seva aventura per a Pressenza. Aquest \u00e9s el seu primer\" \/>\n<meta property=\"og:url\" content=\"https:\/\/www.pressenza.com\/ca\/2025\/09\/2632219\/\" \/>\n<meta property=\"og:site_name\" content=\"Pressenza\" \/>\n<meta property=\"article:publisher\" content=\"https:\/\/www.facebook.com\/PressenzaItalia\" \/>\n<meta property=\"article:author\" content=\"https:\/\/www.facebook.com\/PressenzaItalia\" \/>\n<meta property=\"article:published_time\" content=\"2025-09-02T14:10:38+00:00\" \/>\n<meta property=\"article:modified_time\" content=\"2025-09-02T14:13:03+00:00\" \/>\n<meta property=\"og:image\" content=\"https:\/\/www.pressenza.com\/wp-content\/uploads\/2025\/08\/Tawelo-e-Flotilla.png\" \/>\n\t<meta property=\"og:image:width\" content=\"1200\" \/>\n\t<meta property=\"og:image:height\" content=\"640\" \/>\n\t<meta property=\"og:image:type\" content=\"image\/png\" \/>\n<meta name=\"author\" content=\"Redazione Italia\" \/>\n<meta name=\"twitter:card\" content=\"summary_large_image\" \/>\n<meta name=\"twitter:creator\" content=\"@pressenza_it\" \/>\n<meta name=\"twitter:site\" content=\"@PressenzaIPA\" \/>\n<meta name=\"twitter:label1\" content=\"Escrit per\" \/>\n\t<meta name=\"twitter:data1\" content=\"Redazione Italia\" \/>\n\t<meta name=\"twitter:label2\" content=\"Temps estimat de lectura\" \/>\n\t<meta name=\"twitter:data2\" content=\"4 minuts\" \/>\n<script type=\"application\/ld+json\" class=\"yoast-schema-graph\">{\"@context\":\"https:\/\/schema.org\",\"@graph\":[{\"@type\":\"Article\",\"@id\":\"https:\/\/www.pressenza.com\/ca\/2025\/09\/2632219\/#article\",\"isPartOf\":{\"@id\":\"https:\/\/www.pressenza.com\/ca\/2025\/09\/2632219\/\"},\"author\":{\"name\":\"Redazione Italia\",\"@id\":\"https:\/\/www.pressenza.com\/ca\/#\/schema\/person\/d983e81827ae24f2c7b1a2123d197f8d\"},\"headline\":\"Salpem per recuperar la humanitat: diari de bord de la Global Sumud Flotilla\",\"datePublished\":\"2025-09-02T14:10:38+00:00\",\"dateModified\":\"2025-09-02T14:13:03+00:00\",\"mainEntityOfPage\":{\"@id\":\"https:\/\/www.pressenza.com\/ca\/2025\/09\/2632219\/\"},\"wordCount\":848,\"publisher\":{\"@id\":\"https:\/\/www.pressenza.com\/ca\/#organization\"},\"image\":{\"@id\":\"https:\/\/www.pressenza.com\/ca\/2025\/09\/2632219\/#primaryimage\"},\"thumbnailUrl\":\"https:\/\/www.pressenza.com\/wp-content\/uploads\/2025\/08\/Tawelo-e-Flotilla.png\",\"keywords\":[\"Gaza\",\"Global Sumud Flotilla\"],\"articleSection\":[\"Contingut original\",\"Pau i desarmament\"],\"inLanguage\":\"ca\"},{\"@type\":\"WebPage\",\"@id\":\"https:\/\/www.pressenza.com\/ca\/2025\/09\/2632219\/\",\"url\":\"https:\/\/www.pressenza.com\/ca\/2025\/09\/2632219\/\",\"name\":\"Salpem per recuperar la humanitat: diari de bord de la Global Sumud Flotilla\",\"isPartOf\":{\"@id\":\"https:\/\/www.pressenza.com\/ca\/#website\"},\"primaryImageOfPage\":{\"@id\":\"https:\/\/www.pressenza.com\/ca\/2025\/09\/2632219\/#primaryimage\"},\"image\":{\"@id\":\"https:\/\/www.pressenza.com\/ca\/2025\/09\/2632219\/#primaryimage\"},\"thumbnailUrl\":\"https:\/\/www.pressenza.com\/wp-content\/uploads\/2025\/08\/Tawelo-e-Flotilla.png\",\"datePublished\":\"2025-09-02T14:10:38+00:00\",\"dateModified\":\"2025-09-02T14:13:03+00:00\",\"description\":\"Lucio, Manfredo i Stefano s\u00f3n a bord dels vaixells de la Global Sumud Flotilla i explicaran la seva aventura per a Pressenza. Aquest \u00e9s el seu primer\",\"breadcrumb\":{\"@id\":\"https:\/\/www.pressenza.com\/ca\/2025\/09\/2632219\/#breadcrumb\"},\"inLanguage\":\"ca\",\"potentialAction\":[{\"@type\":\"ReadAction\",\"target\":[\"https:\/\/www.pressenza.com\/ca\/2025\/09\/2632219\/\"]}]},{\"@type\":\"ImageObject\",\"inLanguage\":\"ca\",\"@id\":\"https:\/\/www.pressenza.com\/ca\/2025\/09\/2632219\/#primaryimage\",\"url\":\"https:\/\/www.pressenza.com\/wp-content\/uploads\/2025\/08\/Tawelo-e-Flotilla.png\",\"contentUrl\":\"https:\/\/www.pressenza.com\/wp-content\/uploads\/2025\/08\/Tawelo-e-Flotilla.png\",\"width\":1200,\"height\":640,\"caption\":\"Una barca della Global Sumud Flotilla (Foto Associazione Tatawelo)\"},{\"@type\":\"BreadcrumbList\",\"@id\":\"https:\/\/www.pressenza.com\/ca\/2025\/09\/2632219\/#breadcrumb\",\"itemListElement\":[{\"@type\":\"ListItem\",\"position\":1,\"name\":\"Accueil\",\"item\":\"https:\/\/www.pressenza.com\/ca\/\"},{\"@type\":\"ListItem\",\"position\":2,\"name\":\"Salpem per recuperar la humanitat: diari de bord de la Global Sumud Flotilla\"}]},{\"@type\":\"WebSite\",\"@id\":\"https:\/\/www.pressenza.com\/ca\/#website\",\"url\":\"https:\/\/www.pressenza.com\/ca\/\",\"name\":\"Pressenza\",\"description\":\"International Press Agency\",\"publisher\":{\"@id\":\"https:\/\/www.pressenza.com\/ca\/#organization\"},\"potentialAction\":[{\"@type\":\"SearchAction\",\"target\":{\"@type\":\"EntryPoint\",\"urlTemplate\":\"https:\/\/www.pressenza.com\/ca\/?s={search_term_string}\"},\"query-input\":{\"@type\":\"PropertyValueSpecification\",\"valueRequired\":true,\"valueName\":\"search_term_string\"}}],\"inLanguage\":\"ca\"},{\"@type\":\"Organization\",\"@id\":\"https:\/\/www.pressenza.com\/ca\/#organization\",\"name\":\"Pressenza\",\"url\":\"https:\/\/www.pressenza.com\/ca\/\",\"logo\":{\"@type\":\"ImageObject\",\"inLanguage\":\"ca\",\"@id\":\"https:\/\/www.pressenza.com\/ca\/#\/schema\/logo\/image\/\",\"url\":\"https:\/\/www.pressenza.com\/wp-content\/uploads\/2022\/10\/pressenza_logo_200x200.jpg\",\"contentUrl\":\"https:\/\/www.pressenza.com\/wp-content\/uploads\/2022\/10\/pressenza_logo_200x200.jpg\",\"width\":200,\"height\":200,\"caption\":\"Pressenza\"},\"image\":{\"@id\":\"https:\/\/www.pressenza.com\/ca\/#\/schema\/logo\/image\/\"},\"sameAs\":[\"https:\/\/www.facebook.com\/PressenzaItalia\",\"https:\/\/x.com\/PressenzaIPA\"]},{\"@type\":\"Person\",\"@id\":\"https:\/\/www.pressenza.com\/ca\/#\/schema\/person\/d983e81827ae24f2c7b1a2123d197f8d\",\"name\":\"Redazione Italia\",\"description\":\"News from the Pressenza Bureau in Italy\",\"sameAs\":[\"https:\/\/www.pressenza.com\/it\/author\/redazione-italia\/\",\"https:\/\/www.facebook.com\/PressenzaItalia\",\"https:\/\/www.instagram.com\/pressenza_italia\/\",\"https:\/\/x.com\/pressenza_it\",\"https:\/\/www.youtube.com\/channel\/UCSalEIWjE1RSxkwjfftFuqg\"],\"url\":\"https:\/\/www.pressenza.com\/ca\/author\/redazione-italia\/\"}]}<\/script>\n<!-- \/ Yoast SEO plugin. -->","yoast_head_json":{"title":"Salpem per recuperar la humanitat: diari de bord de la Global Sumud Flotilla","description":"Lucio, Manfredo i Stefano s\u00f3n a bord dels vaixells de la Global Sumud Flotilla i explicaran la seva aventura per a Pressenza. Aquest \u00e9s el seu primer","robots":{"index":"index","follow":"follow","max-snippet":"max-snippet:-1","max-image-preview":"max-image-preview:large","max-video-preview":"max-video-preview:-1"},"canonical":"https:\/\/www.pressenza.com\/ca\/2025\/09\/2632219\/","og_locale":"ca_ES","og_type":"article","og_title":"Salpem per recuperar la humanitat: diari de bord de la Global Sumud Flotilla","og_description":"Lucio, Manfredo i Stefano s\u00f3n a bord dels vaixells de la Global Sumud Flotilla i explicaran la seva aventura per a Pressenza. Aquest \u00e9s el seu primer","og_url":"https:\/\/www.pressenza.com\/ca\/2025\/09\/2632219\/","og_site_name":"Pressenza","article_publisher":"https:\/\/www.facebook.com\/PressenzaItalia","article_author":"https:\/\/www.facebook.com\/PressenzaItalia","article_published_time":"2025-09-02T14:10:38+00:00","article_modified_time":"2025-09-02T14:13:03+00:00","og_image":[{"width":1200,"height":640,"url":"https:\/\/www.pressenza.com\/wp-content\/uploads\/2025\/08\/Tawelo-e-Flotilla.png","type":"image\/png"}],"author":"Redazione Italia","twitter_card":"summary_large_image","twitter_creator":"@pressenza_it","twitter_site":"@PressenzaIPA","twitter_misc":{"Escrit per":"Redazione Italia","Temps estimat de lectura":"4 minuts"},"schema":{"@context":"https:\/\/schema.org","@graph":[{"@type":"Article","@id":"https:\/\/www.pressenza.com\/ca\/2025\/09\/2632219\/#article","isPartOf":{"@id":"https:\/\/www.pressenza.com\/ca\/2025\/09\/2632219\/"},"author":{"name":"Redazione Italia","@id":"https:\/\/www.pressenza.com\/ca\/#\/schema\/person\/d983e81827ae24f2c7b1a2123d197f8d"},"headline":"Salpem per recuperar la humanitat: diari de bord de la Global Sumud Flotilla","datePublished":"2025-09-02T14:10:38+00:00","dateModified":"2025-09-02T14:13:03+00:00","mainEntityOfPage":{"@id":"https:\/\/www.pressenza.com\/ca\/2025\/09\/2632219\/"},"wordCount":848,"publisher":{"@id":"https:\/\/www.pressenza.com\/ca\/#organization"},"image":{"@id":"https:\/\/www.pressenza.com\/ca\/2025\/09\/2632219\/#primaryimage"},"thumbnailUrl":"https:\/\/www.pressenza.com\/wp-content\/uploads\/2025\/08\/Tawelo-e-Flotilla.png","keywords":["Gaza","Global Sumud Flotilla"],"articleSection":["Contingut original","Pau i desarmament"],"inLanguage":"ca"},{"@type":"WebPage","@id":"https:\/\/www.pressenza.com\/ca\/2025\/09\/2632219\/","url":"https:\/\/www.pressenza.com\/ca\/2025\/09\/2632219\/","name":"Salpem per recuperar la humanitat: diari de bord de la Global Sumud Flotilla","isPartOf":{"@id":"https:\/\/www.pressenza.com\/ca\/#website"},"primaryImageOfPage":{"@id":"https:\/\/www.pressenza.com\/ca\/2025\/09\/2632219\/#primaryimage"},"image":{"@id":"https:\/\/www.pressenza.com\/ca\/2025\/09\/2632219\/#primaryimage"},"thumbnailUrl":"https:\/\/www.pressenza.com\/wp-content\/uploads\/2025\/08\/Tawelo-e-Flotilla.png","datePublished":"2025-09-02T14:10:38+00:00","dateModified":"2025-09-02T14:13:03+00:00","description":"Lucio, Manfredo i Stefano s\u00f3n a bord dels vaixells de la Global Sumud Flotilla i explicaran la seva aventura per a Pressenza. Aquest \u00e9s el seu primer","breadcrumb":{"@id":"https:\/\/www.pressenza.com\/ca\/2025\/09\/2632219\/#breadcrumb"},"inLanguage":"ca","potentialAction":[{"@type":"ReadAction","target":["https:\/\/www.pressenza.com\/ca\/2025\/09\/2632219\/"]}]},{"@type":"ImageObject","inLanguage":"ca","@id":"https:\/\/www.pressenza.com\/ca\/2025\/09\/2632219\/#primaryimage","url":"https:\/\/www.pressenza.com\/wp-content\/uploads\/2025\/08\/Tawelo-e-Flotilla.png","contentUrl":"https:\/\/www.pressenza.com\/wp-content\/uploads\/2025\/08\/Tawelo-e-Flotilla.png","width":1200,"height":640,"caption":"Una barca della Global Sumud Flotilla (Foto Associazione Tatawelo)"},{"@type":"BreadcrumbList","@id":"https:\/\/www.pressenza.com\/ca\/2025\/09\/2632219\/#breadcrumb","itemListElement":[{"@type":"ListItem","position":1,"name":"Accueil","item":"https:\/\/www.pressenza.com\/ca\/"},{"@type":"ListItem","position":2,"name":"Salpem per recuperar la humanitat: diari de bord de la Global Sumud Flotilla"}]},{"@type":"WebSite","@id":"https:\/\/www.pressenza.com\/ca\/#website","url":"https:\/\/www.pressenza.com\/ca\/","name":"Pressenza","description":"International Press Agency","publisher":{"@id":"https:\/\/www.pressenza.com\/ca\/#organization"},"potentialAction":[{"@type":"SearchAction","target":{"@type":"EntryPoint","urlTemplate":"https:\/\/www.pressenza.com\/ca\/?s={search_term_string}"},"query-input":{"@type":"PropertyValueSpecification","valueRequired":true,"valueName":"search_term_string"}}],"inLanguage":"ca"},{"@type":"Organization","@id":"https:\/\/www.pressenza.com\/ca\/#organization","name":"Pressenza","url":"https:\/\/www.pressenza.com\/ca\/","logo":{"@type":"ImageObject","inLanguage":"ca","@id":"https:\/\/www.pressenza.com\/ca\/#\/schema\/logo\/image\/","url":"https:\/\/www.pressenza.com\/wp-content\/uploads\/2022\/10\/pressenza_logo_200x200.jpg","contentUrl":"https:\/\/www.pressenza.com\/wp-content\/uploads\/2022\/10\/pressenza_logo_200x200.jpg","width":200,"height":200,"caption":"Pressenza"},"image":{"@id":"https:\/\/www.pressenza.com\/ca\/#\/schema\/logo\/image\/"},"sameAs":["https:\/\/www.facebook.com\/PressenzaItalia","https:\/\/x.com\/PressenzaIPA"]},{"@type":"Person","@id":"https:\/\/www.pressenza.com\/ca\/#\/schema\/person\/d983e81827ae24f2c7b1a2123d197f8d","name":"Redazione Italia","description":"News from the Pressenza Bureau in Italy","sameAs":["https:\/\/www.pressenza.com\/it\/author\/redazione-italia\/","https:\/\/www.facebook.com\/PressenzaItalia","https:\/\/www.instagram.com\/pressenza_italia\/","https:\/\/x.com\/pressenza_it","https:\/\/www.youtube.com\/channel\/UCSalEIWjE1RSxkwjfftFuqg"],"url":"https:\/\/www.pressenza.com\/ca\/author\/redazione-italia\/"}]}},"place":"","original_article_url":"","_links":{"self":[{"href":"https:\/\/www.pressenza.com\/ca\/wp-json\/wp\/v2\/posts\/2632219","targetHints":{"allow":["GET"]}}],"collection":[{"href":"https:\/\/www.pressenza.com\/ca\/wp-json\/wp\/v2\/posts"}],"about":[{"href":"https:\/\/www.pressenza.com\/ca\/wp-json\/wp\/v2\/types\/post"}],"author":[{"embeddable":true,"href":"https:\/\/www.pressenza.com\/ca\/wp-json\/wp\/v2\/users\/594"}],"replies":[{"embeddable":true,"href":"https:\/\/www.pressenza.com\/ca\/wp-json\/wp\/v2\/comments?post=2632219"}],"version-history":[{"count":3,"href":"https:\/\/www.pressenza.com\/ca\/wp-json\/wp\/v2\/posts\/2632219\/revisions"}],"predecessor-version":[{"id":2632227,"href":"https:\/\/www.pressenza.com\/ca\/wp-json\/wp\/v2\/posts\/2632219\/revisions\/2632227"}],"wp:featuredmedia":[{"embeddable":true,"href":"https:\/\/www.pressenza.com\/ca\/wp-json\/wp\/v2\/media\/2632221"}],"wp:attachment":[{"href":"https:\/\/www.pressenza.com\/ca\/wp-json\/wp\/v2\/media?parent=2632219"}],"wp:term":[{"taxonomy":"category","embeddable":true,"href":"https:\/\/www.pressenza.com\/ca\/wp-json\/wp\/v2\/categories?post=2632219"},{"taxonomy":"post_tag","embeddable":true,"href":"https:\/\/www.pressenza.com\/ca\/wp-json\/wp\/v2\/tags?post=2632219"}],"curies":[{"name":"wp","href":"https:\/\/api.w.org\/{rel}","templated":true}]}}