{"id":2623148,"date":"2025-07-29T21:28:12","date_gmt":"2025-07-29T20:28:12","guid":{"rendered":"https:\/\/www.pressenza.com\/?p=2623148"},"modified":"2025-07-29T21:28:12","modified_gmt":"2025-07-29T20:28:12","slug":"que-venen-els-russos","status":"publish","type":"post","link":"https:\/\/www.pressenza.com\/ca\/2025\/07\/que-venen-els-russos\/","title":{"rendered":"Que venen els russos"},"content":{"rendered":"<p>Aquest era el t\u00edtol d\u2019una com\u00e8dia nord-americana de bon record de la meva infantesa. Una\u00a0 pel\u00b7l\u00edcula com altres de la mateixa \u00e8poca com <em>\u00bfQue hiciste en la guerra papi?,<\/em> de Blake Edwards\u00a0 o l&#8217;<em>Un dos tres,<\/em> de Billy Wilder que em retornaven a la brillant <em>Ninotcka<\/em> de Lubistch de trenta anys abans. En el fons, la q\u00fcesti\u00f3 \u00e9s que la ind\u00fastria del cinema de\u00a0 Hollywood era capa\u00e7 de fer pel\u00b7l\u00edcules brillants, com\u00e8dies inclassificables i alhora cr\u00edtiques amb el moment. Qualsevol d\u2019aquests t\u00edtols \u00e9s plenament recomanable i molt millor que una pel-li cula d\u2019Antena 3 de la tarda del dissabte, en la que ja saps qui \u00e9s l\u2019assass\u00ed des de la primera escena.<\/p>\n<p><em>Que venen els russos<\/em> ve referit al fet actual que\u00a0 sembla que davant de la situaci\u00f3 d\u2019inseguretat generada per un\u00a0 desequilibrat a la Casablanca, com \u00e9s el president Donald Trump, es\u00a0 genera una obligaci\u00f3 d\u2019incrementar els pressupostos de defensa dels pa\u00efsos europeus a qualsevol cost. Per\u00f2, de veritat \u00e9s necessari? De veritat Putin ens amena\u00e7a?<\/p>\n<p>Anem a pams. El primer punt \u00e9s la q\u00fcesti\u00f3 nuclear. Per molt que increment\u00e9ssim la despesa militar, la dissuasi\u00f3 nuclear \u00e9s lluny, a gal\u00e0xies d\u2019un equilibri per parts dels europeus amb els Estats Units i R\u00fassia. Volem nuclearitzar Europa? No. Fran\u00e7a disposa d&#8217;una pistola enfront de R\u00fassia i Estats Units. No \u00e9s, per tant, la nostra lliga i no hem de competir. Hem d\u2019anar cap a una major desnuclearitzaci\u00f3 global.<\/p>\n<p>Deixem de banda l\u2019armament nuclear i anem als ex\u00e8rcits convencionals. Fem-nos una pregunta: la R\u00fassia de Putin, que no est\u00e0 podent acabar amb Ucra\u00efna, que necessita soldats nord-coreans i presos comuns per mantenir la guerra iniciada,\u00a0 \u00e9s una amena\u00e7a directa al conjunt de pa\u00efsos de l&#8217;Otan? Francament, si no pot acabar amb Zelenski, menys podr\u00e0 amb la major part dels pa\u00efsos de la Uni\u00f3 Europea. Els tancs russos no es passejaran pas pels Camps Elisis de Par\u00eds.<\/p>\n<p>Ens traeix el passat. Pensem que Putin\u00a0 \u00e9s la reencarnaci\u00f3 de la Uni\u00f3 Sovi\u00e8tica amb el Pacte de Vars\u00f2via. Durant la Guerra Freda\u00a0 els tancs russos eren aquarterats a l\u2019antiga RDA. En tres dies, a trav\u00e9s de la bretxa de Fulda, podien travessar el Rin,\u00a0 arribar sense grans obstacles a la\u00a0 costa atl\u00e0ntica francesa i baixar per la vall del Roine. Estar\u00edem parlant d\u2019una ofensiva blindada amb\u00a0 milers de carros de combat. Aquests milers de carros ja no hi s\u00f3n i Putin est\u00e0\u00a0 centenars de quil\u00f2metres enrere, a les fronteres de Bielor\u00fassia, l&#8217;\u00f3blast de Kaliningrad&#8230; no seria doncs la mateixa posici\u00f3 de sortida ni tampoc la mateixa possibilitat d\u2019acumular\u00a0 prou forces militars per a la ruptura. Avui en dia R\u00fassia no disposa de milions de soldats.<\/p>\n<p>Quin son els riscos de Putin a les fronteres d\u2019Europa? \u00c9s Berl\u00edn? No. Ni Copenhaguen, ni Viena, ni Budapest. La capacitat militar de R\u00fassia, ara com ara, nom\u00e9s dona per envair els pa\u00efsos immediatament fronterers amb R\u00fassia i els seus aliats: Finl\u00e0ndia, les rep\u00fabliques b\u00e0ltiques i Pol\u00f2nia i, alhora, mantenir\u00a0 els seus posicionaments a Transn\u00edstria, Crimea i el Donb\u00e0s, a m\u00e9s del Caucas.<\/p>\n<p>No ens hem d&#8217;estranyar que finlandesos i suecs abandonin la seva posici\u00f3 de neutralitat per entrar a l&#8217;Otan. No siguem hip\u00f2crites. Des de la pen\u00ednsula Ib\u00e8rica, on nom\u00e9s estem envoltats de les tres Pes, Peixos, Portugal i Pirineus, gosem donar lli\u00e7ons de seguretat a pa\u00efsos com Pol\u00f2nia, que en tota la seva hist\u00f2ria ha estat envoltada de tres grans pot\u00e8ncies com s\u00f3n Alemanya, l\u2019Imperi Habsburg i R\u00fassia. Quantes particions ha tingut Pol\u00f2nia en la seva hist\u00f2ria: tres particions al segle XVIII i una al XX, sense comptar el despla\u00e7ament de fronteres despr\u00e9s de la Segona Guerra Mundial cap a l\u2019Oest. Que els polonesos no se sentin segurs el dia d\u2019avui \u00e9s normal, d\u2019acord amb els precedents hist\u00f2rics. A m\u00e9s, malgrat el te\u00f2ric suport franc-brit\u00e0nic, aquests no van fer res per impedir la invasi\u00f3 de 1939.\u00a0 Per altra banda, Finl\u00e0ndia ha entrat en conflicte amb R\u00fassia, b\u00e9, llavors era la Uni\u00f3 Sovi\u00e8tica, dues vegades en el segle XX.<\/p>\n<p>Vol R\u00fassia ocupar Finl\u00e0ndia o Pol\u00f2nia? No. \u00c9s per una voluntat de pau del Kremlin? No. \u00c9s m\u00e9s aviat per un fet important: no hi ha russos en aquests territoris. Des de la caiguda de la Uni\u00f3 Sovi\u00e8tica la protecci\u00f3 de les comunitats russ\u00f2fones ha estat un element important\u00edssim pel Kremlin. I aquest \u00e9s el punt feble de les rep\u00fabliques b\u00e0ltiques. A Estoni\u00e0, la comunitat russ\u00f2fona \u00e9s el 24,7% de la poblaci\u00f3. A Let\u00f2nia hi ha discriminaci\u00f3. Aquests s\u00f3n els arguments possibles per un desembarcament de Putin al mar b\u00e0ltic.<\/p>\n<p>Pot R\u00fassia envair les rep\u00fabliques b\u00e0ltiques, Pol\u00f2nia o\u00a0 Finl\u00e0ndia. S\u00ed. Per\u00f2 Putin no t\u00e9 capacitat per anar m\u00e9s enll\u00e0 de les fronteres de Pol\u00f2nia. El comprom\u00eds dels altres pa\u00efsos pot ser b\u00e0sic i fonamental per repel\u00b7lir una agressi\u00f3 russa, o almenys dissuadir-la.<\/p>\n<p>Per\u00f2 per aix\u00f2 no cal destruir l\u2019estat del benestar\u00a0 i incrementar de forma boja els pressupostos de defensa. Alguns governants ho acceptaran per convicci\u00f3, per\u00f2 altres ho fan des de la perspectiva d\u2019un autoritarisme populista que desvirtu\u00ef\u00a0 tant els drets socials reconeguts com la mateixa democr\u00e0cia. De qu\u00e8 serviria incrementar despesa en defensa si no suposa m\u00e9s seguretat efectiva? Per a garantir l\u2019immediat desplegament, en cas de crisis, de prou forces militars\u00a0 en 48 hores a la zona de conflicte no cal un increment del 5%. I molt menys\u00a0 comprar a tort i a dret material militar a Trump.<\/p>\n<p>La manera m\u00e9s efectiva de garantir la seguretat col\u00b7lectiva\u00a0 costa menys. Cal donar seguretat a R\u00fassia, per\u00f2 tamb\u00e9 a les rep\u00fabliques b\u00e0ltiques, Pol\u00f2nia, Finl\u00e0ndia, Ucra\u00efna, Bielor\u00fassia, garantir els drets\u00a0 de les persones\u00a0 que viuen en aquests espais i el respecte a la seva identitat i cultura, abandonant pol\u00edtiques discriminat\u00f2ries que poguessin justificar\u00a0 una nova crisi del Sud-est. M\u00e9s democr\u00e0cia, m\u00e9s drets humans i socials, m\u00e9s just\u00edcia social, aix\u00ed es construeix la pau.<\/p>\n","protected":false},"excerpt":{"rendered":"<p>Aquest era el t\u00edtol d\u2019una com\u00e8dia nord-americana de bon record de la meva infantesa. Una\u00a0 pel\u00b7l\u00edcula com altres de la mateixa \u00e8poca com \u00bfQue hiciste en la guerra papi?, de Blake Edwards\u00a0 o l&#8217;Un dos tres, de Billy Wilder que&hellip;<\/p>\n","protected":false},"author":1122,"featured_media":2623154,"comment_status":"closed","ping_status":"closed","sticky":false,"template":"","format":"standard","meta":{"footnotes":""},"categories":[35503,35514,35506,35528,35524],"tags":[140570,140569,99579,140568,66672,128868,99503],"class_list":["post-2623148","post","type-post","status-publish","format-standard","has-post-thumbnail","hentry","category-asia-ca","category-assumptes-internacionals-ca","category-europa-ca","category-opinions-ca","category-politica-ca","tag-bielorussia-ca","tag-finlandia-ca","tag-otan-ca","tag-polonia-ca","tag-russia-ca","tag-trump-ca","tag-ucraina-ca"],"yoast_head":"<!-- This site is optimized with the Yoast SEO plugin v27.1.1 - https:\/\/yoast.com\/product\/yoast-seo-wordpress\/ -->\n<title>Que venen els russos<\/title>\n<meta name=\"description\" content=\"Aquest era el t\u00edtol d\u2019una com\u00e8dia nord-americana de bon record de la meva infantesa. Una\u00a0 pel\u00b7l\u00edcula com altres de la mateixa \u00e8poca com \u00bfQue hiciste en la\" \/>\n<meta name=\"robots\" content=\"index, follow, max-snippet:-1, max-image-preview:large, max-video-preview:-1\" \/>\n<link rel=\"canonical\" href=\"https:\/\/www.pressenza.com\/ca\/2025\/07\/que-venen-els-russos\/\" \/>\n<meta property=\"og:locale\" content=\"ca_ES\" \/>\n<meta property=\"og:type\" content=\"article\" \/>\n<meta property=\"og:title\" content=\"Que venen els russos\" \/>\n<meta property=\"og:description\" content=\"Aquest era el t\u00edtol d\u2019una com\u00e8dia nord-americana de bon record de la meva infantesa. Una\u00a0 pel\u00b7l\u00edcula com altres de la mateixa \u00e8poca com \u00bfQue hiciste en la\" \/>\n<meta property=\"og:url\" content=\"https:\/\/www.pressenza.com\/ca\/2025\/07\/que-venen-els-russos\/\" \/>\n<meta property=\"og:site_name\" content=\"Pressenza\" \/>\n<meta property=\"article:publisher\" content=\"https:\/\/www.facebook.com\/PressenzaItalia\" \/>\n<meta property=\"article:author\" content=\"https:\/\/www.facebook.com\/Pressenza-Espaa-647854795301395\/timeline\/\" \/>\n<meta property=\"article:published_time\" content=\"2025-07-29T20:28:12+00:00\" \/>\n<meta property=\"og:image\" content=\"https:\/\/www.pressenza.com\/wp-content\/uploads\/2025\/07\/3462989a-39c4-413f-b0e3-6453b08558fa-bkkimhxhq6gqnauqytd11wagoacsypjb.webp\" \/>\n\t<meta property=\"og:image:width\" content=\"800\" \/>\n\t<meta property=\"og:image:height\" content=\"494\" \/>\n\t<meta property=\"og:image:type\" content=\"image\/webp\" \/>\n<meta name=\"author\" content=\"Redacci\u00f3n Barcelona\" \/>\n<meta name=\"twitter:card\" content=\"summary_large_image\" \/>\n<meta name=\"twitter:creator\" content=\"@pressenza\" \/>\n<meta name=\"twitter:site\" content=\"@PressenzaIPA\" \/>\n<meta name=\"twitter:label1\" content=\"Escrit per\" \/>\n\t<meta name=\"twitter:data1\" content=\"Redacci\u00f3n Barcelona\" \/>\n\t<meta name=\"twitter:label2\" content=\"Temps estimat de lectura\" \/>\n\t<meta name=\"twitter:data2\" content=\"5 minuts\" \/>\n<script type=\"application\/ld+json\" class=\"yoast-schema-graph\">{\"@context\":\"https:\/\/schema.org\",\"@graph\":[{\"@type\":\"Article\",\"@id\":\"https:\/\/www.pressenza.com\/ca\/2025\/07\/que-venen-els-russos\/#article\",\"isPartOf\":{\"@id\":\"https:\/\/www.pressenza.com\/ca\/2025\/07\/que-venen-els-russos\/\"},\"author\":{\"name\":\"Redacci\u00f3n Barcelona\",\"@id\":\"https:\/\/www.pressenza.com\/ca\/#\/schema\/person\/8abc53b92f3264e0dad4300d54ac73ff\"},\"headline\":\"Que venen els russos\",\"datePublished\":\"2025-07-29T20:28:12+00:00\",\"mainEntityOfPage\":{\"@id\":\"https:\/\/www.pressenza.com\/ca\/2025\/07\/que-venen-els-russos\/\"},\"wordCount\":1099,\"publisher\":{\"@id\":\"https:\/\/www.pressenza.com\/ca\/#organization\"},\"image\":{\"@id\":\"https:\/\/www.pressenza.com\/ca\/2025\/07\/que-venen-els-russos\/#primaryimage\"},\"thumbnailUrl\":\"https:\/\/www.pressenza.com\/wp-content\/uploads\/2025\/07\/3462989a-39c4-413f-b0e3-6453b08558fa-bkkimhxhq6gqnauqytd11wagoacsypjb.webp\",\"keywords\":[\"Bielorussia\",\"Finlandia\",\"OTAN\",\"Polonia\",\"Russia\",\"Trump\",\"Ucraina\"],\"articleSection\":[\"\u00c0sia\",\"Assumptes internacionals\",\"Europa\",\"Opinions\",\"Pol\u00edtica\"],\"inLanguage\":\"ca\"},{\"@type\":\"WebPage\",\"@id\":\"https:\/\/www.pressenza.com\/ca\/2025\/07\/que-venen-els-russos\/\",\"url\":\"https:\/\/www.pressenza.com\/ca\/2025\/07\/que-venen-els-russos\/\",\"name\":\"Que venen els russos\",\"isPartOf\":{\"@id\":\"https:\/\/www.pressenza.com\/ca\/#website\"},\"primaryImageOfPage\":{\"@id\":\"https:\/\/www.pressenza.com\/ca\/2025\/07\/que-venen-els-russos\/#primaryimage\"},\"image\":{\"@id\":\"https:\/\/www.pressenza.com\/ca\/2025\/07\/que-venen-els-russos\/#primaryimage\"},\"thumbnailUrl\":\"https:\/\/www.pressenza.com\/wp-content\/uploads\/2025\/07\/3462989a-39c4-413f-b0e3-6453b08558fa-bkkimhxhq6gqnauqytd11wagoacsypjb.webp\",\"datePublished\":\"2025-07-29T20:28:12+00:00\",\"description\":\"Aquest era el t\u00edtol d\u2019una com\u00e8dia nord-americana de bon record de la meva infantesa. Una\u00a0 pel\u00b7l\u00edcula com altres de la mateixa \u00e8poca com \u00bfQue hiciste en la\",\"breadcrumb\":{\"@id\":\"https:\/\/www.pressenza.com\/ca\/2025\/07\/que-venen-els-russos\/#breadcrumb\"},\"inLanguage\":\"ca\",\"potentialAction\":[{\"@type\":\"ReadAction\",\"target\":[\"https:\/\/www.pressenza.com\/ca\/2025\/07\/que-venen-els-russos\/\"]}]},{\"@type\":\"ImageObject\",\"inLanguage\":\"ca\",\"@id\":\"https:\/\/www.pressenza.com\/ca\/2025\/07\/que-venen-els-russos\/#primaryimage\",\"url\":\"https:\/\/www.pressenza.com\/wp-content\/uploads\/2025\/07\/3462989a-39c4-413f-b0e3-6453b08558fa-bkkimhxhq6gqnauqytd11wagoacsypjb.webp\",\"contentUrl\":\"https:\/\/www.pressenza.com\/wp-content\/uploads\/2025\/07\/3462989a-39c4-413f-b0e3-6453b08558fa-bkkimhxhq6gqnauqytd11wagoacsypjb.webp\",\"width\":800,\"height\":494},{\"@type\":\"BreadcrumbList\",\"@id\":\"https:\/\/www.pressenza.com\/ca\/2025\/07\/que-venen-els-russos\/#breadcrumb\",\"itemListElement\":[{\"@type\":\"ListItem\",\"position\":1,\"name\":\"Accueil\",\"item\":\"https:\/\/www.pressenza.com\/ca\/\"},{\"@type\":\"ListItem\",\"position\":2,\"name\":\"Que venen els russos\"}]},{\"@type\":\"WebSite\",\"@id\":\"https:\/\/www.pressenza.com\/ca\/#website\",\"url\":\"https:\/\/www.pressenza.com\/ca\/\",\"name\":\"Pressenza\",\"description\":\"International Press Agency\",\"publisher\":{\"@id\":\"https:\/\/www.pressenza.com\/ca\/#organization\"},\"potentialAction\":[{\"@type\":\"SearchAction\",\"target\":{\"@type\":\"EntryPoint\",\"urlTemplate\":\"https:\/\/www.pressenza.com\/ca\/?s={search_term_string}\"},\"query-input\":{\"@type\":\"PropertyValueSpecification\",\"valueRequired\":true,\"valueName\":\"search_term_string\"}}],\"inLanguage\":\"ca\"},{\"@type\":\"Organization\",\"@id\":\"https:\/\/www.pressenza.com\/ca\/#organization\",\"name\":\"Pressenza\",\"url\":\"https:\/\/www.pressenza.com\/ca\/\",\"logo\":{\"@type\":\"ImageObject\",\"inLanguage\":\"ca\",\"@id\":\"https:\/\/www.pressenza.com\/ca\/#\/schema\/logo\/image\/\",\"url\":\"https:\/\/www.pressenza.com\/wp-content\/uploads\/2022\/10\/pressenza_logo_200x200.jpg\",\"contentUrl\":\"https:\/\/www.pressenza.com\/wp-content\/uploads\/2022\/10\/pressenza_logo_200x200.jpg\",\"width\":200,\"height\":200,\"caption\":\"Pressenza\"},\"image\":{\"@id\":\"https:\/\/www.pressenza.com\/ca\/#\/schema\/logo\/image\/\"},\"sameAs\":[\"https:\/\/www.facebook.com\/PressenzaItalia\",\"https:\/\/x.com\/PressenzaIPA\"]},{\"@type\":\"Person\",\"@id\":\"https:\/\/www.pressenza.com\/ca\/#\/schema\/person\/8abc53b92f3264e0dad4300d54ac73ff\",\"name\":\"Redacci\u00f3n Barcelona\",\"description\":\"News published by the Pressenza bureau in Barcelona, Spain\",\"sameAs\":[\"https:\/\/www.facebook.com\/Pressenza-Espaa-647854795301395\/timeline\/\",\"https:\/\/x.com\/pressenza\"],\"url\":\"https:\/\/www.pressenza.com\/ca\/author\/redaccion-barcelona\/\"}]}<\/script>\n<!-- \/ Yoast SEO plugin. -->","yoast_head_json":{"title":"Que venen els russos","description":"Aquest era el t\u00edtol d\u2019una com\u00e8dia nord-americana de bon record de la meva infantesa. Una\u00a0 pel\u00b7l\u00edcula com altres de la mateixa \u00e8poca com \u00bfQue hiciste en la","robots":{"index":"index","follow":"follow","max-snippet":"max-snippet:-1","max-image-preview":"max-image-preview:large","max-video-preview":"max-video-preview:-1"},"canonical":"https:\/\/www.pressenza.com\/ca\/2025\/07\/que-venen-els-russos\/","og_locale":"ca_ES","og_type":"article","og_title":"Que venen els russos","og_description":"Aquest era el t\u00edtol d\u2019una com\u00e8dia nord-americana de bon record de la meva infantesa. Una\u00a0 pel\u00b7l\u00edcula com altres de la mateixa \u00e8poca com \u00bfQue hiciste en la","og_url":"https:\/\/www.pressenza.com\/ca\/2025\/07\/que-venen-els-russos\/","og_site_name":"Pressenza","article_publisher":"https:\/\/www.facebook.com\/PressenzaItalia","article_author":"https:\/\/www.facebook.com\/Pressenza-Espaa-647854795301395\/timeline\/","article_published_time":"2025-07-29T20:28:12+00:00","og_image":[{"width":800,"height":494,"url":"https:\/\/www.pressenza.com\/wp-content\/uploads\/2025\/07\/3462989a-39c4-413f-b0e3-6453b08558fa-bkkimhxhq6gqnauqytd11wagoacsypjb.webp","type":"image\/webp"}],"author":"Redacci\u00f3n Barcelona","twitter_card":"summary_large_image","twitter_creator":"@pressenza","twitter_site":"@PressenzaIPA","twitter_misc":{"Escrit per":"Redacci\u00f3n Barcelona","Temps estimat de lectura":"5 minuts"},"schema":{"@context":"https:\/\/schema.org","@graph":[{"@type":"Article","@id":"https:\/\/www.pressenza.com\/ca\/2025\/07\/que-venen-els-russos\/#article","isPartOf":{"@id":"https:\/\/www.pressenza.com\/ca\/2025\/07\/que-venen-els-russos\/"},"author":{"name":"Redacci\u00f3n Barcelona","@id":"https:\/\/www.pressenza.com\/ca\/#\/schema\/person\/8abc53b92f3264e0dad4300d54ac73ff"},"headline":"Que venen els russos","datePublished":"2025-07-29T20:28:12+00:00","mainEntityOfPage":{"@id":"https:\/\/www.pressenza.com\/ca\/2025\/07\/que-venen-els-russos\/"},"wordCount":1099,"publisher":{"@id":"https:\/\/www.pressenza.com\/ca\/#organization"},"image":{"@id":"https:\/\/www.pressenza.com\/ca\/2025\/07\/que-venen-els-russos\/#primaryimage"},"thumbnailUrl":"https:\/\/www.pressenza.com\/wp-content\/uploads\/2025\/07\/3462989a-39c4-413f-b0e3-6453b08558fa-bkkimhxhq6gqnauqytd11wagoacsypjb.webp","keywords":["Bielorussia","Finlandia","OTAN","Polonia","Russia","Trump","Ucraina"],"articleSection":["\u00c0sia","Assumptes internacionals","Europa","Opinions","Pol\u00edtica"],"inLanguage":"ca"},{"@type":"WebPage","@id":"https:\/\/www.pressenza.com\/ca\/2025\/07\/que-venen-els-russos\/","url":"https:\/\/www.pressenza.com\/ca\/2025\/07\/que-venen-els-russos\/","name":"Que venen els russos","isPartOf":{"@id":"https:\/\/www.pressenza.com\/ca\/#website"},"primaryImageOfPage":{"@id":"https:\/\/www.pressenza.com\/ca\/2025\/07\/que-venen-els-russos\/#primaryimage"},"image":{"@id":"https:\/\/www.pressenza.com\/ca\/2025\/07\/que-venen-els-russos\/#primaryimage"},"thumbnailUrl":"https:\/\/www.pressenza.com\/wp-content\/uploads\/2025\/07\/3462989a-39c4-413f-b0e3-6453b08558fa-bkkimhxhq6gqnauqytd11wagoacsypjb.webp","datePublished":"2025-07-29T20:28:12+00:00","description":"Aquest era el t\u00edtol d\u2019una com\u00e8dia nord-americana de bon record de la meva infantesa. Una\u00a0 pel\u00b7l\u00edcula com altres de la mateixa \u00e8poca com \u00bfQue hiciste en la","breadcrumb":{"@id":"https:\/\/www.pressenza.com\/ca\/2025\/07\/que-venen-els-russos\/#breadcrumb"},"inLanguage":"ca","potentialAction":[{"@type":"ReadAction","target":["https:\/\/www.pressenza.com\/ca\/2025\/07\/que-venen-els-russos\/"]}]},{"@type":"ImageObject","inLanguage":"ca","@id":"https:\/\/www.pressenza.com\/ca\/2025\/07\/que-venen-els-russos\/#primaryimage","url":"https:\/\/www.pressenza.com\/wp-content\/uploads\/2025\/07\/3462989a-39c4-413f-b0e3-6453b08558fa-bkkimhxhq6gqnauqytd11wagoacsypjb.webp","contentUrl":"https:\/\/www.pressenza.com\/wp-content\/uploads\/2025\/07\/3462989a-39c4-413f-b0e3-6453b08558fa-bkkimhxhq6gqnauqytd11wagoacsypjb.webp","width":800,"height":494},{"@type":"BreadcrumbList","@id":"https:\/\/www.pressenza.com\/ca\/2025\/07\/que-venen-els-russos\/#breadcrumb","itemListElement":[{"@type":"ListItem","position":1,"name":"Accueil","item":"https:\/\/www.pressenza.com\/ca\/"},{"@type":"ListItem","position":2,"name":"Que venen els russos"}]},{"@type":"WebSite","@id":"https:\/\/www.pressenza.com\/ca\/#website","url":"https:\/\/www.pressenza.com\/ca\/","name":"Pressenza","description":"International Press Agency","publisher":{"@id":"https:\/\/www.pressenza.com\/ca\/#organization"},"potentialAction":[{"@type":"SearchAction","target":{"@type":"EntryPoint","urlTemplate":"https:\/\/www.pressenza.com\/ca\/?s={search_term_string}"},"query-input":{"@type":"PropertyValueSpecification","valueRequired":true,"valueName":"search_term_string"}}],"inLanguage":"ca"},{"@type":"Organization","@id":"https:\/\/www.pressenza.com\/ca\/#organization","name":"Pressenza","url":"https:\/\/www.pressenza.com\/ca\/","logo":{"@type":"ImageObject","inLanguage":"ca","@id":"https:\/\/www.pressenza.com\/ca\/#\/schema\/logo\/image\/","url":"https:\/\/www.pressenza.com\/wp-content\/uploads\/2022\/10\/pressenza_logo_200x200.jpg","contentUrl":"https:\/\/www.pressenza.com\/wp-content\/uploads\/2022\/10\/pressenza_logo_200x200.jpg","width":200,"height":200,"caption":"Pressenza"},"image":{"@id":"https:\/\/www.pressenza.com\/ca\/#\/schema\/logo\/image\/"},"sameAs":["https:\/\/www.facebook.com\/PressenzaItalia","https:\/\/x.com\/PressenzaIPA"]},{"@type":"Person","@id":"https:\/\/www.pressenza.com\/ca\/#\/schema\/person\/8abc53b92f3264e0dad4300d54ac73ff","name":"Redacci\u00f3n Barcelona","description":"News published by the Pressenza bureau in Barcelona, Spain","sameAs":["https:\/\/www.facebook.com\/Pressenza-Espaa-647854795301395\/timeline\/","https:\/\/x.com\/pressenza"],"url":"https:\/\/www.pressenza.com\/ca\/author\/redaccion-barcelona\/"}]}},"place":"Catalunya - Enric Feliu","original_article_url":"","_links":{"self":[{"href":"https:\/\/www.pressenza.com\/ca\/wp-json\/wp\/v2\/posts\/2623148","targetHints":{"allow":["GET"]}}],"collection":[{"href":"https:\/\/www.pressenza.com\/ca\/wp-json\/wp\/v2\/posts"}],"about":[{"href":"https:\/\/www.pressenza.com\/ca\/wp-json\/wp\/v2\/types\/post"}],"author":[{"embeddable":true,"href":"https:\/\/www.pressenza.com\/ca\/wp-json\/wp\/v2\/users\/1122"}],"replies":[{"embeddable":true,"href":"https:\/\/www.pressenza.com\/ca\/wp-json\/wp\/v2\/comments?post=2623148"}],"version-history":[{"count":1,"href":"https:\/\/www.pressenza.com\/ca\/wp-json\/wp\/v2\/posts\/2623148\/revisions"}],"predecessor-version":[{"id":2623155,"href":"https:\/\/www.pressenza.com\/ca\/wp-json\/wp\/v2\/posts\/2623148\/revisions\/2623155"}],"wp:featuredmedia":[{"embeddable":true,"href":"https:\/\/www.pressenza.com\/ca\/wp-json\/wp\/v2\/media\/2623154"}],"wp:attachment":[{"href":"https:\/\/www.pressenza.com\/ca\/wp-json\/wp\/v2\/media?parent=2623148"}],"wp:term":[{"taxonomy":"category","embeddable":true,"href":"https:\/\/www.pressenza.com\/ca\/wp-json\/wp\/v2\/categories?post=2623148"},{"taxonomy":"post_tag","embeddable":true,"href":"https:\/\/www.pressenza.com\/ca\/wp-json\/wp\/v2\/tags?post=2623148"}],"curies":[{"name":"wp","href":"https:\/\/api.w.org\/{rel}","templated":true}]}}