{"id":2533931,"date":"2024-07-01T23:22:00","date_gmt":"2024-07-01T22:22:00","guid":{"rendered":"https:\/\/www.pressenza.com\/?p=2533931"},"modified":"2024-07-02T14:51:22","modified_gmt":"2024-07-02T13:51:22","slug":"el-llibre-dels-morts-dels-antics-egipcis","status":"publish","type":"post","link":"https:\/\/www.pressenza.com\/ca\/2024\/07\/el-llibre-dels-morts-dels-antics-egipcis\/","title":{"rendered":"El llibre dels morts dels antics egipcis"},"content":{"rendered":"<blockquote><p>En el seu 30 aniversari el museu egipci de Barcelona exposa una reproducci\u00f3 del conegut papir d\u2019Ani.<\/p><\/blockquote>\n<p>El papir d\u2019Ani \u00e9s una versi\u00f3, potser la m\u00e9s extensa i coneguda, del \u201cllibre de la sortida al dia\u201d, o tamb\u00e9 anomenat \u201cllibre dels morts dels antics egipcis\u201d. Aquest \u00e9s el nom modern que se li ha donat a un conjunt de textos egipcis que ajudaven els difunts a trobar el cam\u00ed adequat en el m\u00e9s enll\u00e0. Encara que es coneix com a \u201cllibre dels morts\u201d, en realitat, es tracta d&#8217;una col\u00b7lecci\u00f3 molt diversa de textos funeraris, que no conformen un \u00fanic llibre, i que consisteixen en encanteris, conjurs, himnes, lletanies, oracions, paraules de poder, il\u00b7lustracions etc. El t\u00edtol va ser donat pels egipt\u00f2legs del segle XIX i era el nom amb el qual es coneixien en el lloc, fent refer\u00e8ncia al fet que es trobaven en els llocs d&#8217;enterrament, en els llocs dels morts. En aquests documents, a vegades dibuixats en papirs, unes altres en sarc\u00f2fags i altres en les parets de les tombes, es descrivien amb dibuixos i text els paisatges postmortem que la persona morta travessaria.<\/p>\n<p>El papir d\u2019Ani \u00e9s un rotllo de gaireb\u00e9 24 metres, trobat en Luxor per l&#8217;egipt\u00f2leg Ernest Wallis, d&#8217;on el va sostreure i va portar al Museu Brit\u00e0nic en 1888. Es calcula que va ser escrit sobre el 1300 ane. Segons el text, Ani era un escriba i administrador de les ofrenes divines, \u00e9s a dir un alt c\u00e0rrec. La seva esposa Tutu, que tamb\u00e9 apareix en el papir acompanyant-lo, \u00e9s senyora de la casa de les adoratrices d\u2019Am\u00f3n. El papir \u00e9s un manual dels passos que l&#8217;\u00e0nima del difunt, el \u201cKa\u201d, ha de seguir en el paisatge postmortem com succeeix en altres tradicions com en el \u201cllibre tibet\u00e0 dels morts\u201d o el \u201cArs moriendi\u201d.<\/p>\n<p>Aquestes peces contenien diferents composicions o cap\u00edtols, presentats per un t\u00edtol que resumia el contingut, estaven formats per textos i vinyetes, actualment es coneixen 194 cap\u00edtols. No existeixen dos llibres id\u00e8ntics, cadascun est\u00e0 format per una selecci\u00f3 de cap\u00edtols en funci\u00f3 del pressupost, les prefer\u00e8ncies del client, el moment hist\u00f2ric, aix\u00ed el contingut i l&#8217;ordre resulta molt dispar. El papir d\u2019Ani cont\u00e9 un repertori de 63 cap\u00edtols bellament il\u00b7lustrats, els cap\u00edtols m\u00e9s significatius s\u00f3n:<\/p>\n<p>La process\u00f3 funer\u00e0ria; un sacerdot porta el trineu amb la m\u00f2mia de Ani, acompanyat per una comitiva funer\u00e0ria que es dirigeix a la tomba.<\/p>\n<p>La confessi\u00f3 negativa; Ani nega davant de tots els jutges representants de les prov\u00edncies de l&#8217;estat egipci, no haver com\u00e8s les infraccions de les normes morals formades per 42 frases, es tracta de normes com no haver matat, no haver enganyat, no haver fet res contra els d\u00e9us, no haver robat etc.<\/p>\n<p>El tribunal de la just\u00edcia; una vegada pronunciada la confessi\u00f3 negativa, Ani i la seva esposa Tutu observen com Anubis pes el cor d\u2019Ani, en un plat de la balan\u00e7a situa el cor, mentre que, en l&#8217;altre plat, situa una ploma d&#8217;estru\u00e7, s\u00edmbol de la deessa Maat. La balan\u00e7a comprova la veracitat de la declaraci\u00f3 d\u2019Ani, el seu cor ha de ser m\u00e9s lleuger que la ploma. El d\u00e9u Thot anota i anuncia el resultat final favorable a Ani. En cas contrari, Ammut, \u201cla devoradora\u201d aniquilaria el cor d\u2019Ani per sempre. Un grup d&#8217;11 grans d\u00e9us, confirmen les paraules de Thot i donen el seu consentiment perqu\u00e8 Ani sigui condu\u00eft davant del deu Osiris.<\/p>\n<p>Les portes del mes all\u00e0; Ani i Tutu s&#8217;enfronten a les portes que donen pas a diferents llocs del m\u00e9s enll\u00e0, en cadascuna d&#8217;aquestes portes hi ha un personatge al qual Ani i Tutu han de donar el nom per a poder obrir aquestes portes i accedir.<\/p>\n<p>Diferents f\u00f3rmules per a transformar-se; alguns cap\u00edtols descriuen f\u00f3rmules perqu\u00e8 l&#8217;\u00e0nima d\u2019Ani pugui transform\u00e9s en ocell, cocodril, serp, lotus, garsa etc., Aquestes metamorfosis poden ajudar a Ani a continuar evolucionant en el seu viatge.<\/p>\n<p>Els camps d\u2019Aaru; el difunt que havia aconseguit superar totes les proves arribava al Aaru o el meravell\u00f3s regne d\u2019Osiris. Es descriu com un camp eternament f\u00e8rtil, un camp de joncs, similar al delta del Nil, una zona rica en ca\u00e7a i pesca. Solament els esperits dels quals els actes passats pesaven menys que la ploma de Maat els era perm\u00e8s comen\u00e7ar un llarg i perill\u00f3s viatge al Aaru, per a gaudir plaentment per tota l&#8217;eternitat.<\/p>\n<div class=\"post-gallery\">\n\t\t\t<figure class=\"post-gallery-item\">\n\t\t\t\t<img decoding=\"async\" src=\"https:\/\/www.pressenza.com\/wp-content\/uploads\/2024\/07\/pesado-820x454.jpg\" loading=\"lazy\">\n\t\t\t\t<figcaption>\n\t\t\t\t\t\n\t\t\t\t<\/figcaption>\n\t\t\t<\/figure>\n\t\t\t<figure class=\"post-gallery-item\">\n\t\t\t\t<img decoding=\"async\" src=\"https:\/\/www.pressenza.com\/wp-content\/uploads\/2024\/07\/confesion-820x454.jpg\" loading=\"lazy\">\n\t\t\t\t<figcaption>\n\t\t\t\t\t\n\t\t\t\t<\/figcaption>\n\t\t\t<\/figure>\n\t\t\t<figure class=\"post-gallery-item\">\n\t\t\t\t<img decoding=\"async\" src=\"https:\/\/www.pressenza.com\/wp-content\/uploads\/2024\/07\/campo_juncos-820x454.jpg\" loading=\"lazy\">\n\t\t\t\t<figcaption>\n\t\t\t\t\t\n\t\t\t\t<\/figcaption>\n\t\t\t<\/figure><\/div>\n<p>Les imatges s\u00f3n reproduccions del papir d&#8217;Ani, exposades en el Museu Egipci de Barcelona en el marc de l&#8217;exposici\u00f3 &#8220;Sortir al dia&#8221;.<\/p>\n","protected":false},"excerpt":{"rendered":"<p>En el seu 30 aniversari el museu egipci de Barcelona exposa una reproducci\u00f3 del conegut papir d\u2019Ani. El papir d\u2019Ani \u00e9s una versi\u00f3, potser la m\u00e9s extensa i coneguda, del \u201cllibre de la sortida al dia\u201d, o tamb\u00e9 anomenat \u201cllibre&hellip;<\/p>\n","protected":false},"author":1102,"featured_media":2533932,"comment_status":"closed","ping_status":"closed","sticky":false,"template":"","format":"standard","meta":{"footnotes":""},"categories":[35525,35513],"tags":[124297],"class_list":["post-2533931","post","type-post","status-publish","format-standard","has-post-thumbnail","hentry","category-cultura-i-mitjans-de-comunicacio-ca","category-humanisme-i-espiritualitat-ca","tag-el-llibre-dels-morts-dels-antics-egipcis"],"yoast_head":"<!-- This site is optimized with the Yoast SEO plugin v27.1.1 - https:\/\/yoast.com\/product\/yoast-seo-wordpress\/ -->\n<title>El llibre dels morts dels antics egipcis<\/title>\n<meta name=\"description\" content=\"En el seu 30 aniversari el museu egipci de Barcelona exposa una reproducci\u00f3 del conegut papir d\u2019Ani. El papir d\u2019Ani \u00e9s una versi\u00f3, potser la m\u00e9s extensa i\" \/>\n<meta name=\"robots\" content=\"index, follow, max-snippet:-1, max-image-preview:large, max-video-preview:-1\" \/>\n<link rel=\"canonical\" href=\"https:\/\/www.pressenza.com\/ca\/2024\/07\/el-llibre-dels-morts-dels-antics-egipcis\/\" \/>\n<meta property=\"og:locale\" content=\"ca_ES\" \/>\n<meta property=\"og:type\" content=\"article\" \/>\n<meta property=\"og:title\" content=\"El llibre dels morts dels antics egipcis\" \/>\n<meta property=\"og:description\" content=\"En el seu 30 aniversari el museu egipci de Barcelona exposa una reproducci\u00f3 del conegut papir d\u2019Ani. El papir d\u2019Ani \u00e9s una versi\u00f3, potser la m\u00e9s extensa i\" \/>\n<meta property=\"og:url\" content=\"https:\/\/www.pressenza.com\/ca\/2024\/07\/el-llibre-dels-morts-dels-antics-egipcis\/\" \/>\n<meta property=\"og:site_name\" content=\"Pressenza\" \/>\n<meta property=\"article:publisher\" content=\"https:\/\/www.facebook.com\/PressenzaItalia\" \/>\n<meta property=\"article:published_time\" content=\"2024-07-01T22:22:00+00:00\" \/>\n<meta property=\"article:modified_time\" content=\"2024-07-02T13:51:22+00:00\" \/>\n<meta property=\"og:image\" content=\"https:\/\/www.pressenza.com\/wp-content\/uploads\/2024\/07\/pesado.jpg\" \/>\n\t<meta property=\"og:image:width\" content=\"1920\" \/>\n\t<meta property=\"og:image:height\" content=\"1063\" \/>\n\t<meta property=\"og:image:type\" content=\"image\/jpeg\" \/>\n<meta name=\"author\" content=\"Pilar Paricio\" \/>\n<meta name=\"twitter:card\" content=\"summary_large_image\" \/>\n<meta name=\"twitter:creator\" content=\"@PressenzaIPA\" \/>\n<meta name=\"twitter:site\" content=\"@PressenzaIPA\" \/>\n<meta name=\"twitter:label1\" content=\"Escrit per\" \/>\n\t<meta name=\"twitter:data1\" content=\"Pilar Paricio\" \/>\n\t<meta name=\"twitter:label2\" content=\"Temps estimat de lectura\" \/>\n\t<meta name=\"twitter:data2\" content=\"4 minuts\" \/>\n<script type=\"application\/ld+json\" class=\"yoast-schema-graph\">{\"@context\":\"https:\/\/schema.org\",\"@graph\":[{\"@type\":\"Article\",\"@id\":\"https:\/\/www.pressenza.com\/ca\/2024\/07\/el-llibre-dels-morts-dels-antics-egipcis\/#article\",\"isPartOf\":{\"@id\":\"https:\/\/www.pressenza.com\/ca\/2024\/07\/el-llibre-dels-morts-dels-antics-egipcis\/\"},\"author\":{\"name\":\"Pilar Paricio\",\"@id\":\"https:\/\/www.pressenza.com\/ca\/#\/schema\/person\/b38ea2890059fade68f5d3d1713cadfd\"},\"headline\":\"El llibre dels morts dels antics egipcis\",\"datePublished\":\"2024-07-01T22:22:00+00:00\",\"dateModified\":\"2024-07-02T13:51:22+00:00\",\"mainEntityOfPage\":{\"@id\":\"https:\/\/www.pressenza.com\/ca\/2024\/07\/el-llibre-dels-morts-dels-antics-egipcis\/\"},\"wordCount\":821,\"publisher\":{\"@id\":\"https:\/\/www.pressenza.com\/ca\/#organization\"},\"image\":{\"@id\":\"https:\/\/www.pressenza.com\/ca\/2024\/07\/el-llibre-dels-morts-dels-antics-egipcis\/#primaryimage\"},\"thumbnailUrl\":\"https:\/\/www.pressenza.com\/wp-content\/uploads\/2024\/07\/pesado.jpg\",\"keywords\":[\"El llibre dels morts dels antics egipcis\"],\"articleSection\":[\"Cultura i mitjans de comunicaci\u00f3\",\"Humanisme i Espiritualitat\"],\"inLanguage\":\"ca\"},{\"@type\":\"WebPage\",\"@id\":\"https:\/\/www.pressenza.com\/ca\/2024\/07\/el-llibre-dels-morts-dels-antics-egipcis\/\",\"url\":\"https:\/\/www.pressenza.com\/ca\/2024\/07\/el-llibre-dels-morts-dels-antics-egipcis\/\",\"name\":\"El llibre dels morts dels antics egipcis\",\"isPartOf\":{\"@id\":\"https:\/\/www.pressenza.com\/ca\/#website\"},\"primaryImageOfPage\":{\"@id\":\"https:\/\/www.pressenza.com\/ca\/2024\/07\/el-llibre-dels-morts-dels-antics-egipcis\/#primaryimage\"},\"image\":{\"@id\":\"https:\/\/www.pressenza.com\/ca\/2024\/07\/el-llibre-dels-morts-dels-antics-egipcis\/#primaryimage\"},\"thumbnailUrl\":\"https:\/\/www.pressenza.com\/wp-content\/uploads\/2024\/07\/pesado.jpg\",\"datePublished\":\"2024-07-01T22:22:00+00:00\",\"dateModified\":\"2024-07-02T13:51:22+00:00\",\"description\":\"En el seu 30 aniversari el museu egipci de Barcelona exposa una reproducci\u00f3 del conegut papir d\u2019Ani. El papir d\u2019Ani \u00e9s una versi\u00f3, potser la m\u00e9s extensa i\",\"breadcrumb\":{\"@id\":\"https:\/\/www.pressenza.com\/ca\/2024\/07\/el-llibre-dels-morts-dels-antics-egipcis\/#breadcrumb\"},\"inLanguage\":\"ca\",\"potentialAction\":[{\"@type\":\"ReadAction\",\"target\":[\"https:\/\/www.pressenza.com\/ca\/2024\/07\/el-llibre-dels-morts-dels-antics-egipcis\/\"]}]},{\"@type\":\"ImageObject\",\"inLanguage\":\"ca\",\"@id\":\"https:\/\/www.pressenza.com\/ca\/2024\/07\/el-llibre-dels-morts-dels-antics-egipcis\/#primaryimage\",\"url\":\"https:\/\/www.pressenza.com\/wp-content\/uploads\/2024\/07\/pesado.jpg\",\"contentUrl\":\"https:\/\/www.pressenza.com\/wp-content\/uploads\/2024\/07\/pesado.jpg\",\"width\":1920,\"height\":1063},{\"@type\":\"BreadcrumbList\",\"@id\":\"https:\/\/www.pressenza.com\/ca\/2024\/07\/el-llibre-dels-morts-dels-antics-egipcis\/#breadcrumb\",\"itemListElement\":[{\"@type\":\"ListItem\",\"position\":1,\"name\":\"Accueil\",\"item\":\"https:\/\/www.pressenza.com\/ca\/\"},{\"@type\":\"ListItem\",\"position\":2,\"name\":\"El llibre dels morts dels antics egipcis\"}]},{\"@type\":\"WebSite\",\"@id\":\"https:\/\/www.pressenza.com\/ca\/#website\",\"url\":\"https:\/\/www.pressenza.com\/ca\/\",\"name\":\"Pressenza\",\"description\":\"International Press Agency\",\"publisher\":{\"@id\":\"https:\/\/www.pressenza.com\/ca\/#organization\"},\"potentialAction\":[{\"@type\":\"SearchAction\",\"target\":{\"@type\":\"EntryPoint\",\"urlTemplate\":\"https:\/\/www.pressenza.com\/ca\/?s={search_term_string}\"},\"query-input\":{\"@type\":\"PropertyValueSpecification\",\"valueRequired\":true,\"valueName\":\"search_term_string\"}}],\"inLanguage\":\"ca\"},{\"@type\":\"Organization\",\"@id\":\"https:\/\/www.pressenza.com\/ca\/#organization\",\"name\":\"Pressenza\",\"url\":\"https:\/\/www.pressenza.com\/ca\/\",\"logo\":{\"@type\":\"ImageObject\",\"inLanguage\":\"ca\",\"@id\":\"https:\/\/www.pressenza.com\/ca\/#\/schema\/logo\/image\/\",\"url\":\"https:\/\/www.pressenza.com\/wp-content\/uploads\/2022\/10\/pressenza_logo_200x200.jpg\",\"contentUrl\":\"https:\/\/www.pressenza.com\/wp-content\/uploads\/2022\/10\/pressenza_logo_200x200.jpg\",\"width\":200,\"height\":200,\"caption\":\"Pressenza\"},\"image\":{\"@id\":\"https:\/\/www.pressenza.com\/ca\/#\/schema\/logo\/image\/\"},\"sameAs\":[\"https:\/\/www.facebook.com\/PressenzaItalia\",\"https:\/\/x.com\/PressenzaIPA\"]},{\"@type\":\"Person\",\"@id\":\"https:\/\/www.pressenza.com\/ca\/#\/schema\/person\/b38ea2890059fade68f5d3d1713cadfd\",\"name\":\"Pilar Paricio\",\"description\":\"Barcelona. Arquitecta, especializada en planificaci\u00f3n urbana. Trabaja por el avance de la poblaci\u00f3n en derechos b\u00e1sicos como el derecho a la vivienda y el derecho a la ciudad. Involucrada con el cambio social y personal, participa en el Nuevo Humanismo.\",\"url\":\"https:\/\/www.pressenza.com\/ca\/author\/pilar-paricio\/\"}]}<\/script>\n<!-- \/ Yoast SEO plugin. -->","yoast_head_json":{"title":"El llibre dels morts dels antics egipcis","description":"En el seu 30 aniversari el museu egipci de Barcelona exposa una reproducci\u00f3 del conegut papir d\u2019Ani. El papir d\u2019Ani \u00e9s una versi\u00f3, potser la m\u00e9s extensa i","robots":{"index":"index","follow":"follow","max-snippet":"max-snippet:-1","max-image-preview":"max-image-preview:large","max-video-preview":"max-video-preview:-1"},"canonical":"https:\/\/www.pressenza.com\/ca\/2024\/07\/el-llibre-dels-morts-dels-antics-egipcis\/","og_locale":"ca_ES","og_type":"article","og_title":"El llibre dels morts dels antics egipcis","og_description":"En el seu 30 aniversari el museu egipci de Barcelona exposa una reproducci\u00f3 del conegut papir d\u2019Ani. El papir d\u2019Ani \u00e9s una versi\u00f3, potser la m\u00e9s extensa i","og_url":"https:\/\/www.pressenza.com\/ca\/2024\/07\/el-llibre-dels-morts-dels-antics-egipcis\/","og_site_name":"Pressenza","article_publisher":"https:\/\/www.facebook.com\/PressenzaItalia","article_published_time":"2024-07-01T22:22:00+00:00","article_modified_time":"2024-07-02T13:51:22+00:00","og_image":[{"width":1920,"height":1063,"url":"https:\/\/www.pressenza.com\/wp-content\/uploads\/2024\/07\/pesado.jpg","type":"image\/jpeg"}],"author":"Pilar Paricio","twitter_card":"summary_large_image","twitter_creator":"@PressenzaIPA","twitter_site":"@PressenzaIPA","twitter_misc":{"Escrit per":"Pilar Paricio","Temps estimat de lectura":"4 minuts"},"schema":{"@context":"https:\/\/schema.org","@graph":[{"@type":"Article","@id":"https:\/\/www.pressenza.com\/ca\/2024\/07\/el-llibre-dels-morts-dels-antics-egipcis\/#article","isPartOf":{"@id":"https:\/\/www.pressenza.com\/ca\/2024\/07\/el-llibre-dels-morts-dels-antics-egipcis\/"},"author":{"name":"Pilar Paricio","@id":"https:\/\/www.pressenza.com\/ca\/#\/schema\/person\/b38ea2890059fade68f5d3d1713cadfd"},"headline":"El llibre dels morts dels antics egipcis","datePublished":"2024-07-01T22:22:00+00:00","dateModified":"2024-07-02T13:51:22+00:00","mainEntityOfPage":{"@id":"https:\/\/www.pressenza.com\/ca\/2024\/07\/el-llibre-dels-morts-dels-antics-egipcis\/"},"wordCount":821,"publisher":{"@id":"https:\/\/www.pressenza.com\/ca\/#organization"},"image":{"@id":"https:\/\/www.pressenza.com\/ca\/2024\/07\/el-llibre-dels-morts-dels-antics-egipcis\/#primaryimage"},"thumbnailUrl":"https:\/\/www.pressenza.com\/wp-content\/uploads\/2024\/07\/pesado.jpg","keywords":["El llibre dels morts dels antics egipcis"],"articleSection":["Cultura i mitjans de comunicaci\u00f3","Humanisme i Espiritualitat"],"inLanguage":"ca"},{"@type":"WebPage","@id":"https:\/\/www.pressenza.com\/ca\/2024\/07\/el-llibre-dels-morts-dels-antics-egipcis\/","url":"https:\/\/www.pressenza.com\/ca\/2024\/07\/el-llibre-dels-morts-dels-antics-egipcis\/","name":"El llibre dels morts dels antics egipcis","isPartOf":{"@id":"https:\/\/www.pressenza.com\/ca\/#website"},"primaryImageOfPage":{"@id":"https:\/\/www.pressenza.com\/ca\/2024\/07\/el-llibre-dels-morts-dels-antics-egipcis\/#primaryimage"},"image":{"@id":"https:\/\/www.pressenza.com\/ca\/2024\/07\/el-llibre-dels-morts-dels-antics-egipcis\/#primaryimage"},"thumbnailUrl":"https:\/\/www.pressenza.com\/wp-content\/uploads\/2024\/07\/pesado.jpg","datePublished":"2024-07-01T22:22:00+00:00","dateModified":"2024-07-02T13:51:22+00:00","description":"En el seu 30 aniversari el museu egipci de Barcelona exposa una reproducci\u00f3 del conegut papir d\u2019Ani. El papir d\u2019Ani \u00e9s una versi\u00f3, potser la m\u00e9s extensa i","breadcrumb":{"@id":"https:\/\/www.pressenza.com\/ca\/2024\/07\/el-llibre-dels-morts-dels-antics-egipcis\/#breadcrumb"},"inLanguage":"ca","potentialAction":[{"@type":"ReadAction","target":["https:\/\/www.pressenza.com\/ca\/2024\/07\/el-llibre-dels-morts-dels-antics-egipcis\/"]}]},{"@type":"ImageObject","inLanguage":"ca","@id":"https:\/\/www.pressenza.com\/ca\/2024\/07\/el-llibre-dels-morts-dels-antics-egipcis\/#primaryimage","url":"https:\/\/www.pressenza.com\/wp-content\/uploads\/2024\/07\/pesado.jpg","contentUrl":"https:\/\/www.pressenza.com\/wp-content\/uploads\/2024\/07\/pesado.jpg","width":1920,"height":1063},{"@type":"BreadcrumbList","@id":"https:\/\/www.pressenza.com\/ca\/2024\/07\/el-llibre-dels-morts-dels-antics-egipcis\/#breadcrumb","itemListElement":[{"@type":"ListItem","position":1,"name":"Accueil","item":"https:\/\/www.pressenza.com\/ca\/"},{"@type":"ListItem","position":2,"name":"El llibre dels morts dels antics egipcis"}]},{"@type":"WebSite","@id":"https:\/\/www.pressenza.com\/ca\/#website","url":"https:\/\/www.pressenza.com\/ca\/","name":"Pressenza","description":"International Press Agency","publisher":{"@id":"https:\/\/www.pressenza.com\/ca\/#organization"},"potentialAction":[{"@type":"SearchAction","target":{"@type":"EntryPoint","urlTemplate":"https:\/\/www.pressenza.com\/ca\/?s={search_term_string}"},"query-input":{"@type":"PropertyValueSpecification","valueRequired":true,"valueName":"search_term_string"}}],"inLanguage":"ca"},{"@type":"Organization","@id":"https:\/\/www.pressenza.com\/ca\/#organization","name":"Pressenza","url":"https:\/\/www.pressenza.com\/ca\/","logo":{"@type":"ImageObject","inLanguage":"ca","@id":"https:\/\/www.pressenza.com\/ca\/#\/schema\/logo\/image\/","url":"https:\/\/www.pressenza.com\/wp-content\/uploads\/2022\/10\/pressenza_logo_200x200.jpg","contentUrl":"https:\/\/www.pressenza.com\/wp-content\/uploads\/2022\/10\/pressenza_logo_200x200.jpg","width":200,"height":200,"caption":"Pressenza"},"image":{"@id":"https:\/\/www.pressenza.com\/ca\/#\/schema\/logo\/image\/"},"sameAs":["https:\/\/www.facebook.com\/PressenzaItalia","https:\/\/x.com\/PressenzaIPA"]},{"@type":"Person","@id":"https:\/\/www.pressenza.com\/ca\/#\/schema\/person\/b38ea2890059fade68f5d3d1713cadfd","name":"Pilar Paricio","description":"Barcelona. Arquitecta, especializada en planificaci\u00f3n urbana. Trabaja por el avance de la poblaci\u00f3n en derechos b\u00e1sicos como el derecho a la vivienda y el derecho a la ciudad. Involucrada con el cambio social y personal, participa en el Nuevo Humanismo.","url":"https:\/\/www.pressenza.com\/ca\/author\/pilar-paricio\/"}]}},"place":"","original_article_url":"","_links":{"self":[{"href":"https:\/\/www.pressenza.com\/ca\/wp-json\/wp\/v2\/posts\/2533931","targetHints":{"allow":["GET"]}}],"collection":[{"href":"https:\/\/www.pressenza.com\/ca\/wp-json\/wp\/v2\/posts"}],"about":[{"href":"https:\/\/www.pressenza.com\/ca\/wp-json\/wp\/v2\/types\/post"}],"author":[{"embeddable":true,"href":"https:\/\/www.pressenza.com\/ca\/wp-json\/wp\/v2\/users\/1102"}],"replies":[{"embeddable":true,"href":"https:\/\/www.pressenza.com\/ca\/wp-json\/wp\/v2\/comments?post=2533931"}],"version-history":[{"count":0,"href":"https:\/\/www.pressenza.com\/ca\/wp-json\/wp\/v2\/posts\/2533931\/revisions"}],"wp:featuredmedia":[{"embeddable":true,"href":"https:\/\/www.pressenza.com\/ca\/wp-json\/wp\/v2\/media\/2533932"}],"wp:attachment":[{"href":"https:\/\/www.pressenza.com\/ca\/wp-json\/wp\/v2\/media?parent=2533931"}],"wp:term":[{"taxonomy":"category","embeddable":true,"href":"https:\/\/www.pressenza.com\/ca\/wp-json\/wp\/v2\/categories?post=2533931"},{"taxonomy":"post_tag","embeddable":true,"href":"https:\/\/www.pressenza.com\/ca\/wp-json\/wp\/v2\/tags?post=2533931"}],"curies":[{"name":"wp","href":"https:\/\/api.w.org\/{rel}","templated":true}]}}