{"id":1789360,"date":"2023-12-22T17:30:03","date_gmt":"2023-12-22T17:30:03","guid":{"rendered":"https:\/\/www.pressenza.com\/?p=1789360"},"modified":"2023-12-22T17:30:03","modified_gmt":"2023-12-22T17:30:03","slug":"una-noticia-musical-de-nadal-poca-solta","status":"publish","type":"post","link":"https:\/\/www.pressenza.com\/ca\/2023\/12\/una-noticia-musical-de-nadal-poca-solta\/","title":{"rendered":"Una not\u00edcia musical de Nadal poca-solta?"},"content":{"rendered":"<p>Aquest any, al voltant de Nadal, ha saltat la sorpresa musical: la, fins ara, nadala o \u201cChristmas song\u201d dominadora dels darrers anys al Billboard de les llistes americanes,\u00a0\u00a0 <a href=\"mailto:https:\/\/www.lavanguardia.com\/vida\/20230208\/8742309\/ayuso-huelga-medicos-politica-desconvocara-elecciones.html\">&#8220;All I want for Christmas is you&#8221;<\/a> de Mariah Carey,\u00a0 ha estat superada, per primer cop, per una versi\u00f3 nova d\u2019una can\u00e7\u00f3 antiga de 1958, <a href=\"mailto:https:\/\/www.youtube.com\/watch?v=TFsZy9t-qDc\">&#8220;Rock around the Crhistmas tree&#8221;<\/a>, de la septuagen\u00e0ria Brenda Lee.<\/p>\n<p>M\u00e9s enll\u00e0 del lloable fet de la persist\u00e8ncia i vig\u00e8ncia actual de la traject\u00f2ria musical d&#8217;una cantant com Brenda Lee i el fet que mai \u00e9s massa tard, i que l&#8217;edat no ha de ser un obstacle per a l\u2019\u00e8xit, s\u00ed que sobta aquest canvi de prefer\u00e8ncies en el gust del p\u00fablic nord-americ\u00e0.<\/p>\n<p>La can\u00e7\u00f3 de Mariah Carey, malgrat el seu \u00e8xit nadalenc, no \u00e9s pr\u00f2piament una can\u00e7\u00f3 nadalenca com a tal. De fet, \u00e9s una declaraci\u00f3 d&#8217;amor en qu\u00e8 la cantant demana al Pare Noel un \u00fanic regal: la pres\u00e8ncia del seu estimat o estimada. Ni ornaments, ni llums, ni arbres, ni regals. Nom\u00e9s a qui estimes, que \u00e9s el que realment importa. L&#8217;AMOR. Encara que soni tothora als centres comercials \u00e9s una can\u00e7\u00f3 anticonsumista.<\/p>\n<p>Coincideix amb un altre gran tema nadalenc com \u00e9s <a href=\"mailto:https:\/\/www.youtube.com\/watch?v=E8gmARGvPlI\">&#8220;Last Christmas&#8221;<\/a> de Wham!. Tampoc George Michael escriu una Nadala amb contingut tradicional, sin\u00f3 que es tracta d\u2019una can\u00e7\u00f3 d\u2019empoderament personal.\u00a0 Explica com una persona que fa un any va fer entrega del seu amor a alg\u00fa que no s&#8217;ho mereixia, cercar\u00e0 aquest any alg\u00fa realment especial. No ens diu pas que el o la trobi. No es tracta d\u2019un anunci televisiu de Nadal.<\/p>\n<p>A Catalunya tenim un \u00e8xit semblant amb <a href=\"mailto:https:\/\/www.youtube.com\/watch?v=I9xsrxrRcuw\">&#8220;Quan somrius&#8221;<\/a>, la can\u00e7\u00f3 de Josep Thi\u00f3 incorporada als repertoris nadalencs m\u00e9s cl\u00e0ssics i que ens parla de l&#8217;amor real, i explica qu\u00e8 \u00e9s Nadal al cor de cadascun quan la persona estimada ens somriu.<\/p>\n<p>I no entrem en un altre cl\u00e0ssic, bastant irreverent, com \u00e9s\u00a0 <a href=\"mailto:https:\/\/www.youtube.com\/watch?v=j9jbdgZidu8\">Fairytale of New York<\/a>, dels The Pogues, amb el malaguanyat Shane Macgowan, triada en moltes ocasions pels brit\u00e0nics com a la millor can\u00e7\u00f3 de Nadal. Ens parla de tendresa, d&#8217;amor, de drama, d&#8217;alcohol, i de Nadal.<\/p>\n<p>En canvi, Brenda Lee ens presenta una can\u00e7\u00f3 on es parla d\u2019un altre tipus de\u00a0 Nadal, de l&#8217;arbre adornat, de regals, d&#8217;una festa amb molta gent, on es balla alegrement de manera moderna en un estil antic. Un Nadal nost\u00e0lgic tret d&#8217;un dibuix de Norman Rockwell, o potser d\u2019un anunci cl\u00e0ssic de la Coca-Cola.<\/p>\n<p>Aix\u00ed \u00e9s com, per exemple, a \u201cSol a Casa\u201d Macaulay Culkin construeix una festa fict\u00edcia per a entabanar els lladres.<\/p>\n<p><strong>En canvi,\u00a0 quan Last Christmas o All I want for Christmas is you arriben al cine, el resultat \u00e9s molt diferent. Emily Clark canta Last Christmas a <\/strong><a href=\"mailto:https:\/\/www.youtube.com\/watch?v=7SFtYd1mWgs\"><strong>&#8220;Last Christmas&#8221;<\/strong><\/a><strong> en una interpretaci\u00f3 for\u00e7a divertida davant la gent del voltant, la fam\u00edlia, la gent del barri, la gent que realment s&#8217;importen els uns als altres, persones diferents, per\u00f2 que s&#8217;estimen de les diferents maneres que hom pot estimar.<\/strong><\/p>\n<p>El tema de Maria Carey \u00e9s inseparable de la pel\u00b7l\u00edcula\u00a0 <a href=\"mailto:https:\/\/www.youtube.com\/watch?v=helptX-KFYw\">&#8220;Love actually&#8221;<\/a>, ja un veritable cl\u00e0ssic de la com\u00e8dia rom\u00e0ntica nadalenca. Si segueixes al nen que toca la bateria, enamorat, per primer cop a la seva vida, d&#8217;una companya de classe, la cantant Olivia Olson, veus com evoluciona de la satisfacci\u00f3 m\u00e9s absoluta, quan ella es <strong>dirigeix expressament cap ell dient-li \u201cAll I want for Christmas is you\u201d, al cabreig contingut i que nom\u00e9s desferma amb la bateria davant del fet que la nena canta el mateix a tota la resta.<\/strong><\/p>\n<p>Aquesta petita not\u00edcia musical \u00e9s quelcom m\u00e9s que una not\u00edcia cultural menor. Implica un canvi de gust i tamb\u00e9 un canvi sociol\u00f2gic. El p\u00fablic nord-americ\u00e0 cerca, davant dels temps que corren, un Nadal com ha de ser, llums i colors, regals i arbres de Nadal. Vol seguretat en l&#8217;aparen\u00e7a del que ha de ser un Nadal. La realitat nord-americana, tant a dins, un pa\u00eds fragmentat i on s\u2019ha q\u00fcestionat de manera ferotge el seu estable sistema pol\u00edtic, com quan mires cap enfora, amb un conflicte a Ucra\u00efna que els est\u00e0 esgotant econ\u00f2micament, l&#8217;\u00fanic govern que, clarament, fa costat a Israel, i que no assumeix que ja no s\u00f3n la pot\u00e8ncia imperial de les barres i estrelles, sin\u00f3 que ens trobem amb un m\u00f3n multipolar on la Xina est\u00e0 esmolant les seves dents amb el futur conflicte pel Pac\u00edfic, pot arribar a semblar terrible i un futur obscur, amb negres tempestes que s&#8217;albiren.<\/p>\n<p>La incertesa dels temps suposa un replegament de l&#8217;amor, perqu\u00e8 estimar sempre suposa arriscar-se. I els nord-americans avui primen seguretat i aparen\u00e7a enfront de l&#8217;amor, la llibertat i el risc.<\/p>\n","protected":false},"excerpt":{"rendered":"<p>Aquest any, al voltant de Nadal, ha saltat la sorpresa musical: la, fins ara, nadala o \u201cChristmas song\u201d dominadora dels darrers anys al Billboard de les llistes americanes,\u00a0\u00a0 &#8220;All I want for Christmas is you&#8221; de Mariah Carey,\u00a0 ha estat&hellip;<\/p>\n","protected":false},"author":1122,"featured_media":1789361,"comment_status":"closed","ping_status":"closed","sticky":false,"template":"","format":"standard","meta":{"footnotes":""},"categories":[35507,35525,35506],"tags":[78280,85633],"class_list":["post-1789360","post","type-post","status-publish","format-standard","has-post-thumbnail","hentry","category-america-central-ca","category-cultura-i-mitjans-de-comunicacio-ca","category-europa-ca","tag-futur-ca","tag-nadal-ca"],"yoast_head":"<!-- This site is optimized with the Yoast SEO plugin v27.1.1 - https:\/\/yoast.com\/product\/yoast-seo-wordpress\/ -->\n<title>Una not\u00edcia musical de Nadal poca-solta?<\/title>\n<meta name=\"description\" content=\"Aquest any, al voltant de Nadal, ha saltat la sorpresa musical: la, fins ara, nadala o \u201cChristmas song\u201d dominadora dels darrers anys al Billboard de les\" \/>\n<meta name=\"robots\" content=\"index, follow, max-snippet:-1, max-image-preview:large, max-video-preview:-1\" \/>\n<link rel=\"canonical\" href=\"https:\/\/www.pressenza.com\/ca\/2023\/12\/una-noticia-musical-de-nadal-poca-solta\/\" \/>\n<meta property=\"og:locale\" content=\"ca_ES\" \/>\n<meta property=\"og:type\" content=\"article\" \/>\n<meta property=\"og:title\" content=\"Una not\u00edcia musical de Nadal poca-solta?\" \/>\n<meta property=\"og:description\" content=\"Aquest any, al voltant de Nadal, ha saltat la sorpresa musical: la, fins ara, nadala o \u201cChristmas song\u201d dominadora dels darrers anys al Billboard de les\" \/>\n<meta property=\"og:url\" content=\"https:\/\/www.pressenza.com\/ca\/2023\/12\/una-noticia-musical-de-nadal-poca-solta\/\" \/>\n<meta property=\"og:site_name\" content=\"Pressenza\" \/>\n<meta property=\"article:publisher\" content=\"https:\/\/www.facebook.com\/PressenzaItalia\" \/>\n<meta property=\"article:author\" content=\"https:\/\/www.facebook.com\/Pressenza-Espaa-647854795301395\/timeline\/\" \/>\n<meta property=\"article:published_time\" content=\"2023-12-22T17:30:03+00:00\" \/>\n<meta property=\"og:image\" content=\"https:\/\/www.pressenza.com\/wp-content\/uploads\/2023\/12\/pexels-photo-3811051.jpeg\" \/>\n\t<meta property=\"og:image:width\" content=\"1920\" \/>\n\t<meta property=\"og:image:height\" content=\"1280\" \/>\n\t<meta property=\"og:image:type\" content=\"image\/jpeg\" \/>\n<meta name=\"author\" content=\"Redacci\u00f3n Barcelona\" \/>\n<meta name=\"twitter:card\" content=\"summary_large_image\" \/>\n<meta name=\"twitter:creator\" content=\"@pressenza\" \/>\n<meta name=\"twitter:site\" content=\"@PressenzaIPA\" \/>\n<meta name=\"twitter:label1\" content=\"Escrit per\" \/>\n\t<meta name=\"twitter:data1\" content=\"Redacci\u00f3n Barcelona\" \/>\n\t<meta name=\"twitter:label2\" content=\"Temps estimat de lectura\" \/>\n\t<meta name=\"twitter:data2\" content=\"4 minuts\" \/>\n<script type=\"application\/ld+json\" class=\"yoast-schema-graph\">{\"@context\":\"https:\/\/schema.org\",\"@graph\":[{\"@type\":\"Article\",\"@id\":\"https:\/\/www.pressenza.com\/ca\/2023\/12\/una-noticia-musical-de-nadal-poca-solta\/#article\",\"isPartOf\":{\"@id\":\"https:\/\/www.pressenza.com\/ca\/2023\/12\/una-noticia-musical-de-nadal-poca-solta\/\"},\"author\":{\"name\":\"Redacci\u00f3n Barcelona\",\"@id\":\"https:\/\/www.pressenza.com\/ca\/#\/schema\/person\/8abc53b92f3264e0dad4300d54ac73ff\"},\"headline\":\"Una not\u00edcia musical de Nadal poca-solta?\",\"datePublished\":\"2023-12-22T17:30:03+00:00\",\"mainEntityOfPage\":{\"@id\":\"https:\/\/www.pressenza.com\/ca\/2023\/12\/una-noticia-musical-de-nadal-poca-solta\/\"},\"wordCount\":840,\"publisher\":{\"@id\":\"https:\/\/www.pressenza.com\/ca\/#organization\"},\"image\":{\"@id\":\"https:\/\/www.pressenza.com\/ca\/2023\/12\/una-noticia-musical-de-nadal-poca-solta\/#primaryimage\"},\"thumbnailUrl\":\"https:\/\/www.pressenza.com\/wp-content\/uploads\/2023\/12\/pexels-photo-3811051.jpeg\",\"keywords\":[\"futur\",\"Nadal\"],\"articleSection\":[\"Am\u00e8rica Central\",\"Cultura i mitjans de comunicaci\u00f3\",\"Europa\"],\"inLanguage\":\"ca\"},{\"@type\":\"WebPage\",\"@id\":\"https:\/\/www.pressenza.com\/ca\/2023\/12\/una-noticia-musical-de-nadal-poca-solta\/\",\"url\":\"https:\/\/www.pressenza.com\/ca\/2023\/12\/una-noticia-musical-de-nadal-poca-solta\/\",\"name\":\"Una not\u00edcia musical de Nadal poca-solta?\",\"isPartOf\":{\"@id\":\"https:\/\/www.pressenza.com\/ca\/#website\"},\"primaryImageOfPage\":{\"@id\":\"https:\/\/www.pressenza.com\/ca\/2023\/12\/una-noticia-musical-de-nadal-poca-solta\/#primaryimage\"},\"image\":{\"@id\":\"https:\/\/www.pressenza.com\/ca\/2023\/12\/una-noticia-musical-de-nadal-poca-solta\/#primaryimage\"},\"thumbnailUrl\":\"https:\/\/www.pressenza.com\/wp-content\/uploads\/2023\/12\/pexels-photo-3811051.jpeg\",\"datePublished\":\"2023-12-22T17:30:03+00:00\",\"description\":\"Aquest any, al voltant de Nadal, ha saltat la sorpresa musical: la, fins ara, nadala o \u201cChristmas song\u201d dominadora dels darrers anys al Billboard de les\",\"breadcrumb\":{\"@id\":\"https:\/\/www.pressenza.com\/ca\/2023\/12\/una-noticia-musical-de-nadal-poca-solta\/#breadcrumb\"},\"inLanguage\":\"ca\",\"potentialAction\":[{\"@type\":\"ReadAction\",\"target\":[\"https:\/\/www.pressenza.com\/ca\/2023\/12\/una-noticia-musical-de-nadal-poca-solta\/\"]}]},{\"@type\":\"ImageObject\",\"inLanguage\":\"ca\",\"@id\":\"https:\/\/www.pressenza.com\/ca\/2023\/12\/una-noticia-musical-de-nadal-poca-solta\/#primaryimage\",\"url\":\"https:\/\/www.pressenza.com\/wp-content\/uploads\/2023\/12\/pexels-photo-3811051.jpeg\",\"contentUrl\":\"https:\/\/www.pressenza.com\/wp-content\/uploads\/2023\/12\/pexels-photo-3811051.jpeg\",\"width\":1920,\"height\":1280},{\"@type\":\"BreadcrumbList\",\"@id\":\"https:\/\/www.pressenza.com\/ca\/2023\/12\/una-noticia-musical-de-nadal-poca-solta\/#breadcrumb\",\"itemListElement\":[{\"@type\":\"ListItem\",\"position\":1,\"name\":\"Accueil\",\"item\":\"https:\/\/www.pressenza.com\/ca\/\"},{\"@type\":\"ListItem\",\"position\":2,\"name\":\"Una not\u00edcia musical de Nadal poca-solta?\"}]},{\"@type\":\"WebSite\",\"@id\":\"https:\/\/www.pressenza.com\/ca\/#website\",\"url\":\"https:\/\/www.pressenza.com\/ca\/\",\"name\":\"Pressenza\",\"description\":\"International Press Agency\",\"publisher\":{\"@id\":\"https:\/\/www.pressenza.com\/ca\/#organization\"},\"potentialAction\":[{\"@type\":\"SearchAction\",\"target\":{\"@type\":\"EntryPoint\",\"urlTemplate\":\"https:\/\/www.pressenza.com\/ca\/?s={search_term_string}\"},\"query-input\":{\"@type\":\"PropertyValueSpecification\",\"valueRequired\":true,\"valueName\":\"search_term_string\"}}],\"inLanguage\":\"ca\"},{\"@type\":\"Organization\",\"@id\":\"https:\/\/www.pressenza.com\/ca\/#organization\",\"name\":\"Pressenza\",\"url\":\"https:\/\/www.pressenza.com\/ca\/\",\"logo\":{\"@type\":\"ImageObject\",\"inLanguage\":\"ca\",\"@id\":\"https:\/\/www.pressenza.com\/ca\/#\/schema\/logo\/image\/\",\"url\":\"https:\/\/www.pressenza.com\/wp-content\/uploads\/2022\/10\/pressenza_logo_200x200.jpg\",\"contentUrl\":\"https:\/\/www.pressenza.com\/wp-content\/uploads\/2022\/10\/pressenza_logo_200x200.jpg\",\"width\":200,\"height\":200,\"caption\":\"Pressenza\"},\"image\":{\"@id\":\"https:\/\/www.pressenza.com\/ca\/#\/schema\/logo\/image\/\"},\"sameAs\":[\"https:\/\/www.facebook.com\/PressenzaItalia\",\"https:\/\/x.com\/PressenzaIPA\"]},{\"@type\":\"Person\",\"@id\":\"https:\/\/www.pressenza.com\/ca\/#\/schema\/person\/8abc53b92f3264e0dad4300d54ac73ff\",\"name\":\"Redacci\u00f3n Barcelona\",\"description\":\"News published by the Pressenza bureau in Barcelona, Spain\",\"sameAs\":[\"https:\/\/www.facebook.com\/Pressenza-Espaa-647854795301395\/timeline\/\",\"https:\/\/x.com\/pressenza\"],\"url\":\"https:\/\/www.pressenza.com\/ca\/author\/redaccion-barcelona\/\"}]}<\/script>\n<!-- \/ Yoast SEO plugin. -->","yoast_head_json":{"title":"Una not\u00edcia musical de Nadal poca-solta?","description":"Aquest any, al voltant de Nadal, ha saltat la sorpresa musical: la, fins ara, nadala o \u201cChristmas song\u201d dominadora dels darrers anys al Billboard de les","robots":{"index":"index","follow":"follow","max-snippet":"max-snippet:-1","max-image-preview":"max-image-preview:large","max-video-preview":"max-video-preview:-1"},"canonical":"https:\/\/www.pressenza.com\/ca\/2023\/12\/una-noticia-musical-de-nadal-poca-solta\/","og_locale":"ca_ES","og_type":"article","og_title":"Una not\u00edcia musical de Nadal poca-solta?","og_description":"Aquest any, al voltant de Nadal, ha saltat la sorpresa musical: la, fins ara, nadala o \u201cChristmas song\u201d dominadora dels darrers anys al Billboard de les","og_url":"https:\/\/www.pressenza.com\/ca\/2023\/12\/una-noticia-musical-de-nadal-poca-solta\/","og_site_name":"Pressenza","article_publisher":"https:\/\/www.facebook.com\/PressenzaItalia","article_author":"https:\/\/www.facebook.com\/Pressenza-Espaa-647854795301395\/timeline\/","article_published_time":"2023-12-22T17:30:03+00:00","og_image":[{"width":1920,"height":1280,"url":"https:\/\/www.pressenza.com\/wp-content\/uploads\/2023\/12\/pexels-photo-3811051.jpeg","type":"image\/jpeg"}],"author":"Redacci\u00f3n Barcelona","twitter_card":"summary_large_image","twitter_creator":"@pressenza","twitter_site":"@PressenzaIPA","twitter_misc":{"Escrit per":"Redacci\u00f3n Barcelona","Temps estimat de lectura":"4 minuts"},"schema":{"@context":"https:\/\/schema.org","@graph":[{"@type":"Article","@id":"https:\/\/www.pressenza.com\/ca\/2023\/12\/una-noticia-musical-de-nadal-poca-solta\/#article","isPartOf":{"@id":"https:\/\/www.pressenza.com\/ca\/2023\/12\/una-noticia-musical-de-nadal-poca-solta\/"},"author":{"name":"Redacci\u00f3n Barcelona","@id":"https:\/\/www.pressenza.com\/ca\/#\/schema\/person\/8abc53b92f3264e0dad4300d54ac73ff"},"headline":"Una not\u00edcia musical de Nadal poca-solta?","datePublished":"2023-12-22T17:30:03+00:00","mainEntityOfPage":{"@id":"https:\/\/www.pressenza.com\/ca\/2023\/12\/una-noticia-musical-de-nadal-poca-solta\/"},"wordCount":840,"publisher":{"@id":"https:\/\/www.pressenza.com\/ca\/#organization"},"image":{"@id":"https:\/\/www.pressenza.com\/ca\/2023\/12\/una-noticia-musical-de-nadal-poca-solta\/#primaryimage"},"thumbnailUrl":"https:\/\/www.pressenza.com\/wp-content\/uploads\/2023\/12\/pexels-photo-3811051.jpeg","keywords":["futur","Nadal"],"articleSection":["Am\u00e8rica Central","Cultura i mitjans de comunicaci\u00f3","Europa"],"inLanguage":"ca"},{"@type":"WebPage","@id":"https:\/\/www.pressenza.com\/ca\/2023\/12\/una-noticia-musical-de-nadal-poca-solta\/","url":"https:\/\/www.pressenza.com\/ca\/2023\/12\/una-noticia-musical-de-nadal-poca-solta\/","name":"Una not\u00edcia musical de Nadal poca-solta?","isPartOf":{"@id":"https:\/\/www.pressenza.com\/ca\/#website"},"primaryImageOfPage":{"@id":"https:\/\/www.pressenza.com\/ca\/2023\/12\/una-noticia-musical-de-nadal-poca-solta\/#primaryimage"},"image":{"@id":"https:\/\/www.pressenza.com\/ca\/2023\/12\/una-noticia-musical-de-nadal-poca-solta\/#primaryimage"},"thumbnailUrl":"https:\/\/www.pressenza.com\/wp-content\/uploads\/2023\/12\/pexels-photo-3811051.jpeg","datePublished":"2023-12-22T17:30:03+00:00","description":"Aquest any, al voltant de Nadal, ha saltat la sorpresa musical: la, fins ara, nadala o \u201cChristmas song\u201d dominadora dels darrers anys al Billboard de les","breadcrumb":{"@id":"https:\/\/www.pressenza.com\/ca\/2023\/12\/una-noticia-musical-de-nadal-poca-solta\/#breadcrumb"},"inLanguage":"ca","potentialAction":[{"@type":"ReadAction","target":["https:\/\/www.pressenza.com\/ca\/2023\/12\/una-noticia-musical-de-nadal-poca-solta\/"]}]},{"@type":"ImageObject","inLanguage":"ca","@id":"https:\/\/www.pressenza.com\/ca\/2023\/12\/una-noticia-musical-de-nadal-poca-solta\/#primaryimage","url":"https:\/\/www.pressenza.com\/wp-content\/uploads\/2023\/12\/pexels-photo-3811051.jpeg","contentUrl":"https:\/\/www.pressenza.com\/wp-content\/uploads\/2023\/12\/pexels-photo-3811051.jpeg","width":1920,"height":1280},{"@type":"BreadcrumbList","@id":"https:\/\/www.pressenza.com\/ca\/2023\/12\/una-noticia-musical-de-nadal-poca-solta\/#breadcrumb","itemListElement":[{"@type":"ListItem","position":1,"name":"Accueil","item":"https:\/\/www.pressenza.com\/ca\/"},{"@type":"ListItem","position":2,"name":"Una not\u00edcia musical de Nadal poca-solta?"}]},{"@type":"WebSite","@id":"https:\/\/www.pressenza.com\/ca\/#website","url":"https:\/\/www.pressenza.com\/ca\/","name":"Pressenza","description":"International Press Agency","publisher":{"@id":"https:\/\/www.pressenza.com\/ca\/#organization"},"potentialAction":[{"@type":"SearchAction","target":{"@type":"EntryPoint","urlTemplate":"https:\/\/www.pressenza.com\/ca\/?s={search_term_string}"},"query-input":{"@type":"PropertyValueSpecification","valueRequired":true,"valueName":"search_term_string"}}],"inLanguage":"ca"},{"@type":"Organization","@id":"https:\/\/www.pressenza.com\/ca\/#organization","name":"Pressenza","url":"https:\/\/www.pressenza.com\/ca\/","logo":{"@type":"ImageObject","inLanguage":"ca","@id":"https:\/\/www.pressenza.com\/ca\/#\/schema\/logo\/image\/","url":"https:\/\/www.pressenza.com\/wp-content\/uploads\/2022\/10\/pressenza_logo_200x200.jpg","contentUrl":"https:\/\/www.pressenza.com\/wp-content\/uploads\/2022\/10\/pressenza_logo_200x200.jpg","width":200,"height":200,"caption":"Pressenza"},"image":{"@id":"https:\/\/www.pressenza.com\/ca\/#\/schema\/logo\/image\/"},"sameAs":["https:\/\/www.facebook.com\/PressenzaItalia","https:\/\/x.com\/PressenzaIPA"]},{"@type":"Person","@id":"https:\/\/www.pressenza.com\/ca\/#\/schema\/person\/8abc53b92f3264e0dad4300d54ac73ff","name":"Redacci\u00f3n Barcelona","description":"News published by the Pressenza bureau in Barcelona, Spain","sameAs":["https:\/\/www.facebook.com\/Pressenza-Espaa-647854795301395\/timeline\/","https:\/\/x.com\/pressenza"],"url":"https:\/\/www.pressenza.com\/ca\/author\/redaccion-barcelona\/"}]}},"place":"Catalunya - Enric Feliu","original_article_url":"","_links":{"self":[{"href":"https:\/\/www.pressenza.com\/ca\/wp-json\/wp\/v2\/posts\/1789360","targetHints":{"allow":["GET"]}}],"collection":[{"href":"https:\/\/www.pressenza.com\/ca\/wp-json\/wp\/v2\/posts"}],"about":[{"href":"https:\/\/www.pressenza.com\/ca\/wp-json\/wp\/v2\/types\/post"}],"author":[{"embeddable":true,"href":"https:\/\/www.pressenza.com\/ca\/wp-json\/wp\/v2\/users\/1122"}],"replies":[{"embeddable":true,"href":"https:\/\/www.pressenza.com\/ca\/wp-json\/wp\/v2\/comments?post=1789360"}],"version-history":[{"count":0,"href":"https:\/\/www.pressenza.com\/ca\/wp-json\/wp\/v2\/posts\/1789360\/revisions"}],"wp:featuredmedia":[{"embeddable":true,"href":"https:\/\/www.pressenza.com\/ca\/wp-json\/wp\/v2\/media\/1789361"}],"wp:attachment":[{"href":"https:\/\/www.pressenza.com\/ca\/wp-json\/wp\/v2\/media?parent=1789360"}],"wp:term":[{"taxonomy":"category","embeddable":true,"href":"https:\/\/www.pressenza.com\/ca\/wp-json\/wp\/v2\/categories?post=1789360"},{"taxonomy":"post_tag","embeddable":true,"href":"https:\/\/www.pressenza.com\/ca\/wp-json\/wp\/v2\/tags?post=1789360"}],"curies":[{"name":"wp","href":"https:\/\/api.w.org\/{rel}","templated":true}]}}