{"id":1714156,"date":"2023-02-04T16:05:50","date_gmt":"2023-02-04T16:05:50","guid":{"rendered":"https:\/\/www.pressenza.com\/?p=1714156"},"modified":"2023-02-04T16:16:58","modified_gmt":"2023-02-04T16:16:58","slug":"no-senyors-no-es-una-vaga-de-metges","status":"publish","type":"post","link":"https:\/\/www.pressenza.com\/ca\/2023\/02\/no-senyors-no-es-una-vaga-de-metges\/","title":{"rendered":"No senyors: \u201cno \u00e9s una vaga de metges\u201d"},"content":{"rendered":"<p>Enric Feliu<\/p>\n<p>Dimarts, una concentraci\u00f3 amb dos mil treballadors a la Pla\u00e7a Sant Jaume. Dimecres, gaireb\u00e9 20.000 manifestants s\u2019aproparen al Parlament i, alhora, 9.000 facultatius marxaven des del Departament de Salut fins a Sants. Dijous, eren 5000 metges els que anaven al Parlament, mentre que a molts indrets es concentraven treballadores i treballadors de la sanitat amb ciutadania. I, finalment, dissabte s\u2019omplia de nou la Pla\u00e7a Sant Jaume.<\/p>\n<p>Per\u00f2, b\u00e0sicament els mitjans, no tots per\u00f2 s\u00ed aquells que pretenen arribar al m\u00e0xim de poblaci\u00f3 del nostre pa\u00eds, ho explicaven amb tres paraules <em>Vaga de metges<\/em>. Una precisi\u00f3 terminol\u00f2gica ben patriarcal i classista. Resten sense resson\u00e0ncia les paraules de Xavier Lleonart, Secretari General del sindicat Metges de Catalunya: <em>\u201cHem de fer entendre al Departament de Salut que sense metges i metgesses, i sense tots els professionals del col\u00b7lectiu m\u00e8dic i del sistema sanitari, no hi ha sanitat\u201d.<\/em><\/p>\n<p>Potser la resta de sindicats, la majoria agrupats en la \u201cMesa Sanit\u00e0ria Sindical\u201d, no han encertat en el cam\u00ed previ a les jornades de vaga. La ciutadania s\u2019ha sentit desconcertada per unes convocat\u00f2ries de vaga disperses (la Intersindical convocava per dimarts i dimecres, mentre que la Mesa Sanit\u00e0ria ho feia per dimecres i dijous, com el Sindicat de Metges, per\u00f2 desconvocaven al final per unes errades formals). Tampoc s&#8217;entenia que tres sindicats, les federacions de sanitat de CCOO i UGT aix\u00ed com SATSE, no anessin a la vaga, i, encara menys, quan les sectorials d\u2019ensenyament de CCOO i UGT s\u2019afegien 24 hores abans a la vaga de mestres. Des de fora semblava la cabina dels Germans Marx a \u201cUna noche en la \u00f3pera\u201d.<\/p>\n<p>Tot i ser-ne conscients, els moviments socials havien de fer costat als treballadors i treballadores, on i com fos. Moltes vegades hem sentit a dir que en les mobilitzacions en defensa del sistema sanitari p\u00fablic no hi ha massa bates blanques\u2026 doncs ara era el moment de donar suport i deixar de queixar-nos. Per coher\u00e8ncia i per comprom\u00eds.<\/p>\n<p>Hi ha un punt de partida important, sigui quin sigui el sindicat, la diagnosi sobre el sistema sanitari p\u00fablic catal\u00e0 no difereix gaire.<\/p>\n<p>Aconsegueixin el que aconsegueixin els sindicats en aquesta lluita, els problemes que pateix el sistema sanitari p\u00fablic catal\u00e0, i els seus treballadors i treballadores, no acabaran. Cal un veritable esfor\u00e7 per part del conjunt de la societat i obrir un debat seri\u00f3s per a la superviv\u00e8ncia del nostre sistema nacional de salut. I aix\u00f2 ens inclou a totes: treballadores i treballadors, ve\u00efns i ve\u00efnes, gestors del sistema sanitari, pol\u00edtics\u2026 La q\u00fcesti\u00f3 \u00e9s si ens posem ja les piles\u2026 o hem d\u2019esperar una altra pand\u00e8mia?<\/p>\n","protected":false},"excerpt":{"rendered":"<p>Enric Feliu Dimarts, una concentraci\u00f3 amb dos mil treballadors a la Pla\u00e7a Sant Jaume. Dimecres, gaireb\u00e9 20.000 manifestants s\u2019aproparen al Parlament i, alhora, 9.000 facultatius marxaven des del Departament de Salut fins a Sants. Dijous, eren 5000 metges els que&hellip;<\/p>\n","protected":false},"author":1122,"featured_media":1714158,"comment_status":"closed","ping_status":"closed","sticky":false,"template":"","format":"standard","meta":{"footnotes":""},"categories":[35506,35528,35524,35526],"tags":[109807,109810,109809,109806,109808],"class_list":["post-1714156","post","type-post","status-publish","format-standard","has-post-thumbnail","hentry","category-europa-ca","category-opinions-ca","category-politica-ca","category-salut-ca","tag-ccoo-ca","tag-politics-ca","tag-satse-ca","tag-sistema-sanitari","tag-ugt-ca"],"yoast_head":"<!-- This site is optimized with the Yoast SEO plugin v27.1.1 - https:\/\/yoast.com\/product\/yoast-seo-wordpress\/ -->\n<title>No senyors: \u201cno \u00e9s una vaga de metges\u201d<\/title>\n<meta name=\"description\" content=\"Enric Feliu Dimarts, una concentraci\u00f3 amb dos mil treballadors a la Pla\u00e7a Sant Jaume. Dimecres, gaireb\u00e9 20.000 manifestants s\u2019aproparen al Parlament i,\" \/>\n<meta name=\"robots\" content=\"index, follow, max-snippet:-1, max-image-preview:large, max-video-preview:-1\" \/>\n<link rel=\"canonical\" href=\"https:\/\/www.pressenza.com\/ca\/2023\/02\/no-senyors-no-es-una-vaga-de-metges\/\" \/>\n<meta property=\"og:locale\" content=\"ca_ES\" \/>\n<meta property=\"og:type\" content=\"article\" \/>\n<meta property=\"og:title\" content=\"No senyors: \u201cno \u00e9s una vaga de metges\u201d\" \/>\n<meta property=\"og:description\" content=\"Enric Feliu Dimarts, una concentraci\u00f3 amb dos mil treballadors a la Pla\u00e7a Sant Jaume. Dimecres, gaireb\u00e9 20.000 manifestants s\u2019aproparen al Parlament i,\" \/>\n<meta property=\"og:url\" content=\"https:\/\/www.pressenza.com\/ca\/2023\/02\/no-senyors-no-es-una-vaga-de-metges\/\" \/>\n<meta property=\"og:site_name\" content=\"Pressenza\" \/>\n<meta property=\"article:publisher\" content=\"https:\/\/www.facebook.com\/PressenzaItalia\" \/>\n<meta property=\"article:author\" content=\"https:\/\/www.facebook.com\/Pressenza-Espaa-647854795301395\/timeline\/\" \/>\n<meta property=\"article:published_time\" content=\"2023-02-04T16:05:50+00:00\" \/>\n<meta property=\"article:modified_time\" content=\"2023-02-04T16:16:58+00:00\" \/>\n<meta property=\"og:image\" content=\"https:\/\/www.pressenza.com\/wp-content\/uploads\/2023\/02\/IMG-20230125-WA0040.jpg\" \/>\n\t<meta property=\"og:image:width\" content=\"1024\" \/>\n\t<meta property=\"og:image:height\" content=\"768\" \/>\n\t<meta property=\"og:image:type\" content=\"image\/jpeg\" \/>\n<meta name=\"author\" content=\"Redacci\u00f3n Barcelona\" \/>\n<meta name=\"twitter:card\" content=\"summary_large_image\" \/>\n<meta name=\"twitter:creator\" content=\"@pressenza\" \/>\n<meta name=\"twitter:site\" content=\"@PressenzaIPA\" \/>\n<meta name=\"twitter:label1\" content=\"Escrit per\" \/>\n\t<meta name=\"twitter:data1\" content=\"Redacci\u00f3n Barcelona\" \/>\n\t<meta name=\"twitter:label2\" content=\"Temps estimat de lectura\" \/>\n\t<meta name=\"twitter:data2\" content=\"2 minuts\" \/>\n<script type=\"application\/ld+json\" class=\"yoast-schema-graph\">{\"@context\":\"https:\/\/schema.org\",\"@graph\":[{\"@type\":\"Article\",\"@id\":\"https:\/\/www.pressenza.com\/ca\/2023\/02\/no-senyors-no-es-una-vaga-de-metges\/#article\",\"isPartOf\":{\"@id\":\"https:\/\/www.pressenza.com\/ca\/2023\/02\/no-senyors-no-es-una-vaga-de-metges\/\"},\"author\":{\"name\":\"Redacci\u00f3n Barcelona\",\"@id\":\"https:\/\/www.pressenza.com\/ca\/#\/schema\/person\/8abc53b92f3264e0dad4300d54ac73ff\"},\"headline\":\"No senyors: \u201cno \u00e9s una vaga de metges\u201d\",\"datePublished\":\"2023-02-04T16:05:50+00:00\",\"dateModified\":\"2023-02-04T16:16:58+00:00\",\"mainEntityOfPage\":{\"@id\":\"https:\/\/www.pressenza.com\/ca\/2023\/02\/no-senyors-no-es-una-vaga-de-metges\/\"},\"wordCount\":469,\"publisher\":{\"@id\":\"https:\/\/www.pressenza.com\/ca\/#organization\"},\"image\":{\"@id\":\"https:\/\/www.pressenza.com\/ca\/2023\/02\/no-senyors-no-es-una-vaga-de-metges\/#primaryimage\"},\"thumbnailUrl\":\"https:\/\/www.pressenza.com\/wp-content\/uploads\/2023\/02\/IMG-20230125-WA0040.jpg\",\"keywords\":[\"CCOO\",\"Politics\",\"SATSE\",\"sistema sanitari\",\"UGT\"],\"articleSection\":[\"Europa\",\"Opinions\",\"Pol\u00edtica\",\"Salut\"],\"inLanguage\":\"ca\"},{\"@type\":\"WebPage\",\"@id\":\"https:\/\/www.pressenza.com\/ca\/2023\/02\/no-senyors-no-es-una-vaga-de-metges\/\",\"url\":\"https:\/\/www.pressenza.com\/ca\/2023\/02\/no-senyors-no-es-una-vaga-de-metges\/\",\"name\":\"No senyors: \u201cno \u00e9s una vaga de metges\u201d\",\"isPartOf\":{\"@id\":\"https:\/\/www.pressenza.com\/ca\/#website\"},\"primaryImageOfPage\":{\"@id\":\"https:\/\/www.pressenza.com\/ca\/2023\/02\/no-senyors-no-es-una-vaga-de-metges\/#primaryimage\"},\"image\":{\"@id\":\"https:\/\/www.pressenza.com\/ca\/2023\/02\/no-senyors-no-es-una-vaga-de-metges\/#primaryimage\"},\"thumbnailUrl\":\"https:\/\/www.pressenza.com\/wp-content\/uploads\/2023\/02\/IMG-20230125-WA0040.jpg\",\"datePublished\":\"2023-02-04T16:05:50+00:00\",\"dateModified\":\"2023-02-04T16:16:58+00:00\",\"description\":\"Enric Feliu Dimarts, una concentraci\u00f3 amb dos mil treballadors a la Pla\u00e7a Sant Jaume. Dimecres, gaireb\u00e9 20.000 manifestants s\u2019aproparen al Parlament i,\",\"breadcrumb\":{\"@id\":\"https:\/\/www.pressenza.com\/ca\/2023\/02\/no-senyors-no-es-una-vaga-de-metges\/#breadcrumb\"},\"inLanguage\":\"ca\",\"potentialAction\":[{\"@type\":\"ReadAction\",\"target\":[\"https:\/\/www.pressenza.com\/ca\/2023\/02\/no-senyors-no-es-una-vaga-de-metges\/\"]}]},{\"@type\":\"ImageObject\",\"inLanguage\":\"ca\",\"@id\":\"https:\/\/www.pressenza.com\/ca\/2023\/02\/no-senyors-no-es-una-vaga-de-metges\/#primaryimage\",\"url\":\"https:\/\/www.pressenza.com\/wp-content\/uploads\/2023\/02\/IMG-20230125-WA0040.jpg\",\"contentUrl\":\"https:\/\/www.pressenza.com\/wp-content\/uploads\/2023\/02\/IMG-20230125-WA0040.jpg\",\"width\":1024,\"height\":768},{\"@type\":\"BreadcrumbList\",\"@id\":\"https:\/\/www.pressenza.com\/ca\/2023\/02\/no-senyors-no-es-una-vaga-de-metges\/#breadcrumb\",\"itemListElement\":[{\"@type\":\"ListItem\",\"position\":1,\"name\":\"Accueil\",\"item\":\"https:\/\/www.pressenza.com\/ca\/\"},{\"@type\":\"ListItem\",\"position\":2,\"name\":\"No senyors: \u201cno \u00e9s una vaga de metges\u201d\"}]},{\"@type\":\"WebSite\",\"@id\":\"https:\/\/www.pressenza.com\/ca\/#website\",\"url\":\"https:\/\/www.pressenza.com\/ca\/\",\"name\":\"Pressenza\",\"description\":\"International Press Agency\",\"publisher\":{\"@id\":\"https:\/\/www.pressenza.com\/ca\/#organization\"},\"potentialAction\":[{\"@type\":\"SearchAction\",\"target\":{\"@type\":\"EntryPoint\",\"urlTemplate\":\"https:\/\/www.pressenza.com\/ca\/?s={search_term_string}\"},\"query-input\":{\"@type\":\"PropertyValueSpecification\",\"valueRequired\":true,\"valueName\":\"search_term_string\"}}],\"inLanguage\":\"ca\"},{\"@type\":\"Organization\",\"@id\":\"https:\/\/www.pressenza.com\/ca\/#organization\",\"name\":\"Pressenza\",\"url\":\"https:\/\/www.pressenza.com\/ca\/\",\"logo\":{\"@type\":\"ImageObject\",\"inLanguage\":\"ca\",\"@id\":\"https:\/\/www.pressenza.com\/ca\/#\/schema\/logo\/image\/\",\"url\":\"https:\/\/www.pressenza.com\/wp-content\/uploads\/2022\/10\/pressenza_logo_200x200.jpg\",\"contentUrl\":\"https:\/\/www.pressenza.com\/wp-content\/uploads\/2022\/10\/pressenza_logo_200x200.jpg\",\"width\":200,\"height\":200,\"caption\":\"Pressenza\"},\"image\":{\"@id\":\"https:\/\/www.pressenza.com\/ca\/#\/schema\/logo\/image\/\"},\"sameAs\":[\"https:\/\/www.facebook.com\/PressenzaItalia\",\"https:\/\/x.com\/PressenzaIPA\"]},{\"@type\":\"Person\",\"@id\":\"https:\/\/www.pressenza.com\/ca\/#\/schema\/person\/8abc53b92f3264e0dad4300d54ac73ff\",\"name\":\"Redacci\u00f3n Barcelona\",\"description\":\"News published by the Pressenza bureau in Barcelona, Spain\",\"sameAs\":[\"https:\/\/www.facebook.com\/Pressenza-Espaa-647854795301395\/timeline\/\",\"https:\/\/x.com\/pressenza\"],\"url\":\"https:\/\/www.pressenza.com\/ca\/author\/redaccion-barcelona\/\"}]}<\/script>\n<!-- \/ Yoast SEO plugin. -->","yoast_head_json":{"title":"No senyors: \u201cno \u00e9s una vaga de metges\u201d","description":"Enric Feliu Dimarts, una concentraci\u00f3 amb dos mil treballadors a la Pla\u00e7a Sant Jaume. Dimecres, gaireb\u00e9 20.000 manifestants s\u2019aproparen al Parlament i,","robots":{"index":"index","follow":"follow","max-snippet":"max-snippet:-1","max-image-preview":"max-image-preview:large","max-video-preview":"max-video-preview:-1"},"canonical":"https:\/\/www.pressenza.com\/ca\/2023\/02\/no-senyors-no-es-una-vaga-de-metges\/","og_locale":"ca_ES","og_type":"article","og_title":"No senyors: \u201cno \u00e9s una vaga de metges\u201d","og_description":"Enric Feliu Dimarts, una concentraci\u00f3 amb dos mil treballadors a la Pla\u00e7a Sant Jaume. Dimecres, gaireb\u00e9 20.000 manifestants s\u2019aproparen al Parlament i,","og_url":"https:\/\/www.pressenza.com\/ca\/2023\/02\/no-senyors-no-es-una-vaga-de-metges\/","og_site_name":"Pressenza","article_publisher":"https:\/\/www.facebook.com\/PressenzaItalia","article_author":"https:\/\/www.facebook.com\/Pressenza-Espaa-647854795301395\/timeline\/","article_published_time":"2023-02-04T16:05:50+00:00","article_modified_time":"2023-02-04T16:16:58+00:00","og_image":[{"width":1024,"height":768,"url":"https:\/\/www.pressenza.com\/wp-content\/uploads\/2023\/02\/IMG-20230125-WA0040.jpg","type":"image\/jpeg"}],"author":"Redacci\u00f3n Barcelona","twitter_card":"summary_large_image","twitter_creator":"@pressenza","twitter_site":"@PressenzaIPA","twitter_misc":{"Escrit per":"Redacci\u00f3n Barcelona","Temps estimat de lectura":"2 minuts"},"schema":{"@context":"https:\/\/schema.org","@graph":[{"@type":"Article","@id":"https:\/\/www.pressenza.com\/ca\/2023\/02\/no-senyors-no-es-una-vaga-de-metges\/#article","isPartOf":{"@id":"https:\/\/www.pressenza.com\/ca\/2023\/02\/no-senyors-no-es-una-vaga-de-metges\/"},"author":{"name":"Redacci\u00f3n Barcelona","@id":"https:\/\/www.pressenza.com\/ca\/#\/schema\/person\/8abc53b92f3264e0dad4300d54ac73ff"},"headline":"No senyors: \u201cno \u00e9s una vaga de metges\u201d","datePublished":"2023-02-04T16:05:50+00:00","dateModified":"2023-02-04T16:16:58+00:00","mainEntityOfPage":{"@id":"https:\/\/www.pressenza.com\/ca\/2023\/02\/no-senyors-no-es-una-vaga-de-metges\/"},"wordCount":469,"publisher":{"@id":"https:\/\/www.pressenza.com\/ca\/#organization"},"image":{"@id":"https:\/\/www.pressenza.com\/ca\/2023\/02\/no-senyors-no-es-una-vaga-de-metges\/#primaryimage"},"thumbnailUrl":"https:\/\/www.pressenza.com\/wp-content\/uploads\/2023\/02\/IMG-20230125-WA0040.jpg","keywords":["CCOO","Politics","SATSE","sistema sanitari","UGT"],"articleSection":["Europa","Opinions","Pol\u00edtica","Salut"],"inLanguage":"ca"},{"@type":"WebPage","@id":"https:\/\/www.pressenza.com\/ca\/2023\/02\/no-senyors-no-es-una-vaga-de-metges\/","url":"https:\/\/www.pressenza.com\/ca\/2023\/02\/no-senyors-no-es-una-vaga-de-metges\/","name":"No senyors: \u201cno \u00e9s una vaga de metges\u201d","isPartOf":{"@id":"https:\/\/www.pressenza.com\/ca\/#website"},"primaryImageOfPage":{"@id":"https:\/\/www.pressenza.com\/ca\/2023\/02\/no-senyors-no-es-una-vaga-de-metges\/#primaryimage"},"image":{"@id":"https:\/\/www.pressenza.com\/ca\/2023\/02\/no-senyors-no-es-una-vaga-de-metges\/#primaryimage"},"thumbnailUrl":"https:\/\/www.pressenza.com\/wp-content\/uploads\/2023\/02\/IMG-20230125-WA0040.jpg","datePublished":"2023-02-04T16:05:50+00:00","dateModified":"2023-02-04T16:16:58+00:00","description":"Enric Feliu Dimarts, una concentraci\u00f3 amb dos mil treballadors a la Pla\u00e7a Sant Jaume. Dimecres, gaireb\u00e9 20.000 manifestants s\u2019aproparen al Parlament i,","breadcrumb":{"@id":"https:\/\/www.pressenza.com\/ca\/2023\/02\/no-senyors-no-es-una-vaga-de-metges\/#breadcrumb"},"inLanguage":"ca","potentialAction":[{"@type":"ReadAction","target":["https:\/\/www.pressenza.com\/ca\/2023\/02\/no-senyors-no-es-una-vaga-de-metges\/"]}]},{"@type":"ImageObject","inLanguage":"ca","@id":"https:\/\/www.pressenza.com\/ca\/2023\/02\/no-senyors-no-es-una-vaga-de-metges\/#primaryimage","url":"https:\/\/www.pressenza.com\/wp-content\/uploads\/2023\/02\/IMG-20230125-WA0040.jpg","contentUrl":"https:\/\/www.pressenza.com\/wp-content\/uploads\/2023\/02\/IMG-20230125-WA0040.jpg","width":1024,"height":768},{"@type":"BreadcrumbList","@id":"https:\/\/www.pressenza.com\/ca\/2023\/02\/no-senyors-no-es-una-vaga-de-metges\/#breadcrumb","itemListElement":[{"@type":"ListItem","position":1,"name":"Accueil","item":"https:\/\/www.pressenza.com\/ca\/"},{"@type":"ListItem","position":2,"name":"No senyors: \u201cno \u00e9s una vaga de metges\u201d"}]},{"@type":"WebSite","@id":"https:\/\/www.pressenza.com\/ca\/#website","url":"https:\/\/www.pressenza.com\/ca\/","name":"Pressenza","description":"International Press Agency","publisher":{"@id":"https:\/\/www.pressenza.com\/ca\/#organization"},"potentialAction":[{"@type":"SearchAction","target":{"@type":"EntryPoint","urlTemplate":"https:\/\/www.pressenza.com\/ca\/?s={search_term_string}"},"query-input":{"@type":"PropertyValueSpecification","valueRequired":true,"valueName":"search_term_string"}}],"inLanguage":"ca"},{"@type":"Organization","@id":"https:\/\/www.pressenza.com\/ca\/#organization","name":"Pressenza","url":"https:\/\/www.pressenza.com\/ca\/","logo":{"@type":"ImageObject","inLanguage":"ca","@id":"https:\/\/www.pressenza.com\/ca\/#\/schema\/logo\/image\/","url":"https:\/\/www.pressenza.com\/wp-content\/uploads\/2022\/10\/pressenza_logo_200x200.jpg","contentUrl":"https:\/\/www.pressenza.com\/wp-content\/uploads\/2022\/10\/pressenza_logo_200x200.jpg","width":200,"height":200,"caption":"Pressenza"},"image":{"@id":"https:\/\/www.pressenza.com\/ca\/#\/schema\/logo\/image\/"},"sameAs":["https:\/\/www.facebook.com\/PressenzaItalia","https:\/\/x.com\/PressenzaIPA"]},{"@type":"Person","@id":"https:\/\/www.pressenza.com\/ca\/#\/schema\/person\/8abc53b92f3264e0dad4300d54ac73ff","name":"Redacci\u00f3n Barcelona","description":"News published by the Pressenza bureau in Barcelona, Spain","sameAs":["https:\/\/www.facebook.com\/Pressenza-Espaa-647854795301395\/timeline\/","https:\/\/x.com\/pressenza"],"url":"https:\/\/www.pressenza.com\/ca\/author\/redaccion-barcelona\/"}]}},"place":"Catalunya - Enric Feliu","original_article_url":"","_links":{"self":[{"href":"https:\/\/www.pressenza.com\/ca\/wp-json\/wp\/v2\/posts\/1714156","targetHints":{"allow":["GET"]}}],"collection":[{"href":"https:\/\/www.pressenza.com\/ca\/wp-json\/wp\/v2\/posts"}],"about":[{"href":"https:\/\/www.pressenza.com\/ca\/wp-json\/wp\/v2\/types\/post"}],"author":[{"embeddable":true,"href":"https:\/\/www.pressenza.com\/ca\/wp-json\/wp\/v2\/users\/1122"}],"replies":[{"embeddable":true,"href":"https:\/\/www.pressenza.com\/ca\/wp-json\/wp\/v2\/comments?post=1714156"}],"version-history":[{"count":0,"href":"https:\/\/www.pressenza.com\/ca\/wp-json\/wp\/v2\/posts\/1714156\/revisions"}],"wp:featuredmedia":[{"embeddable":true,"href":"https:\/\/www.pressenza.com\/ca\/wp-json\/wp\/v2\/media\/1714158"}],"wp:attachment":[{"href":"https:\/\/www.pressenza.com\/ca\/wp-json\/wp\/v2\/media?parent=1714156"}],"wp:term":[{"taxonomy":"category","embeddable":true,"href":"https:\/\/www.pressenza.com\/ca\/wp-json\/wp\/v2\/categories?post=1714156"},{"taxonomy":"post_tag","embeddable":true,"href":"https:\/\/www.pressenza.com\/ca\/wp-json\/wp\/v2\/tags?post=1714156"}],"curies":[{"name":"wp","href":"https:\/\/api.w.org\/{rel}","templated":true}]}}