{"id":1690012,"date":"2022-10-28T18:01:05","date_gmt":"2022-10-28T17:01:05","guid":{"rendered":"https:\/\/www.pressenza.com\/?p=1690012"},"modified":"2022-10-28T18:09:59","modified_gmt":"2022-10-28T17:09:59","slug":"si-bolsonaro-es-electe-el-diumenge-lamazones-sacaba","status":"publish","type":"post","link":"https:\/\/www.pressenza.com\/ca\/2022\/10\/si-bolsonaro-es-electe-el-diumenge-lamazones-sacaba\/","title":{"rendered":"Si Bolsonaro \u00e9s electe el diumenge, l&#8217;Amazones s&#8217;acaba"},"content":{"rendered":"<p>En rebre aquesta mateixa setmana el premi <a href=\"https:\/\/premiovladimirherzog.org\/\">Vladimir Herzog<\/a> per la publicaci\u00f3 del seu llibre <em>Banzeiro \u00f2k\u00f2t\u00f3, un viatge a l&#8217;Amaz\u00f2nia, centre del m\u00f3n<\/em>, la prestigiosa periodista i escriptora brasilera Eliane Brum va fer una commovedora convocat\u00f2ria a votar per Lula (PT) en les eleccions presidencials del pr\u00f2xim diumenge al Brasil. Segueix la transcripci\u00f3 de les seves paraules i el v\u00eddeo original de la seva al\u00b7locuci\u00f3.<\/p>\n<p>Ahir vaig deixar la meva casa en Altamira, en plena desforestaci\u00f3 de l&#8217;Amaz\u00f2nia, per a ser aqu\u00ed amb vost\u00e8s. Em vaig anar de la meva casa despr\u00e9s de veure dia rere dia el sol sagnant produ\u00eft per les cremes. \u00c9s un sol vermell, un sol sinistre de cruel bellesa, un sol aterridor produ\u00eft pels incendis criminals. No hi ha res m\u00e9s horror\u00f3s \u2013creieu-me\u2013 que veure cremar una selva i milers d&#8217;\u00e9ssers vius cremant amb ella. Enguany, per primera vegada en la meva vida, no vaig ser despr\u00e9s de l&#8217;incendi per a cobrir-lo com a periodista. Vaig veure el foc des de totes les finestres de la meva casa.<br \/>\nAquest \u00e9s el Brasil de Bolsonaro. El foc va arribant cada vegada m\u00e9s i m\u00e9s a prop i un dia pot aconseguir-nos a tots. Vull dir molt expl\u00edcitament que si Bolsonaro \u00e9s electe el diumenge, l&#8217;Amazones s&#8217;acaba. Ell va matar 2 milions d&#8217;arbres en menys de 4 anys. La selva ja va arribar al 20% de desforestaci\u00f3 quan el punt de no retorn previst pels cient\u00edfics \u00e9s entre el 20 i el 25%.<br \/>\nSi l&#8217;Amaz\u00f2nia s&#8217;acaba, els fills de tots els que som aqu\u00ed tindran un futur hostil. Els nens de l&#8217;altre costat del m\u00f3n tindran un futur hostil! Aquesta no \u00e9s l&#8217;elecci\u00f3 m\u00e9s important en la vida dels brasilenys, \u00e9s una elecci\u00f3 crucial per al planeta. \u00c9s una elecci\u00f3 encara m\u00e9s decisiva per als no humans que ni tan sols poden votar per a detenir la seva destrucci\u00f3.<br \/>\nLa democr\u00e0cia brasilenya mai va arribar als m\u00e9s pobres, als negres, a les dones, als pobles de la selva i a altres pobles de la naturalesa. Ha molestat massa poc als blancs, als homes, a les classes mitjanes i als m\u00e9s rics d&#8217;aquest pa\u00eds. I tamb\u00e9 perqu\u00e8 va molestar poc, estem en aquesta situaci\u00f3.<br \/>\nA hores d&#8217;ara, haur\u00edem d&#8217;estar discutint una democr\u00e0cia capa\u00e7 d&#8217;aconseguir no sols a totes, todes, tots, sin\u00f3 tamb\u00e9 d&#8217;aconseguir als drets de la naturalesa. En canvi, estem lluitant per a no despertar-nos el 31 d&#8217;octubre en una completa dictadura.<br \/>\nSi guanya Bolsonaro, l&#8217;horror ser\u00e0 d&#8217;un ordre que ni tan sols els que hem estat testimonis de la sang som capaces de concebre. La vict\u00f2ria de Lula \u00e9s la nostra millor possibilitat, per\u00f2 aix\u00ed i tot ser\u00e0 molt dif\u00edcil. En aquesta elecci\u00f3 estem entre la cat\u00e0strofe i el molt dif\u00edcil.<br \/>\nEl m\u00e9s important que puc dir aqu\u00ed \u00e9s que, sigui com sigui el resultat, la lluita no acaba el dia 31. Els que estem vius ens enfrontem a una guerra contra la naturalesa, una guerra planet\u00e0ria que no acabar\u00e0 mentre visquem. La lluita \u00e9s eterna i no existeix l&#8217;opci\u00f3 d&#8217;estar o no estar en guerra. La guerra ja \u00e9s aqu\u00ed i Bruno Pereira i Dom Philips, set ind\u00edgenes assassinats en nom\u00e9s 10 dies el mes de setembre i molts altres nom\u00e9s enguany, s\u00f3n v\u00edctimes d&#8217;aquesta guerra. El que existeix \u00e9s l&#8217;opci\u00f3 de lluitar o deixar que el foc t&#8217;aconsegueixi.<br \/>\nUna amiga, gaireb\u00e9 paralitzada com a punts per l&#8217;horror d&#8217;aquesta elecci\u00f3, em va preguntar: \u201con trobem aire per a respirar?\u201d I jo li vaig dir &#8220;en la lluita, en la lluita col\u00b7lectiva&#8221;. En aquestes eleccions i molt m\u00e9s all\u00e0 d&#8217;elles, l&#8217;omissi\u00f3 no \u00e9s una opci\u00f3.<br \/>\nEn moments l\u00edmit com aquest, tota omissi\u00f3 \u00e9s acci\u00f3. Des d&#8217;avui fins al diumenge, el millor que podem fer \u00e9s lluitar per cada vot per Lula, sense perdre de vista que el dia 31, sigui com sigui el resultat, despertarem dempeus i continuarem lluitant. Moltes gr\u00e0cies.<\/p>\n<p><iframe loading=\"lazy\" title=\"Eliane Brum no Pr\u00eamio Vladimir Herzog 2022\" width=\"500\" height=\"281\" src=\"https:\/\/www.youtube.com\/embed\/ZY53YgB00Js?feature=oembed\" frameborder=\"0\" allow=\"accelerometer; autoplay; clipboard-write; encrypted-media; gyroscope; picture-in-picture; web-share\" referrerpolicy=\"strict-origin-when-cross-origin\" allowfullscreen><\/iframe><\/p>\n","protected":false},"excerpt":{"rendered":"<p>En rebre aquesta mateixa setmana el premi Vladimir Herzog per la publicaci\u00f3 del seu llibre Banzeiro \u00f2k\u00f2t\u00f3, un viatge a l&#8217;Amaz\u00f2nia, centre del m\u00f3n, la prestigiosa periodista i escriptora brasilera Eliane Brum va fer una commovedora convocat\u00f2ria a votar per&hellip;<\/p>\n","protected":false},"author":1685,"featured_media":1690013,"comment_status":"closed","ping_status":"closed","sticky":false,"template":"","format":"standard","meta":{"footnotes":""},"categories":[35531,35522,35524,35509],"tags":[106908,106907],"class_list":["post-1690012","post","type-post","status-publish","format-standard","has-post-thumbnail","hentry","category-contingut-original-ca","category-ecologia-i-medi-ambient-ca","category-politica-ca","category-sud-america-ca","tag-bolsonaro-ca","tag-eleccions-brasil"],"yoast_head":"<!-- This site is optimized with the Yoast SEO plugin v27.1.1 - https:\/\/yoast.com\/product\/yoast-seo-wordpress\/ -->\n<title>Si Bolsonaro \u00e9s electe el diumenge, l&#039;Amazones s&#039;acaba<\/title>\n<meta name=\"description\" content=\"En rebre aquesta mateixa setmana el premi Vladimir Herzog per la publicaci\u00f3 del seu llibre Banzeiro \u00f2k\u00f2t\u00f3, un viatge a l&#039;Amaz\u00f2nia, centre del m\u00f3n, la\" \/>\n<meta name=\"robots\" content=\"index, follow, max-snippet:-1, max-image-preview:large, max-video-preview:-1\" \/>\n<link rel=\"canonical\" href=\"https:\/\/www.pressenza.com\/ca\/2022\/10\/si-bolsonaro-es-electe-el-diumenge-lamazones-sacaba\/\" \/>\n<meta property=\"og:locale\" content=\"ca_ES\" \/>\n<meta property=\"og:type\" content=\"article\" \/>\n<meta property=\"og:title\" content=\"Si Bolsonaro \u00e9s electe el diumenge, l&#039;Amazones s&#039;acaba\" \/>\n<meta property=\"og:description\" content=\"En rebre aquesta mateixa setmana el premi Vladimir Herzog per la publicaci\u00f3 del seu llibre Banzeiro \u00f2k\u00f2t\u00f3, un viatge a l&#039;Amaz\u00f2nia, centre del m\u00f3n, la\" \/>\n<meta property=\"og:url\" content=\"https:\/\/www.pressenza.com\/ca\/2022\/10\/si-bolsonaro-es-electe-el-diumenge-lamazones-sacaba\/\" \/>\n<meta property=\"og:site_name\" content=\"Pressenza\" \/>\n<meta property=\"article:publisher\" content=\"https:\/\/www.facebook.com\/PressenzaItalia\" \/>\n<meta property=\"article:published_time\" content=\"2022-10-28T17:01:05+00:00\" \/>\n<meta property=\"article:modified_time\" content=\"2022-10-28T17:09:59+00:00\" \/>\n<meta property=\"og:image\" content=\"https:\/\/www.pressenza.com\/wp-content\/uploads\/2022\/10\/Katie-Maehler-Mi\u0301dia-NINJA.jpg\" \/>\n\t<meta property=\"og:image:width\" content=\"1024\" \/>\n\t<meta property=\"og:image:height\" content=\"683\" \/>\n\t<meta property=\"og:image:type\" content=\"image\/jpeg\" \/>\n<meta name=\"author\" content=\"Reda\u00e7\u00e3o Rio de Janeiro\" \/>\n<meta name=\"twitter:card\" content=\"summary_large_image\" \/>\n<meta name=\"twitter:creator\" content=\"@PressenzaIPA\" \/>\n<meta name=\"twitter:site\" content=\"@PressenzaIPA\" \/>\n<meta name=\"twitter:label1\" content=\"Escrit per\" \/>\n\t<meta name=\"twitter:data1\" content=\"Reda\u00e7\u00e3o Rio de Janeiro\" \/>\n\t<meta name=\"twitter:label2\" content=\"Temps estimat de lectura\" \/>\n\t<meta name=\"twitter:data2\" content=\"3 minuts\" \/>\n<script type=\"application\/ld+json\" class=\"yoast-schema-graph\">{\"@context\":\"https:\/\/schema.org\",\"@graph\":[{\"@type\":\"Article\",\"@id\":\"https:\/\/www.pressenza.com\/ca\/2022\/10\/si-bolsonaro-es-electe-el-diumenge-lamazones-sacaba\/#article\",\"isPartOf\":{\"@id\":\"https:\/\/www.pressenza.com\/ca\/2022\/10\/si-bolsonaro-es-electe-el-diumenge-lamazones-sacaba\/\"},\"author\":{\"name\":\"Reda\u00e7\u00e3o Rio de Janeiro\",\"@id\":\"https:\/\/www.pressenza.com\/ca\/#\/schema\/person\/6925e927f8ff3a0cdb838320c5d12259\"},\"headline\":\"Si Bolsonaro \u00e9s electe el diumenge, l&#8217;Amazones s&#8217;acaba\",\"datePublished\":\"2022-10-28T17:01:05+00:00\",\"dateModified\":\"2022-10-28T17:09:59+00:00\",\"mainEntityOfPage\":{\"@id\":\"https:\/\/www.pressenza.com\/ca\/2022\/10\/si-bolsonaro-es-electe-el-diumenge-lamazones-sacaba\/\"},\"wordCount\":728,\"publisher\":{\"@id\":\"https:\/\/www.pressenza.com\/ca\/#organization\"},\"image\":{\"@id\":\"https:\/\/www.pressenza.com\/ca\/2022\/10\/si-bolsonaro-es-electe-el-diumenge-lamazones-sacaba\/#primaryimage\"},\"thumbnailUrl\":\"https:\/\/www.pressenza.com\/wp-content\/uploads\/2022\/10\/Katie-Maehler-Mi\u0301dia-NINJA.jpg\",\"keywords\":[\"bolsonaro\",\"Eleccions Brasil\"],\"articleSection\":[\"Contingut original\",\"Ecologia i Medi ambient\",\"Pol\u00edtica\",\"Sud-am\u00e8rica\"],\"inLanguage\":\"ca\"},{\"@type\":\"WebPage\",\"@id\":\"https:\/\/www.pressenza.com\/ca\/2022\/10\/si-bolsonaro-es-electe-el-diumenge-lamazones-sacaba\/\",\"url\":\"https:\/\/www.pressenza.com\/ca\/2022\/10\/si-bolsonaro-es-electe-el-diumenge-lamazones-sacaba\/\",\"name\":\"Si Bolsonaro \u00e9s electe el diumenge, l'Amazones s'acaba\",\"isPartOf\":{\"@id\":\"https:\/\/www.pressenza.com\/ca\/#website\"},\"primaryImageOfPage\":{\"@id\":\"https:\/\/www.pressenza.com\/ca\/2022\/10\/si-bolsonaro-es-electe-el-diumenge-lamazones-sacaba\/#primaryimage\"},\"image\":{\"@id\":\"https:\/\/www.pressenza.com\/ca\/2022\/10\/si-bolsonaro-es-electe-el-diumenge-lamazones-sacaba\/#primaryimage\"},\"thumbnailUrl\":\"https:\/\/www.pressenza.com\/wp-content\/uploads\/2022\/10\/Katie-Maehler-Mi\u0301dia-NINJA.jpg\",\"datePublished\":\"2022-10-28T17:01:05+00:00\",\"dateModified\":\"2022-10-28T17:09:59+00:00\",\"description\":\"En rebre aquesta mateixa setmana el premi Vladimir Herzog per la publicaci\u00f3 del seu llibre Banzeiro \u00f2k\u00f2t\u00f3, un viatge a l'Amaz\u00f2nia, centre del m\u00f3n, la\",\"breadcrumb\":{\"@id\":\"https:\/\/www.pressenza.com\/ca\/2022\/10\/si-bolsonaro-es-electe-el-diumenge-lamazones-sacaba\/#breadcrumb\"},\"inLanguage\":\"ca\",\"potentialAction\":[{\"@type\":\"ReadAction\",\"target\":[\"https:\/\/www.pressenza.com\/ca\/2022\/10\/si-bolsonaro-es-electe-el-diumenge-lamazones-sacaba\/\"]}]},{\"@type\":\"ImageObject\",\"inLanguage\":\"ca\",\"@id\":\"https:\/\/www.pressenza.com\/ca\/2022\/10\/si-bolsonaro-es-electe-el-diumenge-lamazones-sacaba\/#primaryimage\",\"url\":\"https:\/\/www.pressenza.com\/wp-content\/uploads\/2022\/10\/Katie-Maehler-Mi\u0301dia-NINJA.jpg\",\"contentUrl\":\"https:\/\/www.pressenza.com\/wp-content\/uploads\/2022\/10\/Katie-Maehler-Mi\u0301dia-NINJA.jpg\",\"width\":1024,\"height\":683},{\"@type\":\"BreadcrumbList\",\"@id\":\"https:\/\/www.pressenza.com\/ca\/2022\/10\/si-bolsonaro-es-electe-el-diumenge-lamazones-sacaba\/#breadcrumb\",\"itemListElement\":[{\"@type\":\"ListItem\",\"position\":1,\"name\":\"Accueil\",\"item\":\"https:\/\/www.pressenza.com\/ca\/\"},{\"@type\":\"ListItem\",\"position\":2,\"name\":\"Si Bolsonaro \u00e9s electe el diumenge, l&#8217;Amazones s&#8217;acaba\"}]},{\"@type\":\"WebSite\",\"@id\":\"https:\/\/www.pressenza.com\/ca\/#website\",\"url\":\"https:\/\/www.pressenza.com\/ca\/\",\"name\":\"Pressenza\",\"description\":\"International Press Agency\",\"publisher\":{\"@id\":\"https:\/\/www.pressenza.com\/ca\/#organization\"},\"potentialAction\":[{\"@type\":\"SearchAction\",\"target\":{\"@type\":\"EntryPoint\",\"urlTemplate\":\"https:\/\/www.pressenza.com\/ca\/?s={search_term_string}\"},\"query-input\":{\"@type\":\"PropertyValueSpecification\",\"valueRequired\":true,\"valueName\":\"search_term_string\"}}],\"inLanguage\":\"ca\"},{\"@type\":\"Organization\",\"@id\":\"https:\/\/www.pressenza.com\/ca\/#organization\",\"name\":\"Pressenza\",\"url\":\"https:\/\/www.pressenza.com\/ca\/\",\"logo\":{\"@type\":\"ImageObject\",\"inLanguage\":\"ca\",\"@id\":\"https:\/\/www.pressenza.com\/ca\/#\/schema\/logo\/image\/\",\"url\":\"https:\/\/www.pressenza.com\/wp-content\/uploads\/2022\/10\/pressenza_logo_200x200.jpg\",\"contentUrl\":\"https:\/\/www.pressenza.com\/wp-content\/uploads\/2022\/10\/pressenza_logo_200x200.jpg\",\"width\":200,\"height\":200,\"caption\":\"Pressenza\"},\"image\":{\"@id\":\"https:\/\/www.pressenza.com\/ca\/#\/schema\/logo\/image\/\"},\"sameAs\":[\"https:\/\/www.facebook.com\/PressenzaItalia\",\"https:\/\/x.com\/PressenzaIPA\"]},{\"@type\":\"Person\",\"@id\":\"https:\/\/www.pressenza.com\/ca\/#\/schema\/person\/6925e927f8ff3a0cdb838320c5d12259\",\"name\":\"Reda\u00e7\u00e3o Rio de Janeiro\",\"description\":\"News published by the Pressenza bureau in Rio de Janeiro, Brazil\",\"url\":\"https:\/\/www.pressenza.com\/ca\/author\/redacao-rio-de-janeiro\/\"}]}<\/script>\n<!-- \/ Yoast SEO plugin. -->","yoast_head_json":{"title":"Si Bolsonaro \u00e9s electe el diumenge, l'Amazones s'acaba","description":"En rebre aquesta mateixa setmana el premi Vladimir Herzog per la publicaci\u00f3 del seu llibre Banzeiro \u00f2k\u00f2t\u00f3, un viatge a l'Amaz\u00f2nia, centre del m\u00f3n, la","robots":{"index":"index","follow":"follow","max-snippet":"max-snippet:-1","max-image-preview":"max-image-preview:large","max-video-preview":"max-video-preview:-1"},"canonical":"https:\/\/www.pressenza.com\/ca\/2022\/10\/si-bolsonaro-es-electe-el-diumenge-lamazones-sacaba\/","og_locale":"ca_ES","og_type":"article","og_title":"Si Bolsonaro \u00e9s electe el diumenge, l'Amazones s'acaba","og_description":"En rebre aquesta mateixa setmana el premi Vladimir Herzog per la publicaci\u00f3 del seu llibre Banzeiro \u00f2k\u00f2t\u00f3, un viatge a l'Amaz\u00f2nia, centre del m\u00f3n, la","og_url":"https:\/\/www.pressenza.com\/ca\/2022\/10\/si-bolsonaro-es-electe-el-diumenge-lamazones-sacaba\/","og_site_name":"Pressenza","article_publisher":"https:\/\/www.facebook.com\/PressenzaItalia","article_published_time":"2022-10-28T17:01:05+00:00","article_modified_time":"2022-10-28T17:09:59+00:00","og_image":[{"width":1024,"height":683,"url":"https:\/\/www.pressenza.com\/wp-content\/uploads\/2022\/10\/Katie-Maehler-Mi\u0301dia-NINJA.jpg","type":"image\/jpeg"}],"author":"Reda\u00e7\u00e3o Rio de Janeiro","twitter_card":"summary_large_image","twitter_creator":"@PressenzaIPA","twitter_site":"@PressenzaIPA","twitter_misc":{"Escrit per":"Reda\u00e7\u00e3o Rio de Janeiro","Temps estimat de lectura":"3 minuts"},"schema":{"@context":"https:\/\/schema.org","@graph":[{"@type":"Article","@id":"https:\/\/www.pressenza.com\/ca\/2022\/10\/si-bolsonaro-es-electe-el-diumenge-lamazones-sacaba\/#article","isPartOf":{"@id":"https:\/\/www.pressenza.com\/ca\/2022\/10\/si-bolsonaro-es-electe-el-diumenge-lamazones-sacaba\/"},"author":{"name":"Reda\u00e7\u00e3o Rio de Janeiro","@id":"https:\/\/www.pressenza.com\/ca\/#\/schema\/person\/6925e927f8ff3a0cdb838320c5d12259"},"headline":"Si Bolsonaro \u00e9s electe el diumenge, l&#8217;Amazones s&#8217;acaba","datePublished":"2022-10-28T17:01:05+00:00","dateModified":"2022-10-28T17:09:59+00:00","mainEntityOfPage":{"@id":"https:\/\/www.pressenza.com\/ca\/2022\/10\/si-bolsonaro-es-electe-el-diumenge-lamazones-sacaba\/"},"wordCount":728,"publisher":{"@id":"https:\/\/www.pressenza.com\/ca\/#organization"},"image":{"@id":"https:\/\/www.pressenza.com\/ca\/2022\/10\/si-bolsonaro-es-electe-el-diumenge-lamazones-sacaba\/#primaryimage"},"thumbnailUrl":"https:\/\/www.pressenza.com\/wp-content\/uploads\/2022\/10\/Katie-Maehler-Mi\u0301dia-NINJA.jpg","keywords":["bolsonaro","Eleccions Brasil"],"articleSection":["Contingut original","Ecologia i Medi ambient","Pol\u00edtica","Sud-am\u00e8rica"],"inLanguage":"ca"},{"@type":"WebPage","@id":"https:\/\/www.pressenza.com\/ca\/2022\/10\/si-bolsonaro-es-electe-el-diumenge-lamazones-sacaba\/","url":"https:\/\/www.pressenza.com\/ca\/2022\/10\/si-bolsonaro-es-electe-el-diumenge-lamazones-sacaba\/","name":"Si Bolsonaro \u00e9s electe el diumenge, l'Amazones s'acaba","isPartOf":{"@id":"https:\/\/www.pressenza.com\/ca\/#website"},"primaryImageOfPage":{"@id":"https:\/\/www.pressenza.com\/ca\/2022\/10\/si-bolsonaro-es-electe-el-diumenge-lamazones-sacaba\/#primaryimage"},"image":{"@id":"https:\/\/www.pressenza.com\/ca\/2022\/10\/si-bolsonaro-es-electe-el-diumenge-lamazones-sacaba\/#primaryimage"},"thumbnailUrl":"https:\/\/www.pressenza.com\/wp-content\/uploads\/2022\/10\/Katie-Maehler-Mi\u0301dia-NINJA.jpg","datePublished":"2022-10-28T17:01:05+00:00","dateModified":"2022-10-28T17:09:59+00:00","description":"En rebre aquesta mateixa setmana el premi Vladimir Herzog per la publicaci\u00f3 del seu llibre Banzeiro \u00f2k\u00f2t\u00f3, un viatge a l'Amaz\u00f2nia, centre del m\u00f3n, la","breadcrumb":{"@id":"https:\/\/www.pressenza.com\/ca\/2022\/10\/si-bolsonaro-es-electe-el-diumenge-lamazones-sacaba\/#breadcrumb"},"inLanguage":"ca","potentialAction":[{"@type":"ReadAction","target":["https:\/\/www.pressenza.com\/ca\/2022\/10\/si-bolsonaro-es-electe-el-diumenge-lamazones-sacaba\/"]}]},{"@type":"ImageObject","inLanguage":"ca","@id":"https:\/\/www.pressenza.com\/ca\/2022\/10\/si-bolsonaro-es-electe-el-diumenge-lamazones-sacaba\/#primaryimage","url":"https:\/\/www.pressenza.com\/wp-content\/uploads\/2022\/10\/Katie-Maehler-Mi\u0301dia-NINJA.jpg","contentUrl":"https:\/\/www.pressenza.com\/wp-content\/uploads\/2022\/10\/Katie-Maehler-Mi\u0301dia-NINJA.jpg","width":1024,"height":683},{"@type":"BreadcrumbList","@id":"https:\/\/www.pressenza.com\/ca\/2022\/10\/si-bolsonaro-es-electe-el-diumenge-lamazones-sacaba\/#breadcrumb","itemListElement":[{"@type":"ListItem","position":1,"name":"Accueil","item":"https:\/\/www.pressenza.com\/ca\/"},{"@type":"ListItem","position":2,"name":"Si Bolsonaro \u00e9s electe el diumenge, l&#8217;Amazones s&#8217;acaba"}]},{"@type":"WebSite","@id":"https:\/\/www.pressenza.com\/ca\/#website","url":"https:\/\/www.pressenza.com\/ca\/","name":"Pressenza","description":"International Press Agency","publisher":{"@id":"https:\/\/www.pressenza.com\/ca\/#organization"},"potentialAction":[{"@type":"SearchAction","target":{"@type":"EntryPoint","urlTemplate":"https:\/\/www.pressenza.com\/ca\/?s={search_term_string}"},"query-input":{"@type":"PropertyValueSpecification","valueRequired":true,"valueName":"search_term_string"}}],"inLanguage":"ca"},{"@type":"Organization","@id":"https:\/\/www.pressenza.com\/ca\/#organization","name":"Pressenza","url":"https:\/\/www.pressenza.com\/ca\/","logo":{"@type":"ImageObject","inLanguage":"ca","@id":"https:\/\/www.pressenza.com\/ca\/#\/schema\/logo\/image\/","url":"https:\/\/www.pressenza.com\/wp-content\/uploads\/2022\/10\/pressenza_logo_200x200.jpg","contentUrl":"https:\/\/www.pressenza.com\/wp-content\/uploads\/2022\/10\/pressenza_logo_200x200.jpg","width":200,"height":200,"caption":"Pressenza"},"image":{"@id":"https:\/\/www.pressenza.com\/ca\/#\/schema\/logo\/image\/"},"sameAs":["https:\/\/www.facebook.com\/PressenzaItalia","https:\/\/x.com\/PressenzaIPA"]},{"@type":"Person","@id":"https:\/\/www.pressenza.com\/ca\/#\/schema\/person\/6925e927f8ff3a0cdb838320c5d12259","name":"Reda\u00e7\u00e3o Rio de Janeiro","description":"News published by the Pressenza bureau in Rio de Janeiro, Brazil","url":"https:\/\/www.pressenza.com\/ca\/author\/redacao-rio-de-janeiro\/"}]}},"place":"","original_article_url":"","_links":{"self":[{"href":"https:\/\/www.pressenza.com\/ca\/wp-json\/wp\/v2\/posts\/1690012","targetHints":{"allow":["GET"]}}],"collection":[{"href":"https:\/\/www.pressenza.com\/ca\/wp-json\/wp\/v2\/posts"}],"about":[{"href":"https:\/\/www.pressenza.com\/ca\/wp-json\/wp\/v2\/types\/post"}],"author":[{"embeddable":true,"href":"https:\/\/www.pressenza.com\/ca\/wp-json\/wp\/v2\/users\/1685"}],"replies":[{"embeddable":true,"href":"https:\/\/www.pressenza.com\/ca\/wp-json\/wp\/v2\/comments?post=1690012"}],"version-history":[{"count":0,"href":"https:\/\/www.pressenza.com\/ca\/wp-json\/wp\/v2\/posts\/1690012\/revisions"}],"wp:featuredmedia":[{"embeddable":true,"href":"https:\/\/www.pressenza.com\/ca\/wp-json\/wp\/v2\/media\/1690013"}],"wp:attachment":[{"href":"https:\/\/www.pressenza.com\/ca\/wp-json\/wp\/v2\/media?parent=1690012"}],"wp:term":[{"taxonomy":"category","embeddable":true,"href":"https:\/\/www.pressenza.com\/ca\/wp-json\/wp\/v2\/categories?post=1690012"},{"taxonomy":"post_tag","embeddable":true,"href":"https:\/\/www.pressenza.com\/ca\/wp-json\/wp\/v2\/tags?post=1690012"}],"curies":[{"name":"wp","href":"https:\/\/api.w.org\/{rel}","templated":true}]}}