{"id":1677851,"date":"2022-10-11T22:02:39","date_gmt":"2022-10-11T21:02:39","guid":{"rendered":"https:\/\/www.pressenza.com\/?p=1677851"},"modified":"2022-10-12T11:34:29","modified_gmt":"2022-10-12T10:34:29","slug":"lucinda-evans-a-sud-africa-tenim-un-fort-llegat-de-lapartheid-amb-forma-de-racisme","status":"publish","type":"post","link":"https:\/\/www.pressenza.com\/ca\/2022\/10\/lucinda-evans-a-sud-africa-tenim-un-fort-llegat-de-lapartheid-amb-forma-de-racisme\/","title":{"rendered":"Lucinda Evans: \u201cA Sud-\u00c0frica tenim un fort llegat de l\u2019apartheid amb forma de racisme\u201d"},"content":{"rendered":"<h6>Lucinda Evans visita Sant Cugat en el marc del programa Ciutats Defensores dels Drets Humans | Jordi Pascual Moll\u00e1<\/h6>\n<h2 class=\"interior-header__subtitle\">L\u2019activista sud-africana ha visitat Sant Cugat en el marc del programa Ciutats Defensores dels Drets Humans<\/h2>\n<p class=\"interior-header__author\">per <a href=\"https:\/\/www.elcugatenc.cat\/autor\/jordi-pascual\">Jordi Pascual Moll\u00e1<\/a><\/p>\n<p>El programa Ciutats Defensores dels Drets Humans, organitzar per la Comissi\u00f3 Catalana d\u2019Ajuda al Refugiat i el Fons Catal\u00e0 de Cooperaci\u00f3 al Desenvolupament amb el suport de desenes d\u2019ajuntaments, entre els quals el de Sant Cugat, ha iniciat les activitats als centres educatius. Aquest dimarts l\u2019activista sud-africana Lucinda Evans ha visitat l\u2019alumnat de l\u2019institut Pla i Farreras per explicar-los la situaci\u00f3 del seu pa\u00eds i l\u2019activisme que realitza mitjan\u00e7ant l\u2019organitzaci\u00f3 Philisa Abafazi Bethi (<em>Guarir les nostres dones<\/em>) en defensa dels drets de les dones, els infants i les persones LGTBIQ+.<\/p>\n<p>Evans i la seva organitzaci\u00f3 centren la seva activitat a Lavender Hill, un gran barri de la Ciutat del Cap on l\u2019apartheid va apartar la poblaci\u00f3 negra a habitatges menuts i llunyans del centre de la ciutat, una guetitzaci\u00f3 que hores d\u2019ara segueix en forma d\u2019exclusi\u00f3 i reptes socials rellevants. L\u2019activista denuncia que tot i que el sistema de segregaci\u00f3 racial de Sud-\u00c0frica va deixar d\u2019estar en vigor el 1992, bona part de les pol\u00edtiques que afecten la seva comunitat segueixen tenint una mentalitat pr\u00f2pia de l\u2019apartheid.<\/p>\n<p>\u2013 <strong>Qu\u00e8 queda de l\u2019apartheid a Sud-\u00c0frica?<\/strong><\/p>\n<p>\u2013 Encara tenim un fort llegat de l\u2019apartheid amb forma de racisme. A la prov\u00edncia de Western Cape, on \u00e9s la Ciutat del Cap, encara hi ha unes accions molt clares per part del govern adre\u00e7ades a protegir les minories blanques i a oferir-los millors serveis. El meu barri est\u00e0 format de <em>cape flats<\/em>, pisos on hi ha molt poca seguretat. Per a les majories negres els serveis s\u00f3n mediocres i els barris s\u00f3n molt insegurs, amb molts assassinats, sobretot a causa de les bandes violentes. La policia no s\u2019ho pren seriosament. Com a defensora dels drets humans treballo en la prevenci\u00f3 d\u2019aquestes viol\u00e8ncies i, sobretot, en la protecci\u00f3 de dones, infants i persones LGTBIQ+.<\/p>\n<p>\u2013 <strong>Quina vulnerabilitat afegida tenen respecte als homes heterosexuals?<\/strong><\/p>\n<p>\u2013 Recentment ens hem adonat que tamb\u00e9 hem d\u2019oferir els nostres serveis i atenci\u00f3 als homes i als joves. Ens regim pels principis fonamentals del feminisme i ens hem vist que l\u2019empitjorament de la viol\u00e8ncia afecta totes les persones.<\/p>\n<p>\u2013 <strong>Com es pot actuar a una comunitat que est\u00e0 segregada a consci\u00e8ncia?<\/strong><\/p>\n<p>\u2013 Tenim una constituci\u00f3 progressista que inclou el dret a la llar. Per\u00f2 s\u2019ha de canviar la narrativa sobre la vida als guetos. Hem de tenir en compte que durant l\u2019apartheid els khoisan vam ser apartats de les zones rurals del districte sis i ens van ficar als <em>cape flats<\/em>. Actualment el problema m\u00e9s seri\u00f3s \u00e9s el de la seguretat.<\/p>\n<p>Al meu pa\u00eds la protecci\u00f3 \u00e9s una q\u00fcesti\u00f3 nacional perqu\u00e8 la policia \u00e9s nacional. Segons la constituci\u00f3 ha d\u2019oferir protecci\u00f3 a tots els ciutadans. La meva prov\u00edncia \u00e9s l\u2019\u00fanica on la majoria no \u00e9s de l\u2019African National Congress (ANC, partit socialdem\u00f2crata) si no una coalici\u00f3 amb la Democratic Alliance (DA), de majoria blanca i preocupats per la seguretat de la minoria blanca per sobre de la resta de la poblaci\u00f3.<\/p>\n<p><img loading=\"lazy\" decoding=\"async\" class=\"alignnone size-full wp-image-1677862\" src=\"https:\/\/www.pressenza.com\/wp-content\/uploads\/2022\/10\/lucinda-evans-ciutats-defensores-ddhh-sant-cugat-elcugatenc-1.jpg\" alt=\"\" width=\"1200\" height=\"798\" srcset=\"https:\/\/www.pressenza.com\/wp-content\/uploads\/2022\/10\/lucinda-evans-ciutats-defensores-ddhh-sant-cugat-elcugatenc-1.jpg 1200w, https:\/\/www.pressenza.com\/wp-content\/uploads\/2022\/10\/lucinda-evans-ciutats-defensores-ddhh-sant-cugat-elcugatenc-1-300x200.jpg 300w, https:\/\/www.pressenza.com\/wp-content\/uploads\/2022\/10\/lucinda-evans-ciutats-defensores-ddhh-sant-cugat-elcugatenc-1-820x545.jpg 820w\" sizes=\"auto, (max-width: 1200px) 100vw, 1200px\" \/><\/p>\n<h6 class=\"interior-main__image\">Evans a la sessi\u00f3 a l&#8217;institut Pla i Farreras | Jordi Pascual Moll\u00e1<\/h6>\n<p>\u2013 <strong>Denuncies que el govern no us protegeix i us posa traves quan feu acci\u00f3 social. Qu\u00e8 us trobeu?<\/strong><\/p>\n<p>\u2013 La coalici\u00f3 de govern entre l\u2019ANC i la DA funciona amb mentalitat d\u2019apartheid. Durant els darrers dies hi ha hagut matances de set persones i el ministre ha sortit per dir que es faria un pla per\u00f2 mai es concreta res. \u00c9s una q\u00fcesti\u00f3 del sistema judicial. Tot sovint els processos es retarden. Si hi ha una violaci\u00f3, es pot trigar entre dos i tres anys a aconseguir una sent\u00e8ncia. Els acuso de ser c\u00f2mplices. Al 2019 el president va fer una proposta per no donar permisos als violadors i abusadors masclistes per\u00f2 no s\u2019ha complert la promesa.<\/p>\n<p>\u2013 <strong>Tot sovint s\u2019utilitza la paraula apartheid per referir-se a altres pa\u00efsos. El m\u00e9s sonat \u00e9s Palestina, on <a href=\"https:\/\/www.amnesty.org\/es\/latest\/campaigns\/2022\/02\/israels-system-of-apartheid\/\">Amnistia Internacional<\/a> s\u2019hi ha referit per definir la pol\u00edtica d\u2019Israel. Qu\u00e8 en penses d\u2019aquest \u00fas?<\/strong><\/p>\n<p>\u2013 Hi estic a favor i hi afegeix profunditat. Em solidaritzo amb el poble palest\u00ed. L\u2019apartheid t\u00e9 unes conseq\u00fc\u00e8ncies terribles i que s\u2019allarguen en el temps. La meva \u00e0via no ha pogut curar les ferides. Als anys 70 van arribar uns camions on vivien i els van dir que havien de posar totes les seves pertinences en bosses per traslladar-los als <em>cape flats<\/em>, uns edificis de ciment de tres plantes i sense electricitat.<\/p>\n<p>\u2013 <strong>Com sorgeix i quin \u00e9s l\u2019objectiu del moviment #AmINext?<\/strong><\/p>\n<p>\u2013 \u00c9s un tema que em causa molt dolor perqu\u00e8 es va originar amb la violaci\u00f3 i assassinat de dues universit\u00e0ries de 19 anys, una negra (Uyinene) i una khoisan (Jesse Hess). Una a l\u2019oficina de correus i l\u2019altra a casa seva quan van entrar per robar. Es va fer un funeral oficial per\u00f2 a nivell judicial tot va ser m\u00e9s complex. El judici sobre Uyinene va durar menys de tres mesos mentre el de Jesse Hess va ser de dos anys i mig i no s\u2019ha tancat fins aquest any.<\/p>\n<p>Hi va haver una manifestaci\u00f3 de resposta a aquests assassinats que es van promoure els universitaris. Va ser un detonant en la lluita contra la viol\u00e8ncia masclista. La policia havia rebut ordres per reprimir la manifestaci\u00f3. Jo mateixa, que hi participava activament, em vaig enfrontar a la policia. Vaig agafar el micro i els hi vaig dir: \u201cNo ens fotreu el dia d\u2019avui. Aqu\u00ed es veu que vosaltres, que teniu la missi\u00f3 de protegir la vida de les altres persones, no ho esteu fent\u201d.<\/p>\n","protected":false},"excerpt":{"rendered":"<p>Lucinda Evans visita Sant Cugat en el marc del programa Ciutats Defensores dels Drets Humans | Jordi Pascual Moll\u00e1 L\u2019activista sud-africana ha visitat Sant Cugat en el marc del programa Ciutats Defensores dels Drets Humans per Jordi Pascual Moll\u00e1 El&hellip;<\/p>\n","protected":false},"author":1122,"featured_media":1677852,"comment_status":"closed","ping_status":"closed","sticky":false,"template":"","format":"standard","meta":{"footnotes":""},"categories":[35504,35512,35506,32516,35520,35524],"tags":[106387,106390,106391,106388,77491,106389],"class_list":["post-1677851","post","type-post","status-publish","format-standard","has-post-thumbnail","hentry","category-africa-ca","category-drets-humans-ca","category-europa-ca","category-internacional-ca","category-no-violencia-ca","category-politica-ca","tag-aminext","tag-anc-ca","tag-apartheid-ca","tag-ciutats-defensores-dels-drets-humans","tag-racisme-ca","tag-sud-africa"],"yoast_head":"<!-- This site is optimized with the Yoast SEO plugin v27.1.1 - https:\/\/yoast.com\/product\/yoast-seo-wordpress\/ -->\n<title>Lucinda Evans: \u201cA Sud-\u00c0frica tenim un fort llegat de l\u2019apartheid amb forma de racisme\u201d<\/title>\n<meta name=\"description\" content=\"Lucinda Evans visita Sant Cugat en el marc del programa Ciutats Defensores dels Drets Humans | Jordi Pascual Moll\u00e1 L\u2019activista sud-africana ha visitat\" \/>\n<meta name=\"robots\" content=\"index, follow, max-snippet:-1, max-image-preview:large, max-video-preview:-1\" \/>\n<link rel=\"canonical\" href=\"https:\/\/www.pressenza.com\/ca\/2022\/10\/lucinda-evans-a-sud-africa-tenim-un-fort-llegat-de-lapartheid-amb-forma-de-racisme\/\" \/>\n<meta property=\"og:locale\" content=\"ca_ES\" \/>\n<meta property=\"og:type\" content=\"article\" \/>\n<meta property=\"og:title\" content=\"Lucinda Evans: \u201cA Sud-\u00c0frica tenim un fort llegat de l\u2019apartheid amb forma de racisme\u201d\" \/>\n<meta property=\"og:description\" content=\"Lucinda Evans visita Sant Cugat en el marc del programa Ciutats Defensores dels Drets Humans | Jordi Pascual Moll\u00e1 L\u2019activista sud-africana ha visitat\" \/>\n<meta property=\"og:url\" content=\"https:\/\/www.pressenza.com\/ca\/2022\/10\/lucinda-evans-a-sud-africa-tenim-un-fort-llegat-de-lapartheid-amb-forma-de-racisme\/\" \/>\n<meta property=\"og:site_name\" content=\"Pressenza\" \/>\n<meta property=\"article:publisher\" content=\"https:\/\/www.facebook.com\/PressenzaItalia\" \/>\n<meta property=\"article:author\" content=\"https:\/\/www.facebook.com\/Pressenza-Espaa-647854795301395\/timeline\/\" \/>\n<meta property=\"article:published_time\" content=\"2022-10-11T21:02:39+00:00\" \/>\n<meta property=\"article:modified_time\" content=\"2022-10-12T10:34:29+00:00\" \/>\n<meta property=\"og:image\" content=\"https:\/\/www.pressenza.com\/wp-content\/uploads\/2022\/10\/20225.jpg\" \/>\n\t<meta property=\"og:image:width\" content=\"844\" \/>\n\t<meta property=\"og:image:height\" content=\"475\" \/>\n\t<meta property=\"og:image:type\" content=\"image\/jpeg\" \/>\n<meta name=\"author\" content=\"Redacci\u00f3n Barcelona\" \/>\n<meta name=\"twitter:card\" content=\"summary_large_image\" \/>\n<meta name=\"twitter:creator\" content=\"@pressenza\" \/>\n<meta name=\"twitter:site\" content=\"@PressenzaIPA\" \/>\n<meta name=\"twitter:label1\" content=\"Escrit per\" \/>\n\t<meta name=\"twitter:data1\" content=\"Redacci\u00f3n Barcelona\" \/>\n\t<meta name=\"twitter:label2\" content=\"Temps estimat de lectura\" \/>\n\t<meta name=\"twitter:data2\" content=\"5 minuts\" \/>\n<script type=\"application\/ld+json\" class=\"yoast-schema-graph\">{\"@context\":\"https:\/\/schema.org\",\"@graph\":[{\"@type\":\"Article\",\"@id\":\"https:\/\/www.pressenza.com\/ca\/2022\/10\/lucinda-evans-a-sud-africa-tenim-un-fort-llegat-de-lapartheid-amb-forma-de-racisme\/#article\",\"isPartOf\":{\"@id\":\"https:\/\/www.pressenza.com\/ca\/2022\/10\/lucinda-evans-a-sud-africa-tenim-un-fort-llegat-de-lapartheid-amb-forma-de-racisme\/\"},\"author\":{\"name\":\"Redacci\u00f3n Barcelona\",\"@id\":\"https:\/\/www.pressenza.com\/ca\/#\/schema\/person\/8abc53b92f3264e0dad4300d54ac73ff\"},\"headline\":\"Lucinda Evans: \u201cA Sud-\u00c0frica tenim un fort llegat de l\u2019apartheid amb forma de racisme\u201d\",\"datePublished\":\"2022-10-11T21:02:39+00:00\",\"dateModified\":\"2022-10-12T10:34:29+00:00\",\"mainEntityOfPage\":{\"@id\":\"https:\/\/www.pressenza.com\/ca\/2022\/10\/lucinda-evans-a-sud-africa-tenim-un-fort-llegat-de-lapartheid-amb-forma-de-racisme\/\"},\"wordCount\":1018,\"publisher\":{\"@id\":\"https:\/\/www.pressenza.com\/ca\/#organization\"},\"image\":{\"@id\":\"https:\/\/www.pressenza.com\/ca\/2022\/10\/lucinda-evans-a-sud-africa-tenim-un-fort-llegat-de-lapartheid-amb-forma-de-racisme\/#primaryimage\"},\"thumbnailUrl\":\"https:\/\/www.pressenza.com\/wp-content\/uploads\/2022\/10\/20225.jpg\",\"keywords\":[\"#AmINext\",\"ANC\",\"apartheid\",\"Ciutats Defensores dels Drets Humans\",\"racisme\",\"Sud-\u00c0frica\"],\"articleSection\":[\"\u00c0frica\",\"Drets Humans\",\"Europa\",\"Internacional\",\"No-viol\u00e8ncia\",\"Pol\u00edtica\"],\"inLanguage\":\"ca\"},{\"@type\":\"WebPage\",\"@id\":\"https:\/\/www.pressenza.com\/ca\/2022\/10\/lucinda-evans-a-sud-africa-tenim-un-fort-llegat-de-lapartheid-amb-forma-de-racisme\/\",\"url\":\"https:\/\/www.pressenza.com\/ca\/2022\/10\/lucinda-evans-a-sud-africa-tenim-un-fort-llegat-de-lapartheid-amb-forma-de-racisme\/\",\"name\":\"Lucinda Evans: \u201cA Sud-\u00c0frica tenim un fort llegat de l\u2019apartheid amb forma de racisme\u201d\",\"isPartOf\":{\"@id\":\"https:\/\/www.pressenza.com\/ca\/#website\"},\"primaryImageOfPage\":{\"@id\":\"https:\/\/www.pressenza.com\/ca\/2022\/10\/lucinda-evans-a-sud-africa-tenim-un-fort-llegat-de-lapartheid-amb-forma-de-racisme\/#primaryimage\"},\"image\":{\"@id\":\"https:\/\/www.pressenza.com\/ca\/2022\/10\/lucinda-evans-a-sud-africa-tenim-un-fort-llegat-de-lapartheid-amb-forma-de-racisme\/#primaryimage\"},\"thumbnailUrl\":\"https:\/\/www.pressenza.com\/wp-content\/uploads\/2022\/10\/20225.jpg\",\"datePublished\":\"2022-10-11T21:02:39+00:00\",\"dateModified\":\"2022-10-12T10:34:29+00:00\",\"description\":\"Lucinda Evans visita Sant Cugat en el marc del programa Ciutats Defensores dels Drets Humans | Jordi Pascual Moll\u00e1 L\u2019activista sud-africana ha visitat\",\"breadcrumb\":{\"@id\":\"https:\/\/www.pressenza.com\/ca\/2022\/10\/lucinda-evans-a-sud-africa-tenim-un-fort-llegat-de-lapartheid-amb-forma-de-racisme\/#breadcrumb\"},\"inLanguage\":\"ca\",\"potentialAction\":[{\"@type\":\"ReadAction\",\"target\":[\"https:\/\/www.pressenza.com\/ca\/2022\/10\/lucinda-evans-a-sud-africa-tenim-un-fort-llegat-de-lapartheid-amb-forma-de-racisme\/\"]}]},{\"@type\":\"ImageObject\",\"inLanguage\":\"ca\",\"@id\":\"https:\/\/www.pressenza.com\/ca\/2022\/10\/lucinda-evans-a-sud-africa-tenim-un-fort-llegat-de-lapartheid-amb-forma-de-racisme\/#primaryimage\",\"url\":\"https:\/\/www.pressenza.com\/wp-content\/uploads\/2022\/10\/20225.jpg\",\"contentUrl\":\"https:\/\/www.pressenza.com\/wp-content\/uploads\/2022\/10\/20225.jpg\",\"width\":844,\"height\":475},{\"@type\":\"BreadcrumbList\",\"@id\":\"https:\/\/www.pressenza.com\/ca\/2022\/10\/lucinda-evans-a-sud-africa-tenim-un-fort-llegat-de-lapartheid-amb-forma-de-racisme\/#breadcrumb\",\"itemListElement\":[{\"@type\":\"ListItem\",\"position\":1,\"name\":\"Accueil\",\"item\":\"https:\/\/www.pressenza.com\/ca\/\"},{\"@type\":\"ListItem\",\"position\":2,\"name\":\"Lucinda Evans: \u201cA Sud-\u00c0frica tenim un fort llegat de l\u2019apartheid amb forma de racisme\u201d\"}]},{\"@type\":\"WebSite\",\"@id\":\"https:\/\/www.pressenza.com\/ca\/#website\",\"url\":\"https:\/\/www.pressenza.com\/ca\/\",\"name\":\"Pressenza\",\"description\":\"International Press Agency\",\"publisher\":{\"@id\":\"https:\/\/www.pressenza.com\/ca\/#organization\"},\"potentialAction\":[{\"@type\":\"SearchAction\",\"target\":{\"@type\":\"EntryPoint\",\"urlTemplate\":\"https:\/\/www.pressenza.com\/ca\/?s={search_term_string}\"},\"query-input\":{\"@type\":\"PropertyValueSpecification\",\"valueRequired\":true,\"valueName\":\"search_term_string\"}}],\"inLanguage\":\"ca\"},{\"@type\":\"Organization\",\"@id\":\"https:\/\/www.pressenza.com\/ca\/#organization\",\"name\":\"Pressenza\",\"url\":\"https:\/\/www.pressenza.com\/ca\/\",\"logo\":{\"@type\":\"ImageObject\",\"inLanguage\":\"ca\",\"@id\":\"https:\/\/www.pressenza.com\/ca\/#\/schema\/logo\/image\/\",\"url\":\"https:\/\/www.pressenza.com\/wp-content\/uploads\/2022\/10\/pressenza_logo_200x200.jpg\",\"contentUrl\":\"https:\/\/www.pressenza.com\/wp-content\/uploads\/2022\/10\/pressenza_logo_200x200.jpg\",\"width\":200,\"height\":200,\"caption\":\"Pressenza\"},\"image\":{\"@id\":\"https:\/\/www.pressenza.com\/ca\/#\/schema\/logo\/image\/\"},\"sameAs\":[\"https:\/\/www.facebook.com\/PressenzaItalia\",\"https:\/\/x.com\/PressenzaIPA\"]},{\"@type\":\"Person\",\"@id\":\"https:\/\/www.pressenza.com\/ca\/#\/schema\/person\/8abc53b92f3264e0dad4300d54ac73ff\",\"name\":\"Redacci\u00f3n Barcelona\",\"description\":\"News published by the Pressenza bureau in Barcelona, Spain\",\"sameAs\":[\"https:\/\/www.facebook.com\/Pressenza-Espaa-647854795301395\/timeline\/\",\"https:\/\/x.com\/pressenza\"],\"url\":\"https:\/\/www.pressenza.com\/ca\/author\/redaccion-barcelona\/\"}]}<\/script>\n<!-- \/ Yoast SEO plugin. -->","yoast_head_json":{"title":"Lucinda Evans: \u201cA Sud-\u00c0frica tenim un fort llegat de l\u2019apartheid amb forma de racisme\u201d","description":"Lucinda Evans visita Sant Cugat en el marc del programa Ciutats Defensores dels Drets Humans | Jordi Pascual Moll\u00e1 L\u2019activista sud-africana ha visitat","robots":{"index":"index","follow":"follow","max-snippet":"max-snippet:-1","max-image-preview":"max-image-preview:large","max-video-preview":"max-video-preview:-1"},"canonical":"https:\/\/www.pressenza.com\/ca\/2022\/10\/lucinda-evans-a-sud-africa-tenim-un-fort-llegat-de-lapartheid-amb-forma-de-racisme\/","og_locale":"ca_ES","og_type":"article","og_title":"Lucinda Evans: \u201cA Sud-\u00c0frica tenim un fort llegat de l\u2019apartheid amb forma de racisme\u201d","og_description":"Lucinda Evans visita Sant Cugat en el marc del programa Ciutats Defensores dels Drets Humans | Jordi Pascual Moll\u00e1 L\u2019activista sud-africana ha visitat","og_url":"https:\/\/www.pressenza.com\/ca\/2022\/10\/lucinda-evans-a-sud-africa-tenim-un-fort-llegat-de-lapartheid-amb-forma-de-racisme\/","og_site_name":"Pressenza","article_publisher":"https:\/\/www.facebook.com\/PressenzaItalia","article_author":"https:\/\/www.facebook.com\/Pressenza-Espaa-647854795301395\/timeline\/","article_published_time":"2022-10-11T21:02:39+00:00","article_modified_time":"2022-10-12T10:34:29+00:00","og_image":[{"width":844,"height":475,"url":"https:\/\/www.pressenza.com\/wp-content\/uploads\/2022\/10\/20225.jpg","type":"image\/jpeg"}],"author":"Redacci\u00f3n Barcelona","twitter_card":"summary_large_image","twitter_creator":"@pressenza","twitter_site":"@PressenzaIPA","twitter_misc":{"Escrit per":"Redacci\u00f3n Barcelona","Temps estimat de lectura":"5 minuts"},"schema":{"@context":"https:\/\/schema.org","@graph":[{"@type":"Article","@id":"https:\/\/www.pressenza.com\/ca\/2022\/10\/lucinda-evans-a-sud-africa-tenim-un-fort-llegat-de-lapartheid-amb-forma-de-racisme\/#article","isPartOf":{"@id":"https:\/\/www.pressenza.com\/ca\/2022\/10\/lucinda-evans-a-sud-africa-tenim-un-fort-llegat-de-lapartheid-amb-forma-de-racisme\/"},"author":{"name":"Redacci\u00f3n Barcelona","@id":"https:\/\/www.pressenza.com\/ca\/#\/schema\/person\/8abc53b92f3264e0dad4300d54ac73ff"},"headline":"Lucinda Evans: \u201cA Sud-\u00c0frica tenim un fort llegat de l\u2019apartheid amb forma de racisme\u201d","datePublished":"2022-10-11T21:02:39+00:00","dateModified":"2022-10-12T10:34:29+00:00","mainEntityOfPage":{"@id":"https:\/\/www.pressenza.com\/ca\/2022\/10\/lucinda-evans-a-sud-africa-tenim-un-fort-llegat-de-lapartheid-amb-forma-de-racisme\/"},"wordCount":1018,"publisher":{"@id":"https:\/\/www.pressenza.com\/ca\/#organization"},"image":{"@id":"https:\/\/www.pressenza.com\/ca\/2022\/10\/lucinda-evans-a-sud-africa-tenim-un-fort-llegat-de-lapartheid-amb-forma-de-racisme\/#primaryimage"},"thumbnailUrl":"https:\/\/www.pressenza.com\/wp-content\/uploads\/2022\/10\/20225.jpg","keywords":["#AmINext","ANC","apartheid","Ciutats Defensores dels Drets Humans","racisme","Sud-\u00c0frica"],"articleSection":["\u00c0frica","Drets Humans","Europa","Internacional","No-viol\u00e8ncia","Pol\u00edtica"],"inLanguage":"ca"},{"@type":"WebPage","@id":"https:\/\/www.pressenza.com\/ca\/2022\/10\/lucinda-evans-a-sud-africa-tenim-un-fort-llegat-de-lapartheid-amb-forma-de-racisme\/","url":"https:\/\/www.pressenza.com\/ca\/2022\/10\/lucinda-evans-a-sud-africa-tenim-un-fort-llegat-de-lapartheid-amb-forma-de-racisme\/","name":"Lucinda Evans: \u201cA Sud-\u00c0frica tenim un fort llegat de l\u2019apartheid amb forma de racisme\u201d","isPartOf":{"@id":"https:\/\/www.pressenza.com\/ca\/#website"},"primaryImageOfPage":{"@id":"https:\/\/www.pressenza.com\/ca\/2022\/10\/lucinda-evans-a-sud-africa-tenim-un-fort-llegat-de-lapartheid-amb-forma-de-racisme\/#primaryimage"},"image":{"@id":"https:\/\/www.pressenza.com\/ca\/2022\/10\/lucinda-evans-a-sud-africa-tenim-un-fort-llegat-de-lapartheid-amb-forma-de-racisme\/#primaryimage"},"thumbnailUrl":"https:\/\/www.pressenza.com\/wp-content\/uploads\/2022\/10\/20225.jpg","datePublished":"2022-10-11T21:02:39+00:00","dateModified":"2022-10-12T10:34:29+00:00","description":"Lucinda Evans visita Sant Cugat en el marc del programa Ciutats Defensores dels Drets Humans | Jordi Pascual Moll\u00e1 L\u2019activista sud-africana ha visitat","breadcrumb":{"@id":"https:\/\/www.pressenza.com\/ca\/2022\/10\/lucinda-evans-a-sud-africa-tenim-un-fort-llegat-de-lapartheid-amb-forma-de-racisme\/#breadcrumb"},"inLanguage":"ca","potentialAction":[{"@type":"ReadAction","target":["https:\/\/www.pressenza.com\/ca\/2022\/10\/lucinda-evans-a-sud-africa-tenim-un-fort-llegat-de-lapartheid-amb-forma-de-racisme\/"]}]},{"@type":"ImageObject","inLanguage":"ca","@id":"https:\/\/www.pressenza.com\/ca\/2022\/10\/lucinda-evans-a-sud-africa-tenim-un-fort-llegat-de-lapartheid-amb-forma-de-racisme\/#primaryimage","url":"https:\/\/www.pressenza.com\/wp-content\/uploads\/2022\/10\/20225.jpg","contentUrl":"https:\/\/www.pressenza.com\/wp-content\/uploads\/2022\/10\/20225.jpg","width":844,"height":475},{"@type":"BreadcrumbList","@id":"https:\/\/www.pressenza.com\/ca\/2022\/10\/lucinda-evans-a-sud-africa-tenim-un-fort-llegat-de-lapartheid-amb-forma-de-racisme\/#breadcrumb","itemListElement":[{"@type":"ListItem","position":1,"name":"Accueil","item":"https:\/\/www.pressenza.com\/ca\/"},{"@type":"ListItem","position":2,"name":"Lucinda Evans: \u201cA Sud-\u00c0frica tenim un fort llegat de l\u2019apartheid amb forma de racisme\u201d"}]},{"@type":"WebSite","@id":"https:\/\/www.pressenza.com\/ca\/#website","url":"https:\/\/www.pressenza.com\/ca\/","name":"Pressenza","description":"International Press Agency","publisher":{"@id":"https:\/\/www.pressenza.com\/ca\/#organization"},"potentialAction":[{"@type":"SearchAction","target":{"@type":"EntryPoint","urlTemplate":"https:\/\/www.pressenza.com\/ca\/?s={search_term_string}"},"query-input":{"@type":"PropertyValueSpecification","valueRequired":true,"valueName":"search_term_string"}}],"inLanguage":"ca"},{"@type":"Organization","@id":"https:\/\/www.pressenza.com\/ca\/#organization","name":"Pressenza","url":"https:\/\/www.pressenza.com\/ca\/","logo":{"@type":"ImageObject","inLanguage":"ca","@id":"https:\/\/www.pressenza.com\/ca\/#\/schema\/logo\/image\/","url":"https:\/\/www.pressenza.com\/wp-content\/uploads\/2022\/10\/pressenza_logo_200x200.jpg","contentUrl":"https:\/\/www.pressenza.com\/wp-content\/uploads\/2022\/10\/pressenza_logo_200x200.jpg","width":200,"height":200,"caption":"Pressenza"},"image":{"@id":"https:\/\/www.pressenza.com\/ca\/#\/schema\/logo\/image\/"},"sameAs":["https:\/\/www.facebook.com\/PressenzaItalia","https:\/\/x.com\/PressenzaIPA"]},{"@type":"Person","@id":"https:\/\/www.pressenza.com\/ca\/#\/schema\/person\/8abc53b92f3264e0dad4300d54ac73ff","name":"Redacci\u00f3n Barcelona","description":"News published by the Pressenza bureau in Barcelona, Spain","sameAs":["https:\/\/www.facebook.com\/Pressenza-Espaa-647854795301395\/timeline\/","https:\/\/x.com\/pressenza"],"url":"https:\/\/www.pressenza.com\/ca\/author\/redaccion-barcelona\/"}]}},"place":"Sant Cugat","original_article_url":"https:\/\/www.elcugatenc.cat\/noticia\/78511\/lucinda-evans-a-sud-africa-tenim-un-fort-llegat-de-lapartheid-en-forma-de-racisme","_links":{"self":[{"href":"https:\/\/www.pressenza.com\/ca\/wp-json\/wp\/v2\/posts\/1677851","targetHints":{"allow":["GET"]}}],"collection":[{"href":"https:\/\/www.pressenza.com\/ca\/wp-json\/wp\/v2\/posts"}],"about":[{"href":"https:\/\/www.pressenza.com\/ca\/wp-json\/wp\/v2\/types\/post"}],"author":[{"embeddable":true,"href":"https:\/\/www.pressenza.com\/ca\/wp-json\/wp\/v2\/users\/1122"}],"replies":[{"embeddable":true,"href":"https:\/\/www.pressenza.com\/ca\/wp-json\/wp\/v2\/comments?post=1677851"}],"version-history":[{"count":0,"href":"https:\/\/www.pressenza.com\/ca\/wp-json\/wp\/v2\/posts\/1677851\/revisions"}],"wp:featuredmedia":[{"embeddable":true,"href":"https:\/\/www.pressenza.com\/ca\/wp-json\/wp\/v2\/media\/1677852"}],"wp:attachment":[{"href":"https:\/\/www.pressenza.com\/ca\/wp-json\/wp\/v2\/media?parent=1677851"}],"wp:term":[{"taxonomy":"category","embeddable":true,"href":"https:\/\/www.pressenza.com\/ca\/wp-json\/wp\/v2\/categories?post=1677851"},{"taxonomy":"post_tag","embeddable":true,"href":"https:\/\/www.pressenza.com\/ca\/wp-json\/wp\/v2\/tags?post=1677851"}],"curies":[{"name":"wp","href":"https:\/\/api.w.org\/{rel}","templated":true}]}}