{"id":1539868,"date":"2022-03-10T19:16:35","date_gmt":"2022-03-10T19:16:35","guid":{"rendered":"https:\/\/www.pressenza.com\/?p=1539868"},"modified":"2022-03-10T19:16:35","modified_gmt":"2022-03-10T19:16:35","slug":"declaracio-de-pau","status":"publish","type":"post","link":"https:\/\/www.pressenza.com\/ca\/2022\/03\/declaracio-de-pau\/","title":{"rendered":"Declaraci\u00f3 de pau"},"content":{"rendered":"<p><span style=\"font-weight: 400;\">Nosaltres, els ciutadans del m\u00f3n,<\/span><span style=\"font-weight: 400;\"><br \/>\n<\/span><span style=\"font-weight: 400;\"><br \/>\n<\/span><span style=\"font-weight: 400;\">DECLAREM:<\/span><span style=\"font-weight: 400;\"><br \/>\n<\/span><span style=\"font-weight: 400;\"><br \/>\n<\/span> <span style=\"font-weight: 400;\">. <\/span><span style=\"font-weight: 400;\">Ens interessa viure en pau, prosperitat i conc\u00f2rdia amb tot \u00e9sser <\/span> <span style=\"font-weight: 400;\">hum\u00e0, sigui quina sigui la seva cultura, \u00e8tnia, creen\u00e7a o religi\u00f3.<\/span><span style=\"font-weight: 400;\"><br \/>\n<\/span> <span style=\"font-weight: 400;\">. <\/span><span style=\"font-weight: 400;\">Ens interessa deixar als nostres fills un m\u00f3n amb futur, habitable, <\/span> <span style=\"font-weight: 400;\">sostenible, on imperi el di\u00e0leg i la confian\u00e7a entre els diferents conjunts <\/span> <span style=\"font-weight: 400;\">humans.<\/span><span style=\"font-weight: 400;\"><br \/>\n<\/span> <span style=\"font-weight: 400;\">. <\/span><span style=\"font-weight: 400;\">Ens interessa un m\u00f3n on tot \u00e9sser hum\u00e0 gaudeixi d&#8217;una m\u00ednima <\/span> <span style=\"font-weight: 400;\">qualitat de vida i que camini cap a superar les grans desigualtats <\/span> <span style=\"font-weight: 400;\">inicials.<\/span><span style=\"font-weight: 400;\"><br \/>\n<\/span> <span style=\"font-weight: 400;\">. <\/span><span style=\"font-weight: 400;\">Ens interessa un m\u00f3n on la viol\u00e8ncia de tota mena sigui cosa del <\/span> <span style=\"font-weight: 400;\">passat i es treballi en conjunt, com a humanitat, per superar les <\/span> <span style=\"font-weight: 400;\">dificultats.<\/span><\/p>\n<p><span style=\"font-weight: 400;\"><br \/>\n<\/span><span style=\"font-weight: 400;\">PER TANT:<\/span><span style=\"font-weight: 400;\"><br \/>\n<\/span><span style=\"font-weight: 400;\"><br \/>\n<\/span> <span style=\"font-weight: 400;\">. <\/span><span style=\"font-weight: 400;\">Els governs que bombardegen i envaeixen territoris, siguin del b\u00e0ndol <\/span> <span style=\"font-weight: 400;\">que siguin, no representen els nostres interessos.<\/span><span style=\"font-weight: 400;\"><br \/>\n<\/span> <span style=\"font-weight: 400;\">. <\/span><span style=\"font-weight: 400;\">Els governs que alimenten aquests conflictes amb armes i repres\u00e0lies, <\/span> <span style=\"font-weight: 400;\">i tiren llenya al foc, no ens representen.<\/span><span style=\"font-weight: 400;\"><br \/>\n<\/span> <span style=\"font-weight: 400;\">. <\/span><span style=\"font-weight: 400;\">Els governs que es neguen al di\u00e0leg i a l&#8217;enteniment, expandeixen els <\/span> <span style=\"font-weight: 400;\">conflictes i posen en perill l&#8217;exist\u00e8ncia mateixa de la humanitat, no <\/span> <span style=\"font-weight: 400;\">ens representen.<\/span><span style=\"font-weight: 400;\"><br \/>\n<\/span> <span style=\"font-weight: 400;\">. <\/span><span style=\"font-weight: 400;\">Els governs que anteposen els seus \u201cjocs\u201d geoestrat\u00e8gics i els <\/span> <span style=\"font-weight: 400;\">seus interessos econ\u00f2mics a la vida i a la conc\u00f2rdia humana tenen <\/span> <span style=\"font-weight: 400;\">interessos molt diferents dels nostres, per tant, no ens representen.<\/span><span style=\"font-weight: 400;\"><br \/>\n<\/span> <span style=\"font-weight: 400;\">. <\/span><span style=\"font-weight: 400;\">Els governs que menteixen i manipulen les seves poblacions per <\/span> <span style=\"font-weight: 400;\">crear temors falsos i augmentar la desconfian\u00e7a cap a altres persones <\/span> <span style=\"font-weight: 400;\">o cultures, van en la direcci\u00f3 oposada als nostres interessos, per tant, <\/span> <span style=\"font-weight: 400;\">no ens representen.<\/span><\/p>\n<p><span style=\"font-weight: 400;\"><br \/>\n<\/span><span style=\"font-weight: 400;\">En tenir <\/span><span style=\"font-weight: 400;\">en compte aix\u00f2,<\/span><span style=\"font-weight: 400;\">\u00a0<\/span><\/p>\n<p><span style=\"font-weight: 400;\">EXIGIM:<\/span><span style=\"font-weight: 400;\"><br \/>\n<\/span><span style=\"font-weight: 400;\"><br \/>\n<\/span> <span style=\"font-weight: 400;\">. <\/span><span style=\"font-weight: 400;\">Que tots aquests governs aliens als interessos de les persones, siguin <\/span> <span style=\"font-weight: 400;\">del b\u00e0ndol que siguin, deposin immediatament la seva actitud violenta <\/span> <span style=\"font-weight: 400;\">cap a la humanitat.<\/span><span style=\"font-weight: 400;\"><br \/>\n<\/span> <span style=\"font-weight: 400;\">. <\/span><span style=\"font-weight: 400;\">Que detinguin tota agressi\u00f3 armada, es retirin dels territoris enva\u00efts i <\/span> <span style=\"font-weight: 400;\">cessin en les seves repres\u00e0lies venjatives.<\/span><span style=\"font-weight: 400;\"><br \/>\n<\/span> <span style=\"font-weight: 400;\">. <\/span><span style=\"font-weight: 400;\">Que inici\u00efn un desmantellament progressiu i complet de tot l&#8217;armament <\/span> <span style=\"font-weight: 400;\">nuclear existent, que amena\u00e7a la vida de la humanitat en el seu <\/span> <span style=\"font-weight: 400;\">conjunt, i compleixin el TPAN.<\/span><span style=\"font-weight: 400;\"><br \/>\n<\/span> <span style=\"font-weight: 400;\">. <\/span><span style=\"font-weight: 400;\">Que posin en marxa immediatament un di\u00e0leg per trobar la confian\u00e7a <\/span> <span style=\"font-weight: 400;\">m\u00fatua necess\u00e0ria i poder arribar a acords que tinguin en compte els <\/span> <span style=\"font-weight: 400;\">interessos <\/span> <span style=\"font-weight: 400;\">de la ciutadania, comprometent-se a respectar aquests <\/span> <span style=\"font-weight: 400;\">acords en el futur.<\/span><span style=\"font-weight: 400;\"><br \/>\n<\/span> <span style=\"font-weight: 400;\">. <\/span><span style=\"font-weight: 400;\">Que reconeguin la seva hipocresia en condemnar unes certes accions <\/span> <span style=\"font-weight: 400;\">i donar suport a altres segons la seva conveni\u00e8ncia i reconeguin l&#8217;error <\/span> <span style=\"font-weight: 400;\">com\u00e8s en usar la viol\u00e8ncia i encoratjar conflictes.<\/span><span style=\"font-weight: 400;\"><br \/>\n<\/span> <span style=\"font-weight: 400;\">. <\/span><span style=\"font-weight: 400;\">Que comencin a treballar pel desarmament global i per la reconversi\u00f3 <\/span> <span style=\"font-weight: 400;\">de la ind\u00fastria armament\u00edstica i que es declari il\u00b7legal qualsevol guerra.<\/span><span style=\"font-weight: 400;\"><br \/>\n<\/span> <span style=\"font-weight: 400;\">. <\/span><span style=\"font-weight: 400;\">Que es comprometin a no repetir mai m\u00e9s l&#8217;error de fer servir la <\/span> <span style=\"font-weight: 400;\">viol\u00e8ncia contra ning\u00fa i a reparar els danys causats a les diferents <\/span> <span style=\"font-weight: 400;\">poblacions, pobles i cultures.<\/span><span style=\"font-weight: 400;\"><br \/>\n<\/span><span style=\"font-weight: 400;\"><br \/>\n<\/span><span style=\"font-weight: 400;\"><br \/>\n<\/span><span style=\"font-weight: 400;\"><br \/>\n<\/span><\/p>\n","protected":false},"excerpt":{"rendered":"<p>Nosaltres, els ciutadans del m\u00f3n, DECLAREM: . Ens interessa viure en pau, prosperitat i conc\u00f2rdia amb tot \u00e9sser hum\u00e0, sigui quina sigui la seva cultura, \u00e8tnia, creen\u00e7a o religi\u00f3. . Ens interessa deixar als nostres fills un m\u00f3n amb futur,&hellip;<\/p>\n","protected":false},"author":1122,"featured_media":1539541,"comment_status":"closed","ping_status":"closed","sticky":false,"template":"","format":"standard","meta":{"footnotes":""},"categories":[35514,35531,35512,32516,35520,35516],"tags":[99943,38774,99942,99944,99941],"class_list":["post-1539868","post","type-post","status-publish","format-standard","has-post-thumbnail","hentry","category-assumptes-internacionals-ca","category-contingut-original-ca","category-drets-humans-ca","category-internacional-ca","category-no-violencia-ca","category-pau-i-desarmament-ca","tag-declaracio-ciutadans","tag-dialeg","tag-humanisme-ca","tag-no-guerra-ca","tag-pau-mundial"],"yoast_head":"<!-- This site is optimized with the Yoast SEO plugin v27.1.1 - https:\/\/yoast.com\/product\/yoast-seo-wordpress\/ -->\n<title>Declaraci\u00f3 de pau<\/title>\n<meta name=\"description\" content=\"Nosaltres, els ciutadans del m\u00f3n, DECLAREM: . Ens interessa viure en pau, prosperitat i conc\u00f2rdia amb tot \u00e9sser hum\u00e0, sigui quina sigui la seva cultura,\" \/>\n<meta name=\"robots\" content=\"index, follow, max-snippet:-1, max-image-preview:large, max-video-preview:-1\" \/>\n<link rel=\"canonical\" href=\"https:\/\/www.pressenza.com\/ca\/2022\/03\/declaracio-de-pau\/\" \/>\n<meta property=\"og:locale\" content=\"ca_ES\" \/>\n<meta property=\"og:type\" content=\"article\" \/>\n<meta property=\"og:title\" content=\"Declaraci\u00f3 de pau\" \/>\n<meta property=\"og:description\" content=\"Nosaltres, els ciutadans del m\u00f3n, DECLAREM: . Ens interessa viure en pau, prosperitat i conc\u00f2rdia amb tot \u00e9sser hum\u00e0, sigui quina sigui la seva cultura,\" \/>\n<meta property=\"og:url\" content=\"https:\/\/www.pressenza.com\/ca\/2022\/03\/declaracio-de-pau\/\" \/>\n<meta property=\"og:site_name\" content=\"Pressenza\" \/>\n<meta property=\"article:publisher\" content=\"https:\/\/www.facebook.com\/PressenzaItalia\" \/>\n<meta property=\"article:author\" content=\"https:\/\/www.facebook.com\/Pressenza-Espaa-647854795301395\/timeline\/\" \/>\n<meta property=\"article:published_time\" content=\"2022-03-10T19:16:35+00:00\" \/>\n<meta property=\"og:image\" content=\"https:\/\/www.pressenza.com\/wp-content\/uploads\/2022\/03\/world-gb32a0e314_1920.jpg\" \/>\n\t<meta property=\"og:image:width\" content=\"1920\" \/>\n\t<meta property=\"og:image:height\" content=\"1249\" \/>\n\t<meta property=\"og:image:type\" content=\"image\/jpeg\" \/>\n<meta name=\"author\" content=\"Redacci\u00f3n Barcelona\" \/>\n<meta name=\"twitter:card\" content=\"summary_large_image\" \/>\n<meta name=\"twitter:creator\" content=\"@pressenza\" \/>\n<meta name=\"twitter:site\" content=\"@PressenzaIPA\" \/>\n<meta name=\"twitter:label1\" content=\"Escrit per\" \/>\n\t<meta name=\"twitter:data1\" content=\"Redacci\u00f3n Barcelona\" \/>\n\t<meta name=\"twitter:label2\" content=\"Temps estimat de lectura\" \/>\n\t<meta name=\"twitter:data2\" content=\"2 minuts\" \/>\n<script type=\"application\/ld+json\" class=\"yoast-schema-graph\">{\"@context\":\"https:\/\/schema.org\",\"@graph\":[{\"@type\":\"Article\",\"@id\":\"https:\/\/www.pressenza.com\/ca\/2022\/03\/declaracio-de-pau\/#article\",\"isPartOf\":{\"@id\":\"https:\/\/www.pressenza.com\/ca\/2022\/03\/declaracio-de-pau\/\"},\"author\":{\"name\":\"Redacci\u00f3n Barcelona\",\"@id\":\"https:\/\/www.pressenza.com\/ca\/#\/schema\/person\/8abc53b92f3264e0dad4300d54ac73ff\"},\"headline\":\"Declaraci\u00f3 de pau\",\"datePublished\":\"2022-03-10T19:16:35+00:00\",\"mainEntityOfPage\":{\"@id\":\"https:\/\/www.pressenza.com\/ca\/2022\/03\/declaracio-de-pau\/\"},\"wordCount\":467,\"publisher\":{\"@id\":\"https:\/\/www.pressenza.com\/ca\/#organization\"},\"image\":{\"@id\":\"https:\/\/www.pressenza.com\/ca\/2022\/03\/declaracio-de-pau\/#primaryimage\"},\"thumbnailUrl\":\"https:\/\/www.pressenza.com\/wp-content\/uploads\/2022\/03\/world-gb32a0e314_1920.jpg\",\"keywords\":[\"Declaraci\u00f3 ciutadans\",\"di\u00e0leg\",\"humanisme\",\"No Guerra\",\"Pau mundial\"],\"articleSection\":[\"Assumptes internacionals\",\"Contingut original\",\"Drets Humans\",\"Internacional\",\"No-viol\u00e8ncia\",\"Pau i desarmament\"],\"inLanguage\":\"ca\"},{\"@type\":\"WebPage\",\"@id\":\"https:\/\/www.pressenza.com\/ca\/2022\/03\/declaracio-de-pau\/\",\"url\":\"https:\/\/www.pressenza.com\/ca\/2022\/03\/declaracio-de-pau\/\",\"name\":\"Declaraci\u00f3 de pau\",\"isPartOf\":{\"@id\":\"https:\/\/www.pressenza.com\/ca\/#website\"},\"primaryImageOfPage\":{\"@id\":\"https:\/\/www.pressenza.com\/ca\/2022\/03\/declaracio-de-pau\/#primaryimage\"},\"image\":{\"@id\":\"https:\/\/www.pressenza.com\/ca\/2022\/03\/declaracio-de-pau\/#primaryimage\"},\"thumbnailUrl\":\"https:\/\/www.pressenza.com\/wp-content\/uploads\/2022\/03\/world-gb32a0e314_1920.jpg\",\"datePublished\":\"2022-03-10T19:16:35+00:00\",\"description\":\"Nosaltres, els ciutadans del m\u00f3n, DECLAREM: . Ens interessa viure en pau, prosperitat i conc\u00f2rdia amb tot \u00e9sser hum\u00e0, sigui quina sigui la seva cultura,\",\"breadcrumb\":{\"@id\":\"https:\/\/www.pressenza.com\/ca\/2022\/03\/declaracio-de-pau\/#breadcrumb\"},\"inLanguage\":\"ca\",\"potentialAction\":[{\"@type\":\"ReadAction\",\"target\":[\"https:\/\/www.pressenza.com\/ca\/2022\/03\/declaracio-de-pau\/\"]}]},{\"@type\":\"ImageObject\",\"inLanguage\":\"ca\",\"@id\":\"https:\/\/www.pressenza.com\/ca\/2022\/03\/declaracio-de-pau\/#primaryimage\",\"url\":\"https:\/\/www.pressenza.com\/wp-content\/uploads\/2022\/03\/world-gb32a0e314_1920.jpg\",\"contentUrl\":\"https:\/\/www.pressenza.com\/wp-content\/uploads\/2022\/03\/world-gb32a0e314_1920.jpg\",\"width\":1920,\"height\":1249},{\"@type\":\"BreadcrumbList\",\"@id\":\"https:\/\/www.pressenza.com\/ca\/2022\/03\/declaracio-de-pau\/#breadcrumb\",\"itemListElement\":[{\"@type\":\"ListItem\",\"position\":1,\"name\":\"Accueil\",\"item\":\"https:\/\/www.pressenza.com\/ca\/\"},{\"@type\":\"ListItem\",\"position\":2,\"name\":\"Declaraci\u00f3 de pau\"}]},{\"@type\":\"WebSite\",\"@id\":\"https:\/\/www.pressenza.com\/ca\/#website\",\"url\":\"https:\/\/www.pressenza.com\/ca\/\",\"name\":\"Pressenza\",\"description\":\"International Press Agency\",\"publisher\":{\"@id\":\"https:\/\/www.pressenza.com\/ca\/#organization\"},\"potentialAction\":[{\"@type\":\"SearchAction\",\"target\":{\"@type\":\"EntryPoint\",\"urlTemplate\":\"https:\/\/www.pressenza.com\/ca\/?s={search_term_string}\"},\"query-input\":{\"@type\":\"PropertyValueSpecification\",\"valueRequired\":true,\"valueName\":\"search_term_string\"}}],\"inLanguage\":\"ca\"},{\"@type\":\"Organization\",\"@id\":\"https:\/\/www.pressenza.com\/ca\/#organization\",\"name\":\"Pressenza\",\"url\":\"https:\/\/www.pressenza.com\/ca\/\",\"logo\":{\"@type\":\"ImageObject\",\"inLanguage\":\"ca\",\"@id\":\"https:\/\/www.pressenza.com\/ca\/#\/schema\/logo\/image\/\",\"url\":\"https:\/\/www.pressenza.com\/wp-content\/uploads\/2022\/10\/pressenza_logo_200x200.jpg\",\"contentUrl\":\"https:\/\/www.pressenza.com\/wp-content\/uploads\/2022\/10\/pressenza_logo_200x200.jpg\",\"width\":200,\"height\":200,\"caption\":\"Pressenza\"},\"image\":{\"@id\":\"https:\/\/www.pressenza.com\/ca\/#\/schema\/logo\/image\/\"},\"sameAs\":[\"https:\/\/www.facebook.com\/PressenzaItalia\",\"https:\/\/x.com\/PressenzaIPA\"]},{\"@type\":\"Person\",\"@id\":\"https:\/\/www.pressenza.com\/ca\/#\/schema\/person\/8abc53b92f3264e0dad4300d54ac73ff\",\"name\":\"Redacci\u00f3n Barcelona\",\"description\":\"News published by the Pressenza bureau in Barcelona, Spain\",\"sameAs\":[\"https:\/\/www.facebook.com\/Pressenza-Espaa-647854795301395\/timeline\/\",\"https:\/\/x.com\/pressenza\"],\"url\":\"https:\/\/www.pressenza.com\/ca\/author\/redaccion-barcelona\/\"}]}<\/script>\n<!-- \/ Yoast SEO plugin. -->","yoast_head_json":{"title":"Declaraci\u00f3 de pau","description":"Nosaltres, els ciutadans del m\u00f3n, DECLAREM: . Ens interessa viure en pau, prosperitat i conc\u00f2rdia amb tot \u00e9sser hum\u00e0, sigui quina sigui la seva cultura,","robots":{"index":"index","follow":"follow","max-snippet":"max-snippet:-1","max-image-preview":"max-image-preview:large","max-video-preview":"max-video-preview:-1"},"canonical":"https:\/\/www.pressenza.com\/ca\/2022\/03\/declaracio-de-pau\/","og_locale":"ca_ES","og_type":"article","og_title":"Declaraci\u00f3 de pau","og_description":"Nosaltres, els ciutadans del m\u00f3n, DECLAREM: . Ens interessa viure en pau, prosperitat i conc\u00f2rdia amb tot \u00e9sser hum\u00e0, sigui quina sigui la seva cultura,","og_url":"https:\/\/www.pressenza.com\/ca\/2022\/03\/declaracio-de-pau\/","og_site_name":"Pressenza","article_publisher":"https:\/\/www.facebook.com\/PressenzaItalia","article_author":"https:\/\/www.facebook.com\/Pressenza-Espaa-647854795301395\/timeline\/","article_published_time":"2022-03-10T19:16:35+00:00","og_image":[{"width":1920,"height":1249,"url":"https:\/\/www.pressenza.com\/wp-content\/uploads\/2022\/03\/world-gb32a0e314_1920.jpg","type":"image\/jpeg"}],"author":"Redacci\u00f3n Barcelona","twitter_card":"summary_large_image","twitter_creator":"@pressenza","twitter_site":"@PressenzaIPA","twitter_misc":{"Escrit per":"Redacci\u00f3n Barcelona","Temps estimat de lectura":"2 minuts"},"schema":{"@context":"https:\/\/schema.org","@graph":[{"@type":"Article","@id":"https:\/\/www.pressenza.com\/ca\/2022\/03\/declaracio-de-pau\/#article","isPartOf":{"@id":"https:\/\/www.pressenza.com\/ca\/2022\/03\/declaracio-de-pau\/"},"author":{"name":"Redacci\u00f3n Barcelona","@id":"https:\/\/www.pressenza.com\/ca\/#\/schema\/person\/8abc53b92f3264e0dad4300d54ac73ff"},"headline":"Declaraci\u00f3 de pau","datePublished":"2022-03-10T19:16:35+00:00","mainEntityOfPage":{"@id":"https:\/\/www.pressenza.com\/ca\/2022\/03\/declaracio-de-pau\/"},"wordCount":467,"publisher":{"@id":"https:\/\/www.pressenza.com\/ca\/#organization"},"image":{"@id":"https:\/\/www.pressenza.com\/ca\/2022\/03\/declaracio-de-pau\/#primaryimage"},"thumbnailUrl":"https:\/\/www.pressenza.com\/wp-content\/uploads\/2022\/03\/world-gb32a0e314_1920.jpg","keywords":["Declaraci\u00f3 ciutadans","di\u00e0leg","humanisme","No Guerra","Pau mundial"],"articleSection":["Assumptes internacionals","Contingut original","Drets Humans","Internacional","No-viol\u00e8ncia","Pau i desarmament"],"inLanguage":"ca"},{"@type":"WebPage","@id":"https:\/\/www.pressenza.com\/ca\/2022\/03\/declaracio-de-pau\/","url":"https:\/\/www.pressenza.com\/ca\/2022\/03\/declaracio-de-pau\/","name":"Declaraci\u00f3 de pau","isPartOf":{"@id":"https:\/\/www.pressenza.com\/ca\/#website"},"primaryImageOfPage":{"@id":"https:\/\/www.pressenza.com\/ca\/2022\/03\/declaracio-de-pau\/#primaryimage"},"image":{"@id":"https:\/\/www.pressenza.com\/ca\/2022\/03\/declaracio-de-pau\/#primaryimage"},"thumbnailUrl":"https:\/\/www.pressenza.com\/wp-content\/uploads\/2022\/03\/world-gb32a0e314_1920.jpg","datePublished":"2022-03-10T19:16:35+00:00","description":"Nosaltres, els ciutadans del m\u00f3n, DECLAREM: . Ens interessa viure en pau, prosperitat i conc\u00f2rdia amb tot \u00e9sser hum\u00e0, sigui quina sigui la seva cultura,","breadcrumb":{"@id":"https:\/\/www.pressenza.com\/ca\/2022\/03\/declaracio-de-pau\/#breadcrumb"},"inLanguage":"ca","potentialAction":[{"@type":"ReadAction","target":["https:\/\/www.pressenza.com\/ca\/2022\/03\/declaracio-de-pau\/"]}]},{"@type":"ImageObject","inLanguage":"ca","@id":"https:\/\/www.pressenza.com\/ca\/2022\/03\/declaracio-de-pau\/#primaryimage","url":"https:\/\/www.pressenza.com\/wp-content\/uploads\/2022\/03\/world-gb32a0e314_1920.jpg","contentUrl":"https:\/\/www.pressenza.com\/wp-content\/uploads\/2022\/03\/world-gb32a0e314_1920.jpg","width":1920,"height":1249},{"@type":"BreadcrumbList","@id":"https:\/\/www.pressenza.com\/ca\/2022\/03\/declaracio-de-pau\/#breadcrumb","itemListElement":[{"@type":"ListItem","position":1,"name":"Accueil","item":"https:\/\/www.pressenza.com\/ca\/"},{"@type":"ListItem","position":2,"name":"Declaraci\u00f3 de pau"}]},{"@type":"WebSite","@id":"https:\/\/www.pressenza.com\/ca\/#website","url":"https:\/\/www.pressenza.com\/ca\/","name":"Pressenza","description":"International Press Agency","publisher":{"@id":"https:\/\/www.pressenza.com\/ca\/#organization"},"potentialAction":[{"@type":"SearchAction","target":{"@type":"EntryPoint","urlTemplate":"https:\/\/www.pressenza.com\/ca\/?s={search_term_string}"},"query-input":{"@type":"PropertyValueSpecification","valueRequired":true,"valueName":"search_term_string"}}],"inLanguage":"ca"},{"@type":"Organization","@id":"https:\/\/www.pressenza.com\/ca\/#organization","name":"Pressenza","url":"https:\/\/www.pressenza.com\/ca\/","logo":{"@type":"ImageObject","inLanguage":"ca","@id":"https:\/\/www.pressenza.com\/ca\/#\/schema\/logo\/image\/","url":"https:\/\/www.pressenza.com\/wp-content\/uploads\/2022\/10\/pressenza_logo_200x200.jpg","contentUrl":"https:\/\/www.pressenza.com\/wp-content\/uploads\/2022\/10\/pressenza_logo_200x200.jpg","width":200,"height":200,"caption":"Pressenza"},"image":{"@id":"https:\/\/www.pressenza.com\/ca\/#\/schema\/logo\/image\/"},"sameAs":["https:\/\/www.facebook.com\/PressenzaItalia","https:\/\/x.com\/PressenzaIPA"]},{"@type":"Person","@id":"https:\/\/www.pressenza.com\/ca\/#\/schema\/person\/8abc53b92f3264e0dad4300d54ac73ff","name":"Redacci\u00f3n Barcelona","description":"News published by the Pressenza bureau in Barcelona, Spain","sameAs":["https:\/\/www.facebook.com\/Pressenza-Espaa-647854795301395\/timeline\/","https:\/\/x.com\/pressenza"],"url":"https:\/\/www.pressenza.com\/ca\/author\/redaccion-barcelona\/"}]}},"place":"","original_article_url":"","_links":{"self":[{"href":"https:\/\/www.pressenza.com\/ca\/wp-json\/wp\/v2\/posts\/1539868","targetHints":{"allow":["GET"]}}],"collection":[{"href":"https:\/\/www.pressenza.com\/ca\/wp-json\/wp\/v2\/posts"}],"about":[{"href":"https:\/\/www.pressenza.com\/ca\/wp-json\/wp\/v2\/types\/post"}],"author":[{"embeddable":true,"href":"https:\/\/www.pressenza.com\/ca\/wp-json\/wp\/v2\/users\/1122"}],"replies":[{"embeddable":true,"href":"https:\/\/www.pressenza.com\/ca\/wp-json\/wp\/v2\/comments?post=1539868"}],"version-history":[{"count":0,"href":"https:\/\/www.pressenza.com\/ca\/wp-json\/wp\/v2\/posts\/1539868\/revisions"}],"wp:featuredmedia":[{"embeddable":true,"href":"https:\/\/www.pressenza.com\/ca\/wp-json\/wp\/v2\/media\/1539541"}],"wp:attachment":[{"href":"https:\/\/www.pressenza.com\/ca\/wp-json\/wp\/v2\/media?parent=1539868"}],"wp:term":[{"taxonomy":"category","embeddable":true,"href":"https:\/\/www.pressenza.com\/ca\/wp-json\/wp\/v2\/categories?post=1539868"},{"taxonomy":"post_tag","embeddable":true,"href":"https:\/\/www.pressenza.com\/ca\/wp-json\/wp\/v2\/tags?post=1539868"}],"curies":[{"name":"wp","href":"https:\/\/api.w.org\/{rel}","templated":true}]}}