{"id":1533059,"date":"2022-03-02T19:05:14","date_gmt":"2022-03-02T19:05:14","guid":{"rendered":"https:\/\/www.pressenza.com\/?p=1533059"},"modified":"2022-03-02T19:24:03","modified_gmt":"2022-03-02T19:24:03","slug":"ucraina-vergonya-per-a-gairebe-tothom","status":"publish","type":"post","link":"https:\/\/www.pressenza.com\/ca\/2022\/03\/ucraina-vergonya-per-a-gairebe-tothom\/","title":{"rendered":"Ucra\u00efna: vergonya per a gaireb\u00e9 tothom"},"content":{"rendered":"<p>El primer que cal recalcar \u00e9s que Putin, malgrat com el descrigui part de la premsa occidental, no \u00e9s cap\u00a0 mena de boig psic\u00f2pata, sin\u00f3 que tan sols \u00e9s la m\u00e0xima autoritat absolutista d\u2019una pot\u00e8ncia imperial i que, a difer\u00e8ncia del seu equivalent nord-americ\u00e0, per a ell els diferents processos electorals s\u00f3n un tr\u00e0mit simple i no el mecanisme decisori que suposen les eleccions presidencials nord-americanes.<\/p>\n<p>La prova que no \u00e9s cap boig ha estat que en les setmanes pr\u00e8vies s\u2019ha esfor\u00e7at a teixir complicitats amb tota una s\u00e8rie d&#8217;estats, el principal la Xina, per quan arrib\u00e9s aquest moment, i que restessin a\u00efllats tant la UE com els EUA. Va fer els deures.<\/p>\n<p>La decisi\u00f3 de Putin decidint envair Ucra\u00efna no \u00e9s m\u00e9s que una demostraci\u00f3 de for\u00e7a imperial, tant de manera interna com cap a l\u2019exterior, igual que el gos que pixa en un arbre per mostrar quin \u00e9s el seu territori. \u00c9s innegable que l\u2019OTAN i tamb\u00e9 la UE s\u2019han expandit de manera accelerada cap a l\u2019Est, en gran part fruit de la desconfian\u00e7a cap a l\u2019os rus, encara que fos en hores baixes. Aquesta expansi\u00f3 ha afectat la seguretat\u00a0 de R\u00fassia, per\u00f2 encara m\u00e9s greu, ha afectat la seva dignitat. Finalment, aquesta expansi\u00f3 no ha contribu\u00eft pas a la creaci\u00f3 d\u2019un espai de seguretat com\u00fa&#8230; i aquest s\u00ed que hauria d\u2019haver estat l\u2019objectiu pol\u00edtic\u00a0 de la UE.<\/p>\n<p>L\u2019escenari que Putin s\u2019havia imaginat amb la invasi\u00f3 a Ucra\u00efna suposava que, davant els tancs russos, les forces armades d\u2019Ucra\u00efna no s\u2019oposarien al seu avan\u00e7, que els soldats es rendirien i que abans d\u2019arribar a la capital el govern hauria fugit deixant a la ciutadania desemparada i sola, permetent\u00a0 la creaci\u00f3 d\u2019un govern ucra\u00efn\u00e8s af\u00ed a les tesis de Putin, o, simplement, m\u00e9s manejable. Per\u00f2 ni Putin tenia una real alternativa pol\u00edtica a Ucra\u00efna i, a m\u00e9s, la realitat \u00e9s que els soldats ucra\u00efnesos i el mateix govern estan disposats a combatre. A aquestes hores igual hi ha alg\u00fa dels serveis d\u2019intel\u00b7lig\u00e8ncia russos\u00a0 que est\u00e0 traient neu amb pala al cercle polar \u00e0rtic.<\/p>\n<p>La fortalesa del govern ucra\u00efn\u00e8s comporta una nova errada de Putin: demanar als militars ucra\u00efnesos que donin un cop d\u2019estat. No disposa de cap Quisling<sup>1<\/sup>. La iniciativa pol\u00edtica no la t\u00e9 Putin.<\/p>\n<p>Tampoc t\u00e9 massa sentit obrir negociacions a Minsk, quan des de les fronteres de Bielor\u00fassia han sortit tropes russes cap a Ucra\u00efna. No \u00e9s cap part neutral i Putin falla perqu\u00e8 mostra qu\u00e8 vol per Ucra\u00efna exhibint Bielor\u00fassia: un estat no democr\u00e0tic amb un dictador que es mant\u00e9 gr\u00e0cies a les baionetes russes. Vol Putin aquest futur per a Ucra\u00efna?<\/p>\n<p>Sembla que s\u00ed, quan en el seu discurs previ a la invasi\u00f3 ignora, conscientment, qualsevol identitat nacional ucra\u00efnesa, basant-se en un discurs historicista m\u00e9s que discutible i evitant el gran argument en contra: la voluntat dels habitants d\u2019Ucra\u00efna.<\/p>\n<p>Pel que fa a l&#8217;OTAN, l\u2019acci\u00f3 de Putin, en compte de debilitar-la li permet arrenglerar les files i incloure a Su\u00e8cia i Finl\u00e0ndia, dos pa\u00efsos que porten practicant la neutralitat des de 1945, a punt d\u2019entrar a l&#8217;OTAN.<\/p>\n<p>Per\u00f2 si Putin \u00e9s evidentment l\u2019agressor envers Ucra\u00efna, i d\u2019aix\u00f2 no hi ha\u00a0 cap mena de dubte, malgrat que titlli al govern ucra\u00efn\u00e8s de colla de drogoaddictes i nazis, hi ha altres protagonistes que han contribu\u00eft: els governs occidentals. Si vols crear seguretat col\u00b7lectiva es requereix un\u00a0 m\u00ednim d\u2019empatia amb els altres i des d&#8217;Occident ens creiem el centre del m\u00f3n, els \u00fanics que disposem de la veritat absoluta, i ens enorgullim dels nostres principis democr\u00e0tics, principis que poden quedar apartats sense escr\u00fapols quan s\u00f3n un destorb pel m\u00f3n dels negocis. Podr\u00edem animar als ucra\u00efnesos a mantenir-se ferms sense fer res m\u00e9s? Seguim amb el mateix discurs i nom\u00e9s enviem armes? Occident decideix que els ucra\u00efnesos morin rearmats per nosaltres per donar una lli\u00e7\u00f3 a Putin. Tant la UE com els EUA haurien d\u2019haver anat amb urg\u00e8ncia a Moscou a parlar. Que Putin pogu\u00e9s exhibir davant la seva opini\u00f3 p\u00fablica la import\u00e0ncia d\u2019aquest fet. Per\u00f2, com sempre, Occident espera&#8230; i l\u2019espera l\u2019han pagat els ucra\u00efnesos, i tamb\u00e9 els russos.<\/p>\n<p>A Occident ens mobilitzem contra la guerra. Segurament les manifestacions seran multitudin\u00e0ries, per\u00f2 si nom\u00e9s hi ha paraules al final, quan hi ha morts, aquestes son buides. El conflicte nom\u00e9s tindr\u00e0 un aturador quan es pugui arribar a una sortida digne, tant pel govern ucra\u00efn\u00e8s com per al mateix Putin, un \u201c<em>win-win<\/em>\u201d . Si aix\u00f2 no succe\u00eds el conflicte s\u2019enquistar\u00e0 i aix\u00f2 suposar\u00e0 molts m\u00e9s morts, dolor i odi i no hi haur\u00e0 pas una vict\u00f2ria de ning\u00fa. M\u00e9s val que es posin a cercar una sortida mes enll\u00e0 del no a la guerra.<\/p>\n<p>&nbsp;<\/p>\n<p><strong><sup>1<\/sup><\/strong> El r\u00e8gim Quisling o el govern Quisling s\u00f3n noms comuns utilitzats per referir-se al govern col\u00b7laboracionista feixista dirigit per Vidkun Quisling a la Noruega ocupada pels alemanys durant la Segona Guerra Mundial.<\/p>\n","protected":false},"excerpt":{"rendered":"<p>El primer que cal recalcar \u00e9s que Putin, malgrat com el descrigui part de la premsa occidental, no \u00e9s cap\u00a0 mena de boig psic\u00f2pata, sin\u00f3 que tan sols \u00e9s la m\u00e0xima autoritat absolutista d\u2019una pot\u00e8ncia imperial i que, a difer\u00e8ncia&hellip;<\/p>\n","protected":false},"author":1122,"featured_media":1533071,"comment_status":"closed","ping_status":"closed","sticky":false,"template":"","format":"standard","meta":{"footnotes":""},"categories":[35514,35531,35512,35506],"tags":[99695,99579,99610,99697,99696],"class_list":["post-1533059","post","type-post","status-publish","format-standard","has-post-thumbnail","hentry","category-assumptes-internacionals-ca","category-contingut-original-ca","category-drets-humans-ca","category-europa-ca","tag-minsk-ca","tag-otan-ca","tag-putin-ca","tag-rusia-ca","tag-ucrania-ca"],"yoast_head":"<!-- This site is optimized with the Yoast SEO plugin v27.1.1 - https:\/\/yoast.com\/product\/yoast-seo-wordpress\/ -->\n<title>Ucra\u00efna: vergonya per a gaireb\u00e9 tothom<\/title>\n<meta name=\"description\" content=\"El primer que cal recalcar \u00e9s que Putin, malgrat com el descrigui part de la premsa occidental, no \u00e9s cap\u00a0 mena de boig psic\u00f2pata, sin\u00f3 que tan sols \u00e9s la\" \/>\n<meta name=\"robots\" content=\"index, follow, max-snippet:-1, max-image-preview:large, max-video-preview:-1\" \/>\n<link rel=\"canonical\" href=\"https:\/\/www.pressenza.com\/ca\/2022\/03\/ucraina-vergonya-per-a-gairebe-tothom\/\" \/>\n<meta property=\"og:locale\" content=\"ca_ES\" \/>\n<meta property=\"og:type\" content=\"article\" \/>\n<meta property=\"og:title\" content=\"Ucra\u00efna: vergonya per a gaireb\u00e9 tothom\" \/>\n<meta property=\"og:description\" content=\"El primer que cal recalcar \u00e9s que Putin, malgrat com el descrigui part de la premsa occidental, no \u00e9s cap\u00a0 mena de boig psic\u00f2pata, sin\u00f3 que tan sols \u00e9s la\" \/>\n<meta property=\"og:url\" content=\"https:\/\/www.pressenza.com\/ca\/2022\/03\/ucraina-vergonya-per-a-gairebe-tothom\/\" \/>\n<meta property=\"og:site_name\" content=\"Pressenza\" \/>\n<meta property=\"article:publisher\" content=\"https:\/\/www.facebook.com\/PressenzaItalia\" \/>\n<meta property=\"article:author\" content=\"https:\/\/www.facebook.com\/Pressenza-Espaa-647854795301395\/timeline\/\" \/>\n<meta property=\"article:published_time\" content=\"2022-03-02T19:05:14+00:00\" \/>\n<meta property=\"article:modified_time\" content=\"2022-03-02T19:24:03+00:00\" \/>\n<meta property=\"og:image\" content=\"https:\/\/www.pressenza.com\/wp-content\/uploads\/2022\/03\/PU-Kyiv-1.jpg\" \/>\n\t<meta property=\"og:image:width\" content=\"1920\" \/>\n\t<meta property=\"og:image:height\" content=\"1275\" \/>\n\t<meta property=\"og:image:type\" content=\"image\/jpeg\" \/>\n<meta name=\"author\" content=\"Redacci\u00f3n Barcelona\" \/>\n<meta name=\"twitter:card\" content=\"summary_large_image\" \/>\n<meta name=\"twitter:creator\" content=\"@pressenza\" \/>\n<meta name=\"twitter:site\" content=\"@PressenzaIPA\" \/>\n<meta name=\"twitter:label1\" content=\"Escrit per\" \/>\n\t<meta name=\"twitter:data1\" content=\"Redacci\u00f3n Barcelona\" \/>\n\t<meta name=\"twitter:label2\" content=\"Temps estimat de lectura\" \/>\n\t<meta name=\"twitter:data2\" content=\"5 minuts\" \/>\n<script type=\"application\/ld+json\" class=\"yoast-schema-graph\">{\"@context\":\"https:\/\/schema.org\",\"@graph\":[{\"@type\":\"Article\",\"@id\":\"https:\/\/www.pressenza.com\/ca\/2022\/03\/ucraina-vergonya-per-a-gairebe-tothom\/#article\",\"isPartOf\":{\"@id\":\"https:\/\/www.pressenza.com\/ca\/2022\/03\/ucraina-vergonya-per-a-gairebe-tothom\/\"},\"author\":{\"name\":\"Redacci\u00f3n Barcelona\",\"@id\":\"https:\/\/www.pressenza.com\/ca\/#\/schema\/person\/8abc53b92f3264e0dad4300d54ac73ff\"},\"headline\":\"Ucra\u00efna: vergonya per a gaireb\u00e9 tothom\",\"datePublished\":\"2022-03-02T19:05:14+00:00\",\"dateModified\":\"2022-03-02T19:24:03+00:00\",\"mainEntityOfPage\":{\"@id\":\"https:\/\/www.pressenza.com\/ca\/2022\/03\/ucraina-vergonya-per-a-gairebe-tothom\/\"},\"wordCount\":925,\"publisher\":{\"@id\":\"https:\/\/www.pressenza.com\/ca\/#organization\"},\"image\":{\"@id\":\"https:\/\/www.pressenza.com\/ca\/2022\/03\/ucraina-vergonya-per-a-gairebe-tothom\/#primaryimage\"},\"thumbnailUrl\":\"https:\/\/www.pressenza.com\/wp-content\/uploads\/2022\/03\/PU-Kyiv-1.jpg\",\"keywords\":[\"Minsk\",\"OTAN\",\"Putin\",\"Rusia\",\"Ucrania\"],\"articleSection\":[\"Assumptes internacionals\",\"Contingut original\",\"Drets Humans\",\"Europa\"],\"inLanguage\":\"ca\"},{\"@type\":\"WebPage\",\"@id\":\"https:\/\/www.pressenza.com\/ca\/2022\/03\/ucraina-vergonya-per-a-gairebe-tothom\/\",\"url\":\"https:\/\/www.pressenza.com\/ca\/2022\/03\/ucraina-vergonya-per-a-gairebe-tothom\/\",\"name\":\"Ucra\u00efna: vergonya per a gaireb\u00e9 tothom\",\"isPartOf\":{\"@id\":\"https:\/\/www.pressenza.com\/ca\/#website\"},\"primaryImageOfPage\":{\"@id\":\"https:\/\/www.pressenza.com\/ca\/2022\/03\/ucraina-vergonya-per-a-gairebe-tothom\/#primaryimage\"},\"image\":{\"@id\":\"https:\/\/www.pressenza.com\/ca\/2022\/03\/ucraina-vergonya-per-a-gairebe-tothom\/#primaryimage\"},\"thumbnailUrl\":\"https:\/\/www.pressenza.com\/wp-content\/uploads\/2022\/03\/PU-Kyiv-1.jpg\",\"datePublished\":\"2022-03-02T19:05:14+00:00\",\"dateModified\":\"2022-03-02T19:24:03+00:00\",\"description\":\"El primer que cal recalcar \u00e9s que Putin, malgrat com el descrigui part de la premsa occidental, no \u00e9s cap\u00a0 mena de boig psic\u00f2pata, sin\u00f3 que tan sols \u00e9s la\",\"breadcrumb\":{\"@id\":\"https:\/\/www.pressenza.com\/ca\/2022\/03\/ucraina-vergonya-per-a-gairebe-tothom\/#breadcrumb\"},\"inLanguage\":\"ca\",\"potentialAction\":[{\"@type\":\"ReadAction\",\"target\":[\"https:\/\/www.pressenza.com\/ca\/2022\/03\/ucraina-vergonya-per-a-gairebe-tothom\/\"]}]},{\"@type\":\"ImageObject\",\"inLanguage\":\"ca\",\"@id\":\"https:\/\/www.pressenza.com\/ca\/2022\/03\/ucraina-vergonya-per-a-gairebe-tothom\/#primaryimage\",\"url\":\"https:\/\/www.pressenza.com\/wp-content\/uploads\/2022\/03\/PU-Kyiv-1.jpg\",\"contentUrl\":\"https:\/\/www.pressenza.com\/wp-content\/uploads\/2022\/03\/PU-Kyiv-1.jpg\",\"width\":1920,\"height\":1275},{\"@type\":\"BreadcrumbList\",\"@id\":\"https:\/\/www.pressenza.com\/ca\/2022\/03\/ucraina-vergonya-per-a-gairebe-tothom\/#breadcrumb\",\"itemListElement\":[{\"@type\":\"ListItem\",\"position\":1,\"name\":\"Accueil\",\"item\":\"https:\/\/www.pressenza.com\/ca\/\"},{\"@type\":\"ListItem\",\"position\":2,\"name\":\"Ucra\u00efna: vergonya per a gaireb\u00e9 tothom\"}]},{\"@type\":\"WebSite\",\"@id\":\"https:\/\/www.pressenza.com\/ca\/#website\",\"url\":\"https:\/\/www.pressenza.com\/ca\/\",\"name\":\"Pressenza\",\"description\":\"International Press Agency\",\"publisher\":{\"@id\":\"https:\/\/www.pressenza.com\/ca\/#organization\"},\"potentialAction\":[{\"@type\":\"SearchAction\",\"target\":{\"@type\":\"EntryPoint\",\"urlTemplate\":\"https:\/\/www.pressenza.com\/ca\/?s={search_term_string}\"},\"query-input\":{\"@type\":\"PropertyValueSpecification\",\"valueRequired\":true,\"valueName\":\"search_term_string\"}}],\"inLanguage\":\"ca\"},{\"@type\":\"Organization\",\"@id\":\"https:\/\/www.pressenza.com\/ca\/#organization\",\"name\":\"Pressenza\",\"url\":\"https:\/\/www.pressenza.com\/ca\/\",\"logo\":{\"@type\":\"ImageObject\",\"inLanguage\":\"ca\",\"@id\":\"https:\/\/www.pressenza.com\/ca\/#\/schema\/logo\/image\/\",\"url\":\"https:\/\/www.pressenza.com\/wp-content\/uploads\/2022\/10\/pressenza_logo_200x200.jpg\",\"contentUrl\":\"https:\/\/www.pressenza.com\/wp-content\/uploads\/2022\/10\/pressenza_logo_200x200.jpg\",\"width\":200,\"height\":200,\"caption\":\"Pressenza\"},\"image\":{\"@id\":\"https:\/\/www.pressenza.com\/ca\/#\/schema\/logo\/image\/\"},\"sameAs\":[\"https:\/\/www.facebook.com\/PressenzaItalia\",\"https:\/\/x.com\/PressenzaIPA\"]},{\"@type\":\"Person\",\"@id\":\"https:\/\/www.pressenza.com\/ca\/#\/schema\/person\/8abc53b92f3264e0dad4300d54ac73ff\",\"name\":\"Redacci\u00f3n Barcelona\",\"description\":\"News published by the Pressenza bureau in Barcelona, Spain\",\"sameAs\":[\"https:\/\/www.facebook.com\/Pressenza-Espaa-647854795301395\/timeline\/\",\"https:\/\/x.com\/pressenza\"],\"url\":\"https:\/\/www.pressenza.com\/ca\/author\/redaccion-barcelona\/\"}]}<\/script>\n<!-- \/ Yoast SEO plugin. -->","yoast_head_json":{"title":"Ucra\u00efna: vergonya per a gaireb\u00e9 tothom","description":"El primer que cal recalcar \u00e9s que Putin, malgrat com el descrigui part de la premsa occidental, no \u00e9s cap\u00a0 mena de boig psic\u00f2pata, sin\u00f3 que tan sols \u00e9s la","robots":{"index":"index","follow":"follow","max-snippet":"max-snippet:-1","max-image-preview":"max-image-preview:large","max-video-preview":"max-video-preview:-1"},"canonical":"https:\/\/www.pressenza.com\/ca\/2022\/03\/ucraina-vergonya-per-a-gairebe-tothom\/","og_locale":"ca_ES","og_type":"article","og_title":"Ucra\u00efna: vergonya per a gaireb\u00e9 tothom","og_description":"El primer que cal recalcar \u00e9s que Putin, malgrat com el descrigui part de la premsa occidental, no \u00e9s cap\u00a0 mena de boig psic\u00f2pata, sin\u00f3 que tan sols \u00e9s la","og_url":"https:\/\/www.pressenza.com\/ca\/2022\/03\/ucraina-vergonya-per-a-gairebe-tothom\/","og_site_name":"Pressenza","article_publisher":"https:\/\/www.facebook.com\/PressenzaItalia","article_author":"https:\/\/www.facebook.com\/Pressenza-Espaa-647854795301395\/timeline\/","article_published_time":"2022-03-02T19:05:14+00:00","article_modified_time":"2022-03-02T19:24:03+00:00","og_image":[{"width":1920,"height":1275,"url":"https:\/\/www.pressenza.com\/wp-content\/uploads\/2022\/03\/PU-Kyiv-1.jpg","type":"image\/jpeg"}],"author":"Redacci\u00f3n Barcelona","twitter_card":"summary_large_image","twitter_creator":"@pressenza","twitter_site":"@PressenzaIPA","twitter_misc":{"Escrit per":"Redacci\u00f3n Barcelona","Temps estimat de lectura":"5 minuts"},"schema":{"@context":"https:\/\/schema.org","@graph":[{"@type":"Article","@id":"https:\/\/www.pressenza.com\/ca\/2022\/03\/ucraina-vergonya-per-a-gairebe-tothom\/#article","isPartOf":{"@id":"https:\/\/www.pressenza.com\/ca\/2022\/03\/ucraina-vergonya-per-a-gairebe-tothom\/"},"author":{"name":"Redacci\u00f3n Barcelona","@id":"https:\/\/www.pressenza.com\/ca\/#\/schema\/person\/8abc53b92f3264e0dad4300d54ac73ff"},"headline":"Ucra\u00efna: vergonya per a gaireb\u00e9 tothom","datePublished":"2022-03-02T19:05:14+00:00","dateModified":"2022-03-02T19:24:03+00:00","mainEntityOfPage":{"@id":"https:\/\/www.pressenza.com\/ca\/2022\/03\/ucraina-vergonya-per-a-gairebe-tothom\/"},"wordCount":925,"publisher":{"@id":"https:\/\/www.pressenza.com\/ca\/#organization"},"image":{"@id":"https:\/\/www.pressenza.com\/ca\/2022\/03\/ucraina-vergonya-per-a-gairebe-tothom\/#primaryimage"},"thumbnailUrl":"https:\/\/www.pressenza.com\/wp-content\/uploads\/2022\/03\/PU-Kyiv-1.jpg","keywords":["Minsk","OTAN","Putin","Rusia","Ucrania"],"articleSection":["Assumptes internacionals","Contingut original","Drets Humans","Europa"],"inLanguage":"ca"},{"@type":"WebPage","@id":"https:\/\/www.pressenza.com\/ca\/2022\/03\/ucraina-vergonya-per-a-gairebe-tothom\/","url":"https:\/\/www.pressenza.com\/ca\/2022\/03\/ucraina-vergonya-per-a-gairebe-tothom\/","name":"Ucra\u00efna: vergonya per a gaireb\u00e9 tothom","isPartOf":{"@id":"https:\/\/www.pressenza.com\/ca\/#website"},"primaryImageOfPage":{"@id":"https:\/\/www.pressenza.com\/ca\/2022\/03\/ucraina-vergonya-per-a-gairebe-tothom\/#primaryimage"},"image":{"@id":"https:\/\/www.pressenza.com\/ca\/2022\/03\/ucraina-vergonya-per-a-gairebe-tothom\/#primaryimage"},"thumbnailUrl":"https:\/\/www.pressenza.com\/wp-content\/uploads\/2022\/03\/PU-Kyiv-1.jpg","datePublished":"2022-03-02T19:05:14+00:00","dateModified":"2022-03-02T19:24:03+00:00","description":"El primer que cal recalcar \u00e9s que Putin, malgrat com el descrigui part de la premsa occidental, no \u00e9s cap\u00a0 mena de boig psic\u00f2pata, sin\u00f3 que tan sols \u00e9s la","breadcrumb":{"@id":"https:\/\/www.pressenza.com\/ca\/2022\/03\/ucraina-vergonya-per-a-gairebe-tothom\/#breadcrumb"},"inLanguage":"ca","potentialAction":[{"@type":"ReadAction","target":["https:\/\/www.pressenza.com\/ca\/2022\/03\/ucraina-vergonya-per-a-gairebe-tothom\/"]}]},{"@type":"ImageObject","inLanguage":"ca","@id":"https:\/\/www.pressenza.com\/ca\/2022\/03\/ucraina-vergonya-per-a-gairebe-tothom\/#primaryimage","url":"https:\/\/www.pressenza.com\/wp-content\/uploads\/2022\/03\/PU-Kyiv-1.jpg","contentUrl":"https:\/\/www.pressenza.com\/wp-content\/uploads\/2022\/03\/PU-Kyiv-1.jpg","width":1920,"height":1275},{"@type":"BreadcrumbList","@id":"https:\/\/www.pressenza.com\/ca\/2022\/03\/ucraina-vergonya-per-a-gairebe-tothom\/#breadcrumb","itemListElement":[{"@type":"ListItem","position":1,"name":"Accueil","item":"https:\/\/www.pressenza.com\/ca\/"},{"@type":"ListItem","position":2,"name":"Ucra\u00efna: vergonya per a gaireb\u00e9 tothom"}]},{"@type":"WebSite","@id":"https:\/\/www.pressenza.com\/ca\/#website","url":"https:\/\/www.pressenza.com\/ca\/","name":"Pressenza","description":"International Press Agency","publisher":{"@id":"https:\/\/www.pressenza.com\/ca\/#organization"},"potentialAction":[{"@type":"SearchAction","target":{"@type":"EntryPoint","urlTemplate":"https:\/\/www.pressenza.com\/ca\/?s={search_term_string}"},"query-input":{"@type":"PropertyValueSpecification","valueRequired":true,"valueName":"search_term_string"}}],"inLanguage":"ca"},{"@type":"Organization","@id":"https:\/\/www.pressenza.com\/ca\/#organization","name":"Pressenza","url":"https:\/\/www.pressenza.com\/ca\/","logo":{"@type":"ImageObject","inLanguage":"ca","@id":"https:\/\/www.pressenza.com\/ca\/#\/schema\/logo\/image\/","url":"https:\/\/www.pressenza.com\/wp-content\/uploads\/2022\/10\/pressenza_logo_200x200.jpg","contentUrl":"https:\/\/www.pressenza.com\/wp-content\/uploads\/2022\/10\/pressenza_logo_200x200.jpg","width":200,"height":200,"caption":"Pressenza"},"image":{"@id":"https:\/\/www.pressenza.com\/ca\/#\/schema\/logo\/image\/"},"sameAs":["https:\/\/www.facebook.com\/PressenzaItalia","https:\/\/x.com\/PressenzaIPA"]},{"@type":"Person","@id":"https:\/\/www.pressenza.com\/ca\/#\/schema\/person\/8abc53b92f3264e0dad4300d54ac73ff","name":"Redacci\u00f3n Barcelona","description":"News published by the Pressenza bureau in Barcelona, Spain","sameAs":["https:\/\/www.facebook.com\/Pressenza-Espaa-647854795301395\/timeline\/","https:\/\/x.com\/pressenza"],"url":"https:\/\/www.pressenza.com\/ca\/author\/redaccion-barcelona\/"}]}},"place":"Enric Feliu","original_article_url":"","_links":{"self":[{"href":"https:\/\/www.pressenza.com\/ca\/wp-json\/wp\/v2\/posts\/1533059","targetHints":{"allow":["GET"]}}],"collection":[{"href":"https:\/\/www.pressenza.com\/ca\/wp-json\/wp\/v2\/posts"}],"about":[{"href":"https:\/\/www.pressenza.com\/ca\/wp-json\/wp\/v2\/types\/post"}],"author":[{"embeddable":true,"href":"https:\/\/www.pressenza.com\/ca\/wp-json\/wp\/v2\/users\/1122"}],"replies":[{"embeddable":true,"href":"https:\/\/www.pressenza.com\/ca\/wp-json\/wp\/v2\/comments?post=1533059"}],"version-history":[{"count":0,"href":"https:\/\/www.pressenza.com\/ca\/wp-json\/wp\/v2\/posts\/1533059\/revisions"}],"wp:featuredmedia":[{"embeddable":true,"href":"https:\/\/www.pressenza.com\/ca\/wp-json\/wp\/v2\/media\/1533071"}],"wp:attachment":[{"href":"https:\/\/www.pressenza.com\/ca\/wp-json\/wp\/v2\/media?parent=1533059"}],"wp:term":[{"taxonomy":"category","embeddable":true,"href":"https:\/\/www.pressenza.com\/ca\/wp-json\/wp\/v2\/categories?post=1533059"},{"taxonomy":"post_tag","embeddable":true,"href":"https:\/\/www.pressenza.com\/ca\/wp-json\/wp\/v2\/tags?post=1533059"}],"curies":[{"name":"wp","href":"https:\/\/api.w.org\/{rel}","templated":true}]}}