{"id":1395549,"date":"2021-07-08T09:43:12","date_gmt":"2021-07-08T08:43:12","guid":{"rendered":"https:\/\/www.pressenza.com\/?p=1395549"},"modified":"2021-07-08T09:47:50","modified_gmt":"2021-07-08T08:47:50","slug":"comenca-la-trobada-de-governs-locals-fearless-cities","status":"publish","type":"post","link":"https:\/\/www.pressenza.com\/ca\/2021\/07\/comenca-la-trobada-de-governs-locals-fearless-cities\/","title":{"rendered":"Comen\u00e7a la trobada de governs locals &#8220;Fearless\u00a0Cities&#8221;"},"content":{"rendered":"<blockquote><p><em>Ahir 5 de juliol va comen\u00e7ar la trobada municipalista internacional \u201cFearless\u00a0Cities\u201d. Es tracta d&#8217;una activitat amb debats, presentacions, intercanvis sobre pol\u00edtiques i tallers pr\u00e0ctics, la confer\u00e8ncia durar\u00e0 5 dies. Pressenza va cobrir la <a href=\"https:\/\/www.pressenza.com\/es\/2017\/06\/manuela-carmena-la-ciudad-lugar-cambiar-las-cosas\/\">primera edici\u00f3<\/a> de la trobada &#8220;Fearless Cities&#8221; amb diferents articles, aix\u00ed como <a href=\"https:\/\/www.pressenza.com\/es\/2018\/07\/encuentro-fearless-cities-en-norte-america\/\">edicions posteriors.<\/a><\/em><\/p><\/blockquote>\n<p>\u201cFearless Cities\u201d va comen\u00e7ar en el 2017 amb una confer\u00e8ncia a Barcelona en la qual es van donar cita ciutats i plataformes mundials que estaven desenvolupant projectes municipalites i processos pol\u00edtics que permetessin a la ciutadania definir el model de ciutat en el qual voldrien viure, plataformes que treballen per a transformar la societat des de la base.<\/p>\n<p>En aquesta edici\u00f3, que se celebra en l\u00ednia, estan inscrites al voltant de 1000 persones de m\u00e9s de 50 pa\u00efsos.<\/p>\n<p>Durant l&#8217;acte d&#8217;obertura, activistes d&#8217;algunes de les organitzacions de base m\u00e9s innovadores i poderoses han compartit les seves experi\u00e8ncies de pol\u00edtica electoral i de treball amb aliats en les institucions.<\/p>\n<p>Han comentat la seva experi\u00e8ncia:<br \/>\n<strong>Jelena\u00a0Milos<\/strong>\u00a0de les plataformes Zagreb\u00a0je\u00a0nass\u00a0i\u00a0Mojomo, grups que reuneixen plataformes municipals de tota Cro\u00e0cia. Al maig del 2021 van tenir eleccions municipals a Cro\u00e0cia, en aquestes eleccions van obtenir 23 de 47 escons guanyant l&#8217;alcaldia de Zagreb, obtenint bons resultats en altres ciutats.<\/p>\n<p><strong>Franceso\u00a0Gentilini<\/strong>\u00a0de\u00a0Coalizione\u00a0Civica\u00a0Bologna, \u00e9s una organitzaci\u00f3 que actua com a xarxa de diverses organitzacions d&#8217;activistes de\u00a0Bologna\u00a0intentant connectar el m\u00f3n activista i el m\u00f3n pol\u00edtic institucional a nivell local. Com a exemple citen una acci\u00f3 mitjan\u00e7ant la qual van aconseguir bloquejar la urbanitzaci\u00f3 i la construcci\u00f3 de centres comercials en un bosc urb\u00e0 de\u00a047Km<sup>2<\/sup>, mantenint aix\u00ed aquest pulm\u00f3 verd per a la ciutat.<\/p>\n<p><strong>Elena\u00a0Tarifa<\/strong>\u00a0de Barcelona en\u00a0Com\u00fa\u00a0ha explicat l&#8217;experi\u00e8ncia de la seva plataforma en les eleccions municipals de Barcelona i en l&#8217;alcaldia de la ciutat. Rescata la import\u00e0ncia dels moviments municipalistes aquests \u00faltims anys i del treball en com\u00fa. Del pas de Barcelona en\u00a0Com\u00fa\u00a0per l&#8217;alcaldia valora la import\u00e0ncia de tenir la primera alcaldessa dona de la ciutat, la implantaci\u00f3 d&#8217;una \u00e0rea dedicada a pol\u00edtiques feministes i\u00a0LGTBI, la creaci\u00f3 d&#8217;un cangur gratu\u00eft, de dentistes gratu\u00efts, d&#8217;una empresa energ\u00e8tica p\u00fablica, la plataforma \u201cDecidim\u00a0Barcelona\u201d de pressupostos participatius i en el camp de l&#8217;urbanisme, el disseny de les \u201csuperilles\u201d, que posen al vianant en el centre.<\/p>\n<p><strong>Maga Miranda<\/strong>, de Revoluci\u00f3 Democr\u00e0tica de Xile, ha explicat els avan\u00e7os del recent proc\u00e9s de conformaci\u00f3 de la <a href=\"http:\/\/www.pressenza.net\/?l=es&amp;track=2021\/07\/chile-las-convocatorias-para-el-dia-de-instalacion-de-la-convencion-constitucional\/\">Convenci\u00f3 Constitucional<\/a> encarregada de redactar una nova Constituci\u00f3 per a Xile, que es caracteritza per la participaci\u00f3 ciutadana amb l&#8217;inter\u00e8s de posar fi al neoliberalisme, garantir la inclusi\u00f3, donar visibilitat al moviment feminista i els pobles originaris, entre altres propostes.<\/p>\n<p><strong>Waleed\u00a0Shahid\u00a0<\/strong>de\u00a0Justice\u00a0Democrats, dels Estats Units, ha comentat el treball realitzat en el 2016 durant la campanya presidencial de\u00a0Sanders\u00a0reclutant candidats de les classes m\u00e9s humils dels EUA dels quals ara hi ha 10 en el Congr\u00e9s.<\/p>\n<p>L&#8217;acte ha estat tancat amb la participaci\u00f3 de l&#8217;alcaldessa de Barcelona, Ada Colau, de Barcelona en\u00a0Com\u00fa. A m\u00e9s de felicitar les companyes municipalistes d&#8217;altres ciutats, ha explicat les dificultats a les quals s&#8217;enfronten els governs municipalistes: falta de pressupost i compet\u00e8ncies,\u00a0fake\u00a0news, processos judicials etc. Malgrat tot aix\u00f2, estan fent realitat moltes de les propostes que es van llan\u00e7ar en un inici, com \u00e9s el refor\u00e7ament dels serveis p\u00fablics, el fre a l&#8217;especulaci\u00f3 amb b\u00e9ns b\u00e0sics regulant plataformes com\u00a0airbnb\u00a0o\u00a0uber, la creaci\u00f3 d&#8217;una unitat municipal d&#8217;anti-desallotjaments d&#8217;habitatges, la unitat de disciplina que multa a grans tenidors d&#8217;habitatge en casos de mantenir habitatges buits, o especular o assetjar als inquilins, tamb\u00e9 s&#8217;est\u00e0 construint habitatge de lloguer social i realitzant accions d&#8217;adaptaci\u00f3 i mitigaci\u00f3 al canvi clim\u00e0tic, com \u00e9s la creaci\u00f3 de refugis clim\u00e0tics a la ciutat de Barcelona, o la creaci\u00f3 d&#8217;una empresa el\u00e8ctrica municipal d&#8217;energia renovable.<\/p>\n<p><iframe loading=\"lazy\" title=\"Getting our hands dirty: stories of activists and electoral politics\" width=\"500\" height=\"281\" src=\"https:\/\/www.youtube.com\/embed\/b1Ql1JMXHY0?start=420&#038;feature=oembed\" frameborder=\"0\" allow=\"accelerometer; autoplay; clipboard-write; encrypted-media; gyroscope; picture-in-picture; web-share\" referrerpolicy=\"strict-origin-when-cross-origin\" allowfullscreen><\/iframe><\/p>\n<p>Aquestes i moltes altres propostes de debatran els pr\u00f2xims dies durant la confer\u00e8ncia \u201c<a href=\"https:\/\/www.fearlesscities.com\/ca?utm_source=civi&amp;utm_medium=email&amp;utm_campaign=webcat\">Fearless\u00a0Cities<\/a>\u201d.<\/p>\n","protected":false},"excerpt":{"rendered":"<p>Ahir 5 de juliol va comen\u00e7ar la trobada municipalista internacional \u201cFearless\u00a0Cities\u201d. Es tracta d&#8217;una activitat amb debats, presentacions, intercanvis sobre pol\u00edtiques i tallers pr\u00e0ctics, la confer\u00e8ncia durar\u00e0 5 dies. Pressenza va cobrir la primera edici\u00f3 de la trobada &#8220;Fearless Cities&#8221;&hellip;<\/p>\n","protected":false},"author":1102,"featured_media":1394020,"comment_status":"closed","ping_status":"closed","sticky":false,"template":"","format":"standard","meta":{"footnotes":""},"categories":[35531,35527,35524,35540],"tags":[46478,92833,67048],"class_list":["post-1395549","post","type-post","status-publish","format-standard","has-post-thumbnail","hentry","category-contingut-original-ca","category-entrevistes","category-politica-ca","category-video-ca","tag-fearless-cities-ca","tag-governs-locals","tag-municipalisme-ca"],"yoast_head":"<!-- This site is optimized with the Yoast SEO plugin v27.1.1 - https:\/\/yoast.com\/product\/yoast-seo-wordpress\/ -->\n<title>Comen\u00e7a la trobada de governs locals &quot;Fearless\u00a0Cities&quot;<\/title>\n<meta name=\"description\" content=\"Ahir 5 de juliol va comen\u00e7ar la trobada municipalista internacional \u201cFearless\u00a0Cities\u201d. Es tracta d&#039;una activitat amb debats, presentacions, intercanvis\" \/>\n<meta name=\"robots\" content=\"index, follow, max-snippet:-1, max-image-preview:large, max-video-preview:-1\" \/>\n<link rel=\"canonical\" href=\"https:\/\/www.pressenza.com\/ca\/2021\/07\/comenca-la-trobada-de-governs-locals-fearless-cities\/\" \/>\n<meta property=\"og:locale\" content=\"ca_ES\" \/>\n<meta property=\"og:type\" content=\"article\" \/>\n<meta property=\"og:title\" content=\"Comen\u00e7a la trobada de governs locals &quot;Fearless\u00a0Cities&quot;\" \/>\n<meta property=\"og:description\" content=\"Ahir 5 de juliol va comen\u00e7ar la trobada municipalista internacional \u201cFearless\u00a0Cities\u201d. Es tracta d&#039;una activitat amb debats, presentacions, intercanvis\" \/>\n<meta property=\"og:url\" content=\"https:\/\/www.pressenza.com\/ca\/2021\/07\/comenca-la-trobada-de-governs-locals-fearless-cities\/\" \/>\n<meta property=\"og:site_name\" content=\"Pressenza\" \/>\n<meta property=\"article:publisher\" content=\"https:\/\/www.facebook.com\/PressenzaItalia\" \/>\n<meta property=\"article:published_time\" content=\"2021-07-08T08:43:12+00:00\" \/>\n<meta property=\"article:modified_time\" content=\"2021-07-08T08:47:50+00:00\" \/>\n<meta property=\"og:image\" content=\"https:\/\/www.pressenza.com\/wp-content\/uploads\/2021\/07\/fearless-cities.jpg\" \/>\n\t<meta property=\"og:image:width\" content=\"1280\" \/>\n\t<meta property=\"og:image:height\" content=\"1279\" \/>\n\t<meta property=\"og:image:type\" content=\"image\/jpeg\" \/>\n<meta name=\"author\" content=\"Pilar Paricio\" \/>\n<meta name=\"twitter:card\" content=\"summary_large_image\" \/>\n<meta name=\"twitter:creator\" content=\"@PressenzaIPA\" \/>\n<meta name=\"twitter:site\" content=\"@PressenzaIPA\" \/>\n<meta name=\"twitter:label1\" content=\"Escrit per\" \/>\n\t<meta name=\"twitter:data1\" content=\"Pilar Paricio\" \/>\n\t<meta name=\"twitter:label2\" content=\"Temps estimat de lectura\" \/>\n\t<meta name=\"twitter:data2\" content=\"3 minuts\" \/>\n<script type=\"application\/ld+json\" class=\"yoast-schema-graph\">{\"@context\":\"https:\/\/schema.org\",\"@graph\":[{\"@type\":\"Article\",\"@id\":\"https:\/\/www.pressenza.com\/ca\/2021\/07\/comenca-la-trobada-de-governs-locals-fearless-cities\/#article\",\"isPartOf\":{\"@id\":\"https:\/\/www.pressenza.com\/ca\/2021\/07\/comenca-la-trobada-de-governs-locals-fearless-cities\/\"},\"author\":{\"name\":\"Pilar Paricio\",\"@id\":\"https:\/\/www.pressenza.com\/ca\/#\/schema\/person\/b38ea2890059fade68f5d3d1713cadfd\"},\"headline\":\"Comen\u00e7a la trobada de governs locals &#8220;Fearless\u00a0Cities&#8221;\",\"datePublished\":\"2021-07-08T08:43:12+00:00\",\"dateModified\":\"2021-07-08T08:47:50+00:00\",\"mainEntityOfPage\":{\"@id\":\"https:\/\/www.pressenza.com\/ca\/2021\/07\/comenca-la-trobada-de-governs-locals-fearless-cities\/\"},\"wordCount\":729,\"publisher\":{\"@id\":\"https:\/\/www.pressenza.com\/ca\/#organization\"},\"image\":{\"@id\":\"https:\/\/www.pressenza.com\/ca\/2021\/07\/comenca-la-trobada-de-governs-locals-fearless-cities\/#primaryimage\"},\"thumbnailUrl\":\"https:\/\/www.pressenza.com\/wp-content\/uploads\/2021\/07\/fearless-cities.jpg\",\"keywords\":[\"Fearless Cities\",\"governs locals\",\"municipalisme\"],\"articleSection\":[\"Contingut original\",\"Entrevistes\",\"Pol\u00edtica\",\"Video\"],\"inLanguage\":\"ca\"},{\"@type\":\"WebPage\",\"@id\":\"https:\/\/www.pressenza.com\/ca\/2021\/07\/comenca-la-trobada-de-governs-locals-fearless-cities\/\",\"url\":\"https:\/\/www.pressenza.com\/ca\/2021\/07\/comenca-la-trobada-de-governs-locals-fearless-cities\/\",\"name\":\"Comen\u00e7a la trobada de governs locals \\\"Fearless\u00a0Cities\\\"\",\"isPartOf\":{\"@id\":\"https:\/\/www.pressenza.com\/ca\/#website\"},\"primaryImageOfPage\":{\"@id\":\"https:\/\/www.pressenza.com\/ca\/2021\/07\/comenca-la-trobada-de-governs-locals-fearless-cities\/#primaryimage\"},\"image\":{\"@id\":\"https:\/\/www.pressenza.com\/ca\/2021\/07\/comenca-la-trobada-de-governs-locals-fearless-cities\/#primaryimage\"},\"thumbnailUrl\":\"https:\/\/www.pressenza.com\/wp-content\/uploads\/2021\/07\/fearless-cities.jpg\",\"datePublished\":\"2021-07-08T08:43:12+00:00\",\"dateModified\":\"2021-07-08T08:47:50+00:00\",\"description\":\"Ahir 5 de juliol va comen\u00e7ar la trobada municipalista internacional \u201cFearless\u00a0Cities\u201d. Es tracta d'una activitat amb debats, presentacions, intercanvis\",\"breadcrumb\":{\"@id\":\"https:\/\/www.pressenza.com\/ca\/2021\/07\/comenca-la-trobada-de-governs-locals-fearless-cities\/#breadcrumb\"},\"inLanguage\":\"ca\",\"potentialAction\":[{\"@type\":\"ReadAction\",\"target\":[\"https:\/\/www.pressenza.com\/ca\/2021\/07\/comenca-la-trobada-de-governs-locals-fearless-cities\/\"]}]},{\"@type\":\"ImageObject\",\"inLanguage\":\"ca\",\"@id\":\"https:\/\/www.pressenza.com\/ca\/2021\/07\/comenca-la-trobada-de-governs-locals-fearless-cities\/#primaryimage\",\"url\":\"https:\/\/www.pressenza.com\/wp-content\/uploads\/2021\/07\/fearless-cities.jpg\",\"contentUrl\":\"https:\/\/www.pressenza.com\/wp-content\/uploads\/2021\/07\/fearless-cities.jpg\",\"width\":1280,\"height\":1279},{\"@type\":\"BreadcrumbList\",\"@id\":\"https:\/\/www.pressenza.com\/ca\/2021\/07\/comenca-la-trobada-de-governs-locals-fearless-cities\/#breadcrumb\",\"itemListElement\":[{\"@type\":\"ListItem\",\"position\":1,\"name\":\"Accueil\",\"item\":\"https:\/\/www.pressenza.com\/ca\/\"},{\"@type\":\"ListItem\",\"position\":2,\"name\":\"Comen\u00e7a la trobada de governs locals &#8220;Fearless\u00a0Cities&#8221;\"}]},{\"@type\":\"WebSite\",\"@id\":\"https:\/\/www.pressenza.com\/ca\/#website\",\"url\":\"https:\/\/www.pressenza.com\/ca\/\",\"name\":\"Pressenza\",\"description\":\"International Press Agency\",\"publisher\":{\"@id\":\"https:\/\/www.pressenza.com\/ca\/#organization\"},\"potentialAction\":[{\"@type\":\"SearchAction\",\"target\":{\"@type\":\"EntryPoint\",\"urlTemplate\":\"https:\/\/www.pressenza.com\/ca\/?s={search_term_string}\"},\"query-input\":{\"@type\":\"PropertyValueSpecification\",\"valueRequired\":true,\"valueName\":\"search_term_string\"}}],\"inLanguage\":\"ca\"},{\"@type\":\"Organization\",\"@id\":\"https:\/\/www.pressenza.com\/ca\/#organization\",\"name\":\"Pressenza\",\"url\":\"https:\/\/www.pressenza.com\/ca\/\",\"logo\":{\"@type\":\"ImageObject\",\"inLanguage\":\"ca\",\"@id\":\"https:\/\/www.pressenza.com\/ca\/#\/schema\/logo\/image\/\",\"url\":\"https:\/\/www.pressenza.com\/wp-content\/uploads\/2022\/10\/pressenza_logo_200x200.jpg\",\"contentUrl\":\"https:\/\/www.pressenza.com\/wp-content\/uploads\/2022\/10\/pressenza_logo_200x200.jpg\",\"width\":200,\"height\":200,\"caption\":\"Pressenza\"},\"image\":{\"@id\":\"https:\/\/www.pressenza.com\/ca\/#\/schema\/logo\/image\/\"},\"sameAs\":[\"https:\/\/www.facebook.com\/PressenzaItalia\",\"https:\/\/x.com\/PressenzaIPA\"]},{\"@type\":\"Person\",\"@id\":\"https:\/\/www.pressenza.com\/ca\/#\/schema\/person\/b38ea2890059fade68f5d3d1713cadfd\",\"name\":\"Pilar Paricio\",\"description\":\"Barcelona. Arquitecta, especializada en planificaci\u00f3n urbana. Trabaja por el avance de la poblaci\u00f3n en derechos b\u00e1sicos como el derecho a la vivienda y el derecho a la ciudad. Involucrada con el cambio social y personal, participa en el Nuevo Humanismo.\",\"url\":\"https:\/\/www.pressenza.com\/ca\/author\/pilar-paricio\/\"}]}<\/script>\n<!-- \/ Yoast SEO plugin. -->","yoast_head_json":{"title":"Comen\u00e7a la trobada de governs locals \"Fearless\u00a0Cities\"","description":"Ahir 5 de juliol va comen\u00e7ar la trobada municipalista internacional \u201cFearless\u00a0Cities\u201d. Es tracta d'una activitat amb debats, presentacions, intercanvis","robots":{"index":"index","follow":"follow","max-snippet":"max-snippet:-1","max-image-preview":"max-image-preview:large","max-video-preview":"max-video-preview:-1"},"canonical":"https:\/\/www.pressenza.com\/ca\/2021\/07\/comenca-la-trobada-de-governs-locals-fearless-cities\/","og_locale":"ca_ES","og_type":"article","og_title":"Comen\u00e7a la trobada de governs locals \"Fearless\u00a0Cities\"","og_description":"Ahir 5 de juliol va comen\u00e7ar la trobada municipalista internacional \u201cFearless\u00a0Cities\u201d. Es tracta d'una activitat amb debats, presentacions, intercanvis","og_url":"https:\/\/www.pressenza.com\/ca\/2021\/07\/comenca-la-trobada-de-governs-locals-fearless-cities\/","og_site_name":"Pressenza","article_publisher":"https:\/\/www.facebook.com\/PressenzaItalia","article_published_time":"2021-07-08T08:43:12+00:00","article_modified_time":"2021-07-08T08:47:50+00:00","og_image":[{"width":1280,"height":1279,"url":"https:\/\/www.pressenza.com\/wp-content\/uploads\/2021\/07\/fearless-cities.jpg","type":"image\/jpeg"}],"author":"Pilar Paricio","twitter_card":"summary_large_image","twitter_creator":"@PressenzaIPA","twitter_site":"@PressenzaIPA","twitter_misc":{"Escrit per":"Pilar Paricio","Temps estimat de lectura":"3 minuts"},"schema":{"@context":"https:\/\/schema.org","@graph":[{"@type":"Article","@id":"https:\/\/www.pressenza.com\/ca\/2021\/07\/comenca-la-trobada-de-governs-locals-fearless-cities\/#article","isPartOf":{"@id":"https:\/\/www.pressenza.com\/ca\/2021\/07\/comenca-la-trobada-de-governs-locals-fearless-cities\/"},"author":{"name":"Pilar Paricio","@id":"https:\/\/www.pressenza.com\/ca\/#\/schema\/person\/b38ea2890059fade68f5d3d1713cadfd"},"headline":"Comen\u00e7a la trobada de governs locals &#8220;Fearless\u00a0Cities&#8221;","datePublished":"2021-07-08T08:43:12+00:00","dateModified":"2021-07-08T08:47:50+00:00","mainEntityOfPage":{"@id":"https:\/\/www.pressenza.com\/ca\/2021\/07\/comenca-la-trobada-de-governs-locals-fearless-cities\/"},"wordCount":729,"publisher":{"@id":"https:\/\/www.pressenza.com\/ca\/#organization"},"image":{"@id":"https:\/\/www.pressenza.com\/ca\/2021\/07\/comenca-la-trobada-de-governs-locals-fearless-cities\/#primaryimage"},"thumbnailUrl":"https:\/\/www.pressenza.com\/wp-content\/uploads\/2021\/07\/fearless-cities.jpg","keywords":["Fearless Cities","governs locals","municipalisme"],"articleSection":["Contingut original","Entrevistes","Pol\u00edtica","Video"],"inLanguage":"ca"},{"@type":"WebPage","@id":"https:\/\/www.pressenza.com\/ca\/2021\/07\/comenca-la-trobada-de-governs-locals-fearless-cities\/","url":"https:\/\/www.pressenza.com\/ca\/2021\/07\/comenca-la-trobada-de-governs-locals-fearless-cities\/","name":"Comen\u00e7a la trobada de governs locals \"Fearless\u00a0Cities\"","isPartOf":{"@id":"https:\/\/www.pressenza.com\/ca\/#website"},"primaryImageOfPage":{"@id":"https:\/\/www.pressenza.com\/ca\/2021\/07\/comenca-la-trobada-de-governs-locals-fearless-cities\/#primaryimage"},"image":{"@id":"https:\/\/www.pressenza.com\/ca\/2021\/07\/comenca-la-trobada-de-governs-locals-fearless-cities\/#primaryimage"},"thumbnailUrl":"https:\/\/www.pressenza.com\/wp-content\/uploads\/2021\/07\/fearless-cities.jpg","datePublished":"2021-07-08T08:43:12+00:00","dateModified":"2021-07-08T08:47:50+00:00","description":"Ahir 5 de juliol va comen\u00e7ar la trobada municipalista internacional \u201cFearless\u00a0Cities\u201d. Es tracta d'una activitat amb debats, presentacions, intercanvis","breadcrumb":{"@id":"https:\/\/www.pressenza.com\/ca\/2021\/07\/comenca-la-trobada-de-governs-locals-fearless-cities\/#breadcrumb"},"inLanguage":"ca","potentialAction":[{"@type":"ReadAction","target":["https:\/\/www.pressenza.com\/ca\/2021\/07\/comenca-la-trobada-de-governs-locals-fearless-cities\/"]}]},{"@type":"ImageObject","inLanguage":"ca","@id":"https:\/\/www.pressenza.com\/ca\/2021\/07\/comenca-la-trobada-de-governs-locals-fearless-cities\/#primaryimage","url":"https:\/\/www.pressenza.com\/wp-content\/uploads\/2021\/07\/fearless-cities.jpg","contentUrl":"https:\/\/www.pressenza.com\/wp-content\/uploads\/2021\/07\/fearless-cities.jpg","width":1280,"height":1279},{"@type":"BreadcrumbList","@id":"https:\/\/www.pressenza.com\/ca\/2021\/07\/comenca-la-trobada-de-governs-locals-fearless-cities\/#breadcrumb","itemListElement":[{"@type":"ListItem","position":1,"name":"Accueil","item":"https:\/\/www.pressenza.com\/ca\/"},{"@type":"ListItem","position":2,"name":"Comen\u00e7a la trobada de governs locals &#8220;Fearless\u00a0Cities&#8221;"}]},{"@type":"WebSite","@id":"https:\/\/www.pressenza.com\/ca\/#website","url":"https:\/\/www.pressenza.com\/ca\/","name":"Pressenza","description":"International Press Agency","publisher":{"@id":"https:\/\/www.pressenza.com\/ca\/#organization"},"potentialAction":[{"@type":"SearchAction","target":{"@type":"EntryPoint","urlTemplate":"https:\/\/www.pressenza.com\/ca\/?s={search_term_string}"},"query-input":{"@type":"PropertyValueSpecification","valueRequired":true,"valueName":"search_term_string"}}],"inLanguage":"ca"},{"@type":"Organization","@id":"https:\/\/www.pressenza.com\/ca\/#organization","name":"Pressenza","url":"https:\/\/www.pressenza.com\/ca\/","logo":{"@type":"ImageObject","inLanguage":"ca","@id":"https:\/\/www.pressenza.com\/ca\/#\/schema\/logo\/image\/","url":"https:\/\/www.pressenza.com\/wp-content\/uploads\/2022\/10\/pressenza_logo_200x200.jpg","contentUrl":"https:\/\/www.pressenza.com\/wp-content\/uploads\/2022\/10\/pressenza_logo_200x200.jpg","width":200,"height":200,"caption":"Pressenza"},"image":{"@id":"https:\/\/www.pressenza.com\/ca\/#\/schema\/logo\/image\/"},"sameAs":["https:\/\/www.facebook.com\/PressenzaItalia","https:\/\/x.com\/PressenzaIPA"]},{"@type":"Person","@id":"https:\/\/www.pressenza.com\/ca\/#\/schema\/person\/b38ea2890059fade68f5d3d1713cadfd","name":"Pilar Paricio","description":"Barcelona. Arquitecta, especializada en planificaci\u00f3n urbana. Trabaja por el avance de la poblaci\u00f3n en derechos b\u00e1sicos como el derecho a la vivienda y el derecho a la ciudad. Involucrada con el cambio social y personal, participa en el Nuevo Humanismo.","url":"https:\/\/www.pressenza.com\/ca\/author\/pilar-paricio\/"}]}},"place":"Barcelona","original_article_url":"","_links":{"self":[{"href":"https:\/\/www.pressenza.com\/ca\/wp-json\/wp\/v2\/posts\/1395549","targetHints":{"allow":["GET"]}}],"collection":[{"href":"https:\/\/www.pressenza.com\/ca\/wp-json\/wp\/v2\/posts"}],"about":[{"href":"https:\/\/www.pressenza.com\/ca\/wp-json\/wp\/v2\/types\/post"}],"author":[{"embeddable":true,"href":"https:\/\/www.pressenza.com\/ca\/wp-json\/wp\/v2\/users\/1102"}],"replies":[{"embeddable":true,"href":"https:\/\/www.pressenza.com\/ca\/wp-json\/wp\/v2\/comments?post=1395549"}],"version-history":[{"count":0,"href":"https:\/\/www.pressenza.com\/ca\/wp-json\/wp\/v2\/posts\/1395549\/revisions"}],"wp:featuredmedia":[{"embeddable":true,"href":"https:\/\/www.pressenza.com\/ca\/wp-json\/wp\/v2\/media\/1394020"}],"wp:attachment":[{"href":"https:\/\/www.pressenza.com\/ca\/wp-json\/wp\/v2\/media?parent=1395549"}],"wp:term":[{"taxonomy":"category","embeddable":true,"href":"https:\/\/www.pressenza.com\/ca\/wp-json\/wp\/v2\/categories?post=1395549"},{"taxonomy":"post_tag","embeddable":true,"href":"https:\/\/www.pressenza.com\/ca\/wp-json\/wp\/v2\/tags?post=1395549"}],"curies":[{"name":"wp","href":"https:\/\/api.w.org\/{rel}","templated":true}]}}