{"id":1395010,"date":"2021-07-07T11:58:31","date_gmt":"2021-07-07T10:58:31","guid":{"rendered":"https:\/\/www.pressenza.com\/?p=1395010"},"modified":"2021-07-07T11:58:31","modified_gmt":"2021-07-07T10:58:31","slug":"barcelona-acollira-el-ii-congres-internacional-de-pau-del-15-al-17-doctubre","status":"publish","type":"post","link":"https:\/\/www.pressenza.com\/ca\/2021\/07\/barcelona-acollira-el-ii-congres-internacional-de-pau-del-15-al-17-doctubre\/","title":{"rendered":"Barcelona acollir\u00e0 el II Congr\u00e9s Internacional de Pau del 15 al 17 d\u2019octubre"},"content":{"rendered":"<p>Sota el t\u00edtol \u201c(Re)imagina el m\u00f3n. Acci\u00f3 per la pau i la just\u00edcia\u201d, participants de 40 pa\u00efsos assistiran a la trobada del moviment internacional per la pau i d\u2019altres moviments socials, amb reconegudes activistes i expertes de tot el m\u00f3n.<br \/>\nEl congr\u00e9s tindr\u00e0 un format h\u00edbrid, amb activitats presencials, confer\u00e8ncies, tallers i esdeveniments culturals, per\u00f2 amb la possibilitat de seguir moltes d\u2019elles i interactuar amb altres participants a trav\u00e9s d\u2019internet.<\/p>\n<p>Barcelona, 7 de juliol, 2021- L\u2019International Peace Bureau (IPB) i l\u2019Institut Catal\u00e0 Internacional per la Pau (ICIP) s\u00f3n els principals organitzadors del II Congr\u00e9s Internacional de Pau que tindr\u00e0 lloc a Barcelona del 15 al 17 d\u2019octubre.<br \/>\nSota el t\u00edtol \u201c(Re)imagina el m\u00f3n. Acci\u00f3 per la pau i la just\u00edcia\u201d, participants d\u2019uns 70 pa\u00efsos assistiran a aquest esdeveniment amb activitats presencials, confer\u00e8ncies i tallers, la majoria dels quals tindran lloc al Centre de Cultura Contempor\u00e0nia de Barcelona (CCCB).<\/p>\n<p>El principal objectiu del congr\u00e9s \u00e9s dinamitzar el pacifisme internacional, ser un punt de trobada de diferents actors, redefinir l\u2019acci\u00f3 per la pau i, com diu el lema del congr\u00e9s, \u201creimaginar el m\u00f3n sota el prisma de la cultura de pau\u201d.<\/p>\n<p>Segons Jordi Calvo, coordinador de l\u2019oficina de l\u2019IPB a Barcelona, \u201cel congr\u00e9s vol posar el pacifisme al centre, en un m\u00f3n on la guerra, la militaritzaci\u00f3 i la viol\u00e8ncia s\u00f3n la norma\u201d.<\/p>\n<p>Al mateix temps es busca afavorir sinergies entre organitzacions i individus, i entre moviments socials interconnectats que lluiten per la just\u00edcia global: defensores de la pau i el desarmament, activistes feministes i LGBTQIA+, ecologistes i activistes del clima, antiracistes i ind\u00edgenes, defensors dels drets humans i sindicalistes.<\/p>\n<p>Tal i com comenta la copresidenta de l\u2019IPB, Lisa Clark, \u201cel Congr\u00e9s Internacional de Pau a Barcelona ens donar\u00e0 a moltes de nosaltres l&#8217;oportunitat de trobar-nos personalment per primera vegada en gaireb\u00e9 dos anys. L&#8217;establiment de xarxes entre les activitats de pau i desarmament en diferents pa\u00efsos i regions \u00e9s el nostre recurs m\u00e9s essencial&#8221;, assegura.<\/p>\n<p>Durant els tres dies de congr\u00e9s hi haur\u00e0 xerrades i confer\u00e8ncies a c\u00e0rrec de m\u00e9s d\u2019una trentena de ponents. Entre els participants hi ha noms destacats com Noam Chomsky, Martin Chungong, Jeremy Corbyn, Beatrice Fihn, Wada Masako, Vandana Shiva i Jody Williams. Tamb\u00e9 s\u2019organitzaran diversos tallers i activitats culturals.<\/p>\n","protected":false},"excerpt":{"rendered":"<p>Sota el t\u00edtol \u201c(Re)imagina el m\u00f3n. Acci\u00f3 per la pau i la just\u00edcia\u201d, participants de 40 pa\u00efsos assistiran a la trobada del moviment internacional per la pau i d\u2019altres moviments socials, amb reconegudes activistes i expertes de tot el m\u00f3n.&hellip;<\/p>\n","protected":false},"author":19,"featured_media":1394942,"comment_status":"closed","ping_status":"closed","sticky":false,"template":"","format":"standard","meta":{"footnotes":""},"categories":[35529,35531,32516,35516],"tags":[92785,92786,92787,92784],"class_list":["post-1395010","post","type-post","status-publish","format-standard","has-post-thumbnail","hentry","category-comunicats-de-premsa","category-contingut-original-ca","category-internacional-ca","category-pau-i-desarmament-ca","tag-institut-catala-internacional-per-la-pau","tag-jordi-calvo-ca","tag-lisa-clark-ca","tag-nternational-peace-bureau"],"yoast_head":"<!-- This site is optimized with the Yoast SEO plugin v27.1.1 - https:\/\/yoast.com\/product\/yoast-seo-wordpress\/ -->\n<title>Barcelona acollir\u00e0 el II Congr\u00e9s Internacional de Pau del 15 al 17 d\u2019octubre<\/title>\n<meta name=\"description\" content=\"Sota el t\u00edtol \u201c(Re)imagina el m\u00f3n. Acci\u00f3 per la pau i la just\u00edcia\u201d, participants de 40 pa\u00efsos assistiran a la trobada del moviment internacional per la\" \/>\n<meta name=\"robots\" content=\"index, follow, max-snippet:-1, max-image-preview:large, max-video-preview:-1\" \/>\n<link rel=\"canonical\" href=\"https:\/\/www.pressenza.com\/ca\/2021\/07\/barcelona-acollira-el-ii-congres-internacional-de-pau-del-15-al-17-doctubre\/\" \/>\n<meta property=\"og:locale\" content=\"ca_ES\" \/>\n<meta property=\"og:type\" content=\"article\" \/>\n<meta property=\"og:title\" content=\"Barcelona acollir\u00e0 el II Congr\u00e9s Internacional de Pau del 15 al 17 d\u2019octubre\" \/>\n<meta property=\"og:description\" content=\"Sota el t\u00edtol \u201c(Re)imagina el m\u00f3n. Acci\u00f3 per la pau i la just\u00edcia\u201d, participants de 40 pa\u00efsos assistiran a la trobada del moviment internacional per la\" \/>\n<meta property=\"og:url\" content=\"https:\/\/www.pressenza.com\/ca\/2021\/07\/barcelona-acollira-el-ii-congres-internacional-de-pau-del-15-al-17-doctubre\/\" \/>\n<meta property=\"og:site_name\" content=\"Pressenza\" \/>\n<meta property=\"article:publisher\" content=\"https:\/\/www.facebook.com\/PressenzaItalia\" \/>\n<meta property=\"article:author\" content=\"https:\/\/www.facebook.com\/pressenza\" \/>\n<meta property=\"article:published_time\" content=\"2021-07-07T10:58:31+00:00\" \/>\n<meta property=\"og:image\" content=\"https:\/\/www.pressenza.com\/wp-content\/uploads\/2021\/07\/IPB-congress-100-days-to-go.png\" \/>\n\t<meta property=\"og:image:width\" content=\"1600\" \/>\n\t<meta property=\"og:image:height\" content=\"900\" \/>\n\t<meta property=\"og:image:type\" content=\"image\/png\" \/>\n<meta name=\"author\" content=\"Pressenza IPA\" \/>\n<meta name=\"twitter:card\" content=\"summary_large_image\" \/>\n<meta name=\"twitter:creator\" content=\"@PressenzaIPA\" \/>\n<meta name=\"twitter:site\" content=\"@PressenzaIPA\" \/>\n<meta name=\"twitter:label1\" content=\"Escrit per\" \/>\n\t<meta name=\"twitter:data1\" content=\"Pressenza IPA\" \/>\n\t<meta name=\"twitter:label2\" content=\"Temps estimat de lectura\" \/>\n\t<meta name=\"twitter:data2\" content=\"2 minuts\" \/>\n<script type=\"application\/ld+json\" class=\"yoast-schema-graph\">{\"@context\":\"https:\/\/schema.org\",\"@graph\":[{\"@type\":\"Article\",\"@id\":\"https:\/\/www.pressenza.com\/ca\/2021\/07\/barcelona-acollira-el-ii-congres-internacional-de-pau-del-15-al-17-doctubre\/#article\",\"isPartOf\":{\"@id\":\"https:\/\/www.pressenza.com\/ca\/2021\/07\/barcelona-acollira-el-ii-congres-internacional-de-pau-del-15-al-17-doctubre\/\"},\"author\":{\"name\":\"Pressenza IPA\",\"@id\":\"https:\/\/www.pressenza.com\/ca\/#\/schema\/person\/010e5d02bcf40965427a1289a4cc8d75\"},\"headline\":\"Barcelona acollir\u00e0 el II Congr\u00e9s Internacional de Pau del 15 al 17 d\u2019octubre\",\"datePublished\":\"2021-07-07T10:58:31+00:00\",\"mainEntityOfPage\":{\"@id\":\"https:\/\/www.pressenza.com\/ca\/2021\/07\/barcelona-acollira-el-ii-congres-internacional-de-pau-del-15-al-17-doctubre\/\"},\"wordCount\":431,\"publisher\":{\"@id\":\"https:\/\/www.pressenza.com\/ca\/#organization\"},\"image\":{\"@id\":\"https:\/\/www.pressenza.com\/ca\/2021\/07\/barcelona-acollira-el-ii-congres-internacional-de-pau-del-15-al-17-doctubre\/#primaryimage\"},\"thumbnailUrl\":\"https:\/\/www.pressenza.com\/wp-content\/uploads\/2021\/07\/IPB-congress-100-days-to-go.png\",\"keywords\":[\"Institut Catal\u00e0 Internacional per la Pau\",\"Jordi Calvo\",\"Lisa Clark\",\"nternational Peace Bureau\"],\"articleSection\":[\"Comunicats de premsa\",\"Contingut original\",\"Internacional\",\"Pau i desarmament\"],\"inLanguage\":\"ca\"},{\"@type\":\"WebPage\",\"@id\":\"https:\/\/www.pressenza.com\/ca\/2021\/07\/barcelona-acollira-el-ii-congres-internacional-de-pau-del-15-al-17-doctubre\/\",\"url\":\"https:\/\/www.pressenza.com\/ca\/2021\/07\/barcelona-acollira-el-ii-congres-internacional-de-pau-del-15-al-17-doctubre\/\",\"name\":\"Barcelona acollir\u00e0 el II Congr\u00e9s Internacional de Pau del 15 al 17 d\u2019octubre\",\"isPartOf\":{\"@id\":\"https:\/\/www.pressenza.com\/ca\/#website\"},\"primaryImageOfPage\":{\"@id\":\"https:\/\/www.pressenza.com\/ca\/2021\/07\/barcelona-acollira-el-ii-congres-internacional-de-pau-del-15-al-17-doctubre\/#primaryimage\"},\"image\":{\"@id\":\"https:\/\/www.pressenza.com\/ca\/2021\/07\/barcelona-acollira-el-ii-congres-internacional-de-pau-del-15-al-17-doctubre\/#primaryimage\"},\"thumbnailUrl\":\"https:\/\/www.pressenza.com\/wp-content\/uploads\/2021\/07\/IPB-congress-100-days-to-go.png\",\"datePublished\":\"2021-07-07T10:58:31+00:00\",\"description\":\"Sota el t\u00edtol \u201c(Re)imagina el m\u00f3n. Acci\u00f3 per la pau i la just\u00edcia\u201d, participants de 40 pa\u00efsos assistiran a la trobada del moviment internacional per la\",\"breadcrumb\":{\"@id\":\"https:\/\/www.pressenza.com\/ca\/2021\/07\/barcelona-acollira-el-ii-congres-internacional-de-pau-del-15-al-17-doctubre\/#breadcrumb\"},\"inLanguage\":\"ca\",\"potentialAction\":[{\"@type\":\"ReadAction\",\"target\":[\"https:\/\/www.pressenza.com\/ca\/2021\/07\/barcelona-acollira-el-ii-congres-internacional-de-pau-del-15-al-17-doctubre\/\"]}]},{\"@type\":\"ImageObject\",\"inLanguage\":\"ca\",\"@id\":\"https:\/\/www.pressenza.com\/ca\/2021\/07\/barcelona-acollira-el-ii-congres-internacional-de-pau-del-15-al-17-doctubre\/#primaryimage\",\"url\":\"https:\/\/www.pressenza.com\/wp-content\/uploads\/2021\/07\/IPB-congress-100-days-to-go.png\",\"contentUrl\":\"https:\/\/www.pressenza.com\/wp-content\/uploads\/2021\/07\/IPB-congress-100-days-to-go.png\",\"width\":1600,\"height\":900},{\"@type\":\"BreadcrumbList\",\"@id\":\"https:\/\/www.pressenza.com\/ca\/2021\/07\/barcelona-acollira-el-ii-congres-internacional-de-pau-del-15-al-17-doctubre\/#breadcrumb\",\"itemListElement\":[{\"@type\":\"ListItem\",\"position\":1,\"name\":\"Accueil\",\"item\":\"https:\/\/www.pressenza.com\/ca\/\"},{\"@type\":\"ListItem\",\"position\":2,\"name\":\"Barcelona acollir\u00e0 el II Congr\u00e9s Internacional de Pau del 15 al 17 d\u2019octubre\"}]},{\"@type\":\"WebSite\",\"@id\":\"https:\/\/www.pressenza.com\/ca\/#website\",\"url\":\"https:\/\/www.pressenza.com\/ca\/\",\"name\":\"Pressenza\",\"description\":\"International Press Agency\",\"publisher\":{\"@id\":\"https:\/\/www.pressenza.com\/ca\/#organization\"},\"potentialAction\":[{\"@type\":\"SearchAction\",\"target\":{\"@type\":\"EntryPoint\",\"urlTemplate\":\"https:\/\/www.pressenza.com\/ca\/?s={search_term_string}\"},\"query-input\":{\"@type\":\"PropertyValueSpecification\",\"valueRequired\":true,\"valueName\":\"search_term_string\"}}],\"inLanguage\":\"ca\"},{\"@type\":\"Organization\",\"@id\":\"https:\/\/www.pressenza.com\/ca\/#organization\",\"name\":\"Pressenza\",\"url\":\"https:\/\/www.pressenza.com\/ca\/\",\"logo\":{\"@type\":\"ImageObject\",\"inLanguage\":\"ca\",\"@id\":\"https:\/\/www.pressenza.com\/ca\/#\/schema\/logo\/image\/\",\"url\":\"https:\/\/www.pressenza.com\/wp-content\/uploads\/2022\/10\/pressenza_logo_200x200.jpg\",\"contentUrl\":\"https:\/\/www.pressenza.com\/wp-content\/uploads\/2022\/10\/pressenza_logo_200x200.jpg\",\"width\":200,\"height\":200,\"caption\":\"Pressenza\"},\"image\":{\"@id\":\"https:\/\/www.pressenza.com\/ca\/#\/schema\/logo\/image\/\"},\"sameAs\":[\"https:\/\/www.facebook.com\/PressenzaItalia\",\"https:\/\/x.com\/PressenzaIPA\"]},{\"@type\":\"Person\",\"@id\":\"https:\/\/www.pressenza.com\/ca\/#\/schema\/person\/010e5d02bcf40965427a1289a4cc8d75\",\"name\":\"Pressenza IPA\",\"description\":\"News from Pressenza IPA correspondents\",\"sameAs\":[\"https:\/\/www.facebook.com\/pressenza\",\"https:\/\/x.com\/PressenzaIPA\"],\"url\":\"https:\/\/www.pressenza.com\/ca\/author\/pressenza-ipa\/\"}]}<\/script>\n<!-- \/ Yoast SEO plugin. -->","yoast_head_json":{"title":"Barcelona acollir\u00e0 el II Congr\u00e9s Internacional de Pau del 15 al 17 d\u2019octubre","description":"Sota el t\u00edtol \u201c(Re)imagina el m\u00f3n. Acci\u00f3 per la pau i la just\u00edcia\u201d, participants de 40 pa\u00efsos assistiran a la trobada del moviment internacional per la","robots":{"index":"index","follow":"follow","max-snippet":"max-snippet:-1","max-image-preview":"max-image-preview:large","max-video-preview":"max-video-preview:-1"},"canonical":"https:\/\/www.pressenza.com\/ca\/2021\/07\/barcelona-acollira-el-ii-congres-internacional-de-pau-del-15-al-17-doctubre\/","og_locale":"ca_ES","og_type":"article","og_title":"Barcelona acollir\u00e0 el II Congr\u00e9s Internacional de Pau del 15 al 17 d\u2019octubre","og_description":"Sota el t\u00edtol \u201c(Re)imagina el m\u00f3n. Acci\u00f3 per la pau i la just\u00edcia\u201d, participants de 40 pa\u00efsos assistiran a la trobada del moviment internacional per la","og_url":"https:\/\/www.pressenza.com\/ca\/2021\/07\/barcelona-acollira-el-ii-congres-internacional-de-pau-del-15-al-17-doctubre\/","og_site_name":"Pressenza","article_publisher":"https:\/\/www.facebook.com\/PressenzaItalia","article_author":"https:\/\/www.facebook.com\/pressenza","article_published_time":"2021-07-07T10:58:31+00:00","og_image":[{"width":1600,"height":900,"url":"https:\/\/www.pressenza.com\/wp-content\/uploads\/2021\/07\/IPB-congress-100-days-to-go.png","type":"image\/png"}],"author":"Pressenza IPA","twitter_card":"summary_large_image","twitter_creator":"@PressenzaIPA","twitter_site":"@PressenzaIPA","twitter_misc":{"Escrit per":"Pressenza IPA","Temps estimat de lectura":"2 minuts"},"schema":{"@context":"https:\/\/schema.org","@graph":[{"@type":"Article","@id":"https:\/\/www.pressenza.com\/ca\/2021\/07\/barcelona-acollira-el-ii-congres-internacional-de-pau-del-15-al-17-doctubre\/#article","isPartOf":{"@id":"https:\/\/www.pressenza.com\/ca\/2021\/07\/barcelona-acollira-el-ii-congres-internacional-de-pau-del-15-al-17-doctubre\/"},"author":{"name":"Pressenza IPA","@id":"https:\/\/www.pressenza.com\/ca\/#\/schema\/person\/010e5d02bcf40965427a1289a4cc8d75"},"headline":"Barcelona acollir\u00e0 el II Congr\u00e9s Internacional de Pau del 15 al 17 d\u2019octubre","datePublished":"2021-07-07T10:58:31+00:00","mainEntityOfPage":{"@id":"https:\/\/www.pressenza.com\/ca\/2021\/07\/barcelona-acollira-el-ii-congres-internacional-de-pau-del-15-al-17-doctubre\/"},"wordCount":431,"publisher":{"@id":"https:\/\/www.pressenza.com\/ca\/#organization"},"image":{"@id":"https:\/\/www.pressenza.com\/ca\/2021\/07\/barcelona-acollira-el-ii-congres-internacional-de-pau-del-15-al-17-doctubre\/#primaryimage"},"thumbnailUrl":"https:\/\/www.pressenza.com\/wp-content\/uploads\/2021\/07\/IPB-congress-100-days-to-go.png","keywords":["Institut Catal\u00e0 Internacional per la Pau","Jordi Calvo","Lisa Clark","nternational Peace Bureau"],"articleSection":["Comunicats de premsa","Contingut original","Internacional","Pau i desarmament"],"inLanguage":"ca"},{"@type":"WebPage","@id":"https:\/\/www.pressenza.com\/ca\/2021\/07\/barcelona-acollira-el-ii-congres-internacional-de-pau-del-15-al-17-doctubre\/","url":"https:\/\/www.pressenza.com\/ca\/2021\/07\/barcelona-acollira-el-ii-congres-internacional-de-pau-del-15-al-17-doctubre\/","name":"Barcelona acollir\u00e0 el II Congr\u00e9s Internacional de Pau del 15 al 17 d\u2019octubre","isPartOf":{"@id":"https:\/\/www.pressenza.com\/ca\/#website"},"primaryImageOfPage":{"@id":"https:\/\/www.pressenza.com\/ca\/2021\/07\/barcelona-acollira-el-ii-congres-internacional-de-pau-del-15-al-17-doctubre\/#primaryimage"},"image":{"@id":"https:\/\/www.pressenza.com\/ca\/2021\/07\/barcelona-acollira-el-ii-congres-internacional-de-pau-del-15-al-17-doctubre\/#primaryimage"},"thumbnailUrl":"https:\/\/www.pressenza.com\/wp-content\/uploads\/2021\/07\/IPB-congress-100-days-to-go.png","datePublished":"2021-07-07T10:58:31+00:00","description":"Sota el t\u00edtol \u201c(Re)imagina el m\u00f3n. Acci\u00f3 per la pau i la just\u00edcia\u201d, participants de 40 pa\u00efsos assistiran a la trobada del moviment internacional per la","breadcrumb":{"@id":"https:\/\/www.pressenza.com\/ca\/2021\/07\/barcelona-acollira-el-ii-congres-internacional-de-pau-del-15-al-17-doctubre\/#breadcrumb"},"inLanguage":"ca","potentialAction":[{"@type":"ReadAction","target":["https:\/\/www.pressenza.com\/ca\/2021\/07\/barcelona-acollira-el-ii-congres-internacional-de-pau-del-15-al-17-doctubre\/"]}]},{"@type":"ImageObject","inLanguage":"ca","@id":"https:\/\/www.pressenza.com\/ca\/2021\/07\/barcelona-acollira-el-ii-congres-internacional-de-pau-del-15-al-17-doctubre\/#primaryimage","url":"https:\/\/www.pressenza.com\/wp-content\/uploads\/2021\/07\/IPB-congress-100-days-to-go.png","contentUrl":"https:\/\/www.pressenza.com\/wp-content\/uploads\/2021\/07\/IPB-congress-100-days-to-go.png","width":1600,"height":900},{"@type":"BreadcrumbList","@id":"https:\/\/www.pressenza.com\/ca\/2021\/07\/barcelona-acollira-el-ii-congres-internacional-de-pau-del-15-al-17-doctubre\/#breadcrumb","itemListElement":[{"@type":"ListItem","position":1,"name":"Accueil","item":"https:\/\/www.pressenza.com\/ca\/"},{"@type":"ListItem","position":2,"name":"Barcelona acollir\u00e0 el II Congr\u00e9s Internacional de Pau del 15 al 17 d\u2019octubre"}]},{"@type":"WebSite","@id":"https:\/\/www.pressenza.com\/ca\/#website","url":"https:\/\/www.pressenza.com\/ca\/","name":"Pressenza","description":"International Press Agency","publisher":{"@id":"https:\/\/www.pressenza.com\/ca\/#organization"},"potentialAction":[{"@type":"SearchAction","target":{"@type":"EntryPoint","urlTemplate":"https:\/\/www.pressenza.com\/ca\/?s={search_term_string}"},"query-input":{"@type":"PropertyValueSpecification","valueRequired":true,"valueName":"search_term_string"}}],"inLanguage":"ca"},{"@type":"Organization","@id":"https:\/\/www.pressenza.com\/ca\/#organization","name":"Pressenza","url":"https:\/\/www.pressenza.com\/ca\/","logo":{"@type":"ImageObject","inLanguage":"ca","@id":"https:\/\/www.pressenza.com\/ca\/#\/schema\/logo\/image\/","url":"https:\/\/www.pressenza.com\/wp-content\/uploads\/2022\/10\/pressenza_logo_200x200.jpg","contentUrl":"https:\/\/www.pressenza.com\/wp-content\/uploads\/2022\/10\/pressenza_logo_200x200.jpg","width":200,"height":200,"caption":"Pressenza"},"image":{"@id":"https:\/\/www.pressenza.com\/ca\/#\/schema\/logo\/image\/"},"sameAs":["https:\/\/www.facebook.com\/PressenzaItalia","https:\/\/x.com\/PressenzaIPA"]},{"@type":"Person","@id":"https:\/\/www.pressenza.com\/ca\/#\/schema\/person\/010e5d02bcf40965427a1289a4cc8d75","name":"Pressenza IPA","description":"News from Pressenza IPA correspondents","sameAs":["https:\/\/www.facebook.com\/pressenza","https:\/\/x.com\/PressenzaIPA"],"url":"https:\/\/www.pressenza.com\/ca\/author\/pressenza-ipa\/"}]}},"place":"Barcelona","original_article_url":"","_links":{"self":[{"href":"https:\/\/www.pressenza.com\/ca\/wp-json\/wp\/v2\/posts\/1395010","targetHints":{"allow":["GET"]}}],"collection":[{"href":"https:\/\/www.pressenza.com\/ca\/wp-json\/wp\/v2\/posts"}],"about":[{"href":"https:\/\/www.pressenza.com\/ca\/wp-json\/wp\/v2\/types\/post"}],"author":[{"embeddable":true,"href":"https:\/\/www.pressenza.com\/ca\/wp-json\/wp\/v2\/users\/19"}],"replies":[{"embeddable":true,"href":"https:\/\/www.pressenza.com\/ca\/wp-json\/wp\/v2\/comments?post=1395010"}],"version-history":[{"count":0,"href":"https:\/\/www.pressenza.com\/ca\/wp-json\/wp\/v2\/posts\/1395010\/revisions"}],"wp:featuredmedia":[{"embeddable":true,"href":"https:\/\/www.pressenza.com\/ca\/wp-json\/wp\/v2\/media\/1394942"}],"wp:attachment":[{"href":"https:\/\/www.pressenza.com\/ca\/wp-json\/wp\/v2\/media?parent=1395010"}],"wp:term":[{"taxonomy":"category","embeddable":true,"href":"https:\/\/www.pressenza.com\/ca\/wp-json\/wp\/v2\/categories?post=1395010"},{"taxonomy":"post_tag","embeddable":true,"href":"https:\/\/www.pressenza.com\/ca\/wp-json\/wp\/v2\/tags?post=1395010"}],"curies":[{"name":"wp","href":"https:\/\/api.w.org\/{rel}","templated":true}]}}