{"id":1275216,"date":"2021-01-09T19:50:10","date_gmt":"2021-01-09T19:50:10","guid":{"rendered":"https:\/\/www.pressenza.com\/?p=1275216"},"modified":"2021-01-09T19:52:38","modified_gmt":"2021-01-09T19:52:38","slug":"un-crit-mut","status":"publish","type":"post","link":"https:\/\/www.pressenza.com\/ca\/2021\/01\/un-crit-mut\/","title":{"rendered":"Un crit mut"},"content":{"rendered":"<p><em>5 de gener 2021. L&#8217;espectador<\/em><\/p>\n<p>Un s&#8217;aferra als s\u00edmbols perqu\u00e8 la realitat a seques \u00e9s dif\u00edcil de suportar. Segurament la volta al sol no t\u00e9 un impacte veritable en el pols perpetu entre la vida i la mort, entre la besllum de pau i l&#8217;obstinaci\u00f3 de la viol\u00e8ncia; per\u00f2, qu\u00e8 seria de nosaltres, humans diminuts creats i destru\u00efts, no s\u00e9 b\u00e9 per qui, si ens negu\u00e9ssim el dret a l&#8217;esperan\u00e7a? No quedaria gaireb\u00e9 res de les l\u00ednies de l&#8217;horitz\u00f3, els clars de lluna i els <em>himnes a l&#8217;alegria<\/em>, si cregu\u00e9ssim que estem irremeiablement lligats a l&#8217;estupidesa, a la voluntat fl\u00e0ccida, a la brutalitat dels perdonavides i el marasme que els permet.<\/p>\n<p>Per aix\u00f2, quan, a tan sols 14 hores d\u2019haver comen\u00e7at el 2021, ens anunciaven que havien assassinat una criatura de vint-i-dos anys, signant per la pau, a la seva germana, de disset anys, i a dos l\u00edders socials, malgrat veure com la bestiola coronada continua destronant vides, malgrat veure com cavalquen desbocats els fan\u00e0tics dels fusells, tot i aix\u00f2 i aix\u00ed res, vaig sentir un alleujament estrany en aquest inici d\u2019any. I m\u00e9s que en molts altres geners, aquesta vegada tinc clar qu\u00e8 vull fer els pr\u00f2xims dotze mesos.<\/p>\n<p>No \u00e9s egoisme, per\u00f2 el primer ser\u00e0 restar viva; tot i aix\u00f2 impliqui deixar les abra\u00e7ades penjades en els estenedors, com si fossin llen\u00e7ols blancs, i els meus dits no es confonguin amb les mans dels meus amics, sin\u00f3 amb l&#8217;enganxosa viscositat del gel i els dolls d&#8217;alcohol.<\/p>\n<p>Una ve\u00efna va telefonar la policia perqu\u00e8 un senyor feia tres hores que era tocant l&#8217;obo\u00e8 en l&#8217;andana. L\u2019hi molestava el soroll; segurament a l\u2019home li molestava la fam. Per\u00f2 en general crec que, si alguna cosa hem apr\u00e8s estant m\u00e9s sols que mai, \u00e9s que la solitud \u00e9s relativa i ara ens importa m\u00e9s l\u2019estat dels altres.<\/p>\n<p>S\u00e9 que aquests dotze mesos els dedicar\u00e9 a treballar perqu\u00e8 la mort no pegui quatre tirs a d\u2019altres i els arrenqui l&#8217;\u00e0nima en aquests llocs amb noms de sortilegis inconclusos\u2026 Travessies, Vista Bella, Palmar de Varela, Rinc\u00f3n de l&#8217;Indi, Poble Nou, Mirolindo, Port Llibertador, Santa Rosa de Port Ass\u00eds&#8230; perqu\u00e8 a Col\u00f2mbia aix\u00f2 del realisme m\u00e0gic no \u00e9s conte ni \u00e9s estil: \u00e9s la quotidianitat d&#8217;un poble que en tota mena de tons i colors, canta, palpita i mor per amor, per dolor i per abs\u00e8ncia.<\/p>\n<p>Dos-cents cinquanta-u signants per la pau assassinats m&#8217;envien cada dia, amb la seva veu sense veu, amb el seu crit mut, la seva petici\u00f3 d&#8217;auxili pels que encara s\u00f3n vius.<\/p>\n<p>Convido als constructors de pau, dins i fora de Col\u00f2mbia, a aixecar amb les eines del pensament, del respecte als Drets Humans, a la Constituci\u00f3 i a la vida (a totes les vides), un mur de contenci\u00f3 contra la viol\u00e8ncia. Els convido a idear i construir fets precisos, precisos i pac\u00edfics, en clau d&#8217;una reconciliaci\u00f3 veritable, i rescatar el monumental esfor\u00e7 de pau que d\u2019altres van fer per nosaltres i per la viabilitat f\u00edsica i emocional de Col\u00f2mbia. Que es compleixi la paraula i es donin les garanties ofertes, perqu\u00e8 ning\u00fa es va desarmar per a aixecar-se cada dia amb m\u00e9s por i m\u00e9s incerteses que abans.<\/p>\n<p>Convido als qui tenim el privilegi de ser vius, a qu\u00e8 mai ens sembli normal la mort violenta; a no mirar-la amb resignaci\u00f3 ni com costum o a qu\u00e8 no es torni un dolor cr\u00f2nic amb el qual s&#8217;apr\u00e8n a viure.<\/p>\n<p>Es tracta de parar \u2013no sols de lamentar\u2013 el genocidi contra els excombatents i les seves fam\u00edlies. Es tracta d&#8217;exigir que totes les parts compleixin all\u00f2 que van prometre, i tretze mil colombians v\u00edctimes d&#8217;una persecuci\u00f3 infame i sistem\u00e0tica, puguin viure sense un estigma en el front i un tir al blanc a l&#8217;esquena.<\/p>\n<p>M&#8217;acompanyen?<\/p>\n","protected":false},"excerpt":{"rendered":"<p>5 de gener 2021. L&#8217;espectador Un s&#8217;aferra als s\u00edmbols perqu\u00e8 la realitat a seques \u00e9s dif\u00edcil de suportar. Segurament la volta al sol no t\u00e9 un impacte veritable en el pols perpetu entre la vida i la mort, entre la&hellip;<\/p>\n","protected":false},"author":1897,"featured_media":1274438,"comment_status":"closed","ping_status":"closed","sticky":false,"template":"","format":"standard","meta":{"footnotes":""},"categories":[35528,35516,35509],"tags":[86000,52573],"class_list":["post-1275216","post","type-post","status-publish","format-standard","has-post-thumbnail","hentry","category-opinions-ca","category-pau-i-desarmament-ca","category-sud-america-ca","tag-lahuelladeloslideres-ca","tag-peace-ca"],"yoast_head":"<!-- This site is optimized with the Yoast SEO plugin v27.1.1 - https:\/\/yoast.com\/product\/yoast-seo-wordpress\/ -->\n<title>Un crit mut<\/title>\n<meta name=\"description\" content=\"5 de gener 2021. L&#039;espectador Un s&#039;aferra als s\u00edmbols perqu\u00e8 la realitat a seques \u00e9s dif\u00edcil de suportar. Segurament la volta al sol no t\u00e9 un impacte\" \/>\n<meta name=\"robots\" content=\"index, follow, max-snippet:-1, max-image-preview:large, max-video-preview:-1\" \/>\n<link rel=\"canonical\" href=\"https:\/\/www.pressenza.com\/ca\/2021\/01\/un-crit-mut\/\" \/>\n<meta property=\"og:locale\" content=\"ca_ES\" \/>\n<meta property=\"og:type\" content=\"article\" \/>\n<meta property=\"og:title\" content=\"Un crit mut\" \/>\n<meta property=\"og:description\" content=\"5 de gener 2021. L&#039;espectador Un s&#039;aferra als s\u00edmbols perqu\u00e8 la realitat a seques \u00e9s dif\u00edcil de suportar. Segurament la volta al sol no t\u00e9 un impacte\" \/>\n<meta property=\"og:url\" content=\"https:\/\/www.pressenza.com\/ca\/2021\/01\/un-crit-mut\/\" \/>\n<meta property=\"og:site_name\" content=\"Pressenza\" \/>\n<meta property=\"article:publisher\" content=\"https:\/\/www.facebook.com\/PressenzaItalia\" \/>\n<meta property=\"article:published_time\" content=\"2021-01-09T19:50:10+00:00\" \/>\n<meta property=\"article:modified_time\" content=\"2021-01-09T19:52:38+00:00\" \/>\n<meta property=\"og:image\" content=\"https:\/\/www.pressenza.com\/wp-content\/uploads\/2021\/01\/hands-pixabay.jpg\" \/>\n\t<meta property=\"og:image:width\" content=\"1024\" \/>\n\t<meta property=\"og:image:height\" content=\"685\" \/>\n\t<meta property=\"og:image:type\" content=\"image\/jpeg\" \/>\n<meta name=\"author\" content=\"Gloria Arias Nieto\" \/>\n<meta name=\"twitter:card\" content=\"summary_large_image\" \/>\n<meta name=\"twitter:creator\" content=\"@gloriariasnieto\" \/>\n<meta name=\"twitter:site\" content=\"@PressenzaIPA\" \/>\n<meta name=\"twitter:label1\" content=\"Escrit per\" \/>\n\t<meta name=\"twitter:data1\" content=\"Gloria Arias Nieto\" \/>\n\t<meta name=\"twitter:label2\" content=\"Temps estimat de lectura\" \/>\n\t<meta name=\"twitter:data2\" content=\"3 minuts\" \/>\n<script type=\"application\/ld+json\" class=\"yoast-schema-graph\">{\"@context\":\"https:\/\/schema.org\",\"@graph\":[{\"@type\":\"Article\",\"@id\":\"https:\/\/www.pressenza.com\/ca\/2021\/01\/un-crit-mut\/#article\",\"isPartOf\":{\"@id\":\"https:\/\/www.pressenza.com\/ca\/2021\/01\/un-crit-mut\/\"},\"author\":{\"name\":\"Gloria Arias Nieto\",\"@id\":\"https:\/\/www.pressenza.com\/ca\/#\/schema\/person\/476779c5c0c262f919761226ef961a29\"},\"headline\":\"Un crit mut\",\"datePublished\":\"2021-01-09T19:50:10+00:00\",\"dateModified\":\"2021-01-09T19:52:38+00:00\",\"mainEntityOfPage\":{\"@id\":\"https:\/\/www.pressenza.com\/ca\/2021\/01\/un-crit-mut\/\"},\"wordCount\":691,\"publisher\":{\"@id\":\"https:\/\/www.pressenza.com\/ca\/#organization\"},\"image\":{\"@id\":\"https:\/\/www.pressenza.com\/ca\/2021\/01\/un-crit-mut\/#primaryimage\"},\"thumbnailUrl\":\"https:\/\/www.pressenza.com\/wp-content\/uploads\/2021\/01\/hands-pixabay.jpg\",\"keywords\":[\"#LaHuellaDeLosLideres\",\"Peace\"],\"articleSection\":[\"Opinions\",\"Pau i desarmament\",\"Sud-am\u00e8rica\"],\"inLanguage\":\"ca\"},{\"@type\":\"WebPage\",\"@id\":\"https:\/\/www.pressenza.com\/ca\/2021\/01\/un-crit-mut\/\",\"url\":\"https:\/\/www.pressenza.com\/ca\/2021\/01\/un-crit-mut\/\",\"name\":\"Un crit mut\",\"isPartOf\":{\"@id\":\"https:\/\/www.pressenza.com\/ca\/#website\"},\"primaryImageOfPage\":{\"@id\":\"https:\/\/www.pressenza.com\/ca\/2021\/01\/un-crit-mut\/#primaryimage\"},\"image\":{\"@id\":\"https:\/\/www.pressenza.com\/ca\/2021\/01\/un-crit-mut\/#primaryimage\"},\"thumbnailUrl\":\"https:\/\/www.pressenza.com\/wp-content\/uploads\/2021\/01\/hands-pixabay.jpg\",\"datePublished\":\"2021-01-09T19:50:10+00:00\",\"dateModified\":\"2021-01-09T19:52:38+00:00\",\"description\":\"5 de gener 2021. L'espectador Un s'aferra als s\u00edmbols perqu\u00e8 la realitat a seques \u00e9s dif\u00edcil de suportar. Segurament la volta al sol no t\u00e9 un impacte\",\"breadcrumb\":{\"@id\":\"https:\/\/www.pressenza.com\/ca\/2021\/01\/un-crit-mut\/#breadcrumb\"},\"inLanguage\":\"ca\",\"potentialAction\":[{\"@type\":\"ReadAction\",\"target\":[\"https:\/\/www.pressenza.com\/ca\/2021\/01\/un-crit-mut\/\"]}]},{\"@type\":\"ImageObject\",\"inLanguage\":\"ca\",\"@id\":\"https:\/\/www.pressenza.com\/ca\/2021\/01\/un-crit-mut\/#primaryimage\",\"url\":\"https:\/\/www.pressenza.com\/wp-content\/uploads\/2021\/01\/hands-pixabay.jpg\",\"contentUrl\":\"https:\/\/www.pressenza.com\/wp-content\/uploads\/2021\/01\/hands-pixabay.jpg\",\"width\":1024,\"height\":685},{\"@type\":\"BreadcrumbList\",\"@id\":\"https:\/\/www.pressenza.com\/ca\/2021\/01\/un-crit-mut\/#breadcrumb\",\"itemListElement\":[{\"@type\":\"ListItem\",\"position\":1,\"name\":\"Accueil\",\"item\":\"https:\/\/www.pressenza.com\/ca\/\"},{\"@type\":\"ListItem\",\"position\":2,\"name\":\"Un crit mut\"}]},{\"@type\":\"WebSite\",\"@id\":\"https:\/\/www.pressenza.com\/ca\/#website\",\"url\":\"https:\/\/www.pressenza.com\/ca\/\",\"name\":\"Pressenza\",\"description\":\"International Press Agency\",\"publisher\":{\"@id\":\"https:\/\/www.pressenza.com\/ca\/#organization\"},\"potentialAction\":[{\"@type\":\"SearchAction\",\"target\":{\"@type\":\"EntryPoint\",\"urlTemplate\":\"https:\/\/www.pressenza.com\/ca\/?s={search_term_string}\"},\"query-input\":{\"@type\":\"PropertyValueSpecification\",\"valueRequired\":true,\"valueName\":\"search_term_string\"}}],\"inLanguage\":\"ca\"},{\"@type\":\"Organization\",\"@id\":\"https:\/\/www.pressenza.com\/ca\/#organization\",\"name\":\"Pressenza\",\"url\":\"https:\/\/www.pressenza.com\/ca\/\",\"logo\":{\"@type\":\"ImageObject\",\"inLanguage\":\"ca\",\"@id\":\"https:\/\/www.pressenza.com\/ca\/#\/schema\/logo\/image\/\",\"url\":\"https:\/\/www.pressenza.com\/wp-content\/uploads\/2022\/10\/pressenza_logo_200x200.jpg\",\"contentUrl\":\"https:\/\/www.pressenza.com\/wp-content\/uploads\/2022\/10\/pressenza_logo_200x200.jpg\",\"width\":200,\"height\":200,\"caption\":\"Pressenza\"},\"image\":{\"@id\":\"https:\/\/www.pressenza.com\/ca\/#\/schema\/logo\/image\/\"},\"sameAs\":[\"https:\/\/www.facebook.com\/PressenzaItalia\",\"https:\/\/x.com\/PressenzaIPA\"]},{\"@type\":\"Person\",\"@id\":\"https:\/\/www.pressenza.com\/ca\/#\/schema\/person\/476779c5c0c262f919761226ef961a29\",\"name\":\"Gloria Arias Nieto\",\"description\":\"M\u00e9dica y periodista, columnista de El Espectador. Promotora de procesos de paz y reconciliaci\u00f3n. Miembro del movimiento Defendamos la Paz (DLP) @gloriariasnieto\",\"sameAs\":[\"https:\/\/x.com\/gloriariasnieto\"],\"url\":\"https:\/\/www.pressenza.com\/ca\/author\/gloria-arias-nieto\/\"}]}<\/script>\n<!-- \/ Yoast SEO plugin. -->","yoast_head_json":{"title":"Un crit mut","description":"5 de gener 2021. L'espectador Un s'aferra als s\u00edmbols perqu\u00e8 la realitat a seques \u00e9s dif\u00edcil de suportar. Segurament la volta al sol no t\u00e9 un impacte","robots":{"index":"index","follow":"follow","max-snippet":"max-snippet:-1","max-image-preview":"max-image-preview:large","max-video-preview":"max-video-preview:-1"},"canonical":"https:\/\/www.pressenza.com\/ca\/2021\/01\/un-crit-mut\/","og_locale":"ca_ES","og_type":"article","og_title":"Un crit mut","og_description":"5 de gener 2021. L'espectador Un s'aferra als s\u00edmbols perqu\u00e8 la realitat a seques \u00e9s dif\u00edcil de suportar. Segurament la volta al sol no t\u00e9 un impacte","og_url":"https:\/\/www.pressenza.com\/ca\/2021\/01\/un-crit-mut\/","og_site_name":"Pressenza","article_publisher":"https:\/\/www.facebook.com\/PressenzaItalia","article_published_time":"2021-01-09T19:50:10+00:00","article_modified_time":"2021-01-09T19:52:38+00:00","og_image":[{"width":1024,"height":685,"url":"https:\/\/www.pressenza.com\/wp-content\/uploads\/2021\/01\/hands-pixabay.jpg","type":"image\/jpeg"}],"author":"Gloria Arias Nieto","twitter_card":"summary_large_image","twitter_creator":"@gloriariasnieto","twitter_site":"@PressenzaIPA","twitter_misc":{"Escrit per":"Gloria Arias Nieto","Temps estimat de lectura":"3 minuts"},"schema":{"@context":"https:\/\/schema.org","@graph":[{"@type":"Article","@id":"https:\/\/www.pressenza.com\/ca\/2021\/01\/un-crit-mut\/#article","isPartOf":{"@id":"https:\/\/www.pressenza.com\/ca\/2021\/01\/un-crit-mut\/"},"author":{"name":"Gloria Arias Nieto","@id":"https:\/\/www.pressenza.com\/ca\/#\/schema\/person\/476779c5c0c262f919761226ef961a29"},"headline":"Un crit mut","datePublished":"2021-01-09T19:50:10+00:00","dateModified":"2021-01-09T19:52:38+00:00","mainEntityOfPage":{"@id":"https:\/\/www.pressenza.com\/ca\/2021\/01\/un-crit-mut\/"},"wordCount":691,"publisher":{"@id":"https:\/\/www.pressenza.com\/ca\/#organization"},"image":{"@id":"https:\/\/www.pressenza.com\/ca\/2021\/01\/un-crit-mut\/#primaryimage"},"thumbnailUrl":"https:\/\/www.pressenza.com\/wp-content\/uploads\/2021\/01\/hands-pixabay.jpg","keywords":["#LaHuellaDeLosLideres","Peace"],"articleSection":["Opinions","Pau i desarmament","Sud-am\u00e8rica"],"inLanguage":"ca"},{"@type":"WebPage","@id":"https:\/\/www.pressenza.com\/ca\/2021\/01\/un-crit-mut\/","url":"https:\/\/www.pressenza.com\/ca\/2021\/01\/un-crit-mut\/","name":"Un crit mut","isPartOf":{"@id":"https:\/\/www.pressenza.com\/ca\/#website"},"primaryImageOfPage":{"@id":"https:\/\/www.pressenza.com\/ca\/2021\/01\/un-crit-mut\/#primaryimage"},"image":{"@id":"https:\/\/www.pressenza.com\/ca\/2021\/01\/un-crit-mut\/#primaryimage"},"thumbnailUrl":"https:\/\/www.pressenza.com\/wp-content\/uploads\/2021\/01\/hands-pixabay.jpg","datePublished":"2021-01-09T19:50:10+00:00","dateModified":"2021-01-09T19:52:38+00:00","description":"5 de gener 2021. L'espectador Un s'aferra als s\u00edmbols perqu\u00e8 la realitat a seques \u00e9s dif\u00edcil de suportar. Segurament la volta al sol no t\u00e9 un impacte","breadcrumb":{"@id":"https:\/\/www.pressenza.com\/ca\/2021\/01\/un-crit-mut\/#breadcrumb"},"inLanguage":"ca","potentialAction":[{"@type":"ReadAction","target":["https:\/\/www.pressenza.com\/ca\/2021\/01\/un-crit-mut\/"]}]},{"@type":"ImageObject","inLanguage":"ca","@id":"https:\/\/www.pressenza.com\/ca\/2021\/01\/un-crit-mut\/#primaryimage","url":"https:\/\/www.pressenza.com\/wp-content\/uploads\/2021\/01\/hands-pixabay.jpg","contentUrl":"https:\/\/www.pressenza.com\/wp-content\/uploads\/2021\/01\/hands-pixabay.jpg","width":1024,"height":685},{"@type":"BreadcrumbList","@id":"https:\/\/www.pressenza.com\/ca\/2021\/01\/un-crit-mut\/#breadcrumb","itemListElement":[{"@type":"ListItem","position":1,"name":"Accueil","item":"https:\/\/www.pressenza.com\/ca\/"},{"@type":"ListItem","position":2,"name":"Un crit mut"}]},{"@type":"WebSite","@id":"https:\/\/www.pressenza.com\/ca\/#website","url":"https:\/\/www.pressenza.com\/ca\/","name":"Pressenza","description":"International Press Agency","publisher":{"@id":"https:\/\/www.pressenza.com\/ca\/#organization"},"potentialAction":[{"@type":"SearchAction","target":{"@type":"EntryPoint","urlTemplate":"https:\/\/www.pressenza.com\/ca\/?s={search_term_string}"},"query-input":{"@type":"PropertyValueSpecification","valueRequired":true,"valueName":"search_term_string"}}],"inLanguage":"ca"},{"@type":"Organization","@id":"https:\/\/www.pressenza.com\/ca\/#organization","name":"Pressenza","url":"https:\/\/www.pressenza.com\/ca\/","logo":{"@type":"ImageObject","inLanguage":"ca","@id":"https:\/\/www.pressenza.com\/ca\/#\/schema\/logo\/image\/","url":"https:\/\/www.pressenza.com\/wp-content\/uploads\/2022\/10\/pressenza_logo_200x200.jpg","contentUrl":"https:\/\/www.pressenza.com\/wp-content\/uploads\/2022\/10\/pressenza_logo_200x200.jpg","width":200,"height":200,"caption":"Pressenza"},"image":{"@id":"https:\/\/www.pressenza.com\/ca\/#\/schema\/logo\/image\/"},"sameAs":["https:\/\/www.facebook.com\/PressenzaItalia","https:\/\/x.com\/PressenzaIPA"]},{"@type":"Person","@id":"https:\/\/www.pressenza.com\/ca\/#\/schema\/person\/476779c5c0c262f919761226ef961a29","name":"Gloria Arias Nieto","description":"M\u00e9dica y periodista, columnista de El Espectador. Promotora de procesos de paz y reconciliaci\u00f3n. Miembro del movimiento Defendamos la Paz (DLP) @gloriariasnieto","sameAs":["https:\/\/x.com\/gloriariasnieto"],"url":"https:\/\/www.pressenza.com\/ca\/author\/gloria-arias-nieto\/"}]}},"place":"Bogot\u00e0, Col\u00f2mbia","original_article_url":"https:\/\/www.elespectador.com\/opinion\/un-grito-mudo\/","_links":{"self":[{"href":"https:\/\/www.pressenza.com\/ca\/wp-json\/wp\/v2\/posts\/1275216","targetHints":{"allow":["GET"]}}],"collection":[{"href":"https:\/\/www.pressenza.com\/ca\/wp-json\/wp\/v2\/posts"}],"about":[{"href":"https:\/\/www.pressenza.com\/ca\/wp-json\/wp\/v2\/types\/post"}],"author":[{"embeddable":true,"href":"https:\/\/www.pressenza.com\/ca\/wp-json\/wp\/v2\/users\/1897"}],"replies":[{"embeddable":true,"href":"https:\/\/www.pressenza.com\/ca\/wp-json\/wp\/v2\/comments?post=1275216"}],"version-history":[{"count":0,"href":"https:\/\/www.pressenza.com\/ca\/wp-json\/wp\/v2\/posts\/1275216\/revisions"}],"wp:featuredmedia":[{"embeddable":true,"href":"https:\/\/www.pressenza.com\/ca\/wp-json\/wp\/v2\/media\/1274438"}],"wp:attachment":[{"href":"https:\/\/www.pressenza.com\/ca\/wp-json\/wp\/v2\/media?parent=1275216"}],"wp:term":[{"taxonomy":"category","embeddable":true,"href":"https:\/\/www.pressenza.com\/ca\/wp-json\/wp\/v2\/categories?post=1275216"},{"taxonomy":"post_tag","embeddable":true,"href":"https:\/\/www.pressenza.com\/ca\/wp-json\/wp\/v2\/tags?post=1275216"}],"curies":[{"name":"wp","href":"https:\/\/api.w.org\/{rel}","templated":true}]}}