{"id":1268862,"date":"2020-12-27T13:03:25","date_gmt":"2020-12-27T13:03:25","guid":{"rendered":"https:\/\/www.pressenza.com\/?p=1268862"},"modified":"2020-12-27T13:03:25","modified_gmt":"2020-12-27T13:03:25","slug":"responsabilitat-social-responsabilitat-individual-en-temps-de-covid","status":"publish","type":"post","link":"https:\/\/www.pressenza.com\/ca\/2020\/12\/responsabilitat-social-responsabilitat-individual-en-temps-de-covid\/","title":{"rendered":"Responsabilitat social, responsabilitat individual en temps de covid"},"content":{"rendered":"<p>En aquests temps de Nadal i pand\u00e8mia els diferents governs i administracions s\u2019han esmer\u00e7at\u00a0 m\u00e9s en fer recomanacions que en prendre\u00a0 decisions, tret del tancament perimetral efectiu de la Cerdanya i el Ripoll\u00e8s a Catalunya; aix\u00ed han transferit la responsabilitat a la gent<\/p>\n<p>alhora que ells restaven de perfil davant les possibles i previsibles conseq\u00fc\u00e8ncies epidemiol\u00f2giques d\u2019aquestes festes.<\/p>\n<p>Per qu\u00e8 ho han fet?<\/p>\n<p>Potser perqu\u00e8 \u00e9s m\u00e9s c\u00f2mode a efectes pol\u00edtics; potser perqu\u00e8 no en saben m\u00e9s; o per qu\u00e8 no saben per on tirar quan no es cap a un tancament gaireb\u00e9 total de l\u2019activitat econ\u00f2mica i social, punt on no volen arribar de nou? L&#8217;estat de benestar, ja molt d\u00e8bil en pa\u00efsos com Espanya, sense cap necessitat de crisi, fou destrossat per la del 2008.\u00a0 Aix\u00f2 no permet generar ara mecanismes de protecci\u00f3 social per\u00a0 atenuar de manera efectiva l\u2019impacte econ\u00f2mic i social de la pand\u00e8mia. Hi ha mesures possibles, per\u00f2 van m\u00e9s enll\u00e0 del marge sist\u00e8mic assumit pels nostres pol\u00edtics.<\/p>\n<p>Per\u00f2 aquesta perversa transfer\u00e8ncia de responsabilitat dels governants vers la societat per afrontar\u00a0 la pand\u00e8mia, no ens ha d\u2019impedir reflexionar al voltant de la responsabilitat individual. Tanmateix, \u00e9s ben cert que un pot prendre totes les mesures, per\u00f2 anem en transport p\u00fablic, treballem en espais moltes vegades no adaptats, ni prou ventilats i, inconscientment, podem abaixar la gu\u00e0rdia en qualsevol moment. El bitxo de la Covid t\u00e9 molta mala llet. I un bon dia et diuen que\u00a0 has estat en contacte estret amb un positiu.<\/p>\n<p>Primer la sorpresa. Sense gaireb\u00e9 reaccionar et diuen on i quan t\u2019has de fer les proves. I et quedes a casa. Avises a la feina i a alguns familiars i amics, per\u00f2 sense p\u00e0nic. Per\u00f2 la culpa s\u2019imposa i comences a donar voltes al cap amb la idea de les conseq\u00fc\u00e8ncies de ser positiu dos dies abans de Nadal, a pensar en les persones properes a les que fastiguejar\u00e0s els plans, com la ve\u00efna gran amb qui has compartit gaireb\u00e9 tot el temps i que espera aquest Nadal perqu\u00e8 vingui a dinar\u00a0 el seu fill que viu fora. El familiar que ha donat positiu se sent culpable. I alhora tractes de llevar-li aquest pes.<\/p>\n<p>T\u2019alliberes amb el resultat negatiu. Per\u00f2 ara ve la segona part: el confinament. Reps les instruccions i te&#8217;n vas cap a casa directament. Avises a la feina, per\u00f2 alleugerit, ja que ara nom\u00e9s \u00e9s cosa teva complir amb les mesures que no afecten directament a les persones estimades i sobretot en festes de Nadal. Et gestionen la baixa, per\u00f2 clar, una de comuna, i per tant a mols i moltes els hi descomptaran del sou. Altres poden agafar dies de vacances o fins i tot, els m\u00e9s afortunats, teletreballar. La porta del pis esdev\u00e9 una frontera que nom\u00e9s hom trenca per baixar la brossa a altes hores de la matinada i aix\u00ed no trobar-se a ning\u00fa.<\/p>\n<p>Per\u00f2 no tothom actua igual. Tens la filla positiva i amb s\u00edmptomes, tancada en una habitaci\u00f3 i tu has sortit negatiu, per\u00f2 decideixes no quedar-te a casa i anar a esmorzar amb les amigues o anar a recollir una panera de Nadal que t\u2019ha tocat en una rifa. O la\u00a0 mare i la seva parella s\u00f3n negatives, per\u00f2 han d\u2019estar confinats i la filla trenca el confinament passejant-se per casa sense mascareta i quan li retreus la seva actitud a la joveneta li surt la vena m\u00e9s Trump i Bolsonaro, amb absurdes afirmacions per refor\u00e7ar, sense cap escr\u00fapol,\u00a0 el seu egoisme individual que ven\u00e7 les normes de seguretat m\u00e9s elementals.<\/p>\n<p>No \u00e9s una q\u00fcesti\u00f3 generacional. Ni dep\u00e8n del g\u00e8nere ni de l\u2019edat. \u00c9s una q\u00fcesti\u00f3 totalment\u00a0 individual: si un decideix modificar els seus h\u00e0bits de vida durant un temps, no nom\u00e9s per una q\u00fcesti\u00f3 de salut pr\u00f2pia sin\u00f3 tamb\u00e9 de respecte pels altres. No podem exigir els altres all\u00f2 que nosaltres mateixos no estem disposats a fer. Si actuem tal com ens dona la gana com podem despr\u00e9s retreure als nostres governants la seva gesti\u00f3?<\/p>\n<p>Vull poder exigir que retin comptes d&#8217;all\u00f2 que han fet i d&#8217;all\u00f2 que no han fet, amb la certesa que jo he complert per\u00f2 ells no. Potser ells no tindran ni \u00e8tica ni responsabilitat, per\u00f2 jo espero tenir-ne de les dues.<\/p>\n","protected":false},"excerpt":{"rendered":"<p>En aquests temps de Nadal i pand\u00e8mia els diferents governs i administracions s\u2019han esmer\u00e7at\u00a0 m\u00e9s en fer recomanacions que en prendre\u00a0 decisions, tret del tancament perimetral efectiu de la Cerdanya i el Ripoll\u00e8s a Catalunya; aix\u00ed han transferit la responsabilitat&hellip;<\/p>\n","protected":false},"author":1122,"featured_media":1268863,"comment_status":"closed","ping_status":"closed","sticky":false,"template":"","format":"standard","meta":{"footnotes":""},"categories":[35531,35528,35526],"tags":[82691,85633],"class_list":["post-1268862","post","type-post","status-publish","format-standard","has-post-thumbnail","hentry","category-contingut-original-ca","category-opinions-ca","category-salut-ca","tag-covid-ca","tag-nadal-ca"],"yoast_head":"<!-- This site is optimized with the Yoast SEO plugin v27.1.1 - https:\/\/yoast.com\/product\/yoast-seo-wordpress\/ -->\n<title>Responsabilitat social, responsabilitat individual en temps de covid<\/title>\n<meta name=\"description\" content=\"En aquests temps de Nadal i pand\u00e8mia els diferents governs i administracions s\u2019han esmer\u00e7at\u00a0 m\u00e9s en fer recomanacions que en prendre\u00a0 decisions, tret del\" \/>\n<meta name=\"robots\" content=\"index, follow, max-snippet:-1, max-image-preview:large, max-video-preview:-1\" \/>\n<link rel=\"canonical\" href=\"https:\/\/www.pressenza.com\/ca\/2020\/12\/responsabilitat-social-responsabilitat-individual-en-temps-de-covid\/\" \/>\n<meta property=\"og:locale\" content=\"ca_ES\" \/>\n<meta property=\"og:type\" content=\"article\" \/>\n<meta property=\"og:title\" content=\"Responsabilitat social, responsabilitat individual en temps de covid\" \/>\n<meta property=\"og:description\" content=\"En aquests temps de Nadal i pand\u00e8mia els diferents governs i administracions s\u2019han esmer\u00e7at\u00a0 m\u00e9s en fer recomanacions que en prendre\u00a0 decisions, tret del\" \/>\n<meta property=\"og:url\" content=\"https:\/\/www.pressenza.com\/ca\/2020\/12\/responsabilitat-social-responsabilitat-individual-en-temps-de-covid\/\" \/>\n<meta property=\"og:site_name\" content=\"Pressenza\" \/>\n<meta property=\"article:publisher\" content=\"https:\/\/www.facebook.com\/PressenzaItalia\" \/>\n<meta property=\"article:author\" content=\"https:\/\/www.facebook.com\/Pressenza-Espaa-647854795301395\/timeline\/\" \/>\n<meta property=\"article:published_time\" content=\"2020-12-27T13:03:25+00:00\" \/>\n<meta property=\"og:image\" content=\"https:\/\/www.pressenza.com\/wp-content\/uploads\/2020\/12\/fira.jpg\" \/>\n\t<meta property=\"og:image:width\" content=\"1629\" \/>\n\t<meta property=\"og:image:height\" content=\"1101\" \/>\n\t<meta property=\"og:image:type\" content=\"image\/jpeg\" \/>\n<meta name=\"author\" content=\"Redacci\u00f3n Barcelona\" \/>\n<meta name=\"twitter:card\" content=\"summary_large_image\" \/>\n<meta name=\"twitter:creator\" content=\"@pressenza\" \/>\n<meta name=\"twitter:site\" content=\"@PressenzaIPA\" \/>\n<meta name=\"twitter:label1\" content=\"Escrit per\" \/>\n\t<meta name=\"twitter:data1\" content=\"Redacci\u00f3n Barcelona\" \/>\n\t<meta name=\"twitter:label2\" content=\"Temps estimat de lectura\" \/>\n\t<meta name=\"twitter:data2\" content=\"4 minuts\" \/>\n<script type=\"application\/ld+json\" class=\"yoast-schema-graph\">{\"@context\":\"https:\/\/schema.org\",\"@graph\":[{\"@type\":\"Article\",\"@id\":\"https:\/\/www.pressenza.com\/ca\/2020\/12\/responsabilitat-social-responsabilitat-individual-en-temps-de-covid\/#article\",\"isPartOf\":{\"@id\":\"https:\/\/www.pressenza.com\/ca\/2020\/12\/responsabilitat-social-responsabilitat-individual-en-temps-de-covid\/\"},\"author\":{\"name\":\"Redacci\u00f3n Barcelona\",\"@id\":\"https:\/\/www.pressenza.com\/ca\/#\/schema\/person\/8abc53b92f3264e0dad4300d54ac73ff\"},\"headline\":\"Responsabilitat social, responsabilitat individual en temps de covid\",\"datePublished\":\"2020-12-27T13:03:25+00:00\",\"mainEntityOfPage\":{\"@id\":\"https:\/\/www.pressenza.com\/ca\/2020\/12\/responsabilitat-social-responsabilitat-individual-en-temps-de-covid\/\"},\"wordCount\":770,\"publisher\":{\"@id\":\"https:\/\/www.pressenza.com\/ca\/#organization\"},\"image\":{\"@id\":\"https:\/\/www.pressenza.com\/ca\/2020\/12\/responsabilitat-social-responsabilitat-individual-en-temps-de-covid\/#primaryimage\"},\"thumbnailUrl\":\"https:\/\/www.pressenza.com\/wp-content\/uploads\/2020\/12\/fira.jpg\",\"keywords\":[\"covid\",\"Nadal\"],\"articleSection\":[\"Contingut original\",\"Opinions\",\"Salut\"],\"inLanguage\":\"ca\"},{\"@type\":\"WebPage\",\"@id\":\"https:\/\/www.pressenza.com\/ca\/2020\/12\/responsabilitat-social-responsabilitat-individual-en-temps-de-covid\/\",\"url\":\"https:\/\/www.pressenza.com\/ca\/2020\/12\/responsabilitat-social-responsabilitat-individual-en-temps-de-covid\/\",\"name\":\"Responsabilitat social, responsabilitat individual en temps de covid\",\"isPartOf\":{\"@id\":\"https:\/\/www.pressenza.com\/ca\/#website\"},\"primaryImageOfPage\":{\"@id\":\"https:\/\/www.pressenza.com\/ca\/2020\/12\/responsabilitat-social-responsabilitat-individual-en-temps-de-covid\/#primaryimage\"},\"image\":{\"@id\":\"https:\/\/www.pressenza.com\/ca\/2020\/12\/responsabilitat-social-responsabilitat-individual-en-temps-de-covid\/#primaryimage\"},\"thumbnailUrl\":\"https:\/\/www.pressenza.com\/wp-content\/uploads\/2020\/12\/fira.jpg\",\"datePublished\":\"2020-12-27T13:03:25+00:00\",\"description\":\"En aquests temps de Nadal i pand\u00e8mia els diferents governs i administracions s\u2019han esmer\u00e7at\u00a0 m\u00e9s en fer recomanacions que en prendre\u00a0 decisions, tret del\",\"breadcrumb\":{\"@id\":\"https:\/\/www.pressenza.com\/ca\/2020\/12\/responsabilitat-social-responsabilitat-individual-en-temps-de-covid\/#breadcrumb\"},\"inLanguage\":\"ca\",\"potentialAction\":[{\"@type\":\"ReadAction\",\"target\":[\"https:\/\/www.pressenza.com\/ca\/2020\/12\/responsabilitat-social-responsabilitat-individual-en-temps-de-covid\/\"]}]},{\"@type\":\"ImageObject\",\"inLanguage\":\"ca\",\"@id\":\"https:\/\/www.pressenza.com\/ca\/2020\/12\/responsabilitat-social-responsabilitat-individual-en-temps-de-covid\/#primaryimage\",\"url\":\"https:\/\/www.pressenza.com\/wp-content\/uploads\/2020\/12\/fira.jpg\",\"contentUrl\":\"https:\/\/www.pressenza.com\/wp-content\/uploads\/2020\/12\/fira.jpg\",\"width\":1629,\"height\":1101},{\"@type\":\"BreadcrumbList\",\"@id\":\"https:\/\/www.pressenza.com\/ca\/2020\/12\/responsabilitat-social-responsabilitat-individual-en-temps-de-covid\/#breadcrumb\",\"itemListElement\":[{\"@type\":\"ListItem\",\"position\":1,\"name\":\"Accueil\",\"item\":\"https:\/\/www.pressenza.com\/ca\/\"},{\"@type\":\"ListItem\",\"position\":2,\"name\":\"Responsabilitat social, responsabilitat individual en temps de covid\"}]},{\"@type\":\"WebSite\",\"@id\":\"https:\/\/www.pressenza.com\/ca\/#website\",\"url\":\"https:\/\/www.pressenza.com\/ca\/\",\"name\":\"Pressenza\",\"description\":\"International Press Agency\",\"publisher\":{\"@id\":\"https:\/\/www.pressenza.com\/ca\/#organization\"},\"potentialAction\":[{\"@type\":\"SearchAction\",\"target\":{\"@type\":\"EntryPoint\",\"urlTemplate\":\"https:\/\/www.pressenza.com\/ca\/?s={search_term_string}\"},\"query-input\":{\"@type\":\"PropertyValueSpecification\",\"valueRequired\":true,\"valueName\":\"search_term_string\"}}],\"inLanguage\":\"ca\"},{\"@type\":\"Organization\",\"@id\":\"https:\/\/www.pressenza.com\/ca\/#organization\",\"name\":\"Pressenza\",\"url\":\"https:\/\/www.pressenza.com\/ca\/\",\"logo\":{\"@type\":\"ImageObject\",\"inLanguage\":\"ca\",\"@id\":\"https:\/\/www.pressenza.com\/ca\/#\/schema\/logo\/image\/\",\"url\":\"https:\/\/www.pressenza.com\/wp-content\/uploads\/2022\/10\/pressenza_logo_200x200.jpg\",\"contentUrl\":\"https:\/\/www.pressenza.com\/wp-content\/uploads\/2022\/10\/pressenza_logo_200x200.jpg\",\"width\":200,\"height\":200,\"caption\":\"Pressenza\"},\"image\":{\"@id\":\"https:\/\/www.pressenza.com\/ca\/#\/schema\/logo\/image\/\"},\"sameAs\":[\"https:\/\/www.facebook.com\/PressenzaItalia\",\"https:\/\/x.com\/PressenzaIPA\"]},{\"@type\":\"Person\",\"@id\":\"https:\/\/www.pressenza.com\/ca\/#\/schema\/person\/8abc53b92f3264e0dad4300d54ac73ff\",\"name\":\"Redacci\u00f3n Barcelona\",\"description\":\"News published by the Pressenza bureau in Barcelona, Spain\",\"sameAs\":[\"https:\/\/www.facebook.com\/Pressenza-Espaa-647854795301395\/timeline\/\",\"https:\/\/x.com\/pressenza\"],\"url\":\"https:\/\/www.pressenza.com\/ca\/author\/redaccion-barcelona\/\"}]}<\/script>\n<!-- \/ Yoast SEO plugin. -->","yoast_head_json":{"title":"Responsabilitat social, responsabilitat individual en temps de covid","description":"En aquests temps de Nadal i pand\u00e8mia els diferents governs i administracions s\u2019han esmer\u00e7at\u00a0 m\u00e9s en fer recomanacions que en prendre\u00a0 decisions, tret del","robots":{"index":"index","follow":"follow","max-snippet":"max-snippet:-1","max-image-preview":"max-image-preview:large","max-video-preview":"max-video-preview:-1"},"canonical":"https:\/\/www.pressenza.com\/ca\/2020\/12\/responsabilitat-social-responsabilitat-individual-en-temps-de-covid\/","og_locale":"ca_ES","og_type":"article","og_title":"Responsabilitat social, responsabilitat individual en temps de covid","og_description":"En aquests temps de Nadal i pand\u00e8mia els diferents governs i administracions s\u2019han esmer\u00e7at\u00a0 m\u00e9s en fer recomanacions que en prendre\u00a0 decisions, tret del","og_url":"https:\/\/www.pressenza.com\/ca\/2020\/12\/responsabilitat-social-responsabilitat-individual-en-temps-de-covid\/","og_site_name":"Pressenza","article_publisher":"https:\/\/www.facebook.com\/PressenzaItalia","article_author":"https:\/\/www.facebook.com\/Pressenza-Espaa-647854795301395\/timeline\/","article_published_time":"2020-12-27T13:03:25+00:00","og_image":[{"width":1629,"height":1101,"url":"https:\/\/www.pressenza.com\/wp-content\/uploads\/2020\/12\/fira.jpg","type":"image\/jpeg"}],"author":"Redacci\u00f3n Barcelona","twitter_card":"summary_large_image","twitter_creator":"@pressenza","twitter_site":"@PressenzaIPA","twitter_misc":{"Escrit per":"Redacci\u00f3n Barcelona","Temps estimat de lectura":"4 minuts"},"schema":{"@context":"https:\/\/schema.org","@graph":[{"@type":"Article","@id":"https:\/\/www.pressenza.com\/ca\/2020\/12\/responsabilitat-social-responsabilitat-individual-en-temps-de-covid\/#article","isPartOf":{"@id":"https:\/\/www.pressenza.com\/ca\/2020\/12\/responsabilitat-social-responsabilitat-individual-en-temps-de-covid\/"},"author":{"name":"Redacci\u00f3n Barcelona","@id":"https:\/\/www.pressenza.com\/ca\/#\/schema\/person\/8abc53b92f3264e0dad4300d54ac73ff"},"headline":"Responsabilitat social, responsabilitat individual en temps de covid","datePublished":"2020-12-27T13:03:25+00:00","mainEntityOfPage":{"@id":"https:\/\/www.pressenza.com\/ca\/2020\/12\/responsabilitat-social-responsabilitat-individual-en-temps-de-covid\/"},"wordCount":770,"publisher":{"@id":"https:\/\/www.pressenza.com\/ca\/#organization"},"image":{"@id":"https:\/\/www.pressenza.com\/ca\/2020\/12\/responsabilitat-social-responsabilitat-individual-en-temps-de-covid\/#primaryimage"},"thumbnailUrl":"https:\/\/www.pressenza.com\/wp-content\/uploads\/2020\/12\/fira.jpg","keywords":["covid","Nadal"],"articleSection":["Contingut original","Opinions","Salut"],"inLanguage":"ca"},{"@type":"WebPage","@id":"https:\/\/www.pressenza.com\/ca\/2020\/12\/responsabilitat-social-responsabilitat-individual-en-temps-de-covid\/","url":"https:\/\/www.pressenza.com\/ca\/2020\/12\/responsabilitat-social-responsabilitat-individual-en-temps-de-covid\/","name":"Responsabilitat social, responsabilitat individual en temps de covid","isPartOf":{"@id":"https:\/\/www.pressenza.com\/ca\/#website"},"primaryImageOfPage":{"@id":"https:\/\/www.pressenza.com\/ca\/2020\/12\/responsabilitat-social-responsabilitat-individual-en-temps-de-covid\/#primaryimage"},"image":{"@id":"https:\/\/www.pressenza.com\/ca\/2020\/12\/responsabilitat-social-responsabilitat-individual-en-temps-de-covid\/#primaryimage"},"thumbnailUrl":"https:\/\/www.pressenza.com\/wp-content\/uploads\/2020\/12\/fira.jpg","datePublished":"2020-12-27T13:03:25+00:00","description":"En aquests temps de Nadal i pand\u00e8mia els diferents governs i administracions s\u2019han esmer\u00e7at\u00a0 m\u00e9s en fer recomanacions que en prendre\u00a0 decisions, tret del","breadcrumb":{"@id":"https:\/\/www.pressenza.com\/ca\/2020\/12\/responsabilitat-social-responsabilitat-individual-en-temps-de-covid\/#breadcrumb"},"inLanguage":"ca","potentialAction":[{"@type":"ReadAction","target":["https:\/\/www.pressenza.com\/ca\/2020\/12\/responsabilitat-social-responsabilitat-individual-en-temps-de-covid\/"]}]},{"@type":"ImageObject","inLanguage":"ca","@id":"https:\/\/www.pressenza.com\/ca\/2020\/12\/responsabilitat-social-responsabilitat-individual-en-temps-de-covid\/#primaryimage","url":"https:\/\/www.pressenza.com\/wp-content\/uploads\/2020\/12\/fira.jpg","contentUrl":"https:\/\/www.pressenza.com\/wp-content\/uploads\/2020\/12\/fira.jpg","width":1629,"height":1101},{"@type":"BreadcrumbList","@id":"https:\/\/www.pressenza.com\/ca\/2020\/12\/responsabilitat-social-responsabilitat-individual-en-temps-de-covid\/#breadcrumb","itemListElement":[{"@type":"ListItem","position":1,"name":"Accueil","item":"https:\/\/www.pressenza.com\/ca\/"},{"@type":"ListItem","position":2,"name":"Responsabilitat social, responsabilitat individual en temps de covid"}]},{"@type":"WebSite","@id":"https:\/\/www.pressenza.com\/ca\/#website","url":"https:\/\/www.pressenza.com\/ca\/","name":"Pressenza","description":"International Press Agency","publisher":{"@id":"https:\/\/www.pressenza.com\/ca\/#organization"},"potentialAction":[{"@type":"SearchAction","target":{"@type":"EntryPoint","urlTemplate":"https:\/\/www.pressenza.com\/ca\/?s={search_term_string}"},"query-input":{"@type":"PropertyValueSpecification","valueRequired":true,"valueName":"search_term_string"}}],"inLanguage":"ca"},{"@type":"Organization","@id":"https:\/\/www.pressenza.com\/ca\/#organization","name":"Pressenza","url":"https:\/\/www.pressenza.com\/ca\/","logo":{"@type":"ImageObject","inLanguage":"ca","@id":"https:\/\/www.pressenza.com\/ca\/#\/schema\/logo\/image\/","url":"https:\/\/www.pressenza.com\/wp-content\/uploads\/2022\/10\/pressenza_logo_200x200.jpg","contentUrl":"https:\/\/www.pressenza.com\/wp-content\/uploads\/2022\/10\/pressenza_logo_200x200.jpg","width":200,"height":200,"caption":"Pressenza"},"image":{"@id":"https:\/\/www.pressenza.com\/ca\/#\/schema\/logo\/image\/"},"sameAs":["https:\/\/www.facebook.com\/PressenzaItalia","https:\/\/x.com\/PressenzaIPA"]},{"@type":"Person","@id":"https:\/\/www.pressenza.com\/ca\/#\/schema\/person\/8abc53b92f3264e0dad4300d54ac73ff","name":"Redacci\u00f3n Barcelona","description":"News published by the Pressenza bureau in Barcelona, Spain","sameAs":["https:\/\/www.facebook.com\/Pressenza-Espaa-647854795301395\/timeline\/","https:\/\/x.com\/pressenza"],"url":"https:\/\/www.pressenza.com\/ca\/author\/redaccion-barcelona\/"}]}},"place":"Catalunya - Enric Feliu","original_article_url":"","_links":{"self":[{"href":"https:\/\/www.pressenza.com\/ca\/wp-json\/wp\/v2\/posts\/1268862","targetHints":{"allow":["GET"]}}],"collection":[{"href":"https:\/\/www.pressenza.com\/ca\/wp-json\/wp\/v2\/posts"}],"about":[{"href":"https:\/\/www.pressenza.com\/ca\/wp-json\/wp\/v2\/types\/post"}],"author":[{"embeddable":true,"href":"https:\/\/www.pressenza.com\/ca\/wp-json\/wp\/v2\/users\/1122"}],"replies":[{"embeddable":true,"href":"https:\/\/www.pressenza.com\/ca\/wp-json\/wp\/v2\/comments?post=1268862"}],"version-history":[{"count":0,"href":"https:\/\/www.pressenza.com\/ca\/wp-json\/wp\/v2\/posts\/1268862\/revisions"}],"wp:featuredmedia":[{"embeddable":true,"href":"https:\/\/www.pressenza.com\/ca\/wp-json\/wp\/v2\/media\/1268863"}],"wp:attachment":[{"href":"https:\/\/www.pressenza.com\/ca\/wp-json\/wp\/v2\/media?parent=1268862"}],"wp:term":[{"taxonomy":"category","embeddable":true,"href":"https:\/\/www.pressenza.com\/ca\/wp-json\/wp\/v2\/categories?post=1268862"},{"taxonomy":"post_tag","embeddable":true,"href":"https:\/\/www.pressenza.com\/ca\/wp-json\/wp\/v2\/tags?post=1268862"}],"curies":[{"name":"wp","href":"https:\/\/api.w.org\/{rel}","templated":true}]}}