{"id":1262601,"date":"2020-12-16T16:15:43","date_gmt":"2020-12-16T16:15:43","guid":{"rendered":"https:\/\/www.pressenza.com\/?p=1262601"},"modified":"2020-12-16T16:16:37","modified_gmt":"2020-12-16T16:16:37","slug":"atureu-el-genocidi-quepareelgenocidio-setembre-va-ser-el-mes-amb-mes-assassinats-a-colombia-durant-aquest-2020","status":"publish","type":"post","link":"https:\/\/www.pressenza.com\/ca\/2020\/12\/atureu-el-genocidi-quepareelgenocidio-setembre-va-ser-el-mes-amb-mes-assassinats-a-colombia-durant-aquest-2020\/","title":{"rendered":"Atureu el Genocidi! &#8211; #QuePareElGenocidio Setembre va ser el mes amb m\u00e9s assassinats a Col\u00f2mbia durant aquest 2020"},"content":{"rendered":"<h6><span style=\"color: #999999;\">(Imatge de Pressenza)<\/span><\/h6>\n<p><em>Des de la redacci\u00f3 de Pressenza Catalunya, mitjan\u00e7ant la traducci\u00f3 de varis articles originals de la redacci\u00f3 de Pressenza al lloc del fets, volem donar visibilitat a una recopilaci\u00f3 d&#8217;esdeveniments que han succe\u00eft i continuen succeint a Col\u00f2mbia.<\/em><\/p>\n<p><em> Aquest \u00e9s un dels articles.<\/em><\/p>\n<hr \/>\n<p>&nbsp;<\/p>\n<p><em>La vida de l\u00edders socials, excombatents i civils segueixen en perill a Col\u00f2mbia, mentre el Govern Nacional no realitza cap mena d&#8217;acci\u00f3 contundent per protegir-los.<\/em><\/p>\n<p><strong>Per: Zenaida Espinosa i Stephania Aldana C.<\/strong><\/p>\n<p>A Col\u00f2mbia, les massacres i els assassinats en contra de l\u00edders socials, excombatents i civils segueixen en augment. Segons xifres de l&#8217;Institut d&#8217;Estudis per al Desenvolupament i la Pau (Indepaz), entre gener i setembre de 2020 hi va haver 65 massacres, en les quals van ser assassinades 260 persones; el 21 d&#8217;octubre es comptabilitzen 237 assassinats de l\u00edders socials i 51 excombatents de les FARC, nom\u00e9s en el que va de l&#8217;any 2020.<\/p>\n<p>Segons Indepaz, entre agost i setembre de 2020 es van presentar 120 assassinats en 27 massacres (11 a l&#8217;agost i 16 al setembre). Els departaments com Cauca, Nari\u00f1o, Antioquia, Va xocar, Nord de Santander i Vall del Cauca, van ser els territoris on es va presentar el nombre m\u00e9s gran d&#8217;assassinats per activitats relacionades amb el lideratge social, estar involucrat en un projecte productiu o ser excombatent. Sense deixar de banda que diversos civils han estat assassinats enmig de cruentes massacres.<\/p>\n<p>Des de la signatura de l&#8217;Acord de Pau a l&#8217;Havana, el 26 de setembre de 2016, fins al 18 de febrer de 2020, van ser assassinades 565 l\u00edders (Fem Mem\u00f2ria, 26 de febrer de 2020). I despr\u00e9s de les m\u00faltiples den\u00fancies que s&#8217;han fet i la poca acci\u00f3 del Govern Nacional enfront del tema, els fets que atempten contra la poblaci\u00f3 esmentada segueixen en augment i, pel que sembla, no cessaran.<\/p>\n<p>Veure: <a href=\"http:\/\/hacemosmemoria.org\/2020\/02\/26\/desde-la-firma-del-acuerdo-de-paz-han-sido-asesinados-565-lideres-sociales\/\">Desde la firma del Acuerdo de Paz asesinaron a 565 l\u00edderes sociales<\/a><\/p>\n<p>Presentem la cronologia d&#8217;assassinats del 21 d&#8217;agost al 23 de setembre de 2020:<\/p>\n<p><strong>21 d&#8217;agost<\/strong>. En el Corregiment \u201cEl Caracol\u201d, departament d&#8217;Arauca, les autoritats van arribar amb dificultat a l&#8217;aixecament de cinc cad\u00e0vers. Aquest mateix dia en El Tambo (Cauca), es va confirmar l&#8217;assassinat de sis persones.<\/p>\n<p>A unes hores de l&#8217;arribada del president Iv\u00e1n Duque a Nari\u00f1o, el governador d&#8217;aquest departament, Jhon Rojas, va confirmar la massacre d&#8217;altres sis persones. Aix\u00f2 significa tres massacres en un dia, amb un total de 17 persones assassinades.<\/p>\n<p><strong>AGOST<\/strong><\/p>\n<p><strong>25 d&#8217;agost.<\/strong> Tres homes van ser assassinats en la zona rural d&#8217;Abrego, Nord de Santander. Els cossos sense vida dels tres joves, amb edats que oscil\u00b7laven entre els 20 i els 30 anys, presentaven diversos impactes per arma de foc.<\/p>\n<p><strong>28 d&#8217;agost.<\/strong> Tres persones assassinades en la zona rural d&#8217;Andes, departament d&#8217;Antioquia. Una de les v\u00edctimes era menor d&#8217;edat.<\/p>\n<p>Aquest mateix dia, en la zona rural del municipi de Montecristo, sud de Bol\u00edvar, un excombatent de les FARC va ser assassinat.<\/p>\n<p><strong>29 d&#8217;agost<\/strong>. Dos l\u00edders socials militants del partit FARC, van ser assassinats en el Municipi Sant Pau, sud de Bol\u00edvar.<\/p>\n<p><strong>SETEMBRE<\/strong><\/p>\n<p><strong>Setembre 7<\/strong>. A Tunja van ser trobats sense vida cinc membres d&#8217;una mateixa fam\u00edlia.<\/p>\n<p><strong>Setembre 9.<\/strong> A la matinada es va con\u00e8ixer un cas d&#8217;ab\u00fas policial a Bogot\u00e0. En aquest fet, dos uniformats de la Policia Nacional van sotmetre Javier Ordo\u00f1ez, un advocat a qui li van propinar desc\u00e0rregues el\u00e8ctriques amb una pistola d&#8217;electroxoc i van reduir amb la t\u00e8cnica d&#8217;escanyament. Despr\u00e9s de ser traslladat a un Comando d&#8217;Atenci\u00f3 Immediata (CAI), els policies el van colpejar en repetides ocasions i, despr\u00e9s de ser dut a un centre m\u00e8dic, Ordo\u00f1ez va morir a causa dels cops que els uniformats li van propinar.<\/p>\n<p>Despr\u00e9s d&#8217;aquest fet, es van succeir dos dies de protestes ciutadanes durant les quals, en fets que encara s\u00f3n mat\u00e8ria de recerca, la Policia va tornar a ser not\u00edcia per l&#8217;ab\u00fas i atropellament cap als manifestants, tal com va quedar registrat en diversos v\u00eddeos que circulen per les xarxes socials. En diverses localitats de Bogot\u00e0 els policies van obrir foc contra els manifestants, el resultat fou de 9 persones mortes i 55 m\u00e9s ferides.<\/p>\n<p>Veure: <a href=\"https:\/\/www.pressenza.com\/es\/2020\/10\/el-9-y-10-de-septiembre-de-2020-se-afecto-gravemente-la-democracia\/\">El 9 y 10 de septiembre de 2020 se afect\u00f3 gravemente la Democracia<\/a><\/p>\n<p><strong>Setembre 17.<\/strong> Massacre de tres persones a Taraz\u00e1, Antioquia.<\/p>\n<p><strong>Setembre 18.<\/strong> Tres joves van ser assassinats a Oca\u00f1a, Nord de Santander. Els fets es van registrar en el Corregiment d&#8217;Aguaclara, en el cam\u00ed que condueix a l&#8217;aeroport de la localitat.<\/p>\n<p><strong>Setembre 19.<\/strong> Dues nenes menors d&#8217;edat van ser massacrades en la zona rural de Restrepo, Vall del Cauca.<\/p>\n<p><strong>Setembre 20.<\/strong> En el departament del Cauca una altra massacre va ser perpetrada per paramilitars, que van llan\u00e7ar granades de m\u00e0 i van disparar amb fusells contra set joves a la zona rural de Cerro Teta, entre Buenos Aires i Santander de Quilichao.<\/p>\n<p>Amb aquest fet serien 60 els assassinats per temes relacionats amb grups armats il\u00b7legals i agents de l&#8217;Estat, en el decurs d&#8217;aquest any. A m\u00e9s, durant la nit van ser assassinades quatre persones, en el municipi del Carcho, departament de Nari\u00f1o.<\/p>\n<p><strong>Setembre 23.<\/strong> Tres membres d&#8217;una mateixa fam\u00edlia van ser assassinats en el corriol Quebrad\u00f3n d&#8217;Algesires, departament de Tolida. Durant aquest any, en aquest municipi s&#8217;han registrat m\u00e9s de 20 assassinats.<\/p>\n","protected":false},"excerpt":{"rendered":"<p>(Imatge de Pressenza) Des de la redacci\u00f3 de Pressenza Catalunya, mitjan\u00e7ant la traducci\u00f3 de varis articles originals de la redacci\u00f3 de Pressenza al lloc del fets, volem donar visibilitat a una recopilaci\u00f3 d&#8217;esdeveniments que han succe\u00eft i continuen succeint a&hellip;<\/p>\n","protected":false},"author":1053,"featured_media":1223778,"comment_status":"closed","ping_status":"closed","sticky":false,"template":"","format":"standard","meta":{"footnotes":""},"categories":[35531,35512,35509],"tags":[85276,79102,85274,85277,85278,85275],"class_list":["post-1262601","post","type-post","status-publish","format-standard","has-post-thumbnail","hentry","category-contingut-original-ca","category-drets-humans-ca","category-sud-america-ca","tag-assassinats-ca","tag-colombia-ca","tag-excombatents","tag-farc-ca","tag-indigenes-ca","tag-liders"],"yoast_head":"<!-- This site is optimized with the Yoast SEO plugin v27.1.1 - https:\/\/yoast.com\/product\/yoast-seo-wordpress\/ -->\n<title>Atureu el Genocidi! - #QuePareElGenocidio Setembre va ser el mes amb m\u00e9s assassinats a Col\u00f2mbia durant aquest 2020<\/title>\n<meta name=\"description\" content=\"(Imatge de Pressenza) Des de la redacci\u00f3 de Pressenza Catalunya, mitjan\u00e7ant la traducci\u00f3 de varis articles originals de la redacci\u00f3 de Pressenza al lloc\" \/>\n<meta name=\"robots\" content=\"index, follow, max-snippet:-1, max-image-preview:large, max-video-preview:-1\" \/>\n<link rel=\"canonical\" href=\"https:\/\/www.pressenza.com\/ca\/2020\/12\/atureu-el-genocidi-quepareelgenocidio-setembre-va-ser-el-mes-amb-mes-assassinats-a-colombia-durant-aquest-2020\/\" \/>\n<meta property=\"og:locale\" content=\"ca_ES\" \/>\n<meta property=\"og:type\" content=\"article\" \/>\n<meta property=\"og:title\" content=\"Atureu el Genocidi! - #QuePareElGenocidio Setembre va ser el mes amb m\u00e9s assassinats a Col\u00f2mbia durant aquest 2020\" \/>\n<meta property=\"og:description\" content=\"(Imatge de Pressenza) Des de la redacci\u00f3 de Pressenza Catalunya, mitjan\u00e7ant la traducci\u00f3 de varis articles originals de la redacci\u00f3 de Pressenza al lloc\" \/>\n<meta property=\"og:url\" content=\"https:\/\/www.pressenza.com\/ca\/2020\/12\/atureu-el-genocidi-quepareelgenocidio-setembre-va-ser-el-mes-amb-mes-assassinats-a-colombia-durant-aquest-2020\/\" \/>\n<meta property=\"og:site_name\" content=\"Pressenza\" \/>\n<meta property=\"article:publisher\" content=\"https:\/\/www.facebook.com\/PressenzaItalia\" \/>\n<meta property=\"article:published_time\" content=\"2020-12-16T16:15:43+00:00\" \/>\n<meta property=\"article:modified_time\" content=\"2020-12-16T16:16:37+00:00\" \/>\n<meta property=\"og:image\" content=\"https:\/\/www.pressenza.com\/wp-content\/uploads\/2020\/10\/QuePareElGenocidio.jpg\" \/>\n\t<meta property=\"og:image:width\" content=\"1280\" \/>\n\t<meta property=\"og:image:height\" content=\"590\" \/>\n\t<meta property=\"og:image:type\" content=\"image\/jpeg\" \/>\n<meta name=\"author\" content=\"Redacci\u00f3n Colombia\" \/>\n<meta name=\"twitter:card\" content=\"summary_large_image\" \/>\n<meta name=\"twitter:creator\" content=\"@PressenzaIPA\" \/>\n<meta name=\"twitter:site\" content=\"@PressenzaIPA\" \/>\n<meta name=\"twitter:label1\" content=\"Escrit per\" \/>\n\t<meta name=\"twitter:data1\" content=\"Redacci\u00f3n Colombia\" \/>\n\t<meta name=\"twitter:label2\" content=\"Temps estimat de lectura\" \/>\n\t<meta name=\"twitter:data2\" content=\"4 minuts\" \/>\n<script type=\"application\/ld+json\" class=\"yoast-schema-graph\">{\"@context\":\"https:\/\/schema.org\",\"@graph\":[{\"@type\":\"Article\",\"@id\":\"https:\/\/www.pressenza.com\/ca\/2020\/12\/atureu-el-genocidi-quepareelgenocidio-setembre-va-ser-el-mes-amb-mes-assassinats-a-colombia-durant-aquest-2020\/#article\",\"isPartOf\":{\"@id\":\"https:\/\/www.pressenza.com\/ca\/2020\/12\/atureu-el-genocidi-quepareelgenocidio-setembre-va-ser-el-mes-amb-mes-assassinats-a-colombia-durant-aquest-2020\/\"},\"author\":{\"name\":\"Redacci\u00f3n Colombia\",\"@id\":\"https:\/\/www.pressenza.com\/ca\/#\/schema\/person\/7c8ee170a4502d638436c91e385315f2\"},\"headline\":\"Atureu el Genocidi! &#8211; #QuePareElGenocidio Setembre va ser el mes amb m\u00e9s assassinats a Col\u00f2mbia durant aquest 2020\",\"datePublished\":\"2020-12-16T16:15:43+00:00\",\"dateModified\":\"2020-12-16T16:16:37+00:00\",\"mainEntityOfPage\":{\"@id\":\"https:\/\/www.pressenza.com\/ca\/2020\/12\/atureu-el-genocidi-quepareelgenocidio-setembre-va-ser-el-mes-amb-mes-assassinats-a-colombia-durant-aquest-2020\/\"},\"wordCount\":934,\"publisher\":{\"@id\":\"https:\/\/www.pressenza.com\/ca\/#organization\"},\"image\":{\"@id\":\"https:\/\/www.pressenza.com\/ca\/2020\/12\/atureu-el-genocidi-quepareelgenocidio-setembre-va-ser-el-mes-amb-mes-assassinats-a-colombia-durant-aquest-2020\/#primaryimage\"},\"thumbnailUrl\":\"https:\/\/www.pressenza.com\/wp-content\/uploads\/2020\/10\/QuePareElGenocidio.jpg\",\"keywords\":[\"assassinats\",\"Colombia\",\"Excombatents\",\"FARC\",\"indig\u00e8nes\",\"l\u00edders\"],\"articleSection\":[\"Contingut original\",\"Drets Humans\",\"Sud-am\u00e8rica\"],\"inLanguage\":\"ca\"},{\"@type\":\"WebPage\",\"@id\":\"https:\/\/www.pressenza.com\/ca\/2020\/12\/atureu-el-genocidi-quepareelgenocidio-setembre-va-ser-el-mes-amb-mes-assassinats-a-colombia-durant-aquest-2020\/\",\"url\":\"https:\/\/www.pressenza.com\/ca\/2020\/12\/atureu-el-genocidi-quepareelgenocidio-setembre-va-ser-el-mes-amb-mes-assassinats-a-colombia-durant-aquest-2020\/\",\"name\":\"Atureu el Genocidi! - #QuePareElGenocidio Setembre va ser el mes amb m\u00e9s assassinats a Col\u00f2mbia durant aquest 2020\",\"isPartOf\":{\"@id\":\"https:\/\/www.pressenza.com\/ca\/#website\"},\"primaryImageOfPage\":{\"@id\":\"https:\/\/www.pressenza.com\/ca\/2020\/12\/atureu-el-genocidi-quepareelgenocidio-setembre-va-ser-el-mes-amb-mes-assassinats-a-colombia-durant-aquest-2020\/#primaryimage\"},\"image\":{\"@id\":\"https:\/\/www.pressenza.com\/ca\/2020\/12\/atureu-el-genocidi-quepareelgenocidio-setembre-va-ser-el-mes-amb-mes-assassinats-a-colombia-durant-aquest-2020\/#primaryimage\"},\"thumbnailUrl\":\"https:\/\/www.pressenza.com\/wp-content\/uploads\/2020\/10\/QuePareElGenocidio.jpg\",\"datePublished\":\"2020-12-16T16:15:43+00:00\",\"dateModified\":\"2020-12-16T16:16:37+00:00\",\"description\":\"(Imatge de Pressenza) Des de la redacci\u00f3 de Pressenza Catalunya, mitjan\u00e7ant la traducci\u00f3 de varis articles originals de la redacci\u00f3 de Pressenza al lloc\",\"breadcrumb\":{\"@id\":\"https:\/\/www.pressenza.com\/ca\/2020\/12\/atureu-el-genocidi-quepareelgenocidio-setembre-va-ser-el-mes-amb-mes-assassinats-a-colombia-durant-aquest-2020\/#breadcrumb\"},\"inLanguage\":\"ca\",\"potentialAction\":[{\"@type\":\"ReadAction\",\"target\":[\"https:\/\/www.pressenza.com\/ca\/2020\/12\/atureu-el-genocidi-quepareelgenocidio-setembre-va-ser-el-mes-amb-mes-assassinats-a-colombia-durant-aquest-2020\/\"]}]},{\"@type\":\"ImageObject\",\"inLanguage\":\"ca\",\"@id\":\"https:\/\/www.pressenza.com\/ca\/2020\/12\/atureu-el-genocidi-quepareelgenocidio-setembre-va-ser-el-mes-amb-mes-assassinats-a-colombia-durant-aquest-2020\/#primaryimage\",\"url\":\"https:\/\/www.pressenza.com\/wp-content\/uploads\/2020\/10\/QuePareElGenocidio.jpg\",\"contentUrl\":\"https:\/\/www.pressenza.com\/wp-content\/uploads\/2020\/10\/QuePareElGenocidio.jpg\",\"width\":1280,\"height\":590,\"caption\":\"#QuePareElGenocidio en Colombia\"},{\"@type\":\"BreadcrumbList\",\"@id\":\"https:\/\/www.pressenza.com\/ca\/2020\/12\/atureu-el-genocidi-quepareelgenocidio-setembre-va-ser-el-mes-amb-mes-assassinats-a-colombia-durant-aquest-2020\/#breadcrumb\",\"itemListElement\":[{\"@type\":\"ListItem\",\"position\":1,\"name\":\"Accueil\",\"item\":\"https:\/\/www.pressenza.com\/ca\/\"},{\"@type\":\"ListItem\",\"position\":2,\"name\":\"Atureu el Genocidi! &#8211; #QuePareElGenocidio Setembre va ser el mes amb m\u00e9s assassinats a Col\u00f2mbia durant aquest 2020\"}]},{\"@type\":\"WebSite\",\"@id\":\"https:\/\/www.pressenza.com\/ca\/#website\",\"url\":\"https:\/\/www.pressenza.com\/ca\/\",\"name\":\"Pressenza\",\"description\":\"International Press Agency\",\"publisher\":{\"@id\":\"https:\/\/www.pressenza.com\/ca\/#organization\"},\"potentialAction\":[{\"@type\":\"SearchAction\",\"target\":{\"@type\":\"EntryPoint\",\"urlTemplate\":\"https:\/\/www.pressenza.com\/ca\/?s={search_term_string}\"},\"query-input\":{\"@type\":\"PropertyValueSpecification\",\"valueRequired\":true,\"valueName\":\"search_term_string\"}}],\"inLanguage\":\"ca\"},{\"@type\":\"Organization\",\"@id\":\"https:\/\/www.pressenza.com\/ca\/#organization\",\"name\":\"Pressenza\",\"url\":\"https:\/\/www.pressenza.com\/ca\/\",\"logo\":{\"@type\":\"ImageObject\",\"inLanguage\":\"ca\",\"@id\":\"https:\/\/www.pressenza.com\/ca\/#\/schema\/logo\/image\/\",\"url\":\"https:\/\/www.pressenza.com\/wp-content\/uploads\/2022\/10\/pressenza_logo_200x200.jpg\",\"contentUrl\":\"https:\/\/www.pressenza.com\/wp-content\/uploads\/2022\/10\/pressenza_logo_200x200.jpg\",\"width\":200,\"height\":200,\"caption\":\"Pressenza\"},\"image\":{\"@id\":\"https:\/\/www.pressenza.com\/ca\/#\/schema\/logo\/image\/\"},\"sameAs\":[\"https:\/\/www.facebook.com\/PressenzaItalia\",\"https:\/\/x.com\/PressenzaIPA\"]},{\"@type\":\"Person\",\"@id\":\"https:\/\/www.pressenza.com\/ca\/#\/schema\/person\/7c8ee170a4502d638436c91e385315f2\",\"name\":\"Redacci\u00f3n Colombia\",\"description\":\"News published by the Pressenza bureau in Colombia\",\"url\":\"https:\/\/www.pressenza.com\/ca\/author\/redaccion-colombia\/\"}]}<\/script>\n<!-- \/ Yoast SEO plugin. -->","yoast_head_json":{"title":"Atureu el Genocidi! - #QuePareElGenocidio Setembre va ser el mes amb m\u00e9s assassinats a Col\u00f2mbia durant aquest 2020","description":"(Imatge de Pressenza) Des de la redacci\u00f3 de Pressenza Catalunya, mitjan\u00e7ant la traducci\u00f3 de varis articles originals de la redacci\u00f3 de Pressenza al lloc","robots":{"index":"index","follow":"follow","max-snippet":"max-snippet:-1","max-image-preview":"max-image-preview:large","max-video-preview":"max-video-preview:-1"},"canonical":"https:\/\/www.pressenza.com\/ca\/2020\/12\/atureu-el-genocidi-quepareelgenocidio-setembre-va-ser-el-mes-amb-mes-assassinats-a-colombia-durant-aquest-2020\/","og_locale":"ca_ES","og_type":"article","og_title":"Atureu el Genocidi! - #QuePareElGenocidio Setembre va ser el mes amb m\u00e9s assassinats a Col\u00f2mbia durant aquest 2020","og_description":"(Imatge de Pressenza) Des de la redacci\u00f3 de Pressenza Catalunya, mitjan\u00e7ant la traducci\u00f3 de varis articles originals de la redacci\u00f3 de Pressenza al lloc","og_url":"https:\/\/www.pressenza.com\/ca\/2020\/12\/atureu-el-genocidi-quepareelgenocidio-setembre-va-ser-el-mes-amb-mes-assassinats-a-colombia-durant-aquest-2020\/","og_site_name":"Pressenza","article_publisher":"https:\/\/www.facebook.com\/PressenzaItalia","article_published_time":"2020-12-16T16:15:43+00:00","article_modified_time":"2020-12-16T16:16:37+00:00","og_image":[{"width":1280,"height":590,"url":"https:\/\/www.pressenza.com\/wp-content\/uploads\/2020\/10\/QuePareElGenocidio.jpg","type":"image\/jpeg"}],"author":"Redacci\u00f3n Colombia","twitter_card":"summary_large_image","twitter_creator":"@PressenzaIPA","twitter_site":"@PressenzaIPA","twitter_misc":{"Escrit per":"Redacci\u00f3n Colombia","Temps estimat de lectura":"4 minuts"},"schema":{"@context":"https:\/\/schema.org","@graph":[{"@type":"Article","@id":"https:\/\/www.pressenza.com\/ca\/2020\/12\/atureu-el-genocidi-quepareelgenocidio-setembre-va-ser-el-mes-amb-mes-assassinats-a-colombia-durant-aquest-2020\/#article","isPartOf":{"@id":"https:\/\/www.pressenza.com\/ca\/2020\/12\/atureu-el-genocidi-quepareelgenocidio-setembre-va-ser-el-mes-amb-mes-assassinats-a-colombia-durant-aquest-2020\/"},"author":{"name":"Redacci\u00f3n Colombia","@id":"https:\/\/www.pressenza.com\/ca\/#\/schema\/person\/7c8ee170a4502d638436c91e385315f2"},"headline":"Atureu el Genocidi! &#8211; #QuePareElGenocidio Setembre va ser el mes amb m\u00e9s assassinats a Col\u00f2mbia durant aquest 2020","datePublished":"2020-12-16T16:15:43+00:00","dateModified":"2020-12-16T16:16:37+00:00","mainEntityOfPage":{"@id":"https:\/\/www.pressenza.com\/ca\/2020\/12\/atureu-el-genocidi-quepareelgenocidio-setembre-va-ser-el-mes-amb-mes-assassinats-a-colombia-durant-aquest-2020\/"},"wordCount":934,"publisher":{"@id":"https:\/\/www.pressenza.com\/ca\/#organization"},"image":{"@id":"https:\/\/www.pressenza.com\/ca\/2020\/12\/atureu-el-genocidi-quepareelgenocidio-setembre-va-ser-el-mes-amb-mes-assassinats-a-colombia-durant-aquest-2020\/#primaryimage"},"thumbnailUrl":"https:\/\/www.pressenza.com\/wp-content\/uploads\/2020\/10\/QuePareElGenocidio.jpg","keywords":["assassinats","Colombia","Excombatents","FARC","indig\u00e8nes","l\u00edders"],"articleSection":["Contingut original","Drets Humans","Sud-am\u00e8rica"],"inLanguage":"ca"},{"@type":"WebPage","@id":"https:\/\/www.pressenza.com\/ca\/2020\/12\/atureu-el-genocidi-quepareelgenocidio-setembre-va-ser-el-mes-amb-mes-assassinats-a-colombia-durant-aquest-2020\/","url":"https:\/\/www.pressenza.com\/ca\/2020\/12\/atureu-el-genocidi-quepareelgenocidio-setembre-va-ser-el-mes-amb-mes-assassinats-a-colombia-durant-aquest-2020\/","name":"Atureu el Genocidi! - #QuePareElGenocidio Setembre va ser el mes amb m\u00e9s assassinats a Col\u00f2mbia durant aquest 2020","isPartOf":{"@id":"https:\/\/www.pressenza.com\/ca\/#website"},"primaryImageOfPage":{"@id":"https:\/\/www.pressenza.com\/ca\/2020\/12\/atureu-el-genocidi-quepareelgenocidio-setembre-va-ser-el-mes-amb-mes-assassinats-a-colombia-durant-aquest-2020\/#primaryimage"},"image":{"@id":"https:\/\/www.pressenza.com\/ca\/2020\/12\/atureu-el-genocidi-quepareelgenocidio-setembre-va-ser-el-mes-amb-mes-assassinats-a-colombia-durant-aquest-2020\/#primaryimage"},"thumbnailUrl":"https:\/\/www.pressenza.com\/wp-content\/uploads\/2020\/10\/QuePareElGenocidio.jpg","datePublished":"2020-12-16T16:15:43+00:00","dateModified":"2020-12-16T16:16:37+00:00","description":"(Imatge de Pressenza) Des de la redacci\u00f3 de Pressenza Catalunya, mitjan\u00e7ant la traducci\u00f3 de varis articles originals de la redacci\u00f3 de Pressenza al lloc","breadcrumb":{"@id":"https:\/\/www.pressenza.com\/ca\/2020\/12\/atureu-el-genocidi-quepareelgenocidio-setembre-va-ser-el-mes-amb-mes-assassinats-a-colombia-durant-aquest-2020\/#breadcrumb"},"inLanguage":"ca","potentialAction":[{"@type":"ReadAction","target":["https:\/\/www.pressenza.com\/ca\/2020\/12\/atureu-el-genocidi-quepareelgenocidio-setembre-va-ser-el-mes-amb-mes-assassinats-a-colombia-durant-aquest-2020\/"]}]},{"@type":"ImageObject","inLanguage":"ca","@id":"https:\/\/www.pressenza.com\/ca\/2020\/12\/atureu-el-genocidi-quepareelgenocidio-setembre-va-ser-el-mes-amb-mes-assassinats-a-colombia-durant-aquest-2020\/#primaryimage","url":"https:\/\/www.pressenza.com\/wp-content\/uploads\/2020\/10\/QuePareElGenocidio.jpg","contentUrl":"https:\/\/www.pressenza.com\/wp-content\/uploads\/2020\/10\/QuePareElGenocidio.jpg","width":1280,"height":590,"caption":"#QuePareElGenocidio en Colombia"},{"@type":"BreadcrumbList","@id":"https:\/\/www.pressenza.com\/ca\/2020\/12\/atureu-el-genocidi-quepareelgenocidio-setembre-va-ser-el-mes-amb-mes-assassinats-a-colombia-durant-aquest-2020\/#breadcrumb","itemListElement":[{"@type":"ListItem","position":1,"name":"Accueil","item":"https:\/\/www.pressenza.com\/ca\/"},{"@type":"ListItem","position":2,"name":"Atureu el Genocidi! &#8211; #QuePareElGenocidio Setembre va ser el mes amb m\u00e9s assassinats a Col\u00f2mbia durant aquest 2020"}]},{"@type":"WebSite","@id":"https:\/\/www.pressenza.com\/ca\/#website","url":"https:\/\/www.pressenza.com\/ca\/","name":"Pressenza","description":"International Press Agency","publisher":{"@id":"https:\/\/www.pressenza.com\/ca\/#organization"},"potentialAction":[{"@type":"SearchAction","target":{"@type":"EntryPoint","urlTemplate":"https:\/\/www.pressenza.com\/ca\/?s={search_term_string}"},"query-input":{"@type":"PropertyValueSpecification","valueRequired":true,"valueName":"search_term_string"}}],"inLanguage":"ca"},{"@type":"Organization","@id":"https:\/\/www.pressenza.com\/ca\/#organization","name":"Pressenza","url":"https:\/\/www.pressenza.com\/ca\/","logo":{"@type":"ImageObject","inLanguage":"ca","@id":"https:\/\/www.pressenza.com\/ca\/#\/schema\/logo\/image\/","url":"https:\/\/www.pressenza.com\/wp-content\/uploads\/2022\/10\/pressenza_logo_200x200.jpg","contentUrl":"https:\/\/www.pressenza.com\/wp-content\/uploads\/2022\/10\/pressenza_logo_200x200.jpg","width":200,"height":200,"caption":"Pressenza"},"image":{"@id":"https:\/\/www.pressenza.com\/ca\/#\/schema\/logo\/image\/"},"sameAs":["https:\/\/www.facebook.com\/PressenzaItalia","https:\/\/x.com\/PressenzaIPA"]},{"@type":"Person","@id":"https:\/\/www.pressenza.com\/ca\/#\/schema\/person\/7c8ee170a4502d638436c91e385315f2","name":"Redacci\u00f3n Colombia","description":"News published by the Pressenza bureau in Colombia","url":"https:\/\/www.pressenza.com\/ca\/author\/redaccion-colombia\/"}]}},"place":"Bogot\u00e0","original_article_url":"","_links":{"self":[{"href":"https:\/\/www.pressenza.com\/ca\/wp-json\/wp\/v2\/posts\/1262601","targetHints":{"allow":["GET"]}}],"collection":[{"href":"https:\/\/www.pressenza.com\/ca\/wp-json\/wp\/v2\/posts"}],"about":[{"href":"https:\/\/www.pressenza.com\/ca\/wp-json\/wp\/v2\/types\/post"}],"author":[{"embeddable":true,"href":"https:\/\/www.pressenza.com\/ca\/wp-json\/wp\/v2\/users\/1053"}],"replies":[{"embeddable":true,"href":"https:\/\/www.pressenza.com\/ca\/wp-json\/wp\/v2\/comments?post=1262601"}],"version-history":[{"count":0,"href":"https:\/\/www.pressenza.com\/ca\/wp-json\/wp\/v2\/posts\/1262601\/revisions"}],"wp:featuredmedia":[{"embeddable":true,"href":"https:\/\/www.pressenza.com\/ca\/wp-json\/wp\/v2\/media\/1223778"}],"wp:attachment":[{"href":"https:\/\/www.pressenza.com\/ca\/wp-json\/wp\/v2\/media?parent=1262601"}],"wp:term":[{"taxonomy":"category","embeddable":true,"href":"https:\/\/www.pressenza.com\/ca\/wp-json\/wp\/v2\/categories?post=1262601"},{"taxonomy":"post_tag","embeddable":true,"href":"https:\/\/www.pressenza.com\/ca\/wp-json\/wp\/v2\/tags?post=1262601"}],"curies":[{"name":"wp","href":"https:\/\/api.w.org\/{rel}","templated":true}]}}