{"id":1202435,"date":"2020-09-23T01:27:19","date_gmt":"2020-09-23T00:27:19","guid":{"rendered":"https:\/\/www.pressenza.com\/?p=1202435"},"modified":"2020-09-25T19:11:54","modified_gmt":"2020-09-25T18:11:54","slug":"marea-blanca-es-mobilitza-des-de-la-base-social-per-garantir-una-sanitat-publica-de-qualitat","status":"publish","type":"post","link":"https:\/\/www.pressenza.com\/ca\/2020\/09\/marea-blanca-es-mobilitza-des-de-la-base-social-per-garantir-una-sanitat-publica-de-qualitat\/","title":{"rendered":"Marea Blanca es mobilitza des de la base social per garantir una sanitat p\u00fablica de qualitat"},"content":{"rendered":"<p>Rehuno entrevista a Esperanza Fern\u00e1ndez, membre de Marea Blanca Catalunya, infermera i membre del Moviment Humanista.<\/p>\n<p>Marea Blanca \u00e9s un moviment social conformat per unes 60 entitats que actuen en el territori catal\u00e0 en connexi\u00f3 amb les Mareas del territori estatal. Els seus objectius s\u00f3n frenar les retallades en Salut i garantir una Sanitat p\u00fablica de qualitat per a tots els ciutadans.<\/p>\n<p><strong>Per Cloty Rubio<\/strong><\/p>\n<p><strong>Rehuno: Quan va n\u00e9ixer Marea Blanca de Catalunya?<\/strong><\/p>\n<p><strong>Esperanza Fern\u00e1ndez:<\/strong> Es constitueix el febrer de 2015, per\u00f2 els seus antecedents venen d&#8217;abans, tot va comen\u00e7ar a moure&#8217;s a partir de les retallades en sanitat, que a Catalunya es van iniciar el 2011 amb l&#8217;Artur Mas, expresident de la Generalitat de Catalunya.<\/p>\n<blockquote><p>Artur Mas va treure 5.000 professionals del sistema sanitari, va disminuir els recursos humans i va efectuar unes retallades pressupost\u00e0ries que, en l&#8217;actualitat, col\u00b7loquen a Catalunya en els \u00faltims llocs d&#8217;un r\u00e0nquing que la compari amb la resta de Comunitats Aut\u00f2nomes.<\/p><\/blockquote>\n<p><strong>Rehuno: Una de les den\u00fancies principals de Marea Blanca Catalunya (MBC) es refereix a les retallades en l&#8217;atenci\u00f3 prim\u00e0ria. En l&#8217;actual context de la Covid-19, com den\u00fancia MBC, de quina manera s&#8217;han posat en evid\u00e8ncia aquestes retallades?<\/strong><\/p>\n<p><strong>EF:<\/strong> Cal tenir en compte que l&#8217;Atenci\u00f3 Prim\u00e0ria \u00e9s la porta d&#8217;entrada a la Sanitat P\u00fablica. Des d&#8217;all\u00ed es pot derivar el pacient a les diferents especialitats. La persona t\u00e9 contacte directe amb el seu metge i infermera assignats dins d&#8217;un EAP (equip d&#8217;atenci\u00f3 prim\u00e0ria) que coneixen les patologies i necessitats dels seus pacients i, des d&#8217;aquesta perspectiva, fa un seguiment de qualitat.<\/p>\n<p>En decretar-se l&#8217;estat d&#8217;Alerta Sanit\u00e0ria per la covid-19, es van suprimir les visites programades en tots els EAP. Els pacients amb s\u00edmptomes respiratoris greus es derivaven a l&#8217;hospital. I es va implantar en tots els EAP l&#8217;atenci\u00f3 telef\u00f2nica, tant per cribrar possibles covid-19, com pel seguiment de cr\u00f2nics, consultes urgents o comunicar resultats de proves diagn\u00f2stiques.<br \/>\nEn aquest moment encara no s&#8217;han obert les visites programades ni de metges ni d&#8217;infermeres.<\/p>\n<p>A Marea Blanca (MBC) li preocupa i tem, com ja ha denunciat davant el Parlament de Catalunya, que aquesta manera d&#8217;actuaci\u00f3 acabi en la implantaci\u00f3 d&#8217;un model d&#8217;atenci\u00f3 telef\u00f2nica, que redueixi i impedeixi que els malalts siguin atesos per la seva doctora i la seva infermera.<\/p>\n<p><strong>Rehuno: Per\u00f2 l&#8217;atenci\u00f3 telef\u00f2nica, tamb\u00e9 facilita el contacte i la r\u00e0pida resoluci\u00f3 del problema, si es tracta d&#8217;un tema que no requereix exploraci\u00f3 presencial. No trobes?<\/strong><\/p>\n<p><strong>EF:<\/strong> Pot ser v\u00e0lida en alguns casos, per\u00f2 no en general. Per exemple, un mal de panxa, sense poder-te explorar, l&#8217;arrossegar\u00e0s i pot ser greu, nom\u00e9s quan estiguis greu et visitaran. I cal preguntar-se si es poden passar per alt diagn\u00f2stics importants. En l&#8217;atenci\u00f3 presencial, en el teu Centre d&#8217;Atenci\u00f3 Prim\u00e0ria, el metge ja et coneix i et mirar\u00e0 amb deteniment, i podr\u00e0 avan\u00e7ar el diagn\u00f2stic abans d&#8217;arribar a l&#8217;extrem i evitar un ingr\u00e9s en urg\u00e8ncies.<\/p>\n<p><strong>Rehuno: Quant a la gesti\u00f3 d&#8217;aquesta crisi de la covid-19 per part de les autoritats sanit\u00e0ries, qu\u00e8 opina la MBC?<\/strong><\/p>\n<p><strong>EF:<\/strong> Ha estat molt ca\u00f2tica, cada dia s&#8217;improvisaven els protocols amb ordres contradict\u00f2ries que generaven desconcert als professionals. Els EAP hi mancaven els EPIS (equips de protecci\u00f3 individual), fet com\u00fa en tot l&#8217;Estat.<br \/>\nA Espanya, segons dades del ministeri de sanitat fins al 8 d&#8217;agost 2020, s&#8217;han infectat 55.824 professionals i han mort 63 fins al 5 de juny.<\/p>\n<p><strong>Rehuno: Existeix un di\u00e0leg obert entre les Autoritats Sanit\u00e0ries i els equips d&#8217;atenci\u00f3 prim\u00e0ria per abordar l&#8217;actual emerg\u00e8ncia sanit\u00e0ria?<\/strong><\/p>\n<p><strong>EF:<\/strong> En absolut. Es decreta i es mana sense considerar el nostre punt de vista. Per exemple, en aquesta crisi es va prioritzar el tema covid-19, i es van deixar de banda altres temes d&#8217;atenci\u00f3 sanit\u00e0ria importants i tamb\u00e9 urgents.<\/p>\n<p><strong>Rehuno: I, segons Marea Blanca, de quina altra manera es podria haver abordat la situaci\u00f3.<\/strong><\/p>\n<p><strong>EF:<\/strong> Segons les necessitats de cada Equip, es podrien haver destinat dos o tres metges i infermeres sols per a l&#8217;atenci\u00f3 d&#8217;usuaris relacionats amb la covid-19 i la resta de plantilla continuar amb la pr\u00e0ctica assistencial habitual, sense modificar-la dr\u00e0sticament.<br \/>\nPer\u00f2, el Departament de Salut va imposar aquest format.<\/p>\n<p><img loading=\"lazy\" decoding=\"async\" class=\"alignnone wp-image-1202348 size-full\" src=\"https:\/\/www.pressenza.com\/wp-content\/uploads\/2020\/09\/30127972_2052039831720531_8810758165466456053_n-4.jpg\" alt=\"\" width=\"960\" height=\"720\" srcset=\"https:\/\/www.pressenza.com\/wp-content\/uploads\/2020\/09\/30127972_2052039831720531_8810758165466456053_n-4.jpg 960w, https:\/\/www.pressenza.com\/wp-content\/uploads\/2020\/09\/30127972_2052039831720531_8810758165466456053_n-4-300x225.jpg 300w, https:\/\/www.pressenza.com\/wp-content\/uploads\/2020\/09\/30127972_2052039831720531_8810758165466456053_n-4-720x540.jpg 720w, https:\/\/www.pressenza.com\/wp-content\/uploads\/2020\/09\/30127972_2052039831720531_8810758165466456053_n-4-768x576.jpg 768w\" sizes=\"auto, (max-width: 960px) 100vw, 960px\" \/><\/p>\n<p><strong>Rehuno: Durant el confinament la gent sortia cada dia al balc\u00f3 per aplaudir els treballadors de la salut, un gest bell i que donava \u00e0nim, per\u00f2 despr\u00e9s hem sabut d&#8217;acomiadaments, depressions i falta de personal. Qu\u00e8 necessita, amb urg\u00e8ncia, el nostre sistema de salut?<\/strong><\/p>\n<p><strong>EF: <span style=\"font-weight: 400;\">Com et deia, des de les retallades de 2011 ja no hi ha les mateixes cobertures. Falta personal, per exemple, durant les baixes o les vacances no es contracten professionals suficients i aix\u00f2 ocasiona sobrec\u00e0rregues de treball. Aquesta situaci\u00f3 provoca cansament, fatiga cr\u00f2nica i frustraci\u00f3 per no poder atendre els pacients d&#8217;una manera \u00f2ptima.<\/span><\/strong><\/p>\n<p><strong>Rehuno: Ara mateix, qu\u00e8 seria all\u00f2 m\u00e9s important per sanejar el sistema i dotar-lo de mitjans?<\/strong><\/p>\n<p><strong>EF:<\/strong> Demanem que s&#8217;augmenti la dotaci\u00f3 econ\u00f2mica per a l&#8217;Atenci\u00f3 Prim\u00e0ria. El d\u00e8ficit de finan\u00e7ament es va arrossegant des del 2011.<br \/>\n<span style=\"font-weight: 400;\">El Departament de Salut ha presentat un pla d&#8217;enfortiment de l&#8217;Atenci\u00f3 Prim\u00e0ria segons el qual dedicar\u00e0 uns 300 milions de \u20ac en millores tecnol\u00f2giques i augment de personal, d&#8217;ara fins al 2022. <\/span><\/p>\n<p><span style=\"font-weight: 400;\">Aquest pla de millora arriba tard i \u00e9s insuficient, no recupera les retallades del 2011: 350 milions anuals i 3000 professionals menys. Es continuen postergant respostes eficaces a situacions que s\u00f3n urgents.<\/span><span style=\"font-weight: 400;\"><br \/>\n<\/span><\/p>\n<blockquote><p>Tenim una gran manca de recursos que es va arrossegant. Les pol\u00edtiques neoliberals van comen\u00e7ar a retallar en la sanitat p\u00fablica per promoure els negocis de la privada.<\/p><\/blockquote>\n<p><strong>Rehuno: Com veus el futur de la Sanitat P\u00fablica, des dels moviments que la defenseu i tu, en particular ?<\/strong><\/p>\n<p><strong>EF:<\/strong> El que m\u00e9s ens preocupa ara \u00e9s que es torni a l&#8217;activitat normal i a les visites programades, tamb\u00e9 dignificar la sanitat p\u00fablica i universal.<br \/>\nMarea Blanca est\u00e0 sorgint en nous municipis, necessitem consci\u00e8ncia social i considerar all\u00f2 que tenim i com millorar-ho. No pot ser que ens robin davant de la nostra cara i no diguem res.<\/p>\n<p>Com a humanista considero que, en les \u00faltimes d\u00e8cades, el sistema neoliberal ha anat destruint els serveis p\u00fablics arreu d&#8217;Europa, amb una impunitat total. S&#8217;ha arribat a la degradaci\u00f3 i la deshumanitzaci\u00f3 del sistema p\u00fablic.<\/p>\n<blockquote><p>La sortida d&#8217;aquesta situaci\u00f3 demana prendre consci\u00e8ncia d&#8217;all\u00f2 que \u00e9s com\u00fa, organitzar-se solid\u00e0riament i exigir dels nostres governants una bona gesti\u00f3 del sistema p\u00fablic, que sostenim amb els nostres impostos.<\/p><\/blockquote>\n","protected":false},"excerpt":{"rendered":"<p>Rehuno entrevista a Esperanza Fern\u00e1ndez, membre de Marea Blanca Catalunya, infermera i membre del Moviment Humanista. Marea Blanca \u00e9s un moviment social conformat per unes 60 entitats que actuen en el territori catal\u00e0 en connexi\u00f3 amb les Mareas del territori&hellip;<\/p>\n","protected":false},"author":1680,"featured_media":1202478,"comment_status":"closed","ping_status":"closed","sticky":false,"template":"","format":"standard","meta":{"footnotes":""},"categories":[35531,35527,35506,35526],"tags":[66558,47220],"class_list":["post-1202435","post","type-post","status-publish","format-standard","has-post-thumbnail","hentry","category-contingut-original-ca","category-entrevistes","category-europa-ca","category-salut-ca","tag-rehuno-ca","tag-marea-blanca-ca"],"yoast_head":"<!-- This site is optimized with the Yoast SEO plugin v27.1.1 - https:\/\/yoast.com\/product\/yoast-seo-wordpress\/ -->\n<title>Marea Blanca es mobilitza des de la base social per garantir una sanitat p\u00fablica de qualitat<\/title>\n<meta name=\"description\" content=\"Marea Blanca es mobilitza des de la base social per garantir una sanitat p\u00fablica de qualitat\" \/>\n<meta name=\"robots\" content=\"index, follow, max-snippet:-1, max-image-preview:large, max-video-preview:-1\" \/>\n<link rel=\"canonical\" href=\"https:\/\/www.pressenza.com\/ca\/2020\/09\/marea-blanca-es-mobilitza-des-de-la-base-social-per-garantir-una-sanitat-publica-de-qualitat\/\" \/>\n<meta property=\"og:locale\" content=\"ca_ES\" \/>\n<meta property=\"og:type\" content=\"article\" \/>\n<meta property=\"og:title\" content=\"Marea Blanca es mobilitza des de la base social per garantir una sanitat p\u00fablica de qualitat\" \/>\n<meta property=\"og:description\" content=\"Marea Blanca es mobilitza des de la base social per garantir una sanitat p\u00fablica de qualitat\" \/>\n<meta property=\"og:url\" content=\"https:\/\/www.pressenza.com\/ca\/2020\/09\/marea-blanca-es-mobilitza-des-de-la-base-social-per-garantir-una-sanitat-publica-de-qualitat\/\" \/>\n<meta property=\"og:site_name\" content=\"Pressenza\" \/>\n<meta property=\"article:publisher\" content=\"https:\/\/www.facebook.com\/PressenzaItalia\" \/>\n<meta property=\"article:author\" content=\"https:\/\/www.facebook.com\/rehunosalud\/\" \/>\n<meta property=\"article:published_time\" content=\"2020-09-23T00:27:19+00:00\" \/>\n<meta property=\"article:modified_time\" content=\"2020-09-25T18:11:54+00:00\" \/>\n<meta property=\"og:image\" content=\"https:\/\/www.pressenza.com\/wp-content\/uploads\/2020\/09\/espe.jpg\" \/>\n\t<meta property=\"og:image:width\" content=\"750\" \/>\n\t<meta property=\"og:image:height\" content=\"450\" \/>\n\t<meta property=\"og:image:type\" content=\"image\/jpeg\" \/>\n<meta name=\"author\" content=\"REHUNO - Red Humanista de Noticias en Salud\" \/>\n<meta name=\"twitter:card\" content=\"summary_large_image\" \/>\n<meta name=\"twitter:creator\" content=\"@PressenzaIPA\" \/>\n<meta name=\"twitter:site\" content=\"@PressenzaIPA\" \/>\n<meta name=\"twitter:label1\" content=\"Escrit per\" \/>\n\t<meta name=\"twitter:data1\" content=\"REHUNO - Red Humanista de Noticias en Salud\" \/>\n\t<meta name=\"twitter:label2\" content=\"Temps estimat de lectura\" \/>\n\t<meta name=\"twitter:data2\" content=\"6 minuts\" \/>\n<script type=\"application\/ld+json\" class=\"yoast-schema-graph\">{\"@context\":\"https:\/\/schema.org\",\"@graph\":[{\"@type\":\"Article\",\"@id\":\"https:\/\/www.pressenza.com\/ca\/2020\/09\/marea-blanca-es-mobilitza-des-de-la-base-social-per-garantir-una-sanitat-publica-de-qualitat\/#article\",\"isPartOf\":{\"@id\":\"https:\/\/www.pressenza.com\/ca\/2020\/09\/marea-blanca-es-mobilitza-des-de-la-base-social-per-garantir-una-sanitat-publica-de-qualitat\/\"},\"author\":{\"name\":\"REHUNO - Red Humanista de Noticias en Salud\",\"@id\":\"https:\/\/www.pressenza.com\/ca\/#\/schema\/person\/5162be2bf75419d7e91acfc2c50c3870\"},\"headline\":\"Marea Blanca es mobilitza des de la base social per garantir una sanitat p\u00fablica de qualitat\",\"datePublished\":\"2020-09-23T00:27:19+00:00\",\"dateModified\":\"2020-09-25T18:11:54+00:00\",\"mainEntityOfPage\":{\"@id\":\"https:\/\/www.pressenza.com\/ca\/2020\/09\/marea-blanca-es-mobilitza-des-de-la-base-social-per-garantir-una-sanitat-publica-de-qualitat\/\"},\"wordCount\":1171,\"publisher\":{\"@id\":\"https:\/\/www.pressenza.com\/ca\/#organization\"},\"image\":{\"@id\":\"https:\/\/www.pressenza.com\/ca\/2020\/09\/marea-blanca-es-mobilitza-des-de-la-base-social-per-garantir-una-sanitat-publica-de-qualitat\/#primaryimage\"},\"thumbnailUrl\":\"https:\/\/www.pressenza.com\/wp-content\/uploads\/2020\/09\/espe.jpg\",\"keywords\":[\"#REHUNO\",\"Marea Blanca\"],\"articleSection\":[\"Contingut original\",\"Entrevistes\",\"Europa\",\"Salut\"],\"inLanguage\":\"ca\"},{\"@type\":\"WebPage\",\"@id\":\"https:\/\/www.pressenza.com\/ca\/2020\/09\/marea-blanca-es-mobilitza-des-de-la-base-social-per-garantir-una-sanitat-publica-de-qualitat\/\",\"url\":\"https:\/\/www.pressenza.com\/ca\/2020\/09\/marea-blanca-es-mobilitza-des-de-la-base-social-per-garantir-una-sanitat-publica-de-qualitat\/\",\"name\":\"Marea Blanca es mobilitza des de la base social per garantir una sanitat p\u00fablica de qualitat\",\"isPartOf\":{\"@id\":\"https:\/\/www.pressenza.com\/ca\/#website\"},\"primaryImageOfPage\":{\"@id\":\"https:\/\/www.pressenza.com\/ca\/2020\/09\/marea-blanca-es-mobilitza-des-de-la-base-social-per-garantir-una-sanitat-publica-de-qualitat\/#primaryimage\"},\"image\":{\"@id\":\"https:\/\/www.pressenza.com\/ca\/2020\/09\/marea-blanca-es-mobilitza-des-de-la-base-social-per-garantir-una-sanitat-publica-de-qualitat\/#primaryimage\"},\"thumbnailUrl\":\"https:\/\/www.pressenza.com\/wp-content\/uploads\/2020\/09\/espe.jpg\",\"datePublished\":\"2020-09-23T00:27:19+00:00\",\"dateModified\":\"2020-09-25T18:11:54+00:00\",\"description\":\"Marea Blanca es mobilitza des de la base social per garantir una sanitat p\u00fablica de qualitat\",\"breadcrumb\":{\"@id\":\"https:\/\/www.pressenza.com\/ca\/2020\/09\/marea-blanca-es-mobilitza-des-de-la-base-social-per-garantir-una-sanitat-publica-de-qualitat\/#breadcrumb\"},\"inLanguage\":\"ca\",\"potentialAction\":[{\"@type\":\"ReadAction\",\"target\":[\"https:\/\/www.pressenza.com\/ca\/2020\/09\/marea-blanca-es-mobilitza-des-de-la-base-social-per-garantir-una-sanitat-publica-de-qualitat\/\"]}]},{\"@type\":\"ImageObject\",\"inLanguage\":\"ca\",\"@id\":\"https:\/\/www.pressenza.com\/ca\/2020\/09\/marea-blanca-es-mobilitza-des-de-la-base-social-per-garantir-una-sanitat-publica-de-qualitat\/#primaryimage\",\"url\":\"https:\/\/www.pressenza.com\/wp-content\/uploads\/2020\/09\/espe.jpg\",\"contentUrl\":\"https:\/\/www.pressenza.com\/wp-content\/uploads\/2020\/09\/espe.jpg\",\"width\":750,\"height\":450},{\"@type\":\"BreadcrumbList\",\"@id\":\"https:\/\/www.pressenza.com\/ca\/2020\/09\/marea-blanca-es-mobilitza-des-de-la-base-social-per-garantir-una-sanitat-publica-de-qualitat\/#breadcrumb\",\"itemListElement\":[{\"@type\":\"ListItem\",\"position\":1,\"name\":\"Accueil\",\"item\":\"https:\/\/www.pressenza.com\/ca\/\"},{\"@type\":\"ListItem\",\"position\":2,\"name\":\"Marea Blanca es mobilitza des de la base social per garantir una sanitat p\u00fablica de qualitat\"}]},{\"@type\":\"WebSite\",\"@id\":\"https:\/\/www.pressenza.com\/ca\/#website\",\"url\":\"https:\/\/www.pressenza.com\/ca\/\",\"name\":\"Pressenza\",\"description\":\"International Press Agency\",\"publisher\":{\"@id\":\"https:\/\/www.pressenza.com\/ca\/#organization\"},\"potentialAction\":[{\"@type\":\"SearchAction\",\"target\":{\"@type\":\"EntryPoint\",\"urlTemplate\":\"https:\/\/www.pressenza.com\/ca\/?s={search_term_string}\"},\"query-input\":{\"@type\":\"PropertyValueSpecification\",\"valueRequired\":true,\"valueName\":\"search_term_string\"}}],\"inLanguage\":\"ca\"},{\"@type\":\"Organization\",\"@id\":\"https:\/\/www.pressenza.com\/ca\/#organization\",\"name\":\"Pressenza\",\"url\":\"https:\/\/www.pressenza.com\/ca\/\",\"logo\":{\"@type\":\"ImageObject\",\"inLanguage\":\"ca\",\"@id\":\"https:\/\/www.pressenza.com\/ca\/#\/schema\/logo\/image\/\",\"url\":\"https:\/\/www.pressenza.com\/wp-content\/uploads\/2022\/10\/pressenza_logo_200x200.jpg\",\"contentUrl\":\"https:\/\/www.pressenza.com\/wp-content\/uploads\/2022\/10\/pressenza_logo_200x200.jpg\",\"width\":200,\"height\":200,\"caption\":\"Pressenza\"},\"image\":{\"@id\":\"https:\/\/www.pressenza.com\/ca\/#\/schema\/logo\/image\/\"},\"sameAs\":[\"https:\/\/www.facebook.com\/PressenzaItalia\",\"https:\/\/x.com\/PressenzaIPA\"]},{\"@type\":\"Person\",\"@id\":\"https:\/\/www.pressenza.com\/ca\/#\/schema\/person\/5162be2bf75419d7e91acfc2c50c3870\",\"name\":\"REHUNO - Red Humanista de Noticias en Salud\",\"description\":\"REHUNO is a group of volunteers from different countries, health professionals and\/or users of health services, who want to give voice to a \\\"humanizing view\\\" of health systems from a broad and comprehensive perspective. REHUNO wants to put into words and images the positive news that needs to be highlighted and the negative news that needs to be denounced and happening on a daily basis.http:\/\/rehunosalud.org\/\",\"sameAs\":[\"http:\/\/rehunosalud.org\/\",\"https:\/\/www.facebook.com\/rehunosalud\/\"],\"url\":\"https:\/\/www.pressenza.com\/ca\/author\/rehuno\/\"}]}<\/script>\n<!-- \/ Yoast SEO plugin. -->","yoast_head_json":{"title":"Marea Blanca es mobilitza des de la base social per garantir una sanitat p\u00fablica de qualitat","description":"Marea Blanca es mobilitza des de la base social per garantir una sanitat p\u00fablica de qualitat","robots":{"index":"index","follow":"follow","max-snippet":"max-snippet:-1","max-image-preview":"max-image-preview:large","max-video-preview":"max-video-preview:-1"},"canonical":"https:\/\/www.pressenza.com\/ca\/2020\/09\/marea-blanca-es-mobilitza-des-de-la-base-social-per-garantir-una-sanitat-publica-de-qualitat\/","og_locale":"ca_ES","og_type":"article","og_title":"Marea Blanca es mobilitza des de la base social per garantir una sanitat p\u00fablica de qualitat","og_description":"Marea Blanca es mobilitza des de la base social per garantir una sanitat p\u00fablica de qualitat","og_url":"https:\/\/www.pressenza.com\/ca\/2020\/09\/marea-blanca-es-mobilitza-des-de-la-base-social-per-garantir-una-sanitat-publica-de-qualitat\/","og_site_name":"Pressenza","article_publisher":"https:\/\/www.facebook.com\/PressenzaItalia","article_author":"https:\/\/www.facebook.com\/rehunosalud\/","article_published_time":"2020-09-23T00:27:19+00:00","article_modified_time":"2020-09-25T18:11:54+00:00","og_image":[{"width":750,"height":450,"url":"https:\/\/www.pressenza.com\/wp-content\/uploads\/2020\/09\/espe.jpg","type":"image\/jpeg"}],"author":"REHUNO - Red Humanista de Noticias en Salud","twitter_card":"summary_large_image","twitter_creator":"@PressenzaIPA","twitter_site":"@PressenzaIPA","twitter_misc":{"Escrit per":"REHUNO - Red Humanista de Noticias en Salud","Temps estimat de lectura":"6 minuts"},"schema":{"@context":"https:\/\/schema.org","@graph":[{"@type":"Article","@id":"https:\/\/www.pressenza.com\/ca\/2020\/09\/marea-blanca-es-mobilitza-des-de-la-base-social-per-garantir-una-sanitat-publica-de-qualitat\/#article","isPartOf":{"@id":"https:\/\/www.pressenza.com\/ca\/2020\/09\/marea-blanca-es-mobilitza-des-de-la-base-social-per-garantir-una-sanitat-publica-de-qualitat\/"},"author":{"name":"REHUNO - Red Humanista de Noticias en Salud","@id":"https:\/\/www.pressenza.com\/ca\/#\/schema\/person\/5162be2bf75419d7e91acfc2c50c3870"},"headline":"Marea Blanca es mobilitza des de la base social per garantir una sanitat p\u00fablica de qualitat","datePublished":"2020-09-23T00:27:19+00:00","dateModified":"2020-09-25T18:11:54+00:00","mainEntityOfPage":{"@id":"https:\/\/www.pressenza.com\/ca\/2020\/09\/marea-blanca-es-mobilitza-des-de-la-base-social-per-garantir-una-sanitat-publica-de-qualitat\/"},"wordCount":1171,"publisher":{"@id":"https:\/\/www.pressenza.com\/ca\/#organization"},"image":{"@id":"https:\/\/www.pressenza.com\/ca\/2020\/09\/marea-blanca-es-mobilitza-des-de-la-base-social-per-garantir-una-sanitat-publica-de-qualitat\/#primaryimage"},"thumbnailUrl":"https:\/\/www.pressenza.com\/wp-content\/uploads\/2020\/09\/espe.jpg","keywords":["#REHUNO","Marea Blanca"],"articleSection":["Contingut original","Entrevistes","Europa","Salut"],"inLanguage":"ca"},{"@type":"WebPage","@id":"https:\/\/www.pressenza.com\/ca\/2020\/09\/marea-blanca-es-mobilitza-des-de-la-base-social-per-garantir-una-sanitat-publica-de-qualitat\/","url":"https:\/\/www.pressenza.com\/ca\/2020\/09\/marea-blanca-es-mobilitza-des-de-la-base-social-per-garantir-una-sanitat-publica-de-qualitat\/","name":"Marea Blanca es mobilitza des de la base social per garantir una sanitat p\u00fablica de qualitat","isPartOf":{"@id":"https:\/\/www.pressenza.com\/ca\/#website"},"primaryImageOfPage":{"@id":"https:\/\/www.pressenza.com\/ca\/2020\/09\/marea-blanca-es-mobilitza-des-de-la-base-social-per-garantir-una-sanitat-publica-de-qualitat\/#primaryimage"},"image":{"@id":"https:\/\/www.pressenza.com\/ca\/2020\/09\/marea-blanca-es-mobilitza-des-de-la-base-social-per-garantir-una-sanitat-publica-de-qualitat\/#primaryimage"},"thumbnailUrl":"https:\/\/www.pressenza.com\/wp-content\/uploads\/2020\/09\/espe.jpg","datePublished":"2020-09-23T00:27:19+00:00","dateModified":"2020-09-25T18:11:54+00:00","description":"Marea Blanca es mobilitza des de la base social per garantir una sanitat p\u00fablica de qualitat","breadcrumb":{"@id":"https:\/\/www.pressenza.com\/ca\/2020\/09\/marea-blanca-es-mobilitza-des-de-la-base-social-per-garantir-una-sanitat-publica-de-qualitat\/#breadcrumb"},"inLanguage":"ca","potentialAction":[{"@type":"ReadAction","target":["https:\/\/www.pressenza.com\/ca\/2020\/09\/marea-blanca-es-mobilitza-des-de-la-base-social-per-garantir-una-sanitat-publica-de-qualitat\/"]}]},{"@type":"ImageObject","inLanguage":"ca","@id":"https:\/\/www.pressenza.com\/ca\/2020\/09\/marea-blanca-es-mobilitza-des-de-la-base-social-per-garantir-una-sanitat-publica-de-qualitat\/#primaryimage","url":"https:\/\/www.pressenza.com\/wp-content\/uploads\/2020\/09\/espe.jpg","contentUrl":"https:\/\/www.pressenza.com\/wp-content\/uploads\/2020\/09\/espe.jpg","width":750,"height":450},{"@type":"BreadcrumbList","@id":"https:\/\/www.pressenza.com\/ca\/2020\/09\/marea-blanca-es-mobilitza-des-de-la-base-social-per-garantir-una-sanitat-publica-de-qualitat\/#breadcrumb","itemListElement":[{"@type":"ListItem","position":1,"name":"Accueil","item":"https:\/\/www.pressenza.com\/ca\/"},{"@type":"ListItem","position":2,"name":"Marea Blanca es mobilitza des de la base social per garantir una sanitat p\u00fablica de qualitat"}]},{"@type":"WebSite","@id":"https:\/\/www.pressenza.com\/ca\/#website","url":"https:\/\/www.pressenza.com\/ca\/","name":"Pressenza","description":"International Press Agency","publisher":{"@id":"https:\/\/www.pressenza.com\/ca\/#organization"},"potentialAction":[{"@type":"SearchAction","target":{"@type":"EntryPoint","urlTemplate":"https:\/\/www.pressenza.com\/ca\/?s={search_term_string}"},"query-input":{"@type":"PropertyValueSpecification","valueRequired":true,"valueName":"search_term_string"}}],"inLanguage":"ca"},{"@type":"Organization","@id":"https:\/\/www.pressenza.com\/ca\/#organization","name":"Pressenza","url":"https:\/\/www.pressenza.com\/ca\/","logo":{"@type":"ImageObject","inLanguage":"ca","@id":"https:\/\/www.pressenza.com\/ca\/#\/schema\/logo\/image\/","url":"https:\/\/www.pressenza.com\/wp-content\/uploads\/2022\/10\/pressenza_logo_200x200.jpg","contentUrl":"https:\/\/www.pressenza.com\/wp-content\/uploads\/2022\/10\/pressenza_logo_200x200.jpg","width":200,"height":200,"caption":"Pressenza"},"image":{"@id":"https:\/\/www.pressenza.com\/ca\/#\/schema\/logo\/image\/"},"sameAs":["https:\/\/www.facebook.com\/PressenzaItalia","https:\/\/x.com\/PressenzaIPA"]},{"@type":"Person","@id":"https:\/\/www.pressenza.com\/ca\/#\/schema\/person\/5162be2bf75419d7e91acfc2c50c3870","name":"REHUNO - Red Humanista de Noticias en Salud","description":"REHUNO is a group of volunteers from different countries, health professionals and\/or users of health services, who want to give voice to a \"humanizing view\" of health systems from a broad and comprehensive perspective. REHUNO wants to put into words and images the positive news that needs to be highlighted and the negative news that needs to be denounced and happening on a daily basis.http:\/\/rehunosalud.org\/","sameAs":["http:\/\/rehunosalud.org\/","https:\/\/www.facebook.com\/rehunosalud\/"],"url":"https:\/\/www.pressenza.com\/ca\/author\/rehuno\/"}]}},"place":"Barcelona, Catalu\u00f1a","original_article_url":"","_links":{"self":[{"href":"https:\/\/www.pressenza.com\/ca\/wp-json\/wp\/v2\/posts\/1202435","targetHints":{"allow":["GET"]}}],"collection":[{"href":"https:\/\/www.pressenza.com\/ca\/wp-json\/wp\/v2\/posts"}],"about":[{"href":"https:\/\/www.pressenza.com\/ca\/wp-json\/wp\/v2\/types\/post"}],"author":[{"embeddable":true,"href":"https:\/\/www.pressenza.com\/ca\/wp-json\/wp\/v2\/users\/1680"}],"replies":[{"embeddable":true,"href":"https:\/\/www.pressenza.com\/ca\/wp-json\/wp\/v2\/comments?post=1202435"}],"version-history":[{"count":0,"href":"https:\/\/www.pressenza.com\/ca\/wp-json\/wp\/v2\/posts\/1202435\/revisions"}],"wp:featuredmedia":[{"embeddable":true,"href":"https:\/\/www.pressenza.com\/ca\/wp-json\/wp\/v2\/media\/1202478"}],"wp:attachment":[{"href":"https:\/\/www.pressenza.com\/ca\/wp-json\/wp\/v2\/media?parent=1202435"}],"wp:term":[{"taxonomy":"category","embeddable":true,"href":"https:\/\/www.pressenza.com\/ca\/wp-json\/wp\/v2\/categories?post=1202435"},{"taxonomy":"post_tag","embeddable":true,"href":"https:\/\/www.pressenza.com\/ca\/wp-json\/wp\/v2\/tags?post=1202435"}],"curies":[{"name":"wp","href":"https:\/\/api.w.org\/{rel}","templated":true}]}}