{"id":1135427,"date":"2020-06-14T19:22:52","date_gmt":"2020-06-14T18:22:52","guid":{"rendered":"https:\/\/www.pressenza.com\/?p=1135427"},"modified":"2020-06-14T19:22:52","modified_gmt":"2020-06-14T18:22:52","slug":"el-mon-al-qual-aspirem","status":"publish","type":"post","link":"https:\/\/www.pressenza.com\/ca\/2020\/06\/el-mon-al-qual-aspirem\/","title":{"rendered":"El m\u00f3n al qual aspirem"},"content":{"rendered":"<p>En aquests moments d&#8217;incertesa, de forta acceleraci\u00f3, de desestabilitzaci\u00f3 sense precedents, tancats a les nostres cases, protegint-nos d&#8217;un enemic invisible, intercanviem en la nostra tert\u00falia virtual, amb alguns amics sobre aquesta crisi, sobre el futur al qual aspirem i sobre el poder de les imatges per a construir aquest m\u00f3n que volem.<\/p>\n<p>Comencem la tert\u00falia:<\/p>\n<p>X._ Planteja la dificultat que tenen moltes persones a acceptar que la situaci\u00f3 de crisi actual hagi estat generada de manera intencional. \u201c<em>Hi ha molta gent que no d\u00f3na cr\u00e8dit al fet que la situaci\u00f3 de crisi sanit\u00e0ria i confinament l&#8217;ha produ\u00eft el mateix sistema. Pot ser per una falta de mobilitat d&#8217;imatges o per ignor\u00e0ncia, per\u00f2 una gran part de la poblaci\u00f3 continua donant cr\u00e8dit al que diuen els grans mitjans de difusi\u00f3, la televisi\u00f3, els anuncis etc., sense plantejar-se el gran engany al qual ens sotmeten<\/em>\u201d.<\/p>\n<p>S._ No creu que existeixi un \u00fanic poder que hagi generat aquesta conjuntura de crisi mundial, mes b\u00e9 creu que <strong>aquesta situaci\u00f3 \u00e9s fruit d&#8217;un sistema violent i\u00a0antihumanista<\/strong>, un sistema que va cap al desastre.<\/p>\n<p>F._ Opina que aquesta aturada que ha produ\u00eft el confinament est\u00e0 beneficiant a les grans corporacions al\u00a0paraestat. Mentre els estats continuen perdent poder i <strong>els bancs passaran un gran deute als estats i les poblacions<\/strong>. Aquesta situaci\u00f3 ens est\u00e0 portant a un afebliment major dels drets b\u00e0sics de les poblacions com s\u00f3n salut, educaci\u00f3 o habitatge. Es tracta d&#8217;una situaci\u00f3, en qu\u00e8 paradoxalment, en lloc d&#8217;estar vigilats pels sanitaris estem vigilats per l&#8217;ex\u00e8rcit i que est\u00e0 afavorint l&#8217;auge de l&#8217;extrema dreta.<\/p>\n<p>Afegeix que a m\u00e9s, <strong>ens han confinat la protesta<\/strong>, imaginem que despr\u00e9s de la crisi de salut, hi haur\u00e0 una crisi econ\u00f2mica que afectar\u00e0 especialment els m\u00e9s desfavorits i despr\u00e9s <strong>es produiran explosions socials<\/strong>. Hem estat diversos mesos en qu\u00e8 ning\u00fa podia dir ni fer res perqu\u00e8 est\u00e0vem confinats, per\u00f2 la situaci\u00f3 ja est\u00e0 esclatant. Estan succeint molts esdeveniments dif\u00edcils econ\u00f2micament i socialment. Hem d&#8217;utilitzar les xarxes socials perqu\u00e8 el m\u00f3n anterior no tornar\u00e0.<\/p>\n<p>E._ Planteja que aquesta situaci\u00f3 de la pand\u00e8mia \u00e9s conjuntural, que <strong>en realitat el sistema s&#8217;estava caient feia temps<\/strong>, ara entra en crisi la globalitzaci\u00f3 i aprofiten qualsevol cosa per a produir m\u00e9s diners i mantenir una mica m\u00e9s al sistema.<\/p>\n<p>M._ \u201c<em>El fet que aquesta situaci\u00f3 hagi estat intencionada o no per algun poder \u00e9s dif\u00edcil de discriminar i a m\u00e9s \u00e9s una cosa sobre la qual no podem intervenir, per\u00f2 si <strong>podem preguntar-nos sobre el que pot fer cadascun de nosaltres<\/strong> en aquesta situaci\u00f3<\/em>\u201d.<\/p>\n<p>R._ Comenta: \u201c<strong><em>\u00e9s important observar si les imatges en les quals\u00a0mento\u00a0m&#8217;obren o em tanquen el futur<\/em><\/strong><em>. No \u00e9s indiferent si les imatges que ocupen el meu pensament em porten al temor, la desconfian\u00e7a, el contrasentit o si em porten a registres com l&#8217;esperan\u00e7a, la resoluci\u00f3 o l&#8217;ascens<\/em>\u201d.<\/p>\n<p>M._ Proposa perqu\u00e8, que imaginem com a seriosa aquest m\u00f3n que volem construir. Perqu\u00e8 que una massa de gent comencem a imaginar un futur m\u00e9s hum\u00e0 \u00e9s una acci\u00f3 que no resulta indiferent. <strong>La imatge del m\u00f3n que volem mobilitza accions, nostres i d&#8217;uns altres, en el m\u00f3n<\/strong>. A m\u00e9s, \u00e9s m\u00e9s interessant pensar en les opcions a futur, que pensar que \u00e9s el que ha passat.<\/p>\n<p>X._ \u201c<em>El disseny del m\u00f3n que jo vull comen\u00e7a per sortir del gregarisme est\u00fapid, de la falta d&#8217;interrelaci\u00f3. Haur\u00edem d&#8217;animar a tots a compartir les nostres imatges m\u00e9s estimades per al futur.<\/em><\/p>\n<p><em>En el meu cas jo visualitzo la fi del paradigma de la conquesta, un moment en el qual emergeix l&#8217;altre com a valor central. Visualitzo la fi del paradigma antropol\u00f2gic de <strong>la competici\u00f3 que, per fi, va sent reempla\u00e7at pel de la cooperaci\u00f3<\/strong>. Visualitzo la fi de la tramposa justificaci\u00f3 darwinista, que va sent substitu\u00efda en milions de cors pel registre de compassi\u00f3<\/em>\u201d.<\/p>\n<p>M._ Imagina un futur en el qual tothom apel\u00b7li pa lo millor que hi ha en si mateix. Imagina <strong>un futur veritablement hum\u00e0 i no animal<\/strong>.<\/p>\n<p>F._ \u201c<em>M&#8217;agradaria poder veure brots d&#8217;un m\u00f3n on regni un estil de vida \u00e8tic i una conducta solid\u00e0ria. <strong>Un m\u00f3n liderat per una intel\u00b7lig\u00e8ncia col\u00b7lectiva sense personificacions<\/strong>, en el qual les decisions fossin consensuades per la ciutadania<\/em>\u201d.<\/p>\n<p>P._ \u201c<em>Imagino un m\u00f3n en el qual el valor central sigui el benestar de les persones i no els beneficis econ\u00f2mics, en el qual no s&#8217;especuli amb drets b\u00e0sics com la salut, l&#8217;educaci\u00f3, el menjar, l&#8217;aigua o l&#8217;habitatge. <strong>Un m\u00f3n, en el qual es valori el coneixement i el contacte amb el sagrat<\/strong><\/em>\u201d.<\/p>\n<p>H._ Imagina <strong>un m\u00f3n tolerant i compassiu<\/strong>.<\/p>\n<p>A._ Sintetitza la seva imatge sobre el m\u00f3n al qual aspira en la frase <strong>humanitzar la terra<\/strong>.<\/p>\n<p>Aquest ha estat el nostre punt de partida per a comen\u00e7ar a construir junts aquest m\u00f3n al qual aspirem.<\/p>\n","protected":false},"excerpt":{"rendered":"<p>En aquests moments d&#8217;incertesa, de forta acceleraci\u00f3, de desestabilitzaci\u00f3 sense precedents, tancats a les nostres cases, protegint-nos d&#8217;un enemic invisible, intercanviem en la nostra tert\u00falia virtual, amb alguns amics sobre aquesta crisi, sobre el futur al qual aspirem i sobre&hellip;<\/p>\n","protected":false},"author":1691,"featured_media":1135417,"comment_status":"closed","ping_status":"closed","sticky":false,"template":"","format":"standard","meta":{"footnotes":""},"categories":[35531,35528],"tags":[62714,38463,77272],"class_list":["post-1135427","post","type-post","status-publish","format-standard","has-post-thumbnail","hentry","category-contingut-original-ca","category-opinions-ca","tag-agora-humanista","tag-barcelona-ca","tag-tertulies-agora"],"yoast_head":"<!-- This site is optimized with the Yoast SEO plugin v27.1.1 - https:\/\/yoast.com\/product\/yoast-seo-wordpress\/ -->\n<title>El m\u00f3n al qual aspirem<\/title>\n<meta name=\"description\" content=\"En aquests moments d&#039;incertesa, de forta acceleraci\u00f3, de desestabilitzaci\u00f3 sense precedents, tancats a les nostres cases, protegint-nos d&#039;un enemic\" \/>\n<meta name=\"robots\" content=\"index, follow, max-snippet:-1, max-image-preview:large, max-video-preview:-1\" \/>\n<link rel=\"canonical\" href=\"https:\/\/www.pressenza.com\/ca\/2020\/06\/el-mon-al-qual-aspirem\/\" \/>\n<meta property=\"og:locale\" content=\"ca_ES\" \/>\n<meta property=\"og:type\" content=\"article\" \/>\n<meta property=\"og:title\" content=\"El m\u00f3n al qual aspirem\" \/>\n<meta property=\"og:description\" content=\"En aquests moments d&#039;incertesa, de forta acceleraci\u00f3, de desestabilitzaci\u00f3 sense precedents, tancats a les nostres cases, protegint-nos d&#039;un enemic\" \/>\n<meta property=\"og:url\" content=\"https:\/\/www.pressenza.com\/ca\/2020\/06\/el-mon-al-qual-aspirem\/\" \/>\n<meta property=\"og:site_name\" content=\"Pressenza\" \/>\n<meta property=\"article:publisher\" content=\"https:\/\/www.facebook.com\/PressenzaItalia\" \/>\n<meta property=\"article:published_time\" content=\"2020-06-14T18:22:52+00:00\" \/>\n<meta property=\"og:image\" content=\"https:\/\/www.pressenza.com\/wp-content\/uploads\/2020\/06\/pixabay.jpg\" \/>\n\t<meta property=\"og:image:width\" content=\"1920\" \/>\n\t<meta property=\"og:image:height\" content=\"1264\" \/>\n\t<meta property=\"og:image:type\" content=\"image\/jpeg\" \/>\n<meta name=\"author\" content=\"\u00c0gora Humanista\" \/>\n<meta name=\"twitter:card\" content=\"summary_large_image\" \/>\n<meta name=\"twitter:creator\" content=\"@PressenzaIPA\" \/>\n<meta name=\"twitter:site\" content=\"@PressenzaIPA\" \/>\n<meta name=\"twitter:label1\" content=\"Escrit per\" \/>\n\t<meta name=\"twitter:data1\" content=\"\u00c0gora Humanista\" \/>\n\t<meta name=\"twitter:label2\" content=\"Temps estimat de lectura\" \/>\n\t<meta name=\"twitter:data2\" content=\"4 minuts\" \/>\n<script type=\"application\/ld+json\" class=\"yoast-schema-graph\">{\"@context\":\"https:\/\/schema.org\",\"@graph\":[{\"@type\":\"Article\",\"@id\":\"https:\/\/www.pressenza.com\/ca\/2020\/06\/el-mon-al-qual-aspirem\/#article\",\"isPartOf\":{\"@id\":\"https:\/\/www.pressenza.com\/ca\/2020\/06\/el-mon-al-qual-aspirem\/\"},\"author\":{\"name\":\"\u00c0gora Humanista\",\"@id\":\"https:\/\/www.pressenza.com\/ca\/#\/schema\/person\/0148578445cadbbd1d1adc35f7ab4f96\"},\"headline\":\"El m\u00f3n al qual aspirem\",\"datePublished\":\"2020-06-14T18:22:52+00:00\",\"mainEntityOfPage\":{\"@id\":\"https:\/\/www.pressenza.com\/ca\/2020\/06\/el-mon-al-qual-aspirem\/\"},\"wordCount\":880,\"publisher\":{\"@id\":\"https:\/\/www.pressenza.com\/ca\/#organization\"},\"image\":{\"@id\":\"https:\/\/www.pressenza.com\/ca\/2020\/06\/el-mon-al-qual-aspirem\/#primaryimage\"},\"thumbnailUrl\":\"https:\/\/www.pressenza.com\/wp-content\/uploads\/2020\/06\/pixabay.jpg\",\"keywords\":[\"AGORA HUMANISTA\",\"Barcelona\",\"Tertulies Agora\"],\"articleSection\":[\"Contingut original\",\"Opinions\"],\"inLanguage\":\"ca\"},{\"@type\":\"WebPage\",\"@id\":\"https:\/\/www.pressenza.com\/ca\/2020\/06\/el-mon-al-qual-aspirem\/\",\"url\":\"https:\/\/www.pressenza.com\/ca\/2020\/06\/el-mon-al-qual-aspirem\/\",\"name\":\"El m\u00f3n al qual aspirem\",\"isPartOf\":{\"@id\":\"https:\/\/www.pressenza.com\/ca\/#website\"},\"primaryImageOfPage\":{\"@id\":\"https:\/\/www.pressenza.com\/ca\/2020\/06\/el-mon-al-qual-aspirem\/#primaryimage\"},\"image\":{\"@id\":\"https:\/\/www.pressenza.com\/ca\/2020\/06\/el-mon-al-qual-aspirem\/#primaryimage\"},\"thumbnailUrl\":\"https:\/\/www.pressenza.com\/wp-content\/uploads\/2020\/06\/pixabay.jpg\",\"datePublished\":\"2020-06-14T18:22:52+00:00\",\"description\":\"En aquests moments d'incertesa, de forta acceleraci\u00f3, de desestabilitzaci\u00f3 sense precedents, tancats a les nostres cases, protegint-nos d'un enemic\",\"breadcrumb\":{\"@id\":\"https:\/\/www.pressenza.com\/ca\/2020\/06\/el-mon-al-qual-aspirem\/#breadcrumb\"},\"inLanguage\":\"ca\",\"potentialAction\":[{\"@type\":\"ReadAction\",\"target\":[\"https:\/\/www.pressenza.com\/ca\/2020\/06\/el-mon-al-qual-aspirem\/\"]}]},{\"@type\":\"ImageObject\",\"inLanguage\":\"ca\",\"@id\":\"https:\/\/www.pressenza.com\/ca\/2020\/06\/el-mon-al-qual-aspirem\/#primaryimage\",\"url\":\"https:\/\/www.pressenza.com\/wp-content\/uploads\/2020\/06\/pixabay.jpg\",\"contentUrl\":\"https:\/\/www.pressenza.com\/wp-content\/uploads\/2020\/06\/pixabay.jpg\",\"width\":1920,\"height\":1264,\"caption\":\"Immagine di pixabay\"},{\"@type\":\"BreadcrumbList\",\"@id\":\"https:\/\/www.pressenza.com\/ca\/2020\/06\/el-mon-al-qual-aspirem\/#breadcrumb\",\"itemListElement\":[{\"@type\":\"ListItem\",\"position\":1,\"name\":\"Accueil\",\"item\":\"https:\/\/www.pressenza.com\/ca\/\"},{\"@type\":\"ListItem\",\"position\":2,\"name\":\"El m\u00f3n al qual aspirem\"}]},{\"@type\":\"WebSite\",\"@id\":\"https:\/\/www.pressenza.com\/ca\/#website\",\"url\":\"https:\/\/www.pressenza.com\/ca\/\",\"name\":\"Pressenza\",\"description\":\"International Press Agency\",\"publisher\":{\"@id\":\"https:\/\/www.pressenza.com\/ca\/#organization\"},\"potentialAction\":[{\"@type\":\"SearchAction\",\"target\":{\"@type\":\"EntryPoint\",\"urlTemplate\":\"https:\/\/www.pressenza.com\/ca\/?s={search_term_string}\"},\"query-input\":{\"@type\":\"PropertyValueSpecification\",\"valueRequired\":true,\"valueName\":\"search_term_string\"}}],\"inLanguage\":\"ca\"},{\"@type\":\"Organization\",\"@id\":\"https:\/\/www.pressenza.com\/ca\/#organization\",\"name\":\"Pressenza\",\"url\":\"https:\/\/www.pressenza.com\/ca\/\",\"logo\":{\"@type\":\"ImageObject\",\"inLanguage\":\"ca\",\"@id\":\"https:\/\/www.pressenza.com\/ca\/#\/schema\/logo\/image\/\",\"url\":\"https:\/\/www.pressenza.com\/wp-content\/uploads\/2022\/10\/pressenza_logo_200x200.jpg\",\"contentUrl\":\"https:\/\/www.pressenza.com\/wp-content\/uploads\/2022\/10\/pressenza_logo_200x200.jpg\",\"width\":200,\"height\":200,\"caption\":\"Pressenza\"},\"image\":{\"@id\":\"https:\/\/www.pressenza.com\/ca\/#\/schema\/logo\/image\/\"},\"sameAs\":[\"https:\/\/www.facebook.com\/PressenzaItalia\",\"https:\/\/x.com\/PressenzaIPA\"]},{\"@type\":\"Person\",\"@id\":\"https:\/\/www.pressenza.com\/ca\/#\/schema\/person\/0148578445cadbbd1d1adc35f7ab4f96\",\"name\":\"\u00c0gora Humanista\",\"description\":\"\u00c0gora Humanista es un centro socio-cultural ubicado en Barcelona, que abri\u00f3 sus puertas en 2007. Sus promotores se han inspirado en las propuestas del Nuevo Humanismo Universalista. Partiendo de la convicci\u00f3n de que el conjunto mejora al individuo, se organizan encuentros abiertos peri\u00f3dicos para intercambiar sobre temas propuestos por los participantes, en torno a tem\u00e1ticas acordes con el cambio personal y social, la evoluci\u00f3n de la conciencia, los procesos hist\u00f3ricos y la espiritualidad; en estos debates, se intenta profundizar a partir de experiencias personales, adem\u00e1s de los aportes te\u00f3ricos de los participantes. http:\/\/agora9b.blogspot.com\/\",\"sameAs\":[\"http:\/\/agora9b.blogspot.com\/\"],\"url\":\"https:\/\/www.pressenza.com\/ca\/author\/agora-humanista\/\"}]}<\/script>\n<!-- \/ Yoast SEO plugin. -->","yoast_head_json":{"title":"El m\u00f3n al qual aspirem","description":"En aquests moments d'incertesa, de forta acceleraci\u00f3, de desestabilitzaci\u00f3 sense precedents, tancats a les nostres cases, protegint-nos d'un enemic","robots":{"index":"index","follow":"follow","max-snippet":"max-snippet:-1","max-image-preview":"max-image-preview:large","max-video-preview":"max-video-preview:-1"},"canonical":"https:\/\/www.pressenza.com\/ca\/2020\/06\/el-mon-al-qual-aspirem\/","og_locale":"ca_ES","og_type":"article","og_title":"El m\u00f3n al qual aspirem","og_description":"En aquests moments d'incertesa, de forta acceleraci\u00f3, de desestabilitzaci\u00f3 sense precedents, tancats a les nostres cases, protegint-nos d'un enemic","og_url":"https:\/\/www.pressenza.com\/ca\/2020\/06\/el-mon-al-qual-aspirem\/","og_site_name":"Pressenza","article_publisher":"https:\/\/www.facebook.com\/PressenzaItalia","article_published_time":"2020-06-14T18:22:52+00:00","og_image":[{"width":1920,"height":1264,"url":"https:\/\/www.pressenza.com\/wp-content\/uploads\/2020\/06\/pixabay.jpg","type":"image\/jpeg"}],"author":"\u00c0gora Humanista","twitter_card":"summary_large_image","twitter_creator":"@PressenzaIPA","twitter_site":"@PressenzaIPA","twitter_misc":{"Escrit per":"\u00c0gora Humanista","Temps estimat de lectura":"4 minuts"},"schema":{"@context":"https:\/\/schema.org","@graph":[{"@type":"Article","@id":"https:\/\/www.pressenza.com\/ca\/2020\/06\/el-mon-al-qual-aspirem\/#article","isPartOf":{"@id":"https:\/\/www.pressenza.com\/ca\/2020\/06\/el-mon-al-qual-aspirem\/"},"author":{"name":"\u00c0gora Humanista","@id":"https:\/\/www.pressenza.com\/ca\/#\/schema\/person\/0148578445cadbbd1d1adc35f7ab4f96"},"headline":"El m\u00f3n al qual aspirem","datePublished":"2020-06-14T18:22:52+00:00","mainEntityOfPage":{"@id":"https:\/\/www.pressenza.com\/ca\/2020\/06\/el-mon-al-qual-aspirem\/"},"wordCount":880,"publisher":{"@id":"https:\/\/www.pressenza.com\/ca\/#organization"},"image":{"@id":"https:\/\/www.pressenza.com\/ca\/2020\/06\/el-mon-al-qual-aspirem\/#primaryimage"},"thumbnailUrl":"https:\/\/www.pressenza.com\/wp-content\/uploads\/2020\/06\/pixabay.jpg","keywords":["AGORA HUMANISTA","Barcelona","Tertulies Agora"],"articleSection":["Contingut original","Opinions"],"inLanguage":"ca"},{"@type":"WebPage","@id":"https:\/\/www.pressenza.com\/ca\/2020\/06\/el-mon-al-qual-aspirem\/","url":"https:\/\/www.pressenza.com\/ca\/2020\/06\/el-mon-al-qual-aspirem\/","name":"El m\u00f3n al qual aspirem","isPartOf":{"@id":"https:\/\/www.pressenza.com\/ca\/#website"},"primaryImageOfPage":{"@id":"https:\/\/www.pressenza.com\/ca\/2020\/06\/el-mon-al-qual-aspirem\/#primaryimage"},"image":{"@id":"https:\/\/www.pressenza.com\/ca\/2020\/06\/el-mon-al-qual-aspirem\/#primaryimage"},"thumbnailUrl":"https:\/\/www.pressenza.com\/wp-content\/uploads\/2020\/06\/pixabay.jpg","datePublished":"2020-06-14T18:22:52+00:00","description":"En aquests moments d'incertesa, de forta acceleraci\u00f3, de desestabilitzaci\u00f3 sense precedents, tancats a les nostres cases, protegint-nos d'un enemic","breadcrumb":{"@id":"https:\/\/www.pressenza.com\/ca\/2020\/06\/el-mon-al-qual-aspirem\/#breadcrumb"},"inLanguage":"ca","potentialAction":[{"@type":"ReadAction","target":["https:\/\/www.pressenza.com\/ca\/2020\/06\/el-mon-al-qual-aspirem\/"]}]},{"@type":"ImageObject","inLanguage":"ca","@id":"https:\/\/www.pressenza.com\/ca\/2020\/06\/el-mon-al-qual-aspirem\/#primaryimage","url":"https:\/\/www.pressenza.com\/wp-content\/uploads\/2020\/06\/pixabay.jpg","contentUrl":"https:\/\/www.pressenza.com\/wp-content\/uploads\/2020\/06\/pixabay.jpg","width":1920,"height":1264,"caption":"Immagine di pixabay"},{"@type":"BreadcrumbList","@id":"https:\/\/www.pressenza.com\/ca\/2020\/06\/el-mon-al-qual-aspirem\/#breadcrumb","itemListElement":[{"@type":"ListItem","position":1,"name":"Accueil","item":"https:\/\/www.pressenza.com\/ca\/"},{"@type":"ListItem","position":2,"name":"El m\u00f3n al qual aspirem"}]},{"@type":"WebSite","@id":"https:\/\/www.pressenza.com\/ca\/#website","url":"https:\/\/www.pressenza.com\/ca\/","name":"Pressenza","description":"International Press Agency","publisher":{"@id":"https:\/\/www.pressenza.com\/ca\/#organization"},"potentialAction":[{"@type":"SearchAction","target":{"@type":"EntryPoint","urlTemplate":"https:\/\/www.pressenza.com\/ca\/?s={search_term_string}"},"query-input":{"@type":"PropertyValueSpecification","valueRequired":true,"valueName":"search_term_string"}}],"inLanguage":"ca"},{"@type":"Organization","@id":"https:\/\/www.pressenza.com\/ca\/#organization","name":"Pressenza","url":"https:\/\/www.pressenza.com\/ca\/","logo":{"@type":"ImageObject","inLanguage":"ca","@id":"https:\/\/www.pressenza.com\/ca\/#\/schema\/logo\/image\/","url":"https:\/\/www.pressenza.com\/wp-content\/uploads\/2022\/10\/pressenza_logo_200x200.jpg","contentUrl":"https:\/\/www.pressenza.com\/wp-content\/uploads\/2022\/10\/pressenza_logo_200x200.jpg","width":200,"height":200,"caption":"Pressenza"},"image":{"@id":"https:\/\/www.pressenza.com\/ca\/#\/schema\/logo\/image\/"},"sameAs":["https:\/\/www.facebook.com\/PressenzaItalia","https:\/\/x.com\/PressenzaIPA"]},{"@type":"Person","@id":"https:\/\/www.pressenza.com\/ca\/#\/schema\/person\/0148578445cadbbd1d1adc35f7ab4f96","name":"\u00c0gora Humanista","description":"\u00c0gora Humanista es un centro socio-cultural ubicado en Barcelona, que abri\u00f3 sus puertas en 2007. Sus promotores se han inspirado en las propuestas del Nuevo Humanismo Universalista. Partiendo de la convicci\u00f3n de que el conjunto mejora al individuo, se organizan encuentros abiertos peri\u00f3dicos para intercambiar sobre temas propuestos por los participantes, en torno a tem\u00e1ticas acordes con el cambio personal y social, la evoluci\u00f3n de la conciencia, los procesos hist\u00f3ricos y la espiritualidad; en estos debates, se intenta profundizar a partir de experiencias personales, adem\u00e1s de los aportes te\u00f3ricos de los participantes. http:\/\/agora9b.blogspot.com\/","sameAs":["http:\/\/agora9b.blogspot.com\/"],"url":"https:\/\/www.pressenza.com\/ca\/author\/agora-humanista\/"}]}},"place":"","original_article_url":"","_links":{"self":[{"href":"https:\/\/www.pressenza.com\/ca\/wp-json\/wp\/v2\/posts\/1135427","targetHints":{"allow":["GET"]}}],"collection":[{"href":"https:\/\/www.pressenza.com\/ca\/wp-json\/wp\/v2\/posts"}],"about":[{"href":"https:\/\/www.pressenza.com\/ca\/wp-json\/wp\/v2\/types\/post"}],"author":[{"embeddable":true,"href":"https:\/\/www.pressenza.com\/ca\/wp-json\/wp\/v2\/users\/1691"}],"replies":[{"embeddable":true,"href":"https:\/\/www.pressenza.com\/ca\/wp-json\/wp\/v2\/comments?post=1135427"}],"version-history":[{"count":0,"href":"https:\/\/www.pressenza.com\/ca\/wp-json\/wp\/v2\/posts\/1135427\/revisions"}],"wp:featuredmedia":[{"embeddable":true,"href":"https:\/\/www.pressenza.com\/ca\/wp-json\/wp\/v2\/media\/1135417"}],"wp:attachment":[{"href":"https:\/\/www.pressenza.com\/ca\/wp-json\/wp\/v2\/media?parent=1135427"}],"wp:term":[{"taxonomy":"category","embeddable":true,"href":"https:\/\/www.pressenza.com\/ca\/wp-json\/wp\/v2\/categories?post=1135427"},{"taxonomy":"post_tag","embeddable":true,"href":"https:\/\/www.pressenza.com\/ca\/wp-json\/wp\/v2\/tags?post=1135427"}],"curies":[{"name":"wp","href":"https:\/\/api.w.org\/{rel}","templated":true}]}}