{"id":1076032,"date":"2020-04-04T20:16:24","date_gmt":"2020-04-04T19:16:24","guid":{"rendered":"https:\/\/www.pressenza.com\/?p=1076032"},"modified":"2020-04-04T20:16:24","modified_gmt":"2020-04-04T19:16:24","slug":"oficina-internacional-de-la-pau-desviin-la-despesa-militar-a-la-salut-ara","status":"publish","type":"post","link":"https:\/\/www.pressenza.com\/ca\/2020\/04\/oficina-internacional-de-la-pau-desviin-la-despesa-militar-a-la-salut-ara\/","title":{"rendered":"Oficina internacional de la pau:  Desvi\u00efn la despesa militar a la salut. Ara!"},"content":{"rendered":"<p>La IPB demana als l\u00edders mundials que desvi\u00efn la despesa militar a la salut.<\/p>\n<p>Una de les federacions per la pau m\u00e9s antigues del m\u00f3n, i guanyadora del Premi Nobel de la Pau el 1910, l&#8217;Oficina Internacional de la Pau, va llan\u00e7ar aquesta setmana una crida dirigida als l\u00edders mundials \u201cper a reduir dr\u00e0sticament la despesa militar a favor de l&#8217;atenci\u00f3 sanit\u00e0ria i de totes les necessitats socials i mediambientals!\u201d.<\/p>\n<p>L&#8217;epid\u00e8mia de coronavirus que est\u00e0 arrasant el planeta posa en un enfocament n\u00edtid el fet que amb una part dels diners que es gasten globalment en despeses militars i en la preparaci\u00f3 per a la guerra, podr\u00edem resoldre tots els problemes de la humanitat: proporcionar una atenci\u00f3 m\u00e8dica de qualitat i una educaci\u00f3 de bona qualitat per a tots, seguretat en la vellesa, energia neta, un sistema econ\u00f2mic equitatiu, protecci\u00f3 del medi ambient i moltes altres coses que crearien una vida digna per a tots els \u00e9ssers humans.<\/p>\n<p>Pressenza insta als seus lectors que vagin a aquest enlla\u00e7 per signar la petici\u00f3. El text complet es troba a continuaci\u00f3:<\/p>\n<p>INVERTIR EN ATENCI\u00d3 M\u00c8DICA EN COMPTES D&#8217;EN MILITARITZACI\u00d3<\/p>\n<p>Nosaltres, els signants, fem una crida als l\u00edders mundials reunits en l&#8217;Assemblea General de les Nacions Unides*, perqu\u00e8 redueixin dr\u00e0sticament les despeses militars, i afavoreixin l&#8217;atenci\u00f3 m\u00e8dica i totes les necessitats socials i mediambientals.<\/p>\n<p>*Les signatures seran portades a l&#8217;Assemblea General de les Nacions Unides el primer dia de la pr\u00f2xima sessi\u00f3 que s&#8217;obrir\u00e0 el 15 de setembre de 2020.<\/p>\n<p>\u00c8mfasi en la cura de la salut<\/p>\n<p>Juntament amb l&#8217;Oficina Internacional de la Pau, l&#8217;organitzaci\u00f3 de pau m\u00e9s antiga del m\u00f3n i guanyadora del Premi Nobel, som testimonis de les conseq\u00fc\u00e8ncies de decisions pol\u00edtiques irresponsables que han portat a una dram\u00e0tica falta d&#8217;inversi\u00f3 en l&#8217;atenci\u00f3 sanit\u00e0ria. Arreu del m\u00f3n els sistemes de salut estan arribant al l\u00edmit de les seves forces, i l&#8217;heroic personal de primera l\u00ednia est\u00e0 sotm\u00e8s a una pressi\u00f3 enorme.<\/p>\n<p>L&#8217;emerg\u00e8ncia del coronavirus mostra l&#8217;estat afeblit en qu\u00e8 es troben les nostres societats per protegir a la poblaci\u00f3: un m\u00f3n impulsat per les finances, els accionistes i l&#8217;austeritat, que han afeblit la nostra capacitat per defensar el b\u00e9 com\u00fa i han posat en perill la vida humana a escala mundial.<\/p>\n<p>Els empleats es veuen temptats a anar a treballar malalts, temorosos de perdre el seu treball i els seus ingressos. Les persones grans s\u00f3n vulnerables i necessiten ajuda perqu\u00e8 el virus colpeja sense pietat els m\u00e9s febles. La privatitzaci\u00f3, les mesures d&#8217;austeritat i el sistema neoliberal han portat als serveis de salut locals, regionals i nacionals a la vora del col\u00b7lapse.<\/p>\n<p>Ja podem extreure alguns ensenyaments per al futur. La salut \u00e9s un dret hum\u00e0 per a joves i ancians, per a totes les persones en totes les parts del m\u00f3n. L&#8217;atenci\u00f3 sanit\u00e0ria i d&#8217;infermeria mai ha de ser retallada o subordinada per la cerca de beneficis mitjan\u00e7ant la privatitzaci\u00f3.<\/p>\n<p>\u00c9s hora d&#8217;un Contracte Social Global<\/p>\n<p>L&#8217;OIT va informar sobre les conseq\u00fc\u00e8ncies del mercat laboral amb una p\u00e8rdua potencial de 25 milions de llocs de treball, m\u00e9s que durant la crisi financera del 2008. Es preveu que la pobresa dels treballadors augmenti significativament, la qual cosa podria afectar altres 35 milions de persones m\u00e9s.<\/p>\n<p>Donem suport als esfor\u00e7os del moviment sindical a escala mundial i local, en la seva crida a un nou contracte social. Donem suport a la seva crida a favor de mesures econ\u00f2miques i recursos per protegir els llocs de treball, els ingressos, els serveis p\u00fablics i el benestar de les persones.<\/p>\n<p>Donar prioritat al desarmament<\/p>\n<p>El m\u00f3n gasta 1,8 bilions de d\u00f2lars en despeses militars cada any, i est\u00e0 previst que gasti 1 bili\u00f3 de d\u00f2lars en noves armes nuclears en els pr\u00f2xims vint anys. El cam\u00ed equivocat que segueix el m\u00f3n \u00e9s la militaritzaci\u00f3, alimentant les tensions, augmentant el potencial de guerra i conflicte. Aix\u00f2 agreuja m\u00e9s les elevades tensions nuclears que ja existeixen.<\/p>\n<p>Els l\u00edders mundials han de posar el desarmament i la pau en el centre de l&#8217;elaboraci\u00f3 de les pol\u00edtiques, i desenvolupar un nou programa de desarmament que inclogui la prohibici\u00f3 de les armes nuclears. Reiterem la nostra crida als governs perqu\u00e8 signin el tractat TPAN (Tractat sobre la prohibici\u00f3 de les armes nuclears).<\/p>\n<p>El desarmament \u00e9s una de les claus de la gran transformaci\u00f3 de les nostres economies, per assegurar que es valori m\u00e9s els \u00e9ssers humans i no els guanys; economies en les quals es resolguin els desafiaments ecol\u00f2gics, sobretot la crisi del canvi clim\u00e0tic, i es busqui la just\u00edcia social mundial.<\/p>\n<p>Amb el desarmament, l&#8217;aplicaci\u00f3 dels SDG, un contracte social mundial i un nou acord mundial per a la Pau Verda, podem fer front als desafiaments de la pand\u00e8mia del coronavirus.<\/p>\n<p>Estem fent una crida als l\u00edders mundials, que es reuniran en l&#8217;Assemblea General de les Nacions Unides el setembre del 2020, a actuar per una cultura de pau. Un cam\u00ed pac\u00edfic significa, necessitem, una estrat\u00e8gia global, un contracte social global i una cooperaci\u00f3 global per assegurar el suport del planeta a les persones. D&#8217;aix\u00f2 es tracta la solidaritat humana del segle XXI:<\/p>\n","protected":false},"excerpt":{"rendered":"<p>La IPB demana als l\u00edders mundials que desvi\u00efn la despesa militar a la salut. Una de les federacions per la pau m\u00e9s antigues del m\u00f3n, i guanyadora del Premi Nobel de la Pau el 1910, l&#8217;Oficina Internacional de la Pau,&hellip;<\/p>\n","protected":false},"author":915,"featured_media":1068747,"comment_status":"closed","ping_status":"closed","sticky":false,"template":"","format":"standard","meta":{"footnotes":""},"categories":[35531,32516,35516,35526],"tags":[],"class_list":["post-1076032","post","type-post","status-publish","format-standard","has-post-thumbnail","hentry","category-contingut-original-ca","category-internacional-ca","category-pau-i-desarmament-ca","category-salut-ca"],"yoast_head":"<!-- This site is optimized with the Yoast SEO plugin v27.1.1 - https:\/\/yoast.com\/product\/yoast-seo-wordpress\/ -->\n<title>Oficina internacional de la pau: Desvi\u00efn la despesa militar a la salut. Ara!<\/title>\n<meta name=\"description\" content=\"La IPB demana als l\u00edders mundials que desvi\u00efn la despesa militar a la salut. Una de les federacions per la pau m\u00e9s antigues del m\u00f3n, i guanyadora del\" \/>\n<meta name=\"robots\" content=\"index, follow, max-snippet:-1, max-image-preview:large, max-video-preview:-1\" \/>\n<link rel=\"canonical\" href=\"https:\/\/www.pressenza.com\/ca\/2020\/04\/oficina-internacional-de-la-pau-desviin-la-despesa-militar-a-la-salut-ara\/\" \/>\n<meta property=\"og:locale\" content=\"ca_ES\" \/>\n<meta property=\"og:type\" content=\"article\" \/>\n<meta property=\"og:title\" content=\"Oficina internacional de la pau: Desvi\u00efn la despesa militar a la salut. Ara!\" \/>\n<meta property=\"og:description\" content=\"La IPB demana als l\u00edders mundials que desvi\u00efn la despesa militar a la salut. Una de les federacions per la pau m\u00e9s antigues del m\u00f3n, i guanyadora del\" \/>\n<meta property=\"og:url\" content=\"https:\/\/www.pressenza.com\/ca\/2020\/04\/oficina-internacional-de-la-pau-desviin-la-despesa-militar-a-la-salut-ara\/\" \/>\n<meta property=\"og:site_name\" content=\"Pressenza\" \/>\n<meta property=\"article:publisher\" content=\"https:\/\/www.facebook.com\/PressenzaItalia\" \/>\n<meta property=\"article:author\" content=\"https:\/\/www.facebook.com\/ipb1910\/\" \/>\n<meta property=\"article:published_time\" content=\"2020-04-04T19:16:24+00:00\" \/>\n<meta property=\"og:image\" content=\"https:\/\/www.pressenza.com\/wp-content\/uploads\/2020\/03\/IPB-divert-military-spending-to-healthcare.jpg\" \/>\n\t<meta property=\"og:image:width\" content=\"800\" \/>\n\t<meta property=\"og:image:height\" content=\"450\" \/>\n\t<meta property=\"og:image:type\" content=\"image\/jpeg\" \/>\n<meta name=\"author\" content=\"International Peace Bureau\" \/>\n<meta name=\"twitter:card\" content=\"summary_large_image\" \/>\n<meta name=\"twitter:creator\" content=\"@IntlPeaceBureau\" \/>\n<meta name=\"twitter:site\" content=\"@PressenzaIPA\" \/>\n<meta name=\"twitter:label1\" content=\"Escrit per\" \/>\n\t<meta name=\"twitter:data1\" content=\"International Peace Bureau\" \/>\n\t<meta name=\"twitter:label2\" content=\"Temps estimat de lectura\" \/>\n\t<meta name=\"twitter:data2\" content=\"4 minuts\" \/>\n<script type=\"application\/ld+json\" class=\"yoast-schema-graph\">{\"@context\":\"https:\/\/schema.org\",\"@graph\":[{\"@type\":\"Article\",\"@id\":\"https:\/\/www.pressenza.com\/ca\/2020\/04\/oficina-internacional-de-la-pau-desviin-la-despesa-militar-a-la-salut-ara\/#article\",\"isPartOf\":{\"@id\":\"https:\/\/www.pressenza.com\/ca\/2020\/04\/oficina-internacional-de-la-pau-desviin-la-despesa-militar-a-la-salut-ara\/\"},\"author\":{\"name\":\"International Peace Bureau\",\"@id\":\"https:\/\/www.pressenza.com\/ca\/#\/schema\/person\/cf4b69440c24421a936e7d31387cbdef\"},\"headline\":\"Oficina internacional de la pau: Desvi\u00efn la despesa militar a la salut. Ara!\",\"datePublished\":\"2020-04-04T19:16:24+00:00\",\"mainEntityOfPage\":{\"@id\":\"https:\/\/www.pressenza.com\/ca\/2020\/04\/oficina-internacional-de-la-pau-desviin-la-despesa-militar-a-la-salut-ara\/\"},\"wordCount\":933,\"publisher\":{\"@id\":\"https:\/\/www.pressenza.com\/ca\/#organization\"},\"image\":{\"@id\":\"https:\/\/www.pressenza.com\/ca\/2020\/04\/oficina-internacional-de-la-pau-desviin-la-despesa-militar-a-la-salut-ara\/#primaryimage\"},\"thumbnailUrl\":\"https:\/\/www.pressenza.com\/wp-content\/uploads\/2020\/03\/IPB-divert-military-spending-to-healthcare.jpg\",\"articleSection\":[\"Contingut original\",\"Internacional\",\"Pau i desarmament\",\"Salut\"],\"inLanguage\":\"ca\"},{\"@type\":\"WebPage\",\"@id\":\"https:\/\/www.pressenza.com\/ca\/2020\/04\/oficina-internacional-de-la-pau-desviin-la-despesa-militar-a-la-salut-ara\/\",\"url\":\"https:\/\/www.pressenza.com\/ca\/2020\/04\/oficina-internacional-de-la-pau-desviin-la-despesa-militar-a-la-salut-ara\/\",\"name\":\"Oficina internacional de la pau: Desvi\u00efn la despesa militar a la salut. Ara!\",\"isPartOf\":{\"@id\":\"https:\/\/www.pressenza.com\/ca\/#website\"},\"primaryImageOfPage\":{\"@id\":\"https:\/\/www.pressenza.com\/ca\/2020\/04\/oficina-internacional-de-la-pau-desviin-la-despesa-militar-a-la-salut-ara\/#primaryimage\"},\"image\":{\"@id\":\"https:\/\/www.pressenza.com\/ca\/2020\/04\/oficina-internacional-de-la-pau-desviin-la-despesa-militar-a-la-salut-ara\/#primaryimage\"},\"thumbnailUrl\":\"https:\/\/www.pressenza.com\/wp-content\/uploads\/2020\/03\/IPB-divert-military-spending-to-healthcare.jpg\",\"datePublished\":\"2020-04-04T19:16:24+00:00\",\"description\":\"La IPB demana als l\u00edders mundials que desvi\u00efn la despesa militar a la salut. Una de les federacions per la pau m\u00e9s antigues del m\u00f3n, i guanyadora del\",\"breadcrumb\":{\"@id\":\"https:\/\/www.pressenza.com\/ca\/2020\/04\/oficina-internacional-de-la-pau-desviin-la-despesa-militar-a-la-salut-ara\/#breadcrumb\"},\"inLanguage\":\"ca\",\"potentialAction\":[{\"@type\":\"ReadAction\",\"target\":[\"https:\/\/www.pressenza.com\/ca\/2020\/04\/oficina-internacional-de-la-pau-desviin-la-despesa-militar-a-la-salut-ara\/\"]}]},{\"@type\":\"ImageObject\",\"inLanguage\":\"ca\",\"@id\":\"https:\/\/www.pressenza.com\/ca\/2020\/04\/oficina-internacional-de-la-pau-desviin-la-despesa-militar-a-la-salut-ara\/#primaryimage\",\"url\":\"https:\/\/www.pressenza.com\/wp-content\/uploads\/2020\/03\/IPB-divert-military-spending-to-healthcare.jpg\",\"contentUrl\":\"https:\/\/www.pressenza.com\/wp-content\/uploads\/2020\/03\/IPB-divert-military-spending-to-healthcare.jpg\",\"width\":800,\"height\":450,\"caption\":\"IPB call on world leaders to divert military spending to healthcare\"},{\"@type\":\"BreadcrumbList\",\"@id\":\"https:\/\/www.pressenza.com\/ca\/2020\/04\/oficina-internacional-de-la-pau-desviin-la-despesa-militar-a-la-salut-ara\/#breadcrumb\",\"itemListElement\":[{\"@type\":\"ListItem\",\"position\":1,\"name\":\"Accueil\",\"item\":\"https:\/\/www.pressenza.com\/ca\/\"},{\"@type\":\"ListItem\",\"position\":2,\"name\":\"Oficina internacional de la pau: Desvi\u00efn la despesa militar a la salut. Ara!\"}]},{\"@type\":\"WebSite\",\"@id\":\"https:\/\/www.pressenza.com\/ca\/#website\",\"url\":\"https:\/\/www.pressenza.com\/ca\/\",\"name\":\"Pressenza\",\"description\":\"International Press Agency\",\"publisher\":{\"@id\":\"https:\/\/www.pressenza.com\/ca\/#organization\"},\"potentialAction\":[{\"@type\":\"SearchAction\",\"target\":{\"@type\":\"EntryPoint\",\"urlTemplate\":\"https:\/\/www.pressenza.com\/ca\/?s={search_term_string}\"},\"query-input\":{\"@type\":\"PropertyValueSpecification\",\"valueRequired\":true,\"valueName\":\"search_term_string\"}}],\"inLanguage\":\"ca\"},{\"@type\":\"Organization\",\"@id\":\"https:\/\/www.pressenza.com\/ca\/#organization\",\"name\":\"Pressenza\",\"url\":\"https:\/\/www.pressenza.com\/ca\/\",\"logo\":{\"@type\":\"ImageObject\",\"inLanguage\":\"ca\",\"@id\":\"https:\/\/www.pressenza.com\/ca\/#\/schema\/logo\/image\/\",\"url\":\"https:\/\/www.pressenza.com\/wp-content\/uploads\/2022\/10\/pressenza_logo_200x200.jpg\",\"contentUrl\":\"https:\/\/www.pressenza.com\/wp-content\/uploads\/2022\/10\/pressenza_logo_200x200.jpg\",\"width\":200,\"height\":200,\"caption\":\"Pressenza\"},\"image\":{\"@id\":\"https:\/\/www.pressenza.com\/ca\/#\/schema\/logo\/image\/\"},\"sameAs\":[\"https:\/\/www.facebook.com\/PressenzaItalia\",\"https:\/\/x.com\/PressenzaIPA\"]},{\"@type\":\"Person\",\"@id\":\"https:\/\/www.pressenza.com\/ca\/#\/schema\/person\/cf4b69440c24421a936e7d31387cbdef\",\"name\":\"International Peace Bureau\",\"description\":\"The International Peace Bureau is dedicated to the vision of a World Without War. Our current main programme centres on Sustainable Disarmament for Sustainable Development and we campaign mainly on the reduction of military expenditure. www.ipb.org\",\"sameAs\":[\"http:\/\/www.ipb.org\",\"https:\/\/www.facebook.com\/ipb1910\/\",\"https:\/\/x.com\/IntlPeaceBureau\"],\"url\":\"https:\/\/www.pressenza.com\/ca\/author\/internationalpeacebureau\/\"}]}<\/script>\n<!-- \/ Yoast SEO plugin. -->","yoast_head_json":{"title":"Oficina internacional de la pau: Desvi\u00efn la despesa militar a la salut. Ara!","description":"La IPB demana als l\u00edders mundials que desvi\u00efn la despesa militar a la salut. Una de les federacions per la pau m\u00e9s antigues del m\u00f3n, i guanyadora del","robots":{"index":"index","follow":"follow","max-snippet":"max-snippet:-1","max-image-preview":"max-image-preview:large","max-video-preview":"max-video-preview:-1"},"canonical":"https:\/\/www.pressenza.com\/ca\/2020\/04\/oficina-internacional-de-la-pau-desviin-la-despesa-militar-a-la-salut-ara\/","og_locale":"ca_ES","og_type":"article","og_title":"Oficina internacional de la pau: Desvi\u00efn la despesa militar a la salut. Ara!","og_description":"La IPB demana als l\u00edders mundials que desvi\u00efn la despesa militar a la salut. Una de les federacions per la pau m\u00e9s antigues del m\u00f3n, i guanyadora del","og_url":"https:\/\/www.pressenza.com\/ca\/2020\/04\/oficina-internacional-de-la-pau-desviin-la-despesa-militar-a-la-salut-ara\/","og_site_name":"Pressenza","article_publisher":"https:\/\/www.facebook.com\/PressenzaItalia","article_author":"https:\/\/www.facebook.com\/ipb1910\/","article_published_time":"2020-04-04T19:16:24+00:00","og_image":[{"width":800,"height":450,"url":"https:\/\/www.pressenza.com\/wp-content\/uploads\/2020\/03\/IPB-divert-military-spending-to-healthcare.jpg","type":"image\/jpeg"}],"author":"International Peace Bureau","twitter_card":"summary_large_image","twitter_creator":"@IntlPeaceBureau","twitter_site":"@PressenzaIPA","twitter_misc":{"Escrit per":"International Peace Bureau","Temps estimat de lectura":"4 minuts"},"schema":{"@context":"https:\/\/schema.org","@graph":[{"@type":"Article","@id":"https:\/\/www.pressenza.com\/ca\/2020\/04\/oficina-internacional-de-la-pau-desviin-la-despesa-militar-a-la-salut-ara\/#article","isPartOf":{"@id":"https:\/\/www.pressenza.com\/ca\/2020\/04\/oficina-internacional-de-la-pau-desviin-la-despesa-militar-a-la-salut-ara\/"},"author":{"name":"International Peace Bureau","@id":"https:\/\/www.pressenza.com\/ca\/#\/schema\/person\/cf4b69440c24421a936e7d31387cbdef"},"headline":"Oficina internacional de la pau: Desvi\u00efn la despesa militar a la salut. Ara!","datePublished":"2020-04-04T19:16:24+00:00","mainEntityOfPage":{"@id":"https:\/\/www.pressenza.com\/ca\/2020\/04\/oficina-internacional-de-la-pau-desviin-la-despesa-militar-a-la-salut-ara\/"},"wordCount":933,"publisher":{"@id":"https:\/\/www.pressenza.com\/ca\/#organization"},"image":{"@id":"https:\/\/www.pressenza.com\/ca\/2020\/04\/oficina-internacional-de-la-pau-desviin-la-despesa-militar-a-la-salut-ara\/#primaryimage"},"thumbnailUrl":"https:\/\/www.pressenza.com\/wp-content\/uploads\/2020\/03\/IPB-divert-military-spending-to-healthcare.jpg","articleSection":["Contingut original","Internacional","Pau i desarmament","Salut"],"inLanguage":"ca"},{"@type":"WebPage","@id":"https:\/\/www.pressenza.com\/ca\/2020\/04\/oficina-internacional-de-la-pau-desviin-la-despesa-militar-a-la-salut-ara\/","url":"https:\/\/www.pressenza.com\/ca\/2020\/04\/oficina-internacional-de-la-pau-desviin-la-despesa-militar-a-la-salut-ara\/","name":"Oficina internacional de la pau: Desvi\u00efn la despesa militar a la salut. Ara!","isPartOf":{"@id":"https:\/\/www.pressenza.com\/ca\/#website"},"primaryImageOfPage":{"@id":"https:\/\/www.pressenza.com\/ca\/2020\/04\/oficina-internacional-de-la-pau-desviin-la-despesa-militar-a-la-salut-ara\/#primaryimage"},"image":{"@id":"https:\/\/www.pressenza.com\/ca\/2020\/04\/oficina-internacional-de-la-pau-desviin-la-despesa-militar-a-la-salut-ara\/#primaryimage"},"thumbnailUrl":"https:\/\/www.pressenza.com\/wp-content\/uploads\/2020\/03\/IPB-divert-military-spending-to-healthcare.jpg","datePublished":"2020-04-04T19:16:24+00:00","description":"La IPB demana als l\u00edders mundials que desvi\u00efn la despesa militar a la salut. Una de les federacions per la pau m\u00e9s antigues del m\u00f3n, i guanyadora del","breadcrumb":{"@id":"https:\/\/www.pressenza.com\/ca\/2020\/04\/oficina-internacional-de-la-pau-desviin-la-despesa-militar-a-la-salut-ara\/#breadcrumb"},"inLanguage":"ca","potentialAction":[{"@type":"ReadAction","target":["https:\/\/www.pressenza.com\/ca\/2020\/04\/oficina-internacional-de-la-pau-desviin-la-despesa-militar-a-la-salut-ara\/"]}]},{"@type":"ImageObject","inLanguage":"ca","@id":"https:\/\/www.pressenza.com\/ca\/2020\/04\/oficina-internacional-de-la-pau-desviin-la-despesa-militar-a-la-salut-ara\/#primaryimage","url":"https:\/\/www.pressenza.com\/wp-content\/uploads\/2020\/03\/IPB-divert-military-spending-to-healthcare.jpg","contentUrl":"https:\/\/www.pressenza.com\/wp-content\/uploads\/2020\/03\/IPB-divert-military-spending-to-healthcare.jpg","width":800,"height":450,"caption":"IPB call on world leaders to divert military spending to healthcare"},{"@type":"BreadcrumbList","@id":"https:\/\/www.pressenza.com\/ca\/2020\/04\/oficina-internacional-de-la-pau-desviin-la-despesa-militar-a-la-salut-ara\/#breadcrumb","itemListElement":[{"@type":"ListItem","position":1,"name":"Accueil","item":"https:\/\/www.pressenza.com\/ca\/"},{"@type":"ListItem","position":2,"name":"Oficina internacional de la pau: Desvi\u00efn la despesa militar a la salut. Ara!"}]},{"@type":"WebSite","@id":"https:\/\/www.pressenza.com\/ca\/#website","url":"https:\/\/www.pressenza.com\/ca\/","name":"Pressenza","description":"International Press Agency","publisher":{"@id":"https:\/\/www.pressenza.com\/ca\/#organization"},"potentialAction":[{"@type":"SearchAction","target":{"@type":"EntryPoint","urlTemplate":"https:\/\/www.pressenza.com\/ca\/?s={search_term_string}"},"query-input":{"@type":"PropertyValueSpecification","valueRequired":true,"valueName":"search_term_string"}}],"inLanguage":"ca"},{"@type":"Organization","@id":"https:\/\/www.pressenza.com\/ca\/#organization","name":"Pressenza","url":"https:\/\/www.pressenza.com\/ca\/","logo":{"@type":"ImageObject","inLanguage":"ca","@id":"https:\/\/www.pressenza.com\/ca\/#\/schema\/logo\/image\/","url":"https:\/\/www.pressenza.com\/wp-content\/uploads\/2022\/10\/pressenza_logo_200x200.jpg","contentUrl":"https:\/\/www.pressenza.com\/wp-content\/uploads\/2022\/10\/pressenza_logo_200x200.jpg","width":200,"height":200,"caption":"Pressenza"},"image":{"@id":"https:\/\/www.pressenza.com\/ca\/#\/schema\/logo\/image\/"},"sameAs":["https:\/\/www.facebook.com\/PressenzaItalia","https:\/\/x.com\/PressenzaIPA"]},{"@type":"Person","@id":"https:\/\/www.pressenza.com\/ca\/#\/schema\/person\/cf4b69440c24421a936e7d31387cbdef","name":"International Peace Bureau","description":"The International Peace Bureau is dedicated to the vision of a World Without War. Our current main programme centres on Sustainable Disarmament for Sustainable Development and we campaign mainly on the reduction of military expenditure. www.ipb.org","sameAs":["http:\/\/www.ipb.org","https:\/\/www.facebook.com\/ipb1910\/","https:\/\/x.com\/IntlPeaceBureau"],"url":"https:\/\/www.pressenza.com\/ca\/author\/internationalpeacebureau\/"}]}},"place":"Berl\u00edn, Alemanya","original_article_url":"","_links":{"self":[{"href":"https:\/\/www.pressenza.com\/ca\/wp-json\/wp\/v2\/posts\/1076032","targetHints":{"allow":["GET"]}}],"collection":[{"href":"https:\/\/www.pressenza.com\/ca\/wp-json\/wp\/v2\/posts"}],"about":[{"href":"https:\/\/www.pressenza.com\/ca\/wp-json\/wp\/v2\/types\/post"}],"author":[{"embeddable":true,"href":"https:\/\/www.pressenza.com\/ca\/wp-json\/wp\/v2\/users\/915"}],"replies":[{"embeddable":true,"href":"https:\/\/www.pressenza.com\/ca\/wp-json\/wp\/v2\/comments?post=1076032"}],"version-history":[{"count":0,"href":"https:\/\/www.pressenza.com\/ca\/wp-json\/wp\/v2\/posts\/1076032\/revisions"}],"wp:featuredmedia":[{"embeddable":true,"href":"https:\/\/www.pressenza.com\/ca\/wp-json\/wp\/v2\/media\/1068747"}],"wp:attachment":[{"href":"https:\/\/www.pressenza.com\/ca\/wp-json\/wp\/v2\/media?parent=1076032"}],"wp:term":[{"taxonomy":"category","embeddable":true,"href":"https:\/\/www.pressenza.com\/ca\/wp-json\/wp\/v2\/categories?post=1076032"},{"taxonomy":"post_tag","embeddable":true,"href":"https:\/\/www.pressenza.com\/ca\/wp-json\/wp\/v2\/tags?post=1076032"}],"curies":[{"name":"wp","href":"https:\/\/api.w.org\/{rel}","templated":true}]}}