{"id":1066962,"date":"2020-03-28T20:10:21","date_gmt":"2020-03-28T20:10:21","guid":{"rendered":"https:\/\/www.pressenza.com\/?p=1066962"},"modified":"2020-03-28T20:11:50","modified_gmt":"2020-03-28T20:11:50","slug":"el-virus-i-la-pandemia-de-la-por-capitalista","status":"publish","type":"post","link":"https:\/\/www.pressenza.com\/ca\/2020\/03\/el-virus-i-la-pandemia-de-la-por-capitalista\/","title":{"rendered":"El virus i la pand\u00e8mia de la por capitalista"},"content":{"rendered":"<p>La prevista recessi\u00f3 econ\u00f2mica del sistema capitalista, en aquesta fase de poder dels mercats financers, ha arribat aquesta vegada de la m\u00e0 d&#8217;un virus, el SARS-CoV-2 (Covid-19) conegut des de fa temps per la comunitat cient\u00edfica, i que ara es presenta en forma de \u201cpand\u00e8mia\u201d, amb l&#8217;ajuda de part de les institucions internacionals de salut, el protagonisme dels governs i una gran contribuci\u00f3, t\u00f2xica la majoria de les vegades, dels principals mitjans de comunicaci\u00f3 en mans de grans grups econ\u00f2mics.<\/p>\n<p>Aquesta nova amena\u00e7a de la humanitat est\u00e0 posant els sistemes de salut dels pa\u00efsos occidentals a la vora del col\u00b7lapse i a la poblaci\u00f3 en estat de terror, en a\u00efllament i quarantena sanit\u00e0ria, econ\u00f2mica i social, a les zones on aquests sistemes existeixen.<\/p>\n<p>La \u201csortida\u201d de l&#8217;anterior crisi financera global del 2008, provocada per aquest mateix sistema econ\u00f2mic depredador, va representar per a tots els drets socials aconseguits en els anys de bombolla econ\u00f2mica, per\u00f2 especialment per als serveis nacionals de salut, una aguditzaci\u00f3 en la l\u00ednia ascendent de desregulaci\u00f3, mercantilitzaci\u00f3 i privatitzaci\u00f3 del sector sanitari. A partir d&#8217;aquestes dates i gradualment, vam patir les retallades pressupost\u00e0ries m\u00e9s dr\u00e0stiques en tots els serveis d&#8217;atenci\u00f3 a les persones i en els serveis comunitaris, per seguir afavorint la banca i obrir noves oportunitats de negoci als grups financers, que van desembarcar en els serveis socials del, fins llavors, mal anomenat \u201cestat de benestar\u201d.<\/p>\n<p>Gran part del pressupost destinat al sistema p\u00fablic de salut a Catalunya, en descens des de 2010, es dedicava, ja abans d&#8217;aquesta nova crisi, al finan\u00e7ament del qual els nostres pol\u00edtics neoliberals van denominar \u201cconniv\u00e8ncia p\u00fablic-privada\u201d, que consisteix a finan\u00e7ar amb diners p\u00fablics serveis proporcionats per empreses i els seus sistemes de gesti\u00f3 que persegueixen com a objectiu principal el benefici privat.<\/p>\n<p>Malgrat totes les lluites dels moviments socials i de la ciutadania organitzada, mai s&#8217;ha tornat a recuperar el pressupost p\u00fablic dedicat a la prec\u00e0ria \u201credistribuci\u00f3 de la riquesa\u201d dels primers anys de la d\u00e8cada.<\/p>\n<p>Hem vist com, en poc temps, hospitals pertanyents a fons voltors i\/o a grans i monop\u00f2liques empreses privades entraven a formar part del sistema nacional de salut, que, gr\u00e0cies a l&#8217;ajuda dels nostres governants i les seves decisions pol\u00edtiques, obtenien rotunds beneficis, extrets directament de la caixa comuna, la de totes.<\/p>\n<p>Hem estat testimonis de com han enva\u00eft el nostre pa\u00eds, a la mateixa vegada que augmentaven les llistes d&#8217;espera i es degradava l&#8217;atenci\u00f3 i la sanitat p\u00fabliques, una infinitat de m\u00fatues privades de diferents grups financers, que oferien cobertures sanit\u00e0ries a preus competitius, produint dividends i beneficis impossibles d&#8217;aconseguir si no es recolzessin en la selecci\u00f3 del risc i l&#8217;exist\u00e8ncia d&#8217;un sistema sanitari p\u00fablic ferit de mort, afectat per la corrupci\u00f3, conflictes d&#8217;inter\u00e8s i portes girat\u00f2ries, amb llistes d&#8217;espera letals, insuportables i en augment sostingut, per\u00f2 que seguia en peus gr\u00e0cies a l&#8217;esfor\u00e7 ingent de professionals i treballadores; els mateixos que ara veiem al l\u00edmit de l&#8217;extenuaci\u00f3 i assumint un risc m\u00e0xim per la falta de recursos humans i materials. Alguns d\u2019aquests recursos que ara manquen, i s\u00f3n vitals, no requereixen alta tecnologia, per\u00f2 ni tan sols se&#8217;ls hi proporcionen.<\/p>\n<p>Des de Marea Blanca s&#8217;han fet innombrables den\u00fancies i s&#8217;ha lluitat per la recuperaci\u00f3 d&#8217;un veritable sistema nacional de salut, p\u00fablic, universal, pagat amb impost, fonamentat en l&#8217;Atenci\u00f3 Prim\u00e0ria, principal perjudicada de les retallades mercantilistes que prioritzen els hospitals com a centres de negoci. Tamb\u00e9 hem lluitat per l&#8217;atenci\u00f3 pol\u00edtica als condicionants econ\u00f2mics, socials i mediambientals de la salut, principals causants de la malaltia.<\/p>\n<p>L&#8217;Atenci\u00f3 Prim\u00e0ria de Salut, la m\u00e9s propera a la poblaci\u00f3, amb tasques de prevenci\u00f3 i promoci\u00f3 de la salut, la m\u00e9s democr\u00e0tica i comunit\u00e0ria, ha anat perdent professionals i pressupost p\u00fablic any rere any, per\u00f2 tamb\u00e9 ha anat perdent la missi\u00f3 que tenia quan, el 1978, es va assumir per alguns estats com la millor via per donar resposta a una atenci\u00f3 sanit\u00e0ria de protecci\u00f3 i atenci\u00f3 de la salut pel que fa a les persones i les seves comunitats.<\/p>\n<p>La Salut P\u00fablica, abandonada tamb\u00e9 pels estats i les administracions, es visibilitza ara com un instrument imprescindible, no \u00fanicament per predir la direcci\u00f3 i la gesti\u00f3 de la pand\u00e8mia, sin\u00f3 per haver-la previngut, ja que \u00e9s la que analitza i considera tots els condicionants socials, econ\u00f2mics i medi ambientals del sistema, que han fet possible la seva aparici\u00f3, i la que s&#8217;ocupa de l&#8217;epidemiologia i de la salut de les poblacions.<\/p>\n<p>Marea Blanca acaba de publicar en 1.000 car\u00e0cters, per exig\u00e8ncia period\u00edstica, les propostes immediates i urgents que es precisen per reorientar aquest sistema sanitari infectat i ferit de mort, no \u00fanicament pel virus, sin\u00f3 per les pol\u00edtiques aplicades any rere any per governants sense escr\u00fapols, al servei dels interessos del capital i dels seus amics.<\/p>\n<p>El panorama geoestrat\u00e8gic, econ\u00f2mic i pol\u00edtic i el que representar\u00e0 aquesta pand\u00e8mia per als sistemes p\u00fablics i les economies nacionals, o per l&#8217;economia global, \u00e9s impossible de valorar en aquests moments, quan estem en l&#8217;epicentre d&#8217;aquesta crisi previsible, sanit\u00e0ria, econ\u00f2mica i humana. Dependr\u00e0 de la durada i de la seva gesti\u00f3 per\u00f2 tamb\u00e9 de les solucions i canvis socials que s&#8217;ofereixin per a la sortida d&#8217;aquesta nova crisi mundial.<\/p>\n<p>Dependr\u00e0, sobretot, de les forces pol\u00edtiques i econ\u00f2miques en joc, o en disputa, per\u00f2 tamb\u00e9 de la consci\u00e8ncia social adquirida de la poblaci\u00f3 que hagi ent\u00e8s qui s\u00f3n els veritables \u201cherois\u201d, sobretot en aquests moments on, sense material de protecci\u00f3, estan caient moltes de les m\u00e0scares pol\u00edtiques del gran engany.<\/p>\n<p>Solament la gent salva a la gent. Nom\u00e9s la solidaritat de persones i comunitats pot fer front als grans interessos que han destrossat els sistemes p\u00fablics. No podem oblidar que gr\u00e0cies a l&#8217;eugen\u00e8sia aplicada pel sistema capitalista, tres quartes parts de la humanitat no disposen ni tan sols de sistema sanitari, moren de malalties evitables, de fam o per falta de subministraments b\u00e0sics i ni tan sols disposen de condicions de vida dignes.<\/p>\n<p>Tampoc podem deixar de constatar que aquesta distribuci\u00f3 desigual de la riquesa afecta ja a una gran majoria de la poblaci\u00f3 en els nostres propis pa\u00efsos. Aquesta \u201cdistribuci\u00f3\u201d desigual afectar\u00e0 i matar\u00e0, tamb\u00e9 de manera desigual, els m\u00e9s empobrits per aquest sistema, com ja s&#8217;est\u00e0 demostrant en el nostre entorn.<\/p>\n<p>Aquesta nova crisi afectar\u00e0 tamb\u00e9 principalment a les dones, com ha succe\u00eft en anteriors ocasions, per ser el sexe discriminat, el m\u00e9s oprimit i precaritzat en tots els racons del planeta i ser les encarregades principals de les activitats no remunerades de cura i sosteniment de la vida i que per causa del patriarcat no tenen cap reconeixement ni econ\u00f2mic ni social.<\/p>\n<p>En el nostre entorn, amb una majoria de la poblaci\u00f3 tancada a les seves cases, amena\u00e7ada de mort i confeccionat material de protecci\u00f3 casol\u00e0, indu\u00efda a abandonar els seus majors, en solitud, als centres sanitaris, o a casa seva, atesos per dones cuidadores tamb\u00e9 precaritzades per les empreses, o en resid\u00e8ncies dissenyades per procurar beneficis als propietaris, amb l&#8217;ex\u00e8rcit i les forces de l&#8217;ordre al carrer, \u00faniques legitimades per exercir repressi\u00f3 i viol\u00e8ncia, i amb gaireb\u00e9 la totalitat dels mitjans de comunicaci\u00f3 expandint intoxicaci\u00f3, xifres adulterades i por, tota conjectura del que pot passar \u00e9s arriscada.<\/p>\n<p>Les forces pol\u00edtiques i les imatges del caos, que han existit en \u00e8poques anteriors de la nostra hist\u00f2ria recent, existeixen i estan funcionant en l&#8217;imaginari i en el pensament col\u00b7lectiu, retransmeses, incentivades, amplificades pels mitjans i les xarxes socials.<\/p>\n<p>Les forces del mal, existeixen i el pensament que pret\u00e9n governar el caos \u00e9s populista, destructiu, individualista i insolidari i va en contra dels interessos de les classes populars, encara que es presenti com a tot el contrari. L&#8217;\u00fanic sentiment a promocionar i practicar \u00e9s la solidaritat. La consci\u00e8ncia col\u00b7lectiva i l&#8217;organitzaci\u00f3 seran l&#8217;\u00fanica sortida a aquest caos provocat, si arribem a entendre per fi, que som m\u00e9s.<\/p>\n<p>La reestructuraci\u00f3 del sistema que es pret\u00e9n pot desfavorir de nou a les dones, a les classes treballadores i ser contr\u00e0ria al ben com\u00fa. Dependr\u00e0 dels nous plans i interessos del sistema capitalista, espec\u00edficament el financer, que mai ha perdut el seu poder, sin\u00f3 que per contra, ha dominat el relat ideol\u00f2gic i s&#8217;ha apoderat de l&#8217;economia mundial, dels estats i dels seus governants, abduint totes les seves decisions pol\u00edtiques. Tot perqu\u00e8 els ajustos i exig\u00e8ncies, puguin continuar mantenint un sistema que es fonamenta en la depredaci\u00f3, la destrucci\u00f3 del planeta i l&#8217;espoli de les classes populars a escala mundial.<\/p>\n<p><em>Elva Tenorio, M\u00e8dica i Psic\u00f2loga. Membre de Marea Blanca de Catalunya<\/em><\/p>\n","protected":false},"excerpt":{"rendered":"<p>La prevista recessi\u00f3 econ\u00f2mica del sistema capitalista, en aquesta fase de poder dels mercats financers, ha arribat aquesta vegada de la m\u00e0 d&#8217;un virus, el SARS-CoV-2 (Covid-19) conegut des de fa temps per la comunitat cient\u00edfica, i que ara es&hellip;<\/p>\n","protected":false},"author":1122,"featured_media":1066963,"comment_status":"closed","ping_status":"closed","sticky":false,"template":"","format":"standard","meta":{"footnotes":""},"categories":[35531,35528,35524,35526],"tags":[],"class_list":["post-1066962","post","type-post","status-publish","format-standard","has-post-thumbnail","hentry","category-contingut-original-ca","category-opinions-ca","category-politica-ca","category-salut-ca"],"yoast_head":"<!-- This site is optimized with the Yoast SEO plugin v27.1.1 - https:\/\/yoast.com\/product\/yoast-seo-wordpress\/ -->\n<title>El virus i la pand\u00e8mia de la por capitalista<\/title>\n<meta name=\"description\" content=\"La prevista recessi\u00f3 econ\u00f2mica del sistema capitalista, en aquesta fase de poder dels mercats financers, ha arribat aquesta vegada de la m\u00e0 d&#039;un virus, el\" \/>\n<meta name=\"robots\" content=\"index, follow, max-snippet:-1, max-image-preview:large, max-video-preview:-1\" \/>\n<link rel=\"canonical\" href=\"https:\/\/www.pressenza.com\/ca\/2020\/03\/el-virus-i-la-pandemia-de-la-por-capitalista\/\" \/>\n<meta property=\"og:locale\" content=\"ca_ES\" \/>\n<meta property=\"og:type\" content=\"article\" \/>\n<meta property=\"og:title\" content=\"El virus i la pand\u00e8mia de la por capitalista\" \/>\n<meta property=\"og:description\" content=\"La prevista recessi\u00f3 econ\u00f2mica del sistema capitalista, en aquesta fase de poder dels mercats financers, ha arribat aquesta vegada de la m\u00e0 d&#039;un virus, el\" \/>\n<meta property=\"og:url\" content=\"https:\/\/www.pressenza.com\/ca\/2020\/03\/el-virus-i-la-pandemia-de-la-por-capitalista\/\" \/>\n<meta property=\"og:site_name\" content=\"Pressenza\" \/>\n<meta property=\"article:publisher\" content=\"https:\/\/www.facebook.com\/PressenzaItalia\" \/>\n<meta property=\"article:author\" content=\"https:\/\/www.facebook.com\/Pressenza-Espaa-647854795301395\/timeline\/\" \/>\n<meta property=\"article:published_time\" content=\"2020-03-28T20:10:21+00:00\" \/>\n<meta property=\"article:modified_time\" content=\"2020-03-28T20:11:50+00:00\" \/>\n<meta property=\"og:image\" content=\"https:\/\/www.pressenza.com\/wp-content\/uploads\/2020\/03\/IMG-20160516-WA0001.jpg\" \/>\n\t<meta property=\"og:image:width\" content=\"1600\" \/>\n\t<meta property=\"og:image:height\" content=\"1200\" \/>\n\t<meta property=\"og:image:type\" content=\"image\/jpeg\" \/>\n<meta name=\"author\" content=\"Redacci\u00f3n Barcelona\" \/>\n<meta name=\"twitter:card\" content=\"summary_large_image\" \/>\n<meta name=\"twitter:creator\" content=\"@pressenza\" \/>\n<meta name=\"twitter:site\" content=\"@PressenzaIPA\" \/>\n<meta name=\"twitter:label1\" content=\"Escrit per\" \/>\n\t<meta name=\"twitter:data1\" content=\"Redacci\u00f3n Barcelona\" \/>\n\t<meta name=\"twitter:label2\" content=\"Temps estimat de lectura\" \/>\n\t<meta name=\"twitter:data2\" content=\"8 minuts\" \/>\n<script type=\"application\/ld+json\" class=\"yoast-schema-graph\">{\"@context\":\"https:\/\/schema.org\",\"@graph\":[{\"@type\":\"Article\",\"@id\":\"https:\/\/www.pressenza.com\/ca\/2020\/03\/el-virus-i-la-pandemia-de-la-por-capitalista\/#article\",\"isPartOf\":{\"@id\":\"https:\/\/www.pressenza.com\/ca\/2020\/03\/el-virus-i-la-pandemia-de-la-por-capitalista\/\"},\"author\":{\"name\":\"Redacci\u00f3n Barcelona\",\"@id\":\"https:\/\/www.pressenza.com\/ca\/#\/schema\/person\/8abc53b92f3264e0dad4300d54ac73ff\"},\"headline\":\"El virus i la pand\u00e8mia de la por capitalista\",\"datePublished\":\"2020-03-28T20:10:21+00:00\",\"dateModified\":\"2020-03-28T20:11:50+00:00\",\"mainEntityOfPage\":{\"@id\":\"https:\/\/www.pressenza.com\/ca\/2020\/03\/el-virus-i-la-pandemia-de-la-por-capitalista\/\"},\"wordCount\":1563,\"publisher\":{\"@id\":\"https:\/\/www.pressenza.com\/ca\/#organization\"},\"image\":{\"@id\":\"https:\/\/www.pressenza.com\/ca\/2020\/03\/el-virus-i-la-pandemia-de-la-por-capitalista\/#primaryimage\"},\"thumbnailUrl\":\"https:\/\/www.pressenza.com\/wp-content\/uploads\/2020\/03\/IMG-20160516-WA0001.jpg\",\"articleSection\":[\"Contingut original\",\"Opinions\",\"Pol\u00edtica\",\"Salut\"],\"inLanguage\":\"ca\"},{\"@type\":\"WebPage\",\"@id\":\"https:\/\/www.pressenza.com\/ca\/2020\/03\/el-virus-i-la-pandemia-de-la-por-capitalista\/\",\"url\":\"https:\/\/www.pressenza.com\/ca\/2020\/03\/el-virus-i-la-pandemia-de-la-por-capitalista\/\",\"name\":\"El virus i la pand\u00e8mia de la por capitalista\",\"isPartOf\":{\"@id\":\"https:\/\/www.pressenza.com\/ca\/#website\"},\"primaryImageOfPage\":{\"@id\":\"https:\/\/www.pressenza.com\/ca\/2020\/03\/el-virus-i-la-pandemia-de-la-por-capitalista\/#primaryimage\"},\"image\":{\"@id\":\"https:\/\/www.pressenza.com\/ca\/2020\/03\/el-virus-i-la-pandemia-de-la-por-capitalista\/#primaryimage\"},\"thumbnailUrl\":\"https:\/\/www.pressenza.com\/wp-content\/uploads\/2020\/03\/IMG-20160516-WA0001.jpg\",\"datePublished\":\"2020-03-28T20:10:21+00:00\",\"dateModified\":\"2020-03-28T20:11:50+00:00\",\"description\":\"La prevista recessi\u00f3 econ\u00f2mica del sistema capitalista, en aquesta fase de poder dels mercats financers, ha arribat aquesta vegada de la m\u00e0 d'un virus, el\",\"breadcrumb\":{\"@id\":\"https:\/\/www.pressenza.com\/ca\/2020\/03\/el-virus-i-la-pandemia-de-la-por-capitalista\/#breadcrumb\"},\"inLanguage\":\"ca\",\"potentialAction\":[{\"@type\":\"ReadAction\",\"target\":[\"https:\/\/www.pressenza.com\/ca\/2020\/03\/el-virus-i-la-pandemia-de-la-por-capitalista\/\"]}]},{\"@type\":\"ImageObject\",\"inLanguage\":\"ca\",\"@id\":\"https:\/\/www.pressenza.com\/ca\/2020\/03\/el-virus-i-la-pandemia-de-la-por-capitalista\/#primaryimage\",\"url\":\"https:\/\/www.pressenza.com\/wp-content\/uploads\/2020\/03\/IMG-20160516-WA0001.jpg\",\"contentUrl\":\"https:\/\/www.pressenza.com\/wp-content\/uploads\/2020\/03\/IMG-20160516-WA0001.jpg\",\"width\":1600,\"height\":1200},{\"@type\":\"BreadcrumbList\",\"@id\":\"https:\/\/www.pressenza.com\/ca\/2020\/03\/el-virus-i-la-pandemia-de-la-por-capitalista\/#breadcrumb\",\"itemListElement\":[{\"@type\":\"ListItem\",\"position\":1,\"name\":\"Accueil\",\"item\":\"https:\/\/www.pressenza.com\/ca\/\"},{\"@type\":\"ListItem\",\"position\":2,\"name\":\"El virus i la pand\u00e8mia de la por capitalista\"}]},{\"@type\":\"WebSite\",\"@id\":\"https:\/\/www.pressenza.com\/ca\/#website\",\"url\":\"https:\/\/www.pressenza.com\/ca\/\",\"name\":\"Pressenza\",\"description\":\"International Press Agency\",\"publisher\":{\"@id\":\"https:\/\/www.pressenza.com\/ca\/#organization\"},\"potentialAction\":[{\"@type\":\"SearchAction\",\"target\":{\"@type\":\"EntryPoint\",\"urlTemplate\":\"https:\/\/www.pressenza.com\/ca\/?s={search_term_string}\"},\"query-input\":{\"@type\":\"PropertyValueSpecification\",\"valueRequired\":true,\"valueName\":\"search_term_string\"}}],\"inLanguage\":\"ca\"},{\"@type\":\"Organization\",\"@id\":\"https:\/\/www.pressenza.com\/ca\/#organization\",\"name\":\"Pressenza\",\"url\":\"https:\/\/www.pressenza.com\/ca\/\",\"logo\":{\"@type\":\"ImageObject\",\"inLanguage\":\"ca\",\"@id\":\"https:\/\/www.pressenza.com\/ca\/#\/schema\/logo\/image\/\",\"url\":\"https:\/\/www.pressenza.com\/wp-content\/uploads\/2022\/10\/pressenza_logo_200x200.jpg\",\"contentUrl\":\"https:\/\/www.pressenza.com\/wp-content\/uploads\/2022\/10\/pressenza_logo_200x200.jpg\",\"width\":200,\"height\":200,\"caption\":\"Pressenza\"},\"image\":{\"@id\":\"https:\/\/www.pressenza.com\/ca\/#\/schema\/logo\/image\/\"},\"sameAs\":[\"https:\/\/www.facebook.com\/PressenzaItalia\",\"https:\/\/x.com\/PressenzaIPA\"]},{\"@type\":\"Person\",\"@id\":\"https:\/\/www.pressenza.com\/ca\/#\/schema\/person\/8abc53b92f3264e0dad4300d54ac73ff\",\"name\":\"Redacci\u00f3n Barcelona\",\"description\":\"News published by the Pressenza bureau in Barcelona, Spain\",\"sameAs\":[\"https:\/\/www.facebook.com\/Pressenza-Espaa-647854795301395\/timeline\/\",\"https:\/\/x.com\/pressenza\"],\"url\":\"https:\/\/www.pressenza.com\/ca\/author\/redaccion-barcelona\/\"}]}<\/script>\n<!-- \/ Yoast SEO plugin. -->","yoast_head_json":{"title":"El virus i la pand\u00e8mia de la por capitalista","description":"La prevista recessi\u00f3 econ\u00f2mica del sistema capitalista, en aquesta fase de poder dels mercats financers, ha arribat aquesta vegada de la m\u00e0 d'un virus, el","robots":{"index":"index","follow":"follow","max-snippet":"max-snippet:-1","max-image-preview":"max-image-preview:large","max-video-preview":"max-video-preview:-1"},"canonical":"https:\/\/www.pressenza.com\/ca\/2020\/03\/el-virus-i-la-pandemia-de-la-por-capitalista\/","og_locale":"ca_ES","og_type":"article","og_title":"El virus i la pand\u00e8mia de la por capitalista","og_description":"La prevista recessi\u00f3 econ\u00f2mica del sistema capitalista, en aquesta fase de poder dels mercats financers, ha arribat aquesta vegada de la m\u00e0 d'un virus, el","og_url":"https:\/\/www.pressenza.com\/ca\/2020\/03\/el-virus-i-la-pandemia-de-la-por-capitalista\/","og_site_name":"Pressenza","article_publisher":"https:\/\/www.facebook.com\/PressenzaItalia","article_author":"https:\/\/www.facebook.com\/Pressenza-Espaa-647854795301395\/timeline\/","article_published_time":"2020-03-28T20:10:21+00:00","article_modified_time":"2020-03-28T20:11:50+00:00","og_image":[{"width":1600,"height":1200,"url":"https:\/\/www.pressenza.com\/wp-content\/uploads\/2020\/03\/IMG-20160516-WA0001.jpg","type":"image\/jpeg"}],"author":"Redacci\u00f3n Barcelona","twitter_card":"summary_large_image","twitter_creator":"@pressenza","twitter_site":"@PressenzaIPA","twitter_misc":{"Escrit per":"Redacci\u00f3n Barcelona","Temps estimat de lectura":"8 minuts"},"schema":{"@context":"https:\/\/schema.org","@graph":[{"@type":"Article","@id":"https:\/\/www.pressenza.com\/ca\/2020\/03\/el-virus-i-la-pandemia-de-la-por-capitalista\/#article","isPartOf":{"@id":"https:\/\/www.pressenza.com\/ca\/2020\/03\/el-virus-i-la-pandemia-de-la-por-capitalista\/"},"author":{"name":"Redacci\u00f3n Barcelona","@id":"https:\/\/www.pressenza.com\/ca\/#\/schema\/person\/8abc53b92f3264e0dad4300d54ac73ff"},"headline":"El virus i la pand\u00e8mia de la por capitalista","datePublished":"2020-03-28T20:10:21+00:00","dateModified":"2020-03-28T20:11:50+00:00","mainEntityOfPage":{"@id":"https:\/\/www.pressenza.com\/ca\/2020\/03\/el-virus-i-la-pandemia-de-la-por-capitalista\/"},"wordCount":1563,"publisher":{"@id":"https:\/\/www.pressenza.com\/ca\/#organization"},"image":{"@id":"https:\/\/www.pressenza.com\/ca\/2020\/03\/el-virus-i-la-pandemia-de-la-por-capitalista\/#primaryimage"},"thumbnailUrl":"https:\/\/www.pressenza.com\/wp-content\/uploads\/2020\/03\/IMG-20160516-WA0001.jpg","articleSection":["Contingut original","Opinions","Pol\u00edtica","Salut"],"inLanguage":"ca"},{"@type":"WebPage","@id":"https:\/\/www.pressenza.com\/ca\/2020\/03\/el-virus-i-la-pandemia-de-la-por-capitalista\/","url":"https:\/\/www.pressenza.com\/ca\/2020\/03\/el-virus-i-la-pandemia-de-la-por-capitalista\/","name":"El virus i la pand\u00e8mia de la por capitalista","isPartOf":{"@id":"https:\/\/www.pressenza.com\/ca\/#website"},"primaryImageOfPage":{"@id":"https:\/\/www.pressenza.com\/ca\/2020\/03\/el-virus-i-la-pandemia-de-la-por-capitalista\/#primaryimage"},"image":{"@id":"https:\/\/www.pressenza.com\/ca\/2020\/03\/el-virus-i-la-pandemia-de-la-por-capitalista\/#primaryimage"},"thumbnailUrl":"https:\/\/www.pressenza.com\/wp-content\/uploads\/2020\/03\/IMG-20160516-WA0001.jpg","datePublished":"2020-03-28T20:10:21+00:00","dateModified":"2020-03-28T20:11:50+00:00","description":"La prevista recessi\u00f3 econ\u00f2mica del sistema capitalista, en aquesta fase de poder dels mercats financers, ha arribat aquesta vegada de la m\u00e0 d'un virus, el","breadcrumb":{"@id":"https:\/\/www.pressenza.com\/ca\/2020\/03\/el-virus-i-la-pandemia-de-la-por-capitalista\/#breadcrumb"},"inLanguage":"ca","potentialAction":[{"@type":"ReadAction","target":["https:\/\/www.pressenza.com\/ca\/2020\/03\/el-virus-i-la-pandemia-de-la-por-capitalista\/"]}]},{"@type":"ImageObject","inLanguage":"ca","@id":"https:\/\/www.pressenza.com\/ca\/2020\/03\/el-virus-i-la-pandemia-de-la-por-capitalista\/#primaryimage","url":"https:\/\/www.pressenza.com\/wp-content\/uploads\/2020\/03\/IMG-20160516-WA0001.jpg","contentUrl":"https:\/\/www.pressenza.com\/wp-content\/uploads\/2020\/03\/IMG-20160516-WA0001.jpg","width":1600,"height":1200},{"@type":"BreadcrumbList","@id":"https:\/\/www.pressenza.com\/ca\/2020\/03\/el-virus-i-la-pandemia-de-la-por-capitalista\/#breadcrumb","itemListElement":[{"@type":"ListItem","position":1,"name":"Accueil","item":"https:\/\/www.pressenza.com\/ca\/"},{"@type":"ListItem","position":2,"name":"El virus i la pand\u00e8mia de la por capitalista"}]},{"@type":"WebSite","@id":"https:\/\/www.pressenza.com\/ca\/#website","url":"https:\/\/www.pressenza.com\/ca\/","name":"Pressenza","description":"International Press Agency","publisher":{"@id":"https:\/\/www.pressenza.com\/ca\/#organization"},"potentialAction":[{"@type":"SearchAction","target":{"@type":"EntryPoint","urlTemplate":"https:\/\/www.pressenza.com\/ca\/?s={search_term_string}"},"query-input":{"@type":"PropertyValueSpecification","valueRequired":true,"valueName":"search_term_string"}}],"inLanguage":"ca"},{"@type":"Organization","@id":"https:\/\/www.pressenza.com\/ca\/#organization","name":"Pressenza","url":"https:\/\/www.pressenza.com\/ca\/","logo":{"@type":"ImageObject","inLanguage":"ca","@id":"https:\/\/www.pressenza.com\/ca\/#\/schema\/logo\/image\/","url":"https:\/\/www.pressenza.com\/wp-content\/uploads\/2022\/10\/pressenza_logo_200x200.jpg","contentUrl":"https:\/\/www.pressenza.com\/wp-content\/uploads\/2022\/10\/pressenza_logo_200x200.jpg","width":200,"height":200,"caption":"Pressenza"},"image":{"@id":"https:\/\/www.pressenza.com\/ca\/#\/schema\/logo\/image\/"},"sameAs":["https:\/\/www.facebook.com\/PressenzaItalia","https:\/\/x.com\/PressenzaIPA"]},{"@type":"Person","@id":"https:\/\/www.pressenza.com\/ca\/#\/schema\/person\/8abc53b92f3264e0dad4300d54ac73ff","name":"Redacci\u00f3n Barcelona","description":"News published by the Pressenza bureau in Barcelona, Spain","sameAs":["https:\/\/www.facebook.com\/Pressenza-Espaa-647854795301395\/timeline\/","https:\/\/x.com\/pressenza"],"url":"https:\/\/www.pressenza.com\/ca\/author\/redaccion-barcelona\/"}]}},"place":"Catalunya - Elva Tenorio","original_article_url":"","_links":{"self":[{"href":"https:\/\/www.pressenza.com\/ca\/wp-json\/wp\/v2\/posts\/1066962","targetHints":{"allow":["GET"]}}],"collection":[{"href":"https:\/\/www.pressenza.com\/ca\/wp-json\/wp\/v2\/posts"}],"about":[{"href":"https:\/\/www.pressenza.com\/ca\/wp-json\/wp\/v2\/types\/post"}],"author":[{"embeddable":true,"href":"https:\/\/www.pressenza.com\/ca\/wp-json\/wp\/v2\/users\/1122"}],"replies":[{"embeddable":true,"href":"https:\/\/www.pressenza.com\/ca\/wp-json\/wp\/v2\/comments?post=1066962"}],"version-history":[{"count":0,"href":"https:\/\/www.pressenza.com\/ca\/wp-json\/wp\/v2\/posts\/1066962\/revisions"}],"wp:featuredmedia":[{"embeddable":true,"href":"https:\/\/www.pressenza.com\/ca\/wp-json\/wp\/v2\/media\/1066963"}],"wp:attachment":[{"href":"https:\/\/www.pressenza.com\/ca\/wp-json\/wp\/v2\/media?parent=1066962"}],"wp:term":[{"taxonomy":"category","embeddable":true,"href":"https:\/\/www.pressenza.com\/ca\/wp-json\/wp\/v2\/categories?post=1066962"},{"taxonomy":"post_tag","embeddable":true,"href":"https:\/\/www.pressenza.com\/ca\/wp-json\/wp\/v2\/tags?post=1066962"}],"curies":[{"name":"wp","href":"https:\/\/api.w.org\/{rel}","templated":true}]}}