{"id":1064515,"date":"2020-03-24T17:49:52","date_gmt":"2020-03-24T17:49:52","guid":{"rendered":"https:\/\/www.pressenza.com\/?p=1064515"},"modified":"2020-03-24T17:49:52","modified_gmt":"2020-03-24T17:49:52","slug":"despres-del-coronavirus-volem-que-el-mon-de-dema-sigui-igual-al-dahir","status":"publish","type":"post","link":"https:\/\/www.pressenza.com\/ca\/2020\/03\/despres-del-coronavirus-volem-que-el-mon-de-dema-sigui-igual-al-dahir\/","title":{"rendered":"Despr\u00e9s del Coronavirus volem que el m\u00f3n de dem\u00e0 sigui igual al d&#8217;ahir?"},"content":{"rendered":"<p>Per: <a href=\"https:\/\/o-nv.org\/es\/\">Observatori de la no-viol\u00e8ncia<\/a><\/p>\n<p>El dimecres 18 de mar\u00e7, a les 21 hores, el Rei d&#8217;Espanya va parlar en totes les ones de la pen\u00ednsula mentre que EN les ciutats ressonaven les casserolades de desaprovaci\u00f3 (tot i que es notava una certa contenci\u00f3).<\/p>\n<p>El monarca va concloure el seu discurs dient: \u00abTot anir\u00e0 b\u00e9, tornarem a la normalitat com abans, nom\u00e9s estem vivint un par\u00e8ntesi\u201d.<\/p>\n<p>Per\u00f2, volem tornar a la normalitat d&#8217;abans? Volem tornar a un m\u00f3n en el qual, des de fa molt, molt de temps, una minoria imposa a tots els altres, mitjan\u00e7ant la tirania econ\u00f2mica, un model de societat injust, violent i corrupte? Aquesta minoria ha demostrat que no comparteix, que es considera superior, que ells tenen tots els drets i nosaltres tots els deures. Llavors, volem tornar a aquestes normes imposades?<\/p>\n<p>\u00daltimament, l&#8217;horror d&#8217;aquest sistema semblava cada vegada m\u00e9s dif\u00edcil de camuflar, per\u00f2 la m\u00e0quina infernal ens semblava invencible, dif\u00edcil de sacsejar, impossible de derrocar; una for\u00e7a massa gran enfront dels nostres miserables mitjans.<\/p>\n<p>Per\u00f2, recentment les coses han estat canviant, com si els d\u00e9us vinguessin al rescat davant la nostra impot\u00e8ncia. Un virus est\u00e0 sembrant el p\u00e0nic en tot el planeta i els engranatges econ\u00f2mics -faedors de la nostra desgr\u00e0cia- sembla que s&#8217;estan paralitzant. Els mercats borsaris estan col\u00b7lapsant, els financers estan entrant en p\u00e0nic\u2026 Per\u00f2 aquests no s\u00f3n els nostres valors!<\/p>\n<p>L&#8217;epid\u00e8mia \u00e9s despietada i mata principalment els ancians, el m\u00f3n del passat, i toca poc els nens, el m\u00f3n del futur. \u00c9s aix\u00f2 un missatge, un advertiment? \u00c9s un presagi que el m\u00f3n canviar\u00e0 i que no tornarem a la normalitat que s&#8217;ha perdut? \u00c9s el que senten i temen els que encara porten les regnes?<\/p>\n<p>En qualsevol cas, avui hem d&#8217;ajudar els ancians i els m\u00e9s febles, ajudar els que ja no serveixen per a res en aquest sistema inhum\u00e0 i que estan en l&#8217;avantsala de la gran partida. Hem de posar tota la nostra energia a cuidar-los i alleujar-los, com a mostra de la nostra bona voluntat per als nous temps, per dir que donar \u00e9s m\u00e9s important que rebre.<\/p>\n<p>Volem que aquest sistema brutal torni i ens aixafi? No \u00e9s ja hora de dir \u00abProu!\u201d? No \u00e9s aquesta una oportunitat per recuperar valors dignes? Tal vegada \u00e9s un advertiment per netejar, esborrar i reconciliar.<\/p>\n<p>No hem provocat res, ni per les idees ni pels sentiments, per\u00f2 estem tocats en el cos, en all\u00f2 que \u00e9s essencial, en la base. No \u00e9s aix\u00f2 tamb\u00e9 un missatge?: la salut per a tots \u00e9s una de les principals prioritats.<\/p>\n<p>Aquest m\u00f3n est\u00e0 malalt perqu\u00e8 hi ha persones de mala voluntat, competents nom\u00e9s en els seus petits assumptes, i que s\u00f3n individualistes, poc imaginatives i inspirades, aquestes persones estan obstaculitzant el nostre dest\u00ed i impedint-nos evolucionar, i tot amb la finalitat de preservar l&#8217;ordre establert, fet per i per a ells.<\/p>\n<p>Estiguem atents, despr\u00e9s de la tempesta no tornem a aquest m\u00f3n de sofriment, aclarim quina classe de m\u00f3n volem, en quines condicions volem viure i comptem amb persones de bona voluntat, competents, altruistes, enginyoses, inspirades, capaces de donar una nova direcci\u00f3 al nostre m\u00f3n. N&#8217;hi ha molts! Som molts!<\/p>\n","protected":false},"excerpt":{"rendered":"<p>Per: Observatori de la no-viol\u00e8ncia El dimecres 18 de mar\u00e7, a les 21 hores, el Rei d&#8217;Espanya va parlar en totes les ones de la pen\u00ednsula mentre que EN les ciutats ressonaven les casserolades de desaprovaci\u00f3 (tot i que es&hellip;<\/p>\n","protected":false},"author":926,"featured_media":1062928,"comment_status":"closed","ping_status":"closed","sticky":false,"template":"","format":"standard","meta":{"footnotes":""},"categories":[35531,35512,35506,32516],"tags":[48278,45041],"class_list":["post-1064515","post","type-post","status-publish","format-standard","has-post-thumbnail","hentry","category-contingut-original-ca","category-drets-humans-ca","category-europa-ca","category-internacional-ca","tag-salud-ca","tag-spain-ca"],"yoast_head":"<!-- This site is optimized with the Yoast SEO plugin v27.1.1 - https:\/\/yoast.com\/product\/yoast-seo-wordpress\/ -->\n<title>Despr\u00e9s del Coronavirus volem que el m\u00f3n de dem\u00e0 sigui igual al d&#039;ahir?<\/title>\n<meta name=\"description\" content=\"Per: Observatori de la no-viol\u00e8ncia El dimecres 18 de mar\u00e7, a les 21 hores, el Rei d&#039;Espanya va parlar en totes les ones de la pen\u00ednsula mentre que EN les\" \/>\n<meta name=\"robots\" content=\"index, follow, max-snippet:-1, max-image-preview:large, max-video-preview:-1\" \/>\n<link rel=\"canonical\" href=\"https:\/\/www.pressenza.com\/ca\/2020\/03\/despres-del-coronavirus-volem-que-el-mon-de-dema-sigui-igual-al-dahir\/\" \/>\n<meta property=\"og:locale\" content=\"ca_ES\" \/>\n<meta property=\"og:type\" content=\"article\" \/>\n<meta property=\"og:title\" content=\"Despr\u00e9s del Coronavirus volem que el m\u00f3n de dem\u00e0 sigui igual al d&#039;ahir?\" \/>\n<meta property=\"og:description\" content=\"Per: Observatori de la no-viol\u00e8ncia El dimecres 18 de mar\u00e7, a les 21 hores, el Rei d&#039;Espanya va parlar en totes les ones de la pen\u00ednsula mentre que EN les\" \/>\n<meta property=\"og:url\" content=\"https:\/\/www.pressenza.com\/ca\/2020\/03\/despres-del-coronavirus-volem-que-el-mon-de-dema-sigui-igual-al-dahir\/\" \/>\n<meta property=\"og:site_name\" content=\"Pressenza\" \/>\n<meta property=\"article:publisher\" content=\"https:\/\/www.facebook.com\/PressenzaItalia\" \/>\n<meta property=\"article:published_time\" content=\"2020-03-24T17:49:52+00:00\" \/>\n<meta property=\"og:image\" content=\"https:\/\/www.pressenza.com\/wp-content\/uploads\/2020\/03\/Coronavirus-voulons-nous-monde-demain.jpg\" \/>\n\t<meta property=\"og:image:width\" content=\"750\" \/>\n\t<meta property=\"og:image:height\" content=\"499\" \/>\n\t<meta property=\"og:image:type\" content=\"image\/jpeg\" \/>\n<meta name=\"author\" content=\"R\u00e9daction France\" \/>\n<meta name=\"twitter:card\" content=\"summary_large_image\" \/>\n<meta name=\"twitter:creator\" content=\"@PressenzaIPA\" \/>\n<meta name=\"twitter:site\" content=\"@PressenzaIPA\" \/>\n<meta name=\"twitter:label1\" content=\"Escrit per\" \/>\n\t<meta name=\"twitter:data1\" content=\"R\u00e9daction France\" \/>\n\t<meta name=\"twitter:label2\" content=\"Temps estimat de lectura\" \/>\n\t<meta name=\"twitter:data2\" content=\"3 minuts\" \/>\n<script type=\"application\/ld+json\" class=\"yoast-schema-graph\">{\"@context\":\"https:\/\/schema.org\",\"@graph\":[{\"@type\":\"Article\",\"@id\":\"https:\/\/www.pressenza.com\/ca\/2020\/03\/despres-del-coronavirus-volem-que-el-mon-de-dema-sigui-igual-al-dahir\/#article\",\"isPartOf\":{\"@id\":\"https:\/\/www.pressenza.com\/ca\/2020\/03\/despres-del-coronavirus-volem-que-el-mon-de-dema-sigui-igual-al-dahir\/\"},\"author\":{\"name\":\"R\u00e9daction France\",\"@id\":\"https:\/\/www.pressenza.com\/ca\/#\/schema\/person\/3c9fe6670cc2cffbd37562f87b98e869\"},\"headline\":\"Despr\u00e9s del Coronavirus volem que el m\u00f3n de dem\u00e0 sigui igual al d&#8217;ahir?\",\"datePublished\":\"2020-03-24T17:49:52+00:00\",\"mainEntityOfPage\":{\"@id\":\"https:\/\/www.pressenza.com\/ca\/2020\/03\/despres-del-coronavirus-volem-que-el-mon-de-dema-sigui-igual-al-dahir\/\"},\"wordCount\":585,\"publisher\":{\"@id\":\"https:\/\/www.pressenza.com\/ca\/#organization\"},\"image\":{\"@id\":\"https:\/\/www.pressenza.com\/ca\/2020\/03\/despres-del-coronavirus-volem-que-el-mon-de-dema-sigui-igual-al-dahir\/#primaryimage\"},\"thumbnailUrl\":\"https:\/\/www.pressenza.com\/wp-content\/uploads\/2020\/03\/Coronavirus-voulons-nous-monde-demain.jpg\",\"keywords\":[\"Salud\",\"Spain\"],\"articleSection\":[\"Contingut original\",\"Drets Humans\",\"Europa\",\"Internacional\"],\"inLanguage\":\"ca\"},{\"@type\":\"WebPage\",\"@id\":\"https:\/\/www.pressenza.com\/ca\/2020\/03\/despres-del-coronavirus-volem-que-el-mon-de-dema-sigui-igual-al-dahir\/\",\"url\":\"https:\/\/www.pressenza.com\/ca\/2020\/03\/despres-del-coronavirus-volem-que-el-mon-de-dema-sigui-igual-al-dahir\/\",\"name\":\"Despr\u00e9s del Coronavirus volem que el m\u00f3n de dem\u00e0 sigui igual al d'ahir?\",\"isPartOf\":{\"@id\":\"https:\/\/www.pressenza.com\/ca\/#website\"},\"primaryImageOfPage\":{\"@id\":\"https:\/\/www.pressenza.com\/ca\/2020\/03\/despres-del-coronavirus-volem-que-el-mon-de-dema-sigui-igual-al-dahir\/#primaryimage\"},\"image\":{\"@id\":\"https:\/\/www.pressenza.com\/ca\/2020\/03\/despres-del-coronavirus-volem-que-el-mon-de-dema-sigui-igual-al-dahir\/#primaryimage\"},\"thumbnailUrl\":\"https:\/\/www.pressenza.com\/wp-content\/uploads\/2020\/03\/Coronavirus-voulons-nous-monde-demain.jpg\",\"datePublished\":\"2020-03-24T17:49:52+00:00\",\"description\":\"Per: Observatori de la no-viol\u00e8ncia El dimecres 18 de mar\u00e7, a les 21 hores, el Rei d'Espanya va parlar en totes les ones de la pen\u00ednsula mentre que EN les\",\"breadcrumb\":{\"@id\":\"https:\/\/www.pressenza.com\/ca\/2020\/03\/despres-del-coronavirus-volem-que-el-mon-de-dema-sigui-igual-al-dahir\/#breadcrumb\"},\"inLanguage\":\"ca\",\"potentialAction\":[{\"@type\":\"ReadAction\",\"target\":[\"https:\/\/www.pressenza.com\/ca\/2020\/03\/despres-del-coronavirus-volem-que-el-mon-de-dema-sigui-igual-al-dahir\/\"]}]},{\"@type\":\"ImageObject\",\"inLanguage\":\"ca\",\"@id\":\"https:\/\/www.pressenza.com\/ca\/2020\/03\/despres-del-coronavirus-volem-que-el-mon-de-dema-sigui-igual-al-dahir\/#primaryimage\",\"url\":\"https:\/\/www.pressenza.com\/wp-content\/uploads\/2020\/03\/Coronavirus-voulons-nous-monde-demain.jpg\",\"contentUrl\":\"https:\/\/www.pressenza.com\/wp-content\/uploads\/2020\/03\/Coronavirus-voulons-nous-monde-demain.jpg\",\"width\":750,\"height\":499,\"caption\":\"Apr\u00e8s le Coronavirus, voulons-nous que le monde de demain soit le m\u00eame que celui d\u2019hier ?\"},{\"@type\":\"BreadcrumbList\",\"@id\":\"https:\/\/www.pressenza.com\/ca\/2020\/03\/despres-del-coronavirus-volem-que-el-mon-de-dema-sigui-igual-al-dahir\/#breadcrumb\",\"itemListElement\":[{\"@type\":\"ListItem\",\"position\":1,\"name\":\"Accueil\",\"item\":\"https:\/\/www.pressenza.com\/ca\/\"},{\"@type\":\"ListItem\",\"position\":2,\"name\":\"Despr\u00e9s del Coronavirus volem que el m\u00f3n de dem\u00e0 sigui igual al d&#8217;ahir?\"}]},{\"@type\":\"WebSite\",\"@id\":\"https:\/\/www.pressenza.com\/ca\/#website\",\"url\":\"https:\/\/www.pressenza.com\/ca\/\",\"name\":\"Pressenza\",\"description\":\"International Press Agency\",\"publisher\":{\"@id\":\"https:\/\/www.pressenza.com\/ca\/#organization\"},\"potentialAction\":[{\"@type\":\"SearchAction\",\"target\":{\"@type\":\"EntryPoint\",\"urlTemplate\":\"https:\/\/www.pressenza.com\/ca\/?s={search_term_string}\"},\"query-input\":{\"@type\":\"PropertyValueSpecification\",\"valueRequired\":true,\"valueName\":\"search_term_string\"}}],\"inLanguage\":\"ca\"},{\"@type\":\"Organization\",\"@id\":\"https:\/\/www.pressenza.com\/ca\/#organization\",\"name\":\"Pressenza\",\"url\":\"https:\/\/www.pressenza.com\/ca\/\",\"logo\":{\"@type\":\"ImageObject\",\"inLanguage\":\"ca\",\"@id\":\"https:\/\/www.pressenza.com\/ca\/#\/schema\/logo\/image\/\",\"url\":\"https:\/\/www.pressenza.com\/wp-content\/uploads\/2022\/10\/pressenza_logo_200x200.jpg\",\"contentUrl\":\"https:\/\/www.pressenza.com\/wp-content\/uploads\/2022\/10\/pressenza_logo_200x200.jpg\",\"width\":200,\"height\":200,\"caption\":\"Pressenza\"},\"image\":{\"@id\":\"https:\/\/www.pressenza.com\/ca\/#\/schema\/logo\/image\/\"},\"sameAs\":[\"https:\/\/www.facebook.com\/PressenzaItalia\",\"https:\/\/x.com\/PressenzaIPA\"]},{\"@type\":\"Person\",\"@id\":\"https:\/\/www.pressenza.com\/ca\/#\/schema\/person\/3c9fe6670cc2cffbd37562f87b98e869\",\"name\":\"R\u00e9daction France\",\"description\":\"News published by the Pressenza bureau in France\",\"sameAs\":[\"http:\/\/www.pressenza.com\/fr\"],\"url\":\"https:\/\/www.pressenza.com\/ca\/author\/redactionfrance\/\"}]}<\/script>\n<!-- \/ Yoast SEO plugin. -->","yoast_head_json":{"title":"Despr\u00e9s del Coronavirus volem que el m\u00f3n de dem\u00e0 sigui igual al d'ahir?","description":"Per: Observatori de la no-viol\u00e8ncia El dimecres 18 de mar\u00e7, a les 21 hores, el Rei d'Espanya va parlar en totes les ones de la pen\u00ednsula mentre que EN les","robots":{"index":"index","follow":"follow","max-snippet":"max-snippet:-1","max-image-preview":"max-image-preview:large","max-video-preview":"max-video-preview:-1"},"canonical":"https:\/\/www.pressenza.com\/ca\/2020\/03\/despres-del-coronavirus-volem-que-el-mon-de-dema-sigui-igual-al-dahir\/","og_locale":"ca_ES","og_type":"article","og_title":"Despr\u00e9s del Coronavirus volem que el m\u00f3n de dem\u00e0 sigui igual al d'ahir?","og_description":"Per: Observatori de la no-viol\u00e8ncia El dimecres 18 de mar\u00e7, a les 21 hores, el Rei d'Espanya va parlar en totes les ones de la pen\u00ednsula mentre que EN les","og_url":"https:\/\/www.pressenza.com\/ca\/2020\/03\/despres-del-coronavirus-volem-que-el-mon-de-dema-sigui-igual-al-dahir\/","og_site_name":"Pressenza","article_publisher":"https:\/\/www.facebook.com\/PressenzaItalia","article_published_time":"2020-03-24T17:49:52+00:00","og_image":[{"width":750,"height":499,"url":"https:\/\/www.pressenza.com\/wp-content\/uploads\/2020\/03\/Coronavirus-voulons-nous-monde-demain.jpg","type":"image\/jpeg"}],"author":"R\u00e9daction France","twitter_card":"summary_large_image","twitter_creator":"@PressenzaIPA","twitter_site":"@PressenzaIPA","twitter_misc":{"Escrit per":"R\u00e9daction France","Temps estimat de lectura":"3 minuts"},"schema":{"@context":"https:\/\/schema.org","@graph":[{"@type":"Article","@id":"https:\/\/www.pressenza.com\/ca\/2020\/03\/despres-del-coronavirus-volem-que-el-mon-de-dema-sigui-igual-al-dahir\/#article","isPartOf":{"@id":"https:\/\/www.pressenza.com\/ca\/2020\/03\/despres-del-coronavirus-volem-que-el-mon-de-dema-sigui-igual-al-dahir\/"},"author":{"name":"R\u00e9daction France","@id":"https:\/\/www.pressenza.com\/ca\/#\/schema\/person\/3c9fe6670cc2cffbd37562f87b98e869"},"headline":"Despr\u00e9s del Coronavirus volem que el m\u00f3n de dem\u00e0 sigui igual al d&#8217;ahir?","datePublished":"2020-03-24T17:49:52+00:00","mainEntityOfPage":{"@id":"https:\/\/www.pressenza.com\/ca\/2020\/03\/despres-del-coronavirus-volem-que-el-mon-de-dema-sigui-igual-al-dahir\/"},"wordCount":585,"publisher":{"@id":"https:\/\/www.pressenza.com\/ca\/#organization"},"image":{"@id":"https:\/\/www.pressenza.com\/ca\/2020\/03\/despres-del-coronavirus-volem-que-el-mon-de-dema-sigui-igual-al-dahir\/#primaryimage"},"thumbnailUrl":"https:\/\/www.pressenza.com\/wp-content\/uploads\/2020\/03\/Coronavirus-voulons-nous-monde-demain.jpg","keywords":["Salud","Spain"],"articleSection":["Contingut original","Drets Humans","Europa","Internacional"],"inLanguage":"ca"},{"@type":"WebPage","@id":"https:\/\/www.pressenza.com\/ca\/2020\/03\/despres-del-coronavirus-volem-que-el-mon-de-dema-sigui-igual-al-dahir\/","url":"https:\/\/www.pressenza.com\/ca\/2020\/03\/despres-del-coronavirus-volem-que-el-mon-de-dema-sigui-igual-al-dahir\/","name":"Despr\u00e9s del Coronavirus volem que el m\u00f3n de dem\u00e0 sigui igual al d'ahir?","isPartOf":{"@id":"https:\/\/www.pressenza.com\/ca\/#website"},"primaryImageOfPage":{"@id":"https:\/\/www.pressenza.com\/ca\/2020\/03\/despres-del-coronavirus-volem-que-el-mon-de-dema-sigui-igual-al-dahir\/#primaryimage"},"image":{"@id":"https:\/\/www.pressenza.com\/ca\/2020\/03\/despres-del-coronavirus-volem-que-el-mon-de-dema-sigui-igual-al-dahir\/#primaryimage"},"thumbnailUrl":"https:\/\/www.pressenza.com\/wp-content\/uploads\/2020\/03\/Coronavirus-voulons-nous-monde-demain.jpg","datePublished":"2020-03-24T17:49:52+00:00","description":"Per: Observatori de la no-viol\u00e8ncia El dimecres 18 de mar\u00e7, a les 21 hores, el Rei d'Espanya va parlar en totes les ones de la pen\u00ednsula mentre que EN les","breadcrumb":{"@id":"https:\/\/www.pressenza.com\/ca\/2020\/03\/despres-del-coronavirus-volem-que-el-mon-de-dema-sigui-igual-al-dahir\/#breadcrumb"},"inLanguage":"ca","potentialAction":[{"@type":"ReadAction","target":["https:\/\/www.pressenza.com\/ca\/2020\/03\/despres-del-coronavirus-volem-que-el-mon-de-dema-sigui-igual-al-dahir\/"]}]},{"@type":"ImageObject","inLanguage":"ca","@id":"https:\/\/www.pressenza.com\/ca\/2020\/03\/despres-del-coronavirus-volem-que-el-mon-de-dema-sigui-igual-al-dahir\/#primaryimage","url":"https:\/\/www.pressenza.com\/wp-content\/uploads\/2020\/03\/Coronavirus-voulons-nous-monde-demain.jpg","contentUrl":"https:\/\/www.pressenza.com\/wp-content\/uploads\/2020\/03\/Coronavirus-voulons-nous-monde-demain.jpg","width":750,"height":499,"caption":"Apr\u00e8s le Coronavirus, voulons-nous que le monde de demain soit le m\u00eame que celui d\u2019hier ?"},{"@type":"BreadcrumbList","@id":"https:\/\/www.pressenza.com\/ca\/2020\/03\/despres-del-coronavirus-volem-que-el-mon-de-dema-sigui-igual-al-dahir\/#breadcrumb","itemListElement":[{"@type":"ListItem","position":1,"name":"Accueil","item":"https:\/\/www.pressenza.com\/ca\/"},{"@type":"ListItem","position":2,"name":"Despr\u00e9s del Coronavirus volem que el m\u00f3n de dem\u00e0 sigui igual al d&#8217;ahir?"}]},{"@type":"WebSite","@id":"https:\/\/www.pressenza.com\/ca\/#website","url":"https:\/\/www.pressenza.com\/ca\/","name":"Pressenza","description":"International Press Agency","publisher":{"@id":"https:\/\/www.pressenza.com\/ca\/#organization"},"potentialAction":[{"@type":"SearchAction","target":{"@type":"EntryPoint","urlTemplate":"https:\/\/www.pressenza.com\/ca\/?s={search_term_string}"},"query-input":{"@type":"PropertyValueSpecification","valueRequired":true,"valueName":"search_term_string"}}],"inLanguage":"ca"},{"@type":"Organization","@id":"https:\/\/www.pressenza.com\/ca\/#organization","name":"Pressenza","url":"https:\/\/www.pressenza.com\/ca\/","logo":{"@type":"ImageObject","inLanguage":"ca","@id":"https:\/\/www.pressenza.com\/ca\/#\/schema\/logo\/image\/","url":"https:\/\/www.pressenza.com\/wp-content\/uploads\/2022\/10\/pressenza_logo_200x200.jpg","contentUrl":"https:\/\/www.pressenza.com\/wp-content\/uploads\/2022\/10\/pressenza_logo_200x200.jpg","width":200,"height":200,"caption":"Pressenza"},"image":{"@id":"https:\/\/www.pressenza.com\/ca\/#\/schema\/logo\/image\/"},"sameAs":["https:\/\/www.facebook.com\/PressenzaItalia","https:\/\/x.com\/PressenzaIPA"]},{"@type":"Person","@id":"https:\/\/www.pressenza.com\/ca\/#\/schema\/person\/3c9fe6670cc2cffbd37562f87b98e869","name":"R\u00e9daction France","description":"News published by the Pressenza bureau in France","sameAs":["http:\/\/www.pressenza.com\/fr"],"url":"https:\/\/www.pressenza.com\/ca\/author\/redactionfrance\/"}]}},"place":"","original_article_url":"","_links":{"self":[{"href":"https:\/\/www.pressenza.com\/ca\/wp-json\/wp\/v2\/posts\/1064515","targetHints":{"allow":["GET"]}}],"collection":[{"href":"https:\/\/www.pressenza.com\/ca\/wp-json\/wp\/v2\/posts"}],"about":[{"href":"https:\/\/www.pressenza.com\/ca\/wp-json\/wp\/v2\/types\/post"}],"author":[{"embeddable":true,"href":"https:\/\/www.pressenza.com\/ca\/wp-json\/wp\/v2\/users\/926"}],"replies":[{"embeddable":true,"href":"https:\/\/www.pressenza.com\/ca\/wp-json\/wp\/v2\/comments?post=1064515"}],"version-history":[{"count":0,"href":"https:\/\/www.pressenza.com\/ca\/wp-json\/wp\/v2\/posts\/1064515\/revisions"}],"wp:featuredmedia":[{"embeddable":true,"href":"https:\/\/www.pressenza.com\/ca\/wp-json\/wp\/v2\/media\/1062928"}],"wp:attachment":[{"href":"https:\/\/www.pressenza.com\/ca\/wp-json\/wp\/v2\/media?parent=1064515"}],"wp:term":[{"taxonomy":"category","embeddable":true,"href":"https:\/\/www.pressenza.com\/ca\/wp-json\/wp\/v2\/categories?post=1064515"},{"taxonomy":"post_tag","embeddable":true,"href":"https:\/\/www.pressenza.com\/ca\/wp-json\/wp\/v2\/tags?post=1064515"}],"curies":[{"name":"wp","href":"https:\/\/api.w.org\/{rel}","templated":true}]}}