{"id":1028148,"date":"2020-02-05T14:49:59","date_gmt":"2020-02-05T14:49:59","guid":{"rendered":"https:\/\/www.pressenza.com\/?p=1028148"},"modified":"2020-02-05T14:59:55","modified_gmt":"2020-02-05T14:59:55","slug":"populisme-autoritari-de-dretes-al-departament-de-salut","status":"publish","type":"post","link":"https:\/\/www.pressenza.com\/ca\/2020\/02\/populisme-autoritari-de-dretes-al-departament-de-salut\/","title":{"rendered":"Populisme autoritari  de dretes al Departament de Salut"},"content":{"rendered":"<p>L\u2019any 2017, la llavors Ministre de l\u2019Interior del Regne Unit, Theresa May, introdu\u00efa el concepte de \u201chostile environment\u201d referint-se al conjunt de pol\u00edtiques impulsades per fer m\u00e9s dif\u00edcil la vida a totes les persones que es trobaven en situaci\u00f3 irregular aix\u00ed com a les seves fam\u00edlies. Avui en dia, el Departament de Salut de la Generalitat de Catalunya, amb l&#8217;Honorable Consellera Alba Verg\u00e9s Bosch al seu capdavant, sembla que han assumit plenament aquest concepte quan han desenvolupat la Instrucci\u00f3 05\/2019. \u201cActuacions per evitar el frau de llei en l\u2019acc\u00e9s a l\u2019assist\u00e8ncia sanit\u00e0ria amb c\u00e0rrec al Cat Salut i per rescabalar despeses d\u2019assist\u00e8ncia sanit\u00e0ria en cas de frau de llei, amb la finalitat de garantir la sostenibilitat del sistema sanitari p\u00fablic\u201d i alhora redacten una proposta de reglament relatiu a la Llei 9\/2017, del 27 de juny, d\u2019universalitzaci\u00f3 de l\u2019assist\u00e8ncia sanit\u00e0ria amb c\u00e0rrec a fons p\u00fablics per mitj\u00e0 del Servei Catal\u00e0 de la Salut.<\/p>\n<p>\u00c9s ben cert que la Llei d\u2019universalitzaci\u00f3 de l\u2019assist\u00e8ncia sanit\u00e0ria, amb c\u00e0rrec a fons p\u00fablics, a trav\u00e9s del Servei Catal\u00e0 de la Salut, aprovada pel Parlament de Catalunya l\u2019any 2017 (que lluny queda) tenia les seves ombres, per\u00f2 es tractava d&#8217;un punt de partida il\u00b7lusionant, que convidava a tenir esperances (3) i va aconseguir una foto d\u2019unitat i solidaritat a les escales del Parlament, imatge que no \u00e9s que sembli un passat lluny\u00e0, sin\u00f3 que ara est\u00e0 trencada totalment. Amb el pas del temps, la falta de redacci\u00f3 del reglament imprescindible pel seu desenvolupament va provocar crits d\u2019alarma (5). Ara no tenim crits d\u2019alarma. Ara tenim una realitat.<\/p>\n<p>Per qu\u00e8 Alba Verges ha decidit fer de Theresa May en lloc de continuar amb l\u2019esperit d\u2019aquella Llei impulsada per Toni Comin, ara eurodiputat a Brussel\u00b7les, a l\u2019exili i allunyat de l\u2019\u00f2rbita republicana?<\/p>\n<p>Per qu\u00e8 una for\u00e7a pol\u00edtica que considera que en el Parlament de Catalunya resideix la sobirania de Catalunya, redacta unes disposicions reglament\u00e0ries de rang inferior que deixen sense efecte real una Llei d\u2019aquest Parlament?<\/p>\n<p>Quina mena de Republic\u00e0 catalana persegueix Esquerra Republicana amb redactats com aquests? La de la Just\u00edcia Social de ben segur que no.<\/p>\n<p>No hi ha cap estad\u00edstica que ens digui que el frau de llei sigui un problema real en l\u2019assist\u00e8ncia sanit\u00e0ria, en un pa\u00eds on hem tingut les pr\u00f2tesis del cas Trauber, el caos a les urg\u00e8ncies, la fragilitat de l\u2019atenci\u00f3 prim\u00e0ria, el negoci de les ambul\u00e0ncies, les llistes d\u2019espera\u2026 El Departament de Salut opta pel mateix cam\u00ed que va iniciar el S\u00edndic de Greuges quan va afirma que el problema de la sanitat catalana rau en el \u201csobrecost de la gent que ve a operar-se\u201d, i ho fa sense cap mena d&#8217;escr\u00fapol, com si estigu\u00e9s en una barra de bar i fes comentaris d&#8217;una not\u00edcia, amb el cigal\u00f3 matinal. \u00c9s responsabilitat d\u2019un pol\u00edtic que les afirmacions que sostingui tinguin el suport d\u2019una estad\u00edstica, un informe\u2026 Si no \u00e9s tan sols s\u00f3n fum i, per tant, actes d&#8217;irresponsabilitat que en una democr\u00e0cia no s\u2019han de permetre.<\/p>\n<p>Per tant, sembla que tot s\u2019hi val, sempre que ajudi a no q\u00fcestionar el model sanitari p\u00fablic-social catal\u00e0 (la denominaci\u00f3 p\u00fablic-privat l\u2019ha enviat a dida Esquerra Republicana, per\u00f2 \u00e9s nom\u00e9s una q\u00fcesti\u00f3 de nom, tot segueix igual, com cantava Julio Iglesias).<\/p>\n<p>En realitat ens trobem en un clar exemple de populisme autoritari de dretes, executat per pol\u00edtics i partits que en principi no hi haurien de caure, per\u00f2 hi cauen. Esquerra Republicana de Catalunya, en aquest Departament de Salut no \u00e9s m\u00e9s que un miratge d&#8217;aquell partit que es va fundar a correcuita per a participar en les eleccions municipals del mes d\u2019abril de 1931 i que va dominar l\u2019espectre pol\u00edtic a la Catalunya republicana. Ara, en canvi Esquerra Republicana de Catalunya s\u2019apropa a Xavier Garcia Albiol, a VOX, a la pitjor Converg\u00e8ncia, a una dreta que precaritza els immigrants quan els necessita, despr\u00e9s els fot fora quan conv\u00e9, disposa de paradisos fiscals i s\u2019oposa a pagar impostos. \u00c9s bastant hip\u00f2crita anar posant corones de flors a tombes com la de Llu\u00eds Companys mentre redactes sense escr\u00fapols normatives com la instrucci\u00f3 5\/2019 del CATSALUT.<\/p>\n<p>La burocr\u00e0cia, sense el vistiplau de gestors pol\u00edtics responsables, no pot impulsar normatives que atempten contra els drets humans i que ens posen \u00e8ticament al nivell de tots aquests pa\u00efsos europeus que hem criticat. L\u2019entorn hostil que pret\u00e9n la normativa de Salut t\u00e9 la mateixa finalitat que el reglament desenvolupat de la renda garantida: impossibilita el compliment de les lleis del Parlament&#8230;<\/p>\n<p>Per cert, Honorable Consellera de Salut Alba Verges, molt oportunes instruccions com aquesta quan ens trobem davant del coronavirus&#8230; Posem pegues i entrebancs a l\u2019assist\u00e8ncia sanit\u00e0ria universal quan \u00e9s imprescindible per a assegurar la seguretat col\u00b7lectiva.<\/p>\n<p>Per qu\u00e8 aquesta instrucci\u00f3, per qu\u00e8 aquest reglament<br \/>\n1) <a href=\"https:\/\/www.theguardian.com\/uk-news\/2017\/nov\/28\/hostile-environment-the-hardline-home-office-policy-tearing-families-apart\">Hill, Amelia (2017-11-28). &#8220;&#8216;Hostile environment&#8217;: the hardline Home Office policy tearing families apart&#8221;. The Guardian.<\/a><\/p>\n<p>2)<a href=\"http:\/\/www.mareablanca.cat\/instruccio-05-2019-i-el-reglament-de-la-llei-9-2017-duniversalitzacio-de-lassistencia-sanitaria-mecanismes-de-desigualtat-i-ignonimia\/\"> INSTRUCCI\u00d3 05\/2019 I EL REGLAMENT DE LA LLEI 9\/2017 D\u2019UNIVERSALITZACI\u00d3 DE L\u2019ASSIST\u00c8NCIA SANIT\u00c0RIA: MECANISMES DE DESIGUALTAT I IGNONIMIA<\/a><\/p>\n<p><a href=\"http:\/\/www.mareablanca.cat\/llums-i-tambe-algunes-ombres-duna-jornada-historica-al-parlament\/\">LLUMS, I TAMBE ALGUNES OMBRES , D\u2019UNA JORNADA HIST\u00d2RICA AL PARLAMENT<\/a><\/p>\n<p><a href=\"https:\/\/www.pressenza.com\/ca\/2018\/07\/no-mes-fotos-el-dret-universal-a-la-salut-exigeix-fer-politica\/\">No m\u00e9s fotos: El Dret Universal a la Salut exigeix fer pol\u00edtica<\/a><\/p>\n<p>3) <a href=\"https:\/\/www.regio7.cat\/arreu-catalunya-espanya-mon\/2019\/12\/09\/sindic-greuges-diu-que-dels\/584846.html\">El S\u00edndic de Greuges diu que un dels \u00abd\u00e8ficits\u00bb de la sanitat catalana \u00e9s el \u00absobrecost\u00bb de la gent que ve a operar-se.<\/a><\/p>\n","protected":false},"excerpt":{"rendered":"<p>L\u2019any 2017, la llavors Ministre de l\u2019Interior del Regne Unit, Theresa May, introdu\u00efa el concepte de \u201chostile environment\u201d referint-se al conjunt de pol\u00edtiques impulsades per fer m\u00e9s dif\u00edcil la vida a totes les persones que es trobaven en situaci\u00f3 irregular&hellip;<\/p>\n","protected":false},"author":1122,"featured_media":1028208,"comment_status":"closed","ping_status":"closed","sticky":false,"template":"","format":"standard","meta":{"footnotes":""},"categories":[35529,35531,35506,35528,35526],"tags":[],"class_list":["post-1028148","post","type-post","status-publish","format-standard","has-post-thumbnail","hentry","category-comunicats-de-premsa","category-contingut-original-ca","category-europa-ca","category-opinions-ca","category-salut-ca"],"yoast_head":"<!-- This site is optimized with the Yoast SEO plugin v27.1.1 - https:\/\/yoast.com\/product\/yoast-seo-wordpress\/ -->\n<title>Populisme autoritari de dretes al Departament de Salut<\/title>\n<meta name=\"description\" content=\"L\u2019any 2017, la llavors Ministre de l\u2019Interior del Regne Unit, Theresa May, introdu\u00efa el concepte de \u201chostile environment\u201d referint-se al conjunt de\" \/>\n<meta name=\"robots\" content=\"index, follow, max-snippet:-1, max-image-preview:large, max-video-preview:-1\" \/>\n<link rel=\"canonical\" href=\"https:\/\/www.pressenza.com\/ca\/2020\/02\/populisme-autoritari-de-dretes-al-departament-de-salut\/\" \/>\n<meta property=\"og:locale\" content=\"ca_ES\" \/>\n<meta property=\"og:type\" content=\"article\" \/>\n<meta property=\"og:title\" content=\"Populisme autoritari de dretes al Departament de Salut\" \/>\n<meta property=\"og:description\" content=\"L\u2019any 2017, la llavors Ministre de l\u2019Interior del Regne Unit, Theresa May, introdu\u00efa el concepte de \u201chostile environment\u201d referint-se al conjunt de\" \/>\n<meta property=\"og:url\" content=\"https:\/\/www.pressenza.com\/ca\/2020\/02\/populisme-autoritari-de-dretes-al-departament-de-salut\/\" \/>\n<meta property=\"og:site_name\" content=\"Pressenza\" \/>\n<meta property=\"article:publisher\" content=\"https:\/\/www.facebook.com\/PressenzaItalia\" \/>\n<meta property=\"article:author\" content=\"https:\/\/www.facebook.com\/Pressenza-Espaa-647854795301395\/timeline\/\" \/>\n<meta property=\"article:published_time\" content=\"2020-02-05T14:49:59+00:00\" \/>\n<meta property=\"article:modified_time\" content=\"2020-02-05T14:59:55+00:00\" \/>\n<meta property=\"og:image\" content=\"https:\/\/www.pressenza.com\/wp-content\/uploads\/2020\/02\/lucas-vasques-9vnACvX2748-unsplash-1.jpg\" \/>\n\t<meta property=\"og:image:width\" content=\"2048\" \/>\n\t<meta property=\"og:image:height\" content=\"1365\" \/>\n\t<meta property=\"og:image:type\" content=\"image\/jpeg\" \/>\n<meta name=\"author\" content=\"Redacci\u00f3n Barcelona\" \/>\n<meta name=\"twitter:card\" content=\"summary_large_image\" \/>\n<meta name=\"twitter:creator\" content=\"@pressenza\" \/>\n<meta name=\"twitter:site\" content=\"@PressenzaIPA\" \/>\n<meta name=\"twitter:label1\" content=\"Escrit per\" \/>\n\t<meta name=\"twitter:data1\" content=\"Redacci\u00f3n Barcelona\" \/>\n\t<meta name=\"twitter:label2\" content=\"Temps estimat de lectura\" \/>\n\t<meta name=\"twitter:data2\" content=\"5 minuts\" \/>\n<script type=\"application\/ld+json\" class=\"yoast-schema-graph\">{\"@context\":\"https:\/\/schema.org\",\"@graph\":[{\"@type\":\"Article\",\"@id\":\"https:\/\/www.pressenza.com\/ca\/2020\/02\/populisme-autoritari-de-dretes-al-departament-de-salut\/#article\",\"isPartOf\":{\"@id\":\"https:\/\/www.pressenza.com\/ca\/2020\/02\/populisme-autoritari-de-dretes-al-departament-de-salut\/\"},\"author\":{\"name\":\"Redacci\u00f3n Barcelona\",\"@id\":\"https:\/\/www.pressenza.com\/ca\/#\/schema\/person\/8abc53b92f3264e0dad4300d54ac73ff\"},\"headline\":\"Populisme autoritari de dretes al Departament de Salut\",\"datePublished\":\"2020-02-05T14:49:59+00:00\",\"dateModified\":\"2020-02-05T14:59:55+00:00\",\"mainEntityOfPage\":{\"@id\":\"https:\/\/www.pressenza.com\/ca\/2020\/02\/populisme-autoritari-de-dretes-al-departament-de-salut\/\"},\"wordCount\":973,\"publisher\":{\"@id\":\"https:\/\/www.pressenza.com\/ca\/#organization\"},\"image\":{\"@id\":\"https:\/\/www.pressenza.com\/ca\/2020\/02\/populisme-autoritari-de-dretes-al-departament-de-salut\/#primaryimage\"},\"thumbnailUrl\":\"https:\/\/www.pressenza.com\/wp-content\/uploads\/2020\/02\/lucas-vasques-9vnACvX2748-unsplash-1.jpg\",\"articleSection\":[\"Comunicats de premsa\",\"Contingut original\",\"Europa\",\"Opinions\",\"Salut\"],\"inLanguage\":\"ca\"},{\"@type\":\"WebPage\",\"@id\":\"https:\/\/www.pressenza.com\/ca\/2020\/02\/populisme-autoritari-de-dretes-al-departament-de-salut\/\",\"url\":\"https:\/\/www.pressenza.com\/ca\/2020\/02\/populisme-autoritari-de-dretes-al-departament-de-salut\/\",\"name\":\"Populisme autoritari de dretes al Departament de Salut\",\"isPartOf\":{\"@id\":\"https:\/\/www.pressenza.com\/ca\/#website\"},\"primaryImageOfPage\":{\"@id\":\"https:\/\/www.pressenza.com\/ca\/2020\/02\/populisme-autoritari-de-dretes-al-departament-de-salut\/#primaryimage\"},\"image\":{\"@id\":\"https:\/\/www.pressenza.com\/ca\/2020\/02\/populisme-autoritari-de-dretes-al-departament-de-salut\/#primaryimage\"},\"thumbnailUrl\":\"https:\/\/www.pressenza.com\/wp-content\/uploads\/2020\/02\/lucas-vasques-9vnACvX2748-unsplash-1.jpg\",\"datePublished\":\"2020-02-05T14:49:59+00:00\",\"dateModified\":\"2020-02-05T14:59:55+00:00\",\"description\":\"L\u2019any 2017, la llavors Ministre de l\u2019Interior del Regne Unit, Theresa May, introdu\u00efa el concepte de \u201chostile environment\u201d referint-se al conjunt de\",\"breadcrumb\":{\"@id\":\"https:\/\/www.pressenza.com\/ca\/2020\/02\/populisme-autoritari-de-dretes-al-departament-de-salut\/#breadcrumb\"},\"inLanguage\":\"ca\",\"potentialAction\":[{\"@type\":\"ReadAction\",\"target\":[\"https:\/\/www.pressenza.com\/ca\/2020\/02\/populisme-autoritari-de-dretes-al-departament-de-salut\/\"]}]},{\"@type\":\"ImageObject\",\"inLanguage\":\"ca\",\"@id\":\"https:\/\/www.pressenza.com\/ca\/2020\/02\/populisme-autoritari-de-dretes-al-departament-de-salut\/#primaryimage\",\"url\":\"https:\/\/www.pressenza.com\/wp-content\/uploads\/2020\/02\/lucas-vasques-9vnACvX2748-unsplash-1.jpg\",\"contentUrl\":\"https:\/\/www.pressenza.com\/wp-content\/uploads\/2020\/02\/lucas-vasques-9vnACvX2748-unsplash-1.jpg\",\"width\":2048,\"height\":1365},{\"@type\":\"BreadcrumbList\",\"@id\":\"https:\/\/www.pressenza.com\/ca\/2020\/02\/populisme-autoritari-de-dretes-al-departament-de-salut\/#breadcrumb\",\"itemListElement\":[{\"@type\":\"ListItem\",\"position\":1,\"name\":\"Accueil\",\"item\":\"https:\/\/www.pressenza.com\/ca\/\"},{\"@type\":\"ListItem\",\"position\":2,\"name\":\"Populisme autoritari de dretes al Departament de Salut\"}]},{\"@type\":\"WebSite\",\"@id\":\"https:\/\/www.pressenza.com\/ca\/#website\",\"url\":\"https:\/\/www.pressenza.com\/ca\/\",\"name\":\"Pressenza\",\"description\":\"International Press Agency\",\"publisher\":{\"@id\":\"https:\/\/www.pressenza.com\/ca\/#organization\"},\"potentialAction\":[{\"@type\":\"SearchAction\",\"target\":{\"@type\":\"EntryPoint\",\"urlTemplate\":\"https:\/\/www.pressenza.com\/ca\/?s={search_term_string}\"},\"query-input\":{\"@type\":\"PropertyValueSpecification\",\"valueRequired\":true,\"valueName\":\"search_term_string\"}}],\"inLanguage\":\"ca\"},{\"@type\":\"Organization\",\"@id\":\"https:\/\/www.pressenza.com\/ca\/#organization\",\"name\":\"Pressenza\",\"url\":\"https:\/\/www.pressenza.com\/ca\/\",\"logo\":{\"@type\":\"ImageObject\",\"inLanguage\":\"ca\",\"@id\":\"https:\/\/www.pressenza.com\/ca\/#\/schema\/logo\/image\/\",\"url\":\"https:\/\/www.pressenza.com\/wp-content\/uploads\/2022\/10\/pressenza_logo_200x200.jpg\",\"contentUrl\":\"https:\/\/www.pressenza.com\/wp-content\/uploads\/2022\/10\/pressenza_logo_200x200.jpg\",\"width\":200,\"height\":200,\"caption\":\"Pressenza\"},\"image\":{\"@id\":\"https:\/\/www.pressenza.com\/ca\/#\/schema\/logo\/image\/\"},\"sameAs\":[\"https:\/\/www.facebook.com\/PressenzaItalia\",\"https:\/\/x.com\/PressenzaIPA\"]},{\"@type\":\"Person\",\"@id\":\"https:\/\/www.pressenza.com\/ca\/#\/schema\/person\/8abc53b92f3264e0dad4300d54ac73ff\",\"name\":\"Redacci\u00f3n Barcelona\",\"description\":\"News published by the Pressenza bureau in Barcelona, Spain\",\"sameAs\":[\"https:\/\/www.facebook.com\/Pressenza-Espaa-647854795301395\/timeline\/\",\"https:\/\/x.com\/pressenza\"],\"url\":\"https:\/\/www.pressenza.com\/ca\/author\/redaccion-barcelona\/\"}]}<\/script>\n<!-- \/ Yoast SEO plugin. -->","yoast_head_json":{"title":"Populisme autoritari de dretes al Departament de Salut","description":"L\u2019any 2017, la llavors Ministre de l\u2019Interior del Regne Unit, Theresa May, introdu\u00efa el concepte de \u201chostile environment\u201d referint-se al conjunt de","robots":{"index":"index","follow":"follow","max-snippet":"max-snippet:-1","max-image-preview":"max-image-preview:large","max-video-preview":"max-video-preview:-1"},"canonical":"https:\/\/www.pressenza.com\/ca\/2020\/02\/populisme-autoritari-de-dretes-al-departament-de-salut\/","og_locale":"ca_ES","og_type":"article","og_title":"Populisme autoritari de dretes al Departament de Salut","og_description":"L\u2019any 2017, la llavors Ministre de l\u2019Interior del Regne Unit, Theresa May, introdu\u00efa el concepte de \u201chostile environment\u201d referint-se al conjunt de","og_url":"https:\/\/www.pressenza.com\/ca\/2020\/02\/populisme-autoritari-de-dretes-al-departament-de-salut\/","og_site_name":"Pressenza","article_publisher":"https:\/\/www.facebook.com\/PressenzaItalia","article_author":"https:\/\/www.facebook.com\/Pressenza-Espaa-647854795301395\/timeline\/","article_published_time":"2020-02-05T14:49:59+00:00","article_modified_time":"2020-02-05T14:59:55+00:00","og_image":[{"width":2048,"height":1365,"url":"https:\/\/www.pressenza.com\/wp-content\/uploads\/2020\/02\/lucas-vasques-9vnACvX2748-unsplash-1.jpg","type":"image\/jpeg"}],"author":"Redacci\u00f3n Barcelona","twitter_card":"summary_large_image","twitter_creator":"@pressenza","twitter_site":"@PressenzaIPA","twitter_misc":{"Escrit per":"Redacci\u00f3n Barcelona","Temps estimat de lectura":"5 minuts"},"schema":{"@context":"https:\/\/schema.org","@graph":[{"@type":"Article","@id":"https:\/\/www.pressenza.com\/ca\/2020\/02\/populisme-autoritari-de-dretes-al-departament-de-salut\/#article","isPartOf":{"@id":"https:\/\/www.pressenza.com\/ca\/2020\/02\/populisme-autoritari-de-dretes-al-departament-de-salut\/"},"author":{"name":"Redacci\u00f3n Barcelona","@id":"https:\/\/www.pressenza.com\/ca\/#\/schema\/person\/8abc53b92f3264e0dad4300d54ac73ff"},"headline":"Populisme autoritari de dretes al Departament de Salut","datePublished":"2020-02-05T14:49:59+00:00","dateModified":"2020-02-05T14:59:55+00:00","mainEntityOfPage":{"@id":"https:\/\/www.pressenza.com\/ca\/2020\/02\/populisme-autoritari-de-dretes-al-departament-de-salut\/"},"wordCount":973,"publisher":{"@id":"https:\/\/www.pressenza.com\/ca\/#organization"},"image":{"@id":"https:\/\/www.pressenza.com\/ca\/2020\/02\/populisme-autoritari-de-dretes-al-departament-de-salut\/#primaryimage"},"thumbnailUrl":"https:\/\/www.pressenza.com\/wp-content\/uploads\/2020\/02\/lucas-vasques-9vnACvX2748-unsplash-1.jpg","articleSection":["Comunicats de premsa","Contingut original","Europa","Opinions","Salut"],"inLanguage":"ca"},{"@type":"WebPage","@id":"https:\/\/www.pressenza.com\/ca\/2020\/02\/populisme-autoritari-de-dretes-al-departament-de-salut\/","url":"https:\/\/www.pressenza.com\/ca\/2020\/02\/populisme-autoritari-de-dretes-al-departament-de-salut\/","name":"Populisme autoritari de dretes al Departament de Salut","isPartOf":{"@id":"https:\/\/www.pressenza.com\/ca\/#website"},"primaryImageOfPage":{"@id":"https:\/\/www.pressenza.com\/ca\/2020\/02\/populisme-autoritari-de-dretes-al-departament-de-salut\/#primaryimage"},"image":{"@id":"https:\/\/www.pressenza.com\/ca\/2020\/02\/populisme-autoritari-de-dretes-al-departament-de-salut\/#primaryimage"},"thumbnailUrl":"https:\/\/www.pressenza.com\/wp-content\/uploads\/2020\/02\/lucas-vasques-9vnACvX2748-unsplash-1.jpg","datePublished":"2020-02-05T14:49:59+00:00","dateModified":"2020-02-05T14:59:55+00:00","description":"L\u2019any 2017, la llavors Ministre de l\u2019Interior del Regne Unit, Theresa May, introdu\u00efa el concepte de \u201chostile environment\u201d referint-se al conjunt de","breadcrumb":{"@id":"https:\/\/www.pressenza.com\/ca\/2020\/02\/populisme-autoritari-de-dretes-al-departament-de-salut\/#breadcrumb"},"inLanguage":"ca","potentialAction":[{"@type":"ReadAction","target":["https:\/\/www.pressenza.com\/ca\/2020\/02\/populisme-autoritari-de-dretes-al-departament-de-salut\/"]}]},{"@type":"ImageObject","inLanguage":"ca","@id":"https:\/\/www.pressenza.com\/ca\/2020\/02\/populisme-autoritari-de-dretes-al-departament-de-salut\/#primaryimage","url":"https:\/\/www.pressenza.com\/wp-content\/uploads\/2020\/02\/lucas-vasques-9vnACvX2748-unsplash-1.jpg","contentUrl":"https:\/\/www.pressenza.com\/wp-content\/uploads\/2020\/02\/lucas-vasques-9vnACvX2748-unsplash-1.jpg","width":2048,"height":1365},{"@type":"BreadcrumbList","@id":"https:\/\/www.pressenza.com\/ca\/2020\/02\/populisme-autoritari-de-dretes-al-departament-de-salut\/#breadcrumb","itemListElement":[{"@type":"ListItem","position":1,"name":"Accueil","item":"https:\/\/www.pressenza.com\/ca\/"},{"@type":"ListItem","position":2,"name":"Populisme autoritari de dretes al Departament de Salut"}]},{"@type":"WebSite","@id":"https:\/\/www.pressenza.com\/ca\/#website","url":"https:\/\/www.pressenza.com\/ca\/","name":"Pressenza","description":"International Press Agency","publisher":{"@id":"https:\/\/www.pressenza.com\/ca\/#organization"},"potentialAction":[{"@type":"SearchAction","target":{"@type":"EntryPoint","urlTemplate":"https:\/\/www.pressenza.com\/ca\/?s={search_term_string}"},"query-input":{"@type":"PropertyValueSpecification","valueRequired":true,"valueName":"search_term_string"}}],"inLanguage":"ca"},{"@type":"Organization","@id":"https:\/\/www.pressenza.com\/ca\/#organization","name":"Pressenza","url":"https:\/\/www.pressenza.com\/ca\/","logo":{"@type":"ImageObject","inLanguage":"ca","@id":"https:\/\/www.pressenza.com\/ca\/#\/schema\/logo\/image\/","url":"https:\/\/www.pressenza.com\/wp-content\/uploads\/2022\/10\/pressenza_logo_200x200.jpg","contentUrl":"https:\/\/www.pressenza.com\/wp-content\/uploads\/2022\/10\/pressenza_logo_200x200.jpg","width":200,"height":200,"caption":"Pressenza"},"image":{"@id":"https:\/\/www.pressenza.com\/ca\/#\/schema\/logo\/image\/"},"sameAs":["https:\/\/www.facebook.com\/PressenzaItalia","https:\/\/x.com\/PressenzaIPA"]},{"@type":"Person","@id":"https:\/\/www.pressenza.com\/ca\/#\/schema\/person\/8abc53b92f3264e0dad4300d54ac73ff","name":"Redacci\u00f3n Barcelona","description":"News published by the Pressenza bureau in Barcelona, Spain","sameAs":["https:\/\/www.facebook.com\/Pressenza-Espaa-647854795301395\/timeline\/","https:\/\/x.com\/pressenza"],"url":"https:\/\/www.pressenza.com\/ca\/author\/redaccion-barcelona\/"}]}},"place":"Catalunya - Enric Feliu","original_article_url":"","_links":{"self":[{"href":"https:\/\/www.pressenza.com\/ca\/wp-json\/wp\/v2\/posts\/1028148","targetHints":{"allow":["GET"]}}],"collection":[{"href":"https:\/\/www.pressenza.com\/ca\/wp-json\/wp\/v2\/posts"}],"about":[{"href":"https:\/\/www.pressenza.com\/ca\/wp-json\/wp\/v2\/types\/post"}],"author":[{"embeddable":true,"href":"https:\/\/www.pressenza.com\/ca\/wp-json\/wp\/v2\/users\/1122"}],"replies":[{"embeddable":true,"href":"https:\/\/www.pressenza.com\/ca\/wp-json\/wp\/v2\/comments?post=1028148"}],"version-history":[{"count":0,"href":"https:\/\/www.pressenza.com\/ca\/wp-json\/wp\/v2\/posts\/1028148\/revisions"}],"wp:featuredmedia":[{"embeddable":true,"href":"https:\/\/www.pressenza.com\/ca\/wp-json\/wp\/v2\/media\/1028208"}],"wp:attachment":[{"href":"https:\/\/www.pressenza.com\/ca\/wp-json\/wp\/v2\/media?parent=1028148"}],"wp:term":[{"taxonomy":"category","embeddable":true,"href":"https:\/\/www.pressenza.com\/ca\/wp-json\/wp\/v2\/categories?post=1028148"},{"taxonomy":"post_tag","embeddable":true,"href":"https:\/\/www.pressenza.com\/ca\/wp-json\/wp\/v2\/tags?post=1028148"}],"curies":[{"name":"wp","href":"https:\/\/api.w.org\/{rel}","templated":true}]}}